{"id":142262,"date":"2026-03-12T00:06:14","date_gmt":"2026-03-11T23:06:14","guid":{"rendered":"https:\/\/www.yoleoescaparate.com\/?p=142262"},"modified":"2026-03-12T09:43:57","modified_gmt":"2026-03-12T08:43:57","slug":"presentada-la-semana-santa-calagurritana","status":"publish","type":"post","link":"https:\/\/www.yoleoescaparate.com\/?p=142262","title":{"rendered":"La Cofrad\u00eda de la Santa Vera Cruz de Calahorra presenta el programa oficial de la Semana Santa 2026 y estrena nueva plataforma digital"},"content":{"rendered":"\n<!--more-->\n\n\n\n<figure class=\"wp-block-gallery has-nested-images columns-default is-cropped wp-block-gallery-1 is-layout-flex wp-block-gallery-is-layout-flex\">\n<figure class=\"wp-block-image size-large\"><a href=\"https:\/\/wa.me\/+34667787977\"><img loading=\"lazy\" decoding=\"async\" width=\"728\" height=\"200\" data-id=\"141769\" src=\"https:\/\/www.yoleoescaparate.com\/wp-content\/uploads\/BannerWAEscaparate.gif\" alt=\"\" class=\"wp-image-141769\"\/><\/a><\/figure>\n<\/figure>\n\n\n\n<p>La <strong>Cofrad\u00eda de la Santa Vera Cruz de Calahorra<\/strong> ha presentado oficialmente el programa de actos de la <strong>Semana Santa 2026<\/strong> en un acto celebrado en el Parador Nacional de Turismo de la ciudad, un escenario excepcional elegido debido a las recientes obras realizadas en la iglesia de San Francisco, sede habitual de la hermandad.<\/p>\n\n\n\n<p>El acto comenz\u00f3 con la bienvenida a las autoridades y representantes institucionales presentes, as\u00ed como a los miembros de la cofrad\u00eda y asistentes. Antes de iniciar la presentaci\u00f3n del programa, la vicepresidenta de la hermandad, <strong>Arancha Marin<\/strong>, explic\u00f3 los motivos que han obligado a trasladar la convocatoria fuera del templo franciscano.<\/p>\n\n\n\n<p>Seg\u00fan detall\u00f3, en las \u00faltimas semanas se han llevado a cabo <strong>obras urgentes en la zona del coro de la iglesia de San Francisco<\/strong>, siguiendo las recomendaciones de un informe t\u00e9cnico elaborado por los arquitectos de la di\u00f3cesis en septiembre. El edificio presenta problemas estructurales hist\u00f3ricos, entre los que destacan <strong>grietas en la estructura, asentamientos del terreno y filtraciones de agua con humedades persistentes<\/strong>.<\/p>\n\n\n\n<p>Las actuaciones, finalizadas el pasado lunes, han permitido retirar revestimientos de yeso que ocultaban parte de los da\u00f1os, dejando al descubierto grietas y movimientos estructurales derivados de la cimentaci\u00f3n y de la propia ubicaci\u00f3n del templo. \u201cEl objetivo ha sido garantizar en todo momento la seguridad del edificio y asegurar que nuestra Semana Santa pueda celebrarse con total normalidad\u201d, explic\u00f3 Mar\u00edn. Las obras de mayor envergadura se abordar\u00e1n en una fase posterior, una vez se realice un nuevo estudio t\u00e9cnico y se obtenga la financiaci\u00f3n necesaria.<\/p>\n\n\n\n<p>Durante la presentaci\u00f3n tambi\u00e9n se destac\u00f3 la colaboraci\u00f3n de la empresa tecnol\u00f3gica <strong>SDI<\/strong>, que desde el primer momento ofreci\u00f3 su experiencia para desarrollar un proyecto clave para la modernizaci\u00f3n de la cofrad\u00eda: <strong>su nueva plataforma digital<\/strong>.<\/p>\n\n\n\n<p>La iniciativa responde a la necesidad de mejorar la comunicaci\u00f3n y presencia online de la Semana Santa calagurritana, declarada <strong>Fiesta de Inter\u00e9s Tur\u00edstico Regional en 1998 y de Inter\u00e9s Tur\u00edstico Nacional en 2014<\/strong>. Los responsables del proyecto subrayaron que, aunque otras ciudades con gran tradici\u00f3n cofrade como Sevilla, M\u00e1laga o Burgos cuentan desde hace a\u00f1os con herramientas digitales avanzadas, la Cofrad\u00eda de la Vera Cruz da ahora un paso importante para situarse en ese mismo nivel de comunicaci\u00f3n.<\/p>\n\n\n\n<p>La nueva web no se plantea \u00fanicamente como una p\u00e1gina est\u00e1tica, sino como <strong>una plataforma din\u00e1mica y en constante evoluci\u00f3n<\/strong>, capaz de reflejar los m\u00e1s de <strong>500 a\u00f1os de historia y tradici\u00f3n<\/strong> de la cofrad\u00eda, al tiempo que conecta con las nuevas generaciones a trav\u00e9s de las tecnolog\u00edas actuales.<\/p>\n\n\n\n<p>El portal se estructura en <strong>tres grandes \u00e1reas<\/strong>: una secci\u00f3n institucional dedicada a la historia, organizaci\u00f3n y patrimonio de la cofrad\u00eda; un espacio de actividad con informaci\u00f3n sobre procesiones, calendario, noticias y eventos; y una parte participativa destinada a facilitar el contacto y la incorporaci\u00f3n de nuevos cofrades.<\/p>\n\n\n\n<p>Los responsables del proyecto destacaron tambi\u00e9n el importante trabajo realizado en el \u00e1mbito visual, con la incorporaci\u00f3n de numerosas im\u00e1genes del patrimonio y de las procesiones, que se ir\u00e1n ampliando progresivamente, ya que la plataforma nace con vocaci\u00f3n de convertirse en un archivo vivo de la historia de la hermandad.<\/p>\n\n\n\n<p>Durante el acto se agradeci\u00f3 asimismo la colaboraci\u00f3n del <strong>Parador Nacional de Turismo de Calahorra<\/strong> y, en especial, de su directora, Julia Navarro, por las facilidades ofrecidas para acoger la presentaci\u00f3n. La organizaci\u00f3n reconoci\u00f3 que el programa y el libro oficial de la Semana Santa se presentar\u00e1n con cierto retraso, ya que se aguardaba la confirmaci\u00f3n definitiva de los arquitectos sobre la seguridad del templo.<\/p>\n\n\n\n<p>Finalmente, los informes t\u00e9cnicos han confirmado que <strong>las procesiones podr\u00e1n salir con normalidad desde la iglesia de San Francisco<\/strong>, descartando la necesidad de trasladar los pasos a otros templos.<\/p>\n\n\n\n<p>La jornada concluy\u00f3 con la <strong>presentaci\u00f3n del cartel anunciador de la Semana Santa de Calahorra 2026<\/strong>, titulado <em>Entrando en el templo<\/em>. La obra es del fot\u00f3grafo calagurritano <strong>Ricardo Achutegui Puerta<\/strong>, ganador del Premio Especial del XXII Concurso Fotogr\u00e1fico de la Semana Santa 2025.<\/p>\n\n\n\n<p>La imagen fue captada durante el <strong>Domingo de Resurrecci\u00f3n<\/strong>, en el momento de la entrada de la procesi\u00f3n en la Catedral, con una de sus vidrieras al fondo. Se trata de una estampa in\u00e9dita, ya que en 2025 la procesi\u00f3n finaliz\u00f3 por primera vez en este templo con motivo del A\u00f1o Jubilar.<\/p>\n\n\n\n<p>El cartel muestra al <strong>Cristo Resucitado<\/strong>, una imagen adquirida en 1991 al Taller de Arte Cristiano y donada por la empresa calagurritana <strong>Transportes Mar\u00edn<\/strong>, reflejando as\u00ed la hist\u00f3rica implicaci\u00f3n del tejido empresarial de la ciudad en la conservaci\u00f3n y enriquecimiento del patrimonio cofrade de Calahorra.<\/p>\n\n\n\n<p><\/p>\n\n\n\n<p>PROGRAMA<br><\/p>\n\n\n\n<p><strong><em>Actos preliminares<\/em><\/strong><\/p>\n\n\n\n<p><strong>Jueves 12 de marzo<\/strong><\/p>\n\n\n\n<p>19:30 h. Centro Cultural Fundaci\u00f3n Caja Rioja.<\/p>\n\n\n\n<p>Charla \u201c50 Aniversario de la primera salida del Cristo de la Vera Cruz\u201d.<\/p>\n\n\n\n<p>Ponente: D. Jos\u00e9 Ib\u00e1\u00f1ez S\u00e1enz.<\/p>\n\n\n\n<p><strong>S\u00e1bado 14 de marzo<\/strong><\/p>\n\n\n\n<p>20:00 h. Iglesia de San Andr\u00e9s.<\/p>\n\n\n\n<p>Traslado del Santo Cristo de la Vera Cruz.<\/p>\n\n\n\n<p><strong>Lunes 16, martes 17 y mi\u00e9rcoles 18 de marzo<\/strong><\/p>\n\n\n\n<p>20:15 h. Parroquia Santos M\u00e1rtires. Charlas cuaresmales. Dirigidas por D. Jos\u00e9-\u00c1ngel de<\/p>\n\n\n\n<p>Zubiaur y Mayans, P\u00e1rroco de Azagra, C\u00e1rcar y San Adri\u00e1n.<\/p>\n\n\n\n<p><strong>Martes 17 de marzo<\/strong><\/p>\n\n\n\n<p>&nbsp;19:00 h. Centro Fundaci\u00f3n Caja Rioja.<\/p>\n\n\n\n<p>Inauguraci\u00f3n de la exposici\u00f3n fotogr\u00e1fica de la Semana Santa 2025.<\/p>\n\n\n\n<p>Visitable hasta el 27 de marzo.<\/p>\n\n\n\n<p><strong>Jueves 19 de marzo<\/strong><\/p>\n\n\n\n<p>20:00 h. Parroquia de San Andr\u00e9s.<\/p>\n\n\n\n<p>Homenaje a la Cruz. Presentaci\u00f3n de la cruz arb\u00f3rea de San Andr\u00e9s. Concierto de \u00f3rgano y lectura de poemas de la Pasi\u00f3n.<\/p>\n\n\n\n<p>Organista: David Sola S\u00e1nchez.<\/p>\n\n\n\n<p><strong>Viernes 20 de marzo<\/strong><\/p>\n\n\n\n<p>20:00 h. Glorieta de Quintiliano.<\/p>\n\n\n\n<p>Desfile del preg\u00f3n. Participan: Agrupaci\u00f3n Musical<\/p>\n\n\n\n<p>de la Flagelaci\u00f3n de Jes\u00fas (Logro\u00f1o), Banda de tambores<\/p>\n\n\n\n<p>y cornetas de la Cofrad\u00eda. Recorrido: Glorieta Quintiliano,<\/p>\n\n\n\n<p>M\u00e1rtires, Grande, Raso, Parroquia de Santiago.<\/p>\n\n\n\n<p>20:30 h. Parroquia de Santiago.<\/p>\n\n\n\n<p>Preg\u00f3n de la Semana Santa.<\/p>\n\n\n\n<p>A cargo de: <strong>D. Jose Antonio Rup\u00e9rez Ca\u00f1o<\/strong>, Presidente del Centro Riojano de Madrid.<\/p>\n\n\n\n<p>Al finalizar, actuaci\u00f3n de la Agrupaci\u00f3nMusical de la Flagelaci\u00f3n de Jes\u00fas (Logro\u00f1o).<\/p>\n\n\n\n<p><strong>S\u00e1bado 21 de marzo<\/strong><\/p>\n\n\n\n<p>16:00 h. Avda. del Pilar.<\/p>\n\n\n\n<p>XXIV Concentraci\u00f3n nacional de Bandas Procesionales.<\/p>\n\n\n\n<p>Participan bandas de: Tudela, Logro\u00f1o, \u00c1greda, Autol y Calahorra.<\/p>\n\n\n\n<p>Punto de encuentro: Avda. Pilar. Pasacalles: General Gallarza, Glorieta Quintiliano (parada), M\u00e1rtires, Grande.<\/p>\n\n\n\n<p>Actuaci\u00f3n: Plaza del Raso. Desfile final: Grande, M\u00e1rtires, Paseo Mercadal, Avda. Estaci\u00f3n, Camino de la Hoya (Nave Cofrad\u00eda).<\/p>\n\n\n\n<p><strong>Domingo 22 de marzo<\/strong><\/p>\n\n\n\n<p>18:30 h. Parroquia de San Andr\u00e9s.<\/p>\n\n\n\n<p>Eucarist\u00eda e imposici\u00f3n de medallones a los nuevos cofrades.<\/p>\n\n\n\n<p>Al finalizar: Traslado del Santo Cristo del Sepulcro. Se desclavar\u00e1 al Cristo del Santo Entierro y se conducir\u00e1 a San Francisco, donde se realizar\u00e1 la veneraci\u00f3n y el Consabido Besapi\u00e9.<\/p>\n\n\n\n<p><\/p>\n\n\n\n<p><strong>Semana Santa<\/strong><\/p>\n\n\n\n<p><strong>Viernes de Dolores &#8211; 27 de marzo<\/strong><\/p>\n\n\n\n<p>21:00 h. Parroquia de San Andr\u00e9s.<\/p>\n\n\n\n<p>V\u00cda crucis del Cristo de Medinaceli.<\/p>\n\n\n\n<p>Recorrido:<\/p>\n\n\n\n<p>San Andr\u00e9s, Planillo, Bellavista, Eras, Santa Teresa Jornet,<\/p>\n\n\n\n<p>Santa Rita, Avda. Estaci\u00f3n, Colegio San Agust\u00edn.<\/p>\n\n\n\n<p><strong>Domingo de Ramos &#8211; 29 de marzo<\/strong><\/p>\n\n\n\n<p>11:00 h. Parroquia de Santiago.<\/p>\n\n\n\n<p>Bendici\u00f3n de ramos.<\/p>\n\n\n\n<p>A continuaci\u00f3n: Procesi\u00f3n de la Borriquilla. Recorrido: Raso, Grande, Doctor Fleming, Mediavilla, Catedral Santa Mar\u00eda.<\/p>\n\n\n\n<p>A continuaci\u00f3n: Santa misa.<\/p>\n\n\n\n<p><strong>Lunes Santo &#8211; 30 de marzo<\/strong><\/p>\n\n\n\n<p>21:30 h. Parroquia de los Santos M\u00e1rtires.<\/p>\n\n\n\n<p>Procesi\u00f3n de los Labradores.<\/p>\n\n\n\n<p>&nbsp;Procesionan: \u201cLa Oraci\u00f3n del Huerto\u201d y la \u201cVirgen de la Soledad\u201d.<\/p>\n\n\n\n<p>Recorrido: Parroquia Santos M\u00e1rtires, Bebricio, Ach\u00fategui de Blas, General Gallarza, Jos\u00e9 M\u00aa Garrido, General Iriarte, Ctra. Murillo hasta la Residencia de la Concepci\u00f3n.<\/p>\n\n\n\n<p><strong>Martes Santo &#8211; 31 de marzo<\/strong><\/p>\n\n\n\n<p>21:30 h. Catedral de Santa Mar\u00eda.<\/p>\n\n\n\n<p>V\u00eda crucis penitencial juvenil con el Santo Cristo de la Agon\u00eda. Traslado del Cristo a hombros, acompa\u00f1ado con antorchas. Recorrido: Catedral Santa Mar\u00eda, Mediavilla, Bebricio, Parroquia Santos M\u00e1rtires.<\/p>\n\n\n\n<p><strong>Mi\u00e9rcoles Santo &#8211; 1 de abril<\/strong><\/p>\n\n\n\n<p>21:30 h. Parroquia de los Santos M\u00e1rtires.<\/p>\n\n\n\n<p>Procesi\u00f3n del Santo Cristo de la Agon\u00eda.<\/p>\n\n\n\n<p>Recorrido: Parroquia Santos M\u00e1rtires, Bebricio, Ach\u00fategui de Blas, Gallarza, Glorieta Quintiliano, M\u00e1rtires, Grande, Raso, Mayor, Plaza Dr. Garc\u00eda Anto\u00f1anzas, Cuesta Catedral, Iglesia San Francisco.<\/p>\n\n\n\n<p><strong>Jueves Santo &#8211; 2 de abril<\/strong><\/p>\n\n\n\n<p>11:00 h Colegio San Agust\u00edn y Centro de Participaci\u00f3n Activa.<\/p>\n\n\n\n<p>Procesi\u00f3n del Encuentro.<\/p>\n\n\n\n<p>Procesionan: Cristo Medinaceli y la Virgen de la Soledad.<\/p>\n\n\n\n<p>Recorrido Cristo Medinaceli: Colegio San Agust\u00edn, Avda. Estaci\u00f3n, Paseo Mercadal. Recorrido<\/p>\n\n\n\n<p>Virgen Soledad: Capilla Hospital San L\u00e1zaro, Avda. Numancia.<\/p>\n\n\n\n<p>Encuentro de pasos y monici\u00f3n: Glorieta Quintiliano Desfile conjunto: C\/M\u00e1rtires, Grande, Raso, Mayor, Plaza Dr. Garc\u00eda Anto\u00f1anzas, Cuesta Catedral, Iglesia San Francisco.<\/p>\n\n\n\n<p>18:30 h. Parroquia de San Andr\u00e9s.<\/p>\n\n\n\n<p>Misa de la cena del Se\u00f1or.<\/p>\n\n\n\n<p>Eucarist\u00eda especial para todos los cofrades.<\/p>\n\n\n\n<p>19:00 h. Catedral de Santa Mar\u00eda.<\/p>\n\n\n\n<p>Misa de la cena del Se\u00f1or.<\/p>\n\n\n\n<p>Paso invitado al Lavatorio de pies: Cristo de la Vera Cruz.<\/p>\n\n\n\n<p><strong>Viernes Santo &#8211; 3 de abril<\/strong><\/p>\n\n\n\n<p>11:30 h. Parroquia de San Andr\u00e9s.<\/p>\n\n\n\n<p>Procesi\u00f3n del Silencio.<\/p>\n\n\n\n<p>Procesionan: Santo Cristo de la Vera Cruz y La Piedad. Recorrido: Parroquia San Andr\u00e9s,<\/p>\n\n\n\n<p>Planillo, Bellavista, Sol, Grande, Raso, Mayor, Plaza Dr. Garc\u00eda Anto\u00f1anzas, Cuesta Catedral, Iglesia San Francisco.<\/p>\n\n\n\n<p>18:30 h. Parroquia de San Andr\u00e9s.<\/p>\n\n\n\n<p>Acto lit\u00fargico de la adoraci\u00f3n de la Santa Cruz.<\/p>\n\n\n\n<p>20:30 h. Iglesia de San Francisco.<\/p>\n\n\n\n<p>Magna Procesi\u00f3n del Santo Entierro.<\/p>\n\n\n\n<p>Procesionan: Banda de Tambores y Cornetas, Libro de actas de la Cofrad\u00eda, mazas y cruces en metales nobles, Banda Infantil, Paso de la Borriquilla, \u00daltima Cena, Oraci\u00f3n del Huerto, Flagelaci\u00f3n, Ecce Homo, Pilatos, Cristo de Medinaceli, Encuentro, Cirineo, La Ca\u00edda, Cristo de la Agon\u00eda, Cristo de la Vera Cruz, Descendimiento, La Piedad, Sepulcro, Dolorosa.<\/p>\n\n\n\n<p>Recorrido: Iglesia San Francisco, De\u00e1n Palacios, San Andr\u00e9s, Pedro Guti\u00e9rrez, Enramada, Cuatro Esquinas, Ra\u00f3n, Sol, Grande, Plaza del Raso, Mayor, Plaza Doctor Garc\u00eda Anto\u00f1anzas, Cuesta Catedral, Iglesia San Francisco.<\/p>\n\n\n\n<p><strong>S\u00e1bado Santo &#8211; 4 de abril<\/strong><\/p>\n\n\n\n<p>19:00 h. Parroquia de San Andr\u00e9s.<\/p>\n\n\n\n<p>Vigilia Pascual.<\/p>\n\n\n\n<p><strong>Domingo de Resurrecci\u00f3n &#8211; 5 de abril<\/strong><\/p>\n\n\n\n<p>11:00 h. Parroquia de los Santos M\u00e1rtires y Santuario del Carmen.<\/p>\n\n\n\n<p>Procesi\u00f3n del Cristo Resucitado y la Virgen Gloriosa. Recorrido Cristo: Parroquia Santos M\u00e1rtires, Bebricio, Glorieta Quintiliano, Bebricio, Mediavilla.<\/p>\n\n\n\n<p>Recorrido Virgen: Santuario del Carmen, Camino del Carmen, LR-486,<\/p>\n\n\n\n<p>Mediavilla.<\/p>\n\n\n\n<p>Encuentro: Plaza de la Catedral.<\/p>\n\n\n\n<p>En el encuentro, la Virgen ser\u00e1 despojada de su vestimenta enlutada para lucir<\/p>\n\n\n\n<p>\u201cGloriosa\u201d delante de su Hijo Resucitado.<\/p>\n\n\n\n<p>Al finalizar: Misa de Resurrecci\u00f3n.<\/p>\n\n\n\n<p>Catedral de Santa Mar\u00eda.<\/p>\n\n\n\n<p><\/p>\n\n\n\n<p>GALERIA Javier Javitxu<\/p>\n\n\n\n<p><code><div id=\"envira-gallery-wrap-142271\" class=\"envira-gallery-wrap envira-gallery-theme-base envira-lightbox-theme-base\" itemscope itemtype=\"https:\/\/schema.org\/ImageGallery\"><div data-row-height=\"150\" data-gallery-theme=\"normal\" id=\"envira-gallery-142271\" class=\"envira-gallery-public envira-gallery-justified-public envira-gallery-0-columns envira-clear enviratope envira-gallery-css-animations\" data-envira-columns=\"0\"><div id=\"envira-gallery-item-142272\" class=\"envira-gallery-item enviratope-item envira-gallery-item-1 envira-lazy-load\" style=\"padding-left: 5px; padding-bottom: 10px; padding-right: 5px;\"  itemscope itemtype=\"https:\/\/schema.org\/ImageObject\"><div class=\"envira-gallery-item-inner\"><div class=\"envira-gallery-position-overlay  envira-gallery-top-left\"><\/div><div class=\"envira-gallery-position-overlay  envira-gallery-top-right\"><\/div><div class=\"envira-gallery-position-overlay  envira-gallery-bottom-left\"><\/div><div class=\"envira-gallery-position-overlay  envira-gallery-bottom-right\"><\/div><a href=\"https:\/\/www.yoleoescaparate.com\/wp-content\/uploads\/WhatsApp-Image-2026-03-11-at-21.50.28-1.jpeg\" class=\"envira-gallery-142271 envira-gallery-link\" rel=\"enviragallery142271\" title=\"Presentaci&oacute;n Semana Santa Calahorra 2026\" data-envira-caption=\"Presentaci&oacute;n Semana Santa Calahorra 2026\" data-envira-retina=\"\" data-thumbnail=\"\"  itemprop=\"contentUrl\"><img decoding=\"async\" id=\"envira-gallery-image-142272\" class=\"envira-gallery-image envira-gallery-image-1 envira-normal envira-lazy\" data-envira-index=\"1\" src=\"https:\/\/www.yoleoescaparate.com\/wp-content\/uploads\/WhatsApp-Image-2026-03-11-at-21.50.28-1-682x1024-640x480.jpeg\" data-envira-src=\"https:\/\/www.yoleoescaparate.com\/wp-content\/uploads\/WhatsApp-Image-2026-03-11-at-21.50.28-1-682x1024-640x480.jpeg\" data-envira-gallery-id=\"142271\" data-envira-item-id=\"142272\" data-envira-caption=\"Presentaci&oacute;n Semana Santa Calahorra 2026\" alt=\"\" title=\"Presentaci\u00f3n Semana Santa Calahorra 2026\"  itemprop=\"thumbnailUrl\" data-envira-srcset=\"https:\/\/www.yoleoescaparate.com\/wp-content\/uploads\/WhatsApp-Image-2026-03-11-at-21.50.28-1-682x1024-640x480.jpeg 400w,https:\/\/www.yoleoescaparate.com\/wp-content\/uploads\/WhatsApp-Image-2026-03-11-at-21.50.28-1-682x1024-640x480.jpeg 2x\" data-envira-width=\"200\" data-envira-height=\"300\" srcset=\"data:image\/gif;base64,R0lGODlhAQABAIAAAP\/\/\/\/\/\/\/yH5BAEKAAEALAAAAAABAAEAAAICTAEAOw==\" data-safe-src=\"data:image\/gif;base64,R0lGODlhAQABAIAAAP\/\/\/\/\/\/\/yH5BAEKAAEALAAAAAABAAEAAAICTAEAOw==\" \/><\/a><\/div><\/div><div id=\"envira-gallery-item-142273\" class=\"envira-gallery-item enviratope-item envira-gallery-item-2 envira-lazy-load\" style=\"padding-left: 5px; padding-bottom: 10px; padding-right: 5px;\"  itemscope itemtype=\"https:\/\/schema.org\/ImageObject\"><div class=\"envira-gallery-item-inner\"><div class=\"envira-gallery-position-overlay  envira-gallery-top-left\"><\/div><div class=\"envira-gallery-position-overlay  envira-gallery-top-right\"><\/div><div class=\"envira-gallery-position-overlay  envira-gallery-bottom-left\"><\/div><div class=\"envira-gallery-position-overlay  envira-gallery-bottom-right\"><\/div><a href=\"https:\/\/www.yoleoescaparate.com\/wp-content\/uploads\/WhatsApp-Image-2026-03-11-at-21.50.28-2.jpeg\" class=\"envira-gallery-142271 envira-gallery-link\" rel=\"enviragallery142271\" title=\"Presentaci&oacute;n Semana Santa Calahorra 2026\" data-envira-caption=\"Presentaci&oacute;n Semana Santa Calahorra 2026\" data-envira-retina=\"\" data-thumbnail=\"\"  itemprop=\"contentUrl\"><img decoding=\"async\" id=\"envira-gallery-image-142273\" class=\"envira-gallery-image envira-gallery-image-2 envira-normal envira-lazy\" data-envira-index=\"2\" src=\"https:\/\/www.yoleoescaparate.com\/wp-content\/uploads\/WhatsApp-Image-2026-03-11-at-21.50.28-2-1024x682-640x480.jpeg\" data-envira-src=\"https:\/\/www.yoleoescaparate.com\/wp-content\/uploads\/WhatsApp-Image-2026-03-11-at-21.50.28-2-1024x682-640x480.jpeg\" data-envira-gallery-id=\"142271\" data-envira-item-id=\"142273\" data-envira-caption=\"Presentaci&oacute;n Semana Santa Calahorra 2026\" alt=\"\" title=\"Presentaci\u00f3n Semana Santa Calahorra 2026\"  itemprop=\"thumbnailUrl\" data-envira-srcset=\"https:\/\/www.yoleoescaparate.com\/wp-content\/uploads\/WhatsApp-Image-2026-03-11-at-21.50.28-2-1024x682-640x480.jpeg 400w,https:\/\/www.yoleoescaparate.com\/wp-content\/uploads\/WhatsApp-Image-2026-03-11-at-21.50.28-2-1024x682-640x480.jpeg 2x\" data-envira-width=\"300\" data-envira-height=\"200\" srcset=\"data:image\/gif;base64,R0lGODlhAQABAIAAAP\/\/\/\/\/\/\/yH5BAEKAAEALAAAAAABAAEAAAICTAEAOw==\" data-safe-src=\"data:image\/gif;base64,R0lGODlhAQABAIAAAP\/\/\/\/\/\/\/yH5BAEKAAEALAAAAAABAAEAAAICTAEAOw==\" \/><\/a><\/div><\/div><div id=\"envira-gallery-item-142274\" class=\"envira-gallery-item enviratope-item envira-gallery-item-3 envira-lazy-load\" style=\"padding-left: 5px; padding-bottom: 10px; padding-right: 5px;\"  itemscope itemtype=\"https:\/\/schema.org\/ImageObject\"><div class=\"envira-gallery-item-inner\"><div class=\"envira-gallery-position-overlay  envira-gallery-top-left\"><\/div><div class=\"envira-gallery-position-overlay  envira-gallery-top-right\"><\/div><div class=\"envira-gallery-position-overlay  envira-gallery-bottom-left\"><\/div><div class=\"envira-gallery-position-overlay  envira-gallery-bottom-right\"><\/div><a href=\"https:\/\/www.yoleoescaparate.com\/wp-content\/uploads\/WhatsApp-Image-2026-03-11-at-21.50.28-3.jpeg\" class=\"envira-gallery-142271 envira-gallery-link\" rel=\"enviragallery142271\" title=\"Presentaci&oacute;n Semana Santa Calahorra 2026\" data-envira-caption=\"Presentaci&oacute;n Semana Santa Calahorra 2026\" data-envira-retina=\"\" data-thumbnail=\"\"  itemprop=\"contentUrl\"><img decoding=\"async\" id=\"envira-gallery-image-142274\" class=\"envira-gallery-image envira-gallery-image-3 envira-normal envira-lazy\" data-envira-index=\"3\" src=\"https:\/\/www.yoleoescaparate.com\/wp-content\/uploads\/WhatsApp-Image-2026-03-11-at-21.50.28-3-1024x682-640x480.jpeg\" data-envira-src=\"https:\/\/www.yoleoescaparate.com\/wp-content\/uploads\/WhatsApp-Image-2026-03-11-at-21.50.28-3-1024x682-640x480.jpeg\" data-envira-gallery-id=\"142271\" data-envira-item-id=\"142274\" data-envira-caption=\"Presentaci&oacute;n Semana Santa Calahorra 2026\" alt=\"\" title=\"Presentaci\u00f3n Semana Santa Calahorra 2026\"  itemprop=\"thumbnailUrl\" data-envira-srcset=\"https:\/\/www.yoleoescaparate.com\/wp-content\/uploads\/WhatsApp-Image-2026-03-11-at-21.50.28-3-1024x682-640x480.jpeg 400w,https:\/\/www.yoleoescaparate.com\/wp-content\/uploads\/WhatsApp-Image-2026-03-11-at-21.50.28-3-1024x682-640x480.jpeg 2x\" data-envira-width=\"300\" data-envira-height=\"200\" srcset=\"data:image\/gif;base64,R0lGODlhAQABAIAAAP\/\/\/\/\/\/\/yH5BAEKAAEALAAAAAABAAEAAAICTAEAOw==\" data-safe-src=\"data:image\/gif;base64,R0lGODlhAQABAIAAAP\/\/\/\/\/\/\/yH5BAEKAAEALAAAAAABAAEAAAICTAEAOw==\" \/><\/a><\/div><\/div><div id=\"envira-gallery-item-142275\" class=\"envira-gallery-item enviratope-item envira-gallery-item-4 envira-lazy-load\" style=\"padding-left: 5px; padding-bottom: 10px; padding-right: 5px;\"  itemscope itemtype=\"https:\/\/schema.org\/ImageObject\"><div class=\"envira-gallery-item-inner\"><div class=\"envira-gallery-position-overlay  envira-gallery-top-left\"><\/div><div class=\"envira-gallery-position-overlay  envira-gallery-top-right\"><\/div><div class=\"envira-gallery-position-overlay  envira-gallery-bottom-left\"><\/div><div class=\"envira-gallery-position-overlay  envira-gallery-bottom-right\"><\/div><a href=\"https:\/\/www.yoleoescaparate.com\/wp-content\/uploads\/WhatsApp-Image-2026-03-11-at-21.50.28-5-1.jpeg\" class=\"envira-gallery-142271 envira-gallery-link\" rel=\"enviragallery142271\" title=\"Presentaci&oacute;n Semana Santa Calahorra 2026\" data-envira-caption=\"Presentaci&oacute;n Semana Santa Calahorra 2026\" data-envira-retina=\"\" data-thumbnail=\"\"  itemprop=\"contentUrl\"><img decoding=\"async\" id=\"envira-gallery-image-142275\" class=\"envira-gallery-image envira-gallery-image-4 envira-normal envira-lazy\" data-envira-index=\"4\" src=\"https:\/\/www.yoleoescaparate.com\/wp-content\/uploads\/WhatsApp-Image-2026-03-11-at-21.50.28-5-1-1024x682-640x480.jpeg\" data-envira-src=\"https:\/\/www.yoleoescaparate.com\/wp-content\/uploads\/WhatsApp-Image-2026-03-11-at-21.50.28-5-1-1024x682-640x480.jpeg\" data-envira-gallery-id=\"142271\" data-envira-item-id=\"142275\" data-envira-caption=\"Presentaci&oacute;n Semana Santa Calahorra 2026\" alt=\"\" title=\"Presentaci\u00f3n Semana Santa Calahorra 2026\"  itemprop=\"thumbnailUrl\" data-envira-srcset=\"https:\/\/www.yoleoescaparate.com\/wp-content\/uploads\/WhatsApp-Image-2026-03-11-at-21.50.28-5-1-1024x682-640x480.jpeg 400w,https:\/\/www.yoleoescaparate.com\/wp-content\/uploads\/WhatsApp-Image-2026-03-11-at-21.50.28-5-1-1024x682-640x480.jpeg 2x\" data-envira-width=\"300\" data-envira-height=\"200\" srcset=\"data:image\/gif;base64,R0lGODlhAQABAIAAAP\/\/\/\/\/\/\/yH5BAEKAAEALAAAAAABAAEAAAICTAEAOw==\" data-safe-src=\"data:image\/gif;base64,R0lGODlhAQABAIAAAP\/\/\/\/\/\/\/yH5BAEKAAEALAAAAAABAAEAAAICTAEAOw==\" \/><\/a><\/div><\/div><div id=\"envira-gallery-item-142276\" class=\"envira-gallery-item enviratope-item envira-gallery-item-5 envira-lazy-load\" style=\"padding-left: 5px; padding-bottom: 10px; padding-right: 5px;\"  itemscope itemtype=\"https:\/\/schema.org\/ImageObject\"><div class=\"envira-gallery-item-inner\"><div class=\"envira-gallery-position-overlay  envira-gallery-top-left\"><\/div><div class=\"envira-gallery-position-overlay  envira-gallery-top-right\"><\/div><div class=\"envira-gallery-position-overlay  envira-gallery-bottom-left\"><\/div><div class=\"envira-gallery-position-overlay  envira-gallery-bottom-right\"><\/div><a href=\"https:\/\/www.yoleoescaparate.com\/wp-content\/uploads\/WhatsApp-Image-2026-03-11-at-21.50.28-6.jpeg\" class=\"envira-gallery-142271 envira-gallery-link\" rel=\"enviragallery142271\" title=\"Presentaci&oacute;n Semana Santa Calahorra 2026\" data-envira-caption=\"Presentaci&oacute;n Semana Santa Calahorra 2026\" data-envira-retina=\"\" data-thumbnail=\"\"  itemprop=\"contentUrl\"><img decoding=\"async\" id=\"envira-gallery-image-142276\" class=\"envira-gallery-image envira-gallery-image-5 envira-normal envira-lazy\" data-envira-index=\"5\" src=\"https:\/\/www.yoleoescaparate.com\/wp-content\/uploads\/WhatsApp-Image-2026-03-11-at-21.50.28-6-1024x682-640x480.jpeg\" data-envira-src=\"https:\/\/www.yoleoescaparate.com\/wp-content\/uploads\/WhatsApp-Image-2026-03-11-at-21.50.28-6-1024x682-640x480.jpeg\" data-envira-gallery-id=\"142271\" data-envira-item-id=\"142276\" data-envira-caption=\"Presentaci&oacute;n Semana Santa Calahorra 2026\" alt=\"\" title=\"Presentaci\u00f3n Semana Santa Calahorra 2026\"  itemprop=\"thumbnailUrl\" data-envira-srcset=\"https:\/\/www.yoleoescaparate.com\/wp-content\/uploads\/WhatsApp-Image-2026-03-11-at-21.50.28-6-1024x682-640x480.jpeg 400w,https:\/\/www.yoleoescaparate.com\/wp-content\/uploads\/WhatsApp-Image-2026-03-11-at-21.50.28-6-1024x682-640x480.jpeg 2x\" data-envira-width=\"300\" data-envira-height=\"200\" srcset=\"data:image\/gif;base64,R0lGODlhAQABAIAAAP\/\/\/\/\/\/\/yH5BAEKAAEALAAAAAABAAEAAAICTAEAOw==\" data-safe-src=\"data:image\/gif;base64,R0lGODlhAQABAIAAAP\/\/\/\/\/\/\/yH5BAEKAAEALAAAAAABAAEAAAICTAEAOw==\" \/><\/a><\/div><\/div><div id=\"envira-gallery-item-142277\" class=\"envira-gallery-item enviratope-item envira-gallery-item-6 envira-lazy-load\" style=\"padding-left: 5px; padding-bottom: 10px; padding-right: 5px;\"  itemscope itemtype=\"https:\/\/schema.org\/ImageObject\"><div class=\"envira-gallery-item-inner\"><div class=\"envira-gallery-position-overlay  envira-gallery-top-left\"><\/div><div class=\"envira-gallery-position-overlay  envira-gallery-top-right\"><\/div><div class=\"envira-gallery-position-overlay  envira-gallery-bottom-left\"><\/div><div class=\"envira-gallery-position-overlay  envira-gallery-bottom-right\"><\/div><a href=\"https:\/\/www.yoleoescaparate.com\/wp-content\/uploads\/WhatsApp-Image-2026-03-11-at-21.50.28-8.jpeg\" class=\"envira-gallery-142271 envira-gallery-link\" rel=\"enviragallery142271\" title=\"Presentaci&oacute;n Semana Santa Calahorra 2026\" data-envira-caption=\"Presentaci&oacute;n Semana Santa Calahorra 2026\" data-envira-retina=\"\" data-thumbnail=\"\"  itemprop=\"contentUrl\"><img decoding=\"async\" id=\"envira-gallery-image-142277\" class=\"envira-gallery-image envira-gallery-image-6 envira-normal envira-lazy\" data-envira-index=\"6\" src=\"https:\/\/www.yoleoescaparate.com\/wp-content\/uploads\/WhatsApp-Image-2026-03-11-at-21.50.28-8-682x1024-640x480.jpeg\" data-envira-src=\"https:\/\/www.yoleoescaparate.com\/wp-content\/uploads\/WhatsApp-Image-2026-03-11-at-21.50.28-8-682x1024-640x480.jpeg\" data-envira-gallery-id=\"142271\" data-envira-item-id=\"142277\" data-envira-caption=\"Presentaci&oacute;n Semana Santa Calahorra 2026\" alt=\"\" title=\"Presentaci\u00f3n Semana Santa Calahorra 2026\"  itemprop=\"thumbnailUrl\" data-envira-srcset=\"https:\/\/www.yoleoescaparate.com\/wp-content\/uploads\/WhatsApp-Image-2026-03-11-at-21.50.28-8-682x1024-640x480.jpeg 400w,https:\/\/www.yoleoescaparate.com\/wp-content\/uploads\/WhatsApp-Image-2026-03-11-at-21.50.28-8-682x1024-640x480.jpeg 2x\" data-envira-width=\"200\" data-envira-height=\"300\" srcset=\"data:image\/gif;base64,R0lGODlhAQABAIAAAP\/\/\/\/\/\/\/yH5BAEKAAEALAAAAAABAAEAAAICTAEAOw==\" data-safe-src=\"data:image\/gif;base64,R0lGODlhAQABAIAAAP\/\/\/\/\/\/\/yH5BAEKAAEALAAAAAABAAEAAAICTAEAOw==\" \/><\/a><\/div><\/div><div id=\"envira-gallery-item-142278\" class=\"envira-gallery-item enviratope-item envira-gallery-item-7 envira-lazy-load\" style=\"padding-left: 5px; padding-bottom: 10px; padding-right: 5px;\"  itemscope itemtype=\"https:\/\/schema.org\/ImageObject\"><div class=\"envira-gallery-item-inner\"><div class=\"envira-gallery-position-overlay  envira-gallery-top-left\"><\/div><div class=\"envira-gallery-position-overlay  envira-gallery-top-right\"><\/div><div class=\"envira-gallery-position-overlay  envira-gallery-bottom-left\"><\/div><div class=\"envira-gallery-position-overlay  envira-gallery-bottom-right\"><\/div><a href=\"https:\/\/www.yoleoescaparate.com\/wp-content\/uploads\/WhatsApp-Image-2026-03-11-at-21.50.28-11.jpeg\" class=\"envira-gallery-142271 envira-gallery-link\" rel=\"enviragallery142271\" title=\"Presentaci&oacute;n Semana Santa Calahorra 2026\" data-envira-caption=\"Presentaci&oacute;n Semana Santa Calahorra 2026\" data-envira-retina=\"\" data-thumbnail=\"\"  itemprop=\"contentUrl\"><img decoding=\"async\" id=\"envira-gallery-image-142278\" class=\"envira-gallery-image envira-gallery-image-7 envira-normal envira-lazy\" data-envira-index=\"7\" src=\"https:\/\/www.yoleoescaparate.com\/wp-content\/uploads\/WhatsApp-Image-2026-03-11-at-21.50.28-11-1024x682-640x480.jpeg\" data-envira-src=\"https:\/\/www.yoleoescaparate.com\/wp-content\/uploads\/WhatsApp-Image-2026-03-11-at-21.50.28-11-1024x682-640x480.jpeg\" data-envira-gallery-id=\"142271\" data-envira-item-id=\"142278\" data-envira-caption=\"Presentaci&oacute;n Semana Santa Calahorra 2026\" alt=\"\" title=\"Presentaci\u00f3n Semana Santa Calahorra 2026\"  itemprop=\"thumbnailUrl\" data-envira-srcset=\"https:\/\/www.yoleoescaparate.com\/wp-content\/uploads\/WhatsApp-Image-2026-03-11-at-21.50.28-11-1024x682-640x480.jpeg 400w,https:\/\/www.yoleoescaparate.com\/wp-content\/uploads\/WhatsApp-Image-2026-03-11-at-21.50.28-11-1024x682-640x480.jpeg 2x\" data-envira-width=\"300\" data-envira-height=\"200\" srcset=\"data:image\/gif;base64,R0lGODlhAQABAIAAAP\/\/\/\/\/\/\/yH5BAEKAAEALAAAAAABAAEAAAICTAEAOw==\" data-safe-src=\"data:image\/gif;base64,R0lGODlhAQABAIAAAP\/\/\/\/\/\/\/yH5BAEKAAEALAAAAAABAAEAAAICTAEAOw==\" \/><\/a><\/div><\/div><div id=\"envira-gallery-item-142279\" class=\"envira-gallery-item enviratope-item envira-gallery-item-8 envira-lazy-load\" style=\"padding-left: 5px; padding-bottom: 10px; padding-right: 5px;\"  itemscope itemtype=\"https:\/\/schema.org\/ImageObject\"><div class=\"envira-gallery-item-inner\"><div class=\"envira-gallery-position-overlay  envira-gallery-top-left\"><\/div><div class=\"envira-gallery-position-overlay  envira-gallery-top-right\"><\/div><div class=\"envira-gallery-position-overlay  envira-gallery-bottom-left\"><\/div><div class=\"envira-gallery-position-overlay  envira-gallery-bottom-right\"><\/div><a href=\"https:\/\/www.yoleoescaparate.com\/wp-content\/uploads\/WhatsApp-Image-2026-03-11-at-21.50.28-14.jpeg\" class=\"envira-gallery-142271 envira-gallery-link\" rel=\"enviragallery142271\" title=\"Presentaci&oacute;n Semana Santa Calahorra 2026\" data-envira-caption=\"Presentaci&oacute;n Semana Santa Calahorra 2026\" data-envira-retina=\"\" data-thumbnail=\"\"  itemprop=\"contentUrl\"><img decoding=\"async\" id=\"envira-gallery-image-142279\" class=\"envira-gallery-image envira-gallery-image-8 envira-normal envira-lazy\" data-envira-index=\"8\" src=\"https:\/\/www.yoleoescaparate.com\/wp-content\/uploads\/WhatsApp-Image-2026-03-11-at-21.50.28-14-1024x682-640x480.jpeg\" data-envira-src=\"https:\/\/www.yoleoescaparate.com\/wp-content\/uploads\/WhatsApp-Image-2026-03-11-at-21.50.28-14-1024x682-640x480.jpeg\" data-envira-gallery-id=\"142271\" data-envira-item-id=\"142279\" data-envira-caption=\"Presentaci&oacute;n Semana Santa Calahorra 2026\" alt=\"\" title=\"Presentaci\u00f3n Semana Santa Calahorra 2026\"  itemprop=\"thumbnailUrl\" data-envira-srcset=\"https:\/\/www.yoleoescaparate.com\/wp-content\/uploads\/WhatsApp-Image-2026-03-11-at-21.50.28-14-1024x682-640x480.jpeg 400w,https:\/\/www.yoleoescaparate.com\/wp-content\/uploads\/WhatsApp-Image-2026-03-11-at-21.50.28-14-1024x682-640x480.jpeg 2x\" data-envira-width=\"300\" data-envira-height=\"200\" srcset=\"data:image\/gif;base64,R0lGODlhAQABAIAAAP\/\/\/\/\/\/\/yH5BAEKAAEALAAAAAABAAEAAAICTAEAOw==\" data-safe-src=\"data:image\/gif;base64,R0lGODlhAQABAIAAAP\/\/\/\/\/\/\/yH5BAEKAAEALAAAAAABAAEAAAICTAEAOw==\" \/><\/a><\/div><\/div><div id=\"envira-gallery-item-142280\" class=\"envira-gallery-item enviratope-item envira-gallery-item-9 envira-lazy-load\" style=\"padding-left: 5px; padding-bottom: 10px; padding-right: 5px;\"  itemscope itemtype=\"https:\/\/schema.org\/ImageObject\"><div class=\"envira-gallery-item-inner\"><div class=\"envira-gallery-position-overlay  envira-gallery-top-left\"><\/div><div class=\"envira-gallery-position-overlay  envira-gallery-top-right\"><\/div><div class=\"envira-gallery-position-overlay  envira-gallery-bottom-left\"><\/div><div class=\"envira-gallery-position-overlay  envira-gallery-bottom-right\"><\/div><a href=\"https:\/\/www.yoleoescaparate.com\/wp-content\/uploads\/WhatsApp-Image-2026-03-11-at-21.50.28-15.jpeg\" class=\"envira-gallery-142271 envira-gallery-link\" rel=\"enviragallery142271\" title=\"Presentaci&oacute;n Semana Santa Calahorra 2026\" data-envira-caption=\"Presentaci&oacute;n Semana Santa Calahorra 2026\" data-envira-retina=\"\" data-thumbnail=\"\"  itemprop=\"contentUrl\"><img decoding=\"async\" id=\"envira-gallery-image-142280\" class=\"envira-gallery-image envira-gallery-image-9 envira-normal envira-lazy\" data-envira-index=\"9\" src=\"https:\/\/www.yoleoescaparate.com\/wp-content\/uploads\/WhatsApp-Image-2026-03-11-at-21.50.28-15-1024x682-640x480.jpeg\" data-envira-src=\"https:\/\/www.yoleoescaparate.com\/wp-content\/uploads\/WhatsApp-Image-2026-03-11-at-21.50.28-15-1024x682-640x480.jpeg\" data-envira-gallery-id=\"142271\" data-envira-item-id=\"142280\" data-envira-caption=\"Presentaci&oacute;n Semana Santa Calahorra 2026\" alt=\"\" title=\"Presentaci\u00f3n Semana Santa Calahorra 2026\"  itemprop=\"thumbnailUrl\" data-envira-srcset=\"https:\/\/www.yoleoescaparate.com\/wp-content\/uploads\/WhatsApp-Image-2026-03-11-at-21.50.28-15-1024x682-640x480.jpeg 400w,https:\/\/www.yoleoescaparate.com\/wp-content\/uploads\/WhatsApp-Image-2026-03-11-at-21.50.28-15-1024x682-640x480.jpeg 2x\" data-envira-width=\"300\" data-envira-height=\"200\" srcset=\"data:image\/gif;base64,R0lGODlhAQABAIAAAP\/\/\/\/\/\/\/yH5BAEKAAEALAAAAAABAAEAAAICTAEAOw==\" data-safe-src=\"data:image\/gif;base64,R0lGODlhAQABAIAAAP\/\/\/\/\/\/\/yH5BAEKAAEALAAAAAABAAEAAAICTAEAOw==\" \/><\/a><\/div><\/div><div id=\"envira-gallery-item-142281\" class=\"envira-gallery-item enviratope-item envira-gallery-item-10 envira-lazy-load\" style=\"padding-left: 5px; padding-bottom: 10px; padding-right: 5px;\"  itemscope itemtype=\"https:\/\/schema.org\/ImageObject\"><div class=\"envira-gallery-item-inner\"><div class=\"envira-gallery-position-overlay  envira-gallery-top-left\"><\/div><div class=\"envira-gallery-position-overlay  envira-gallery-top-right\"><\/div><div class=\"envira-gallery-position-overlay  envira-gallery-bottom-left\"><\/div><div class=\"envira-gallery-position-overlay  envira-gallery-bottom-right\"><\/div><a href=\"https:\/\/www.yoleoescaparate.com\/wp-content\/uploads\/WhatsApp-Image-2026-03-11-at-21.50.28-16.jpeg\" class=\"envira-gallery-142271 envira-gallery-link\" rel=\"enviragallery142271\" title=\"Presentaci&oacute;n Semana Santa Calahorra 2026\" data-envira-caption=\"Presentaci&oacute;n Semana Santa Calahorra 2026\" data-envira-retina=\"\" data-thumbnail=\"\"  itemprop=\"contentUrl\"><img decoding=\"async\" id=\"envira-gallery-image-142281\" class=\"envira-gallery-image envira-gallery-image-10 envira-normal envira-lazy\" data-envira-index=\"10\" src=\"https:\/\/www.yoleoescaparate.com\/wp-content\/uploads\/WhatsApp-Image-2026-03-11-at-21.50.28-16-1024x682-640x480.jpeg\" data-envira-src=\"https:\/\/www.yoleoescaparate.com\/wp-content\/uploads\/WhatsApp-Image-2026-03-11-at-21.50.28-16-1024x682-640x480.jpeg\" data-envira-gallery-id=\"142271\" data-envira-item-id=\"142281\" data-envira-caption=\"Presentaci&oacute;n Semana Santa Calahorra 2026\" alt=\"\" title=\"Presentaci\u00f3n Semana Santa Calahorra 2026\"  itemprop=\"thumbnailUrl\" data-envira-srcset=\"https:\/\/www.yoleoescaparate.com\/wp-content\/uploads\/WhatsApp-Image-2026-03-11-at-21.50.28-16-1024x682-640x480.jpeg 400w,https:\/\/www.yoleoescaparate.com\/wp-content\/uploads\/WhatsApp-Image-2026-03-11-at-21.50.28-16-1024x682-640x480.jpeg 2x\" data-envira-width=\"300\" data-envira-height=\"200\" srcset=\"data:image\/gif;base64,R0lGODlhAQABAIAAAP\/\/\/\/\/\/\/yH5BAEKAAEALAAAAAABAAEAAAICTAEAOw==\" data-safe-src=\"data:image\/gif;base64,R0lGODlhAQABAIAAAP\/\/\/\/\/\/\/yH5BAEKAAEALAAAAAABAAEAAAICTAEAOw==\" \/><\/a><\/div><\/div><\/div><\/div><noscript><img decoding=\"async\" src=\"https:\/\/www.yoleoescaparate.com\/wp-content\/uploads\/WhatsApp-Image-2026-03-11-at-21.50.28-1.jpeg\" alt=\"\" \/><img decoding=\"async\" src=\"https:\/\/www.yoleoescaparate.com\/wp-content\/uploads\/WhatsApp-Image-2026-03-11-at-21.50.28-2.jpeg\" alt=\"\" \/><img decoding=\"async\" src=\"https:\/\/www.yoleoescaparate.com\/wp-content\/uploads\/WhatsApp-Image-2026-03-11-at-21.50.28-3.jpeg\" alt=\"\" \/><img decoding=\"async\" src=\"https:\/\/www.yoleoescaparate.com\/wp-content\/uploads\/WhatsApp-Image-2026-03-11-at-21.50.28-5-1.jpeg\" alt=\"\" \/><img decoding=\"async\" src=\"https:\/\/www.yoleoescaparate.com\/wp-content\/uploads\/WhatsApp-Image-2026-03-11-at-21.50.28-6.jpeg\" alt=\"\" \/><img decoding=\"async\" src=\"https:\/\/www.yoleoescaparate.com\/wp-content\/uploads\/WhatsApp-Image-2026-03-11-at-21.50.28-8.jpeg\" alt=\"\" \/><img decoding=\"async\" src=\"https:\/\/www.yoleoescaparate.com\/wp-content\/uploads\/WhatsApp-Image-2026-03-11-at-21.50.28-11.jpeg\" alt=\"\" \/><img decoding=\"async\" src=\"https:\/\/www.yoleoescaparate.com\/wp-content\/uploads\/WhatsApp-Image-2026-03-11-at-21.50.28-14.jpeg\" alt=\"\" \/><img decoding=\"async\" src=\"https:\/\/www.yoleoescaparate.com\/wp-content\/uploads\/WhatsApp-Image-2026-03-11-at-21.50.28-15.jpeg\" alt=\"\" \/><img decoding=\"async\" src=\"https:\/\/www.yoleoescaparate.com\/wp-content\/uploads\/WhatsApp-Image-2026-03-11-at-21.50.28-16.jpeg\" alt=\"\" \/><\/noscript><\/code><\/p>\n","protected":false},"excerpt":{"rendered":"","protected":false},"author":1,"featured_media":142268,"comment_status":"open","ping_status":"open","sticky":false,"template":"","format":"standard","meta":{"colormag_page_container_layout":"default_layout","colormag_page_sidebar_layout":"default_layout","om_disable_all_campaigns":false,"_monsterinsights_skip_tracking":false,"_monsterinsights_sitenote_active":false,"_monsterinsights_sitenote_note":"","_monsterinsights_sitenote_category":0,"footnotes":""},"categories":[4,205],"tags":[16,12,2244,192,298,2023],"class_list":["post-142262","post","type-post","status-publish","format-standard","has-post-thumbnail","hentry","category-calahorra","category-imagenes","tag-calahorra","tag-escaparate","tag-procesiones","tag-programa","tag-semana-santa","tag-vera-cruz"],"aioseo_notices":[],"_links":{"self":[{"href":"https:\/\/www.yoleoescaparate.com\/index.php?rest_route=\/wp\/v2\/posts\/142262","targetHints":{"allow":["GET"]}}],"collection":[{"href":"https:\/\/www.yoleoescaparate.com\/index.php?rest_route=\/wp\/v2\/posts"}],"about":[{"href":"https:\/\/www.yoleoescaparate.com\/index.php?rest_route=\/wp\/v2\/types\/post"}],"author":[{"embeddable":true,"href":"https:\/\/www.yoleoescaparate.com\/index.php?rest_route=\/wp\/v2\/users\/1"}],"replies":[{"embeddable":true,"href":"https:\/\/www.yoleoescaparate.com\/index.php?rest_route=%2Fwp%2Fv2%2Fcomments&post=142262"}],"version-history":[{"count":5,"href":"https:\/\/www.yoleoescaparate.com\/index.php?rest_route=\/wp\/v2\/posts\/142262\/revisions"}],"predecessor-version":[{"id":142289,"href":"https:\/\/www.yoleoescaparate.com\/index.php?rest_route=\/wp\/v2\/posts\/142262\/revisions\/142289"}],"wp:featuredmedia":[{"embeddable":true,"href":"https:\/\/www.yoleoescaparate.com\/index.php?rest_route=\/wp\/v2\/media\/142268"}],"wp:attachment":[{"href":"https:\/\/www.yoleoescaparate.com\/index.php?rest_route=%2Fwp%2Fv2%2Fmedia&parent=142262"}],"wp:term":[{"taxonomy":"category","embeddable":true,"href":"https:\/\/www.yoleoescaparate.com\/index.php?rest_route=%2Fwp%2Fv2%2Fcategories&post=142262"},{"taxonomy":"post_tag","embeddable":true,"href":"https:\/\/www.yoleoescaparate.com\/index.php?rest_route=%2Fwp%2Fv2%2Ftags&post=142262"}],"curies":[{"name":"wp","href":"https:\/\/api.w.org\/{rel}","templated":true}]}}