{"id":142291,"date":"2026-03-12T11:13:00","date_gmt":"2026-03-12T10:13:00","guid":{"rendered":"https:\/\/www.yoleoescaparate.com\/?p=142291"},"modified":"2026-03-12T16:36:36","modified_gmt":"2026-03-12T15:36:36","slug":"en-marcha-los-concursos-de-la-semana-santa-de-calahorra","status":"publish","type":"post","link":"https:\/\/www.yoleoescaparate.com\/?p=142291","title":{"rendered":"En marcha los concursos de la Semana Santa de Calahorra"},"content":{"rendered":"\n<!--more-->\n\n\n\n<p>La Cofrad\u00eda de la Vera Cruz de Calahorra ha convocado sus tradicionales concursos para la Semana Santa.<\/p>\n\n\n\n<p><strong>BASES DEL XXXV CONCURSO DE DIBUJO<\/strong><\/p>\n\n\n\n<p>1. Podr\u00e1n concurrir a \u00e9l todos los alumnos\/as de los Centros educativos de la ciudad de Calahorra que impartan Educaci\u00f3n Primaria y el Centro \u00c1ncora.<\/p>\n\n\n\n<p>2. Las obras presentadas versar\u00e1n sobre la Semana Santa en cualquiera de sus aspectos. La t\u00e9cnica ser\u00e1 libre en cuanto a ejecuci\u00f3n, pero se ajustar\u00e1n obligatoriamente al tama\u00f1o de l\u00e1minas que proporciona la organizaci\u00f3n.<\/p>\n\n\n\n<p>3. Los trabajos ser\u00e1n recogidos en los propios centros, por miembros de la Vera Cruz, con fecha m\u00e1xima 25 de marzo de 2026.<\/p>\n\n\n\n<p>4. Los trabajos presentados quedar\u00e1n en poder de la Cofrad\u00eda para su posible publicaci\u00f3n, renunciando los autores a cualquier derecho sobre los mismos.<\/p>\n\n\n\n<p>5. Se establecen siete categor\u00edas, una por cada curso de Educaci\u00f3n Primaria y una m\u00e1s para quienes acuden al Centro \u00c1ncora constando cada una de 3 premios. Los premios consistir\u00e1n en bonos para material escolar.<\/p>\n\n\n\n<p>6. La entrega de premios se efectuar\u00e1 en acto p\u00fablico para la festividad de Santa Elena que la Cofrad\u00eda de la Santa Vera Cruz celebra el primer fin de semana de mayo. La fecha y hora se especificar\u00e1 en la comunicaci\u00f3n de los premiados.<\/p>\n\n\n\n<p>7. Todos los trabajos ser\u00e1n expuestos en el Templo de San Francisco. La duraci\u00f3n y horario de la exposici\u00f3n se anunciar\u00e1 en los medios de comunicaci\u00f3n.<\/p>\n\n\n\n<p>8. La composici\u00f3n del jurado se har\u00e1 p\u00fablica, junto con el resultado del concurso, que se enviar\u00e1 a los centros educativos.<\/p>\n\n\n\n<p>9. La presentaci\u00f3n de trabajos implica la total aceptaci\u00f3n de las presentes bases.<\/p>\n\n\n\n<p>10. El Curso y Centro se har\u00e1 constar en la parte frontal de la l\u00e1mina y el nombre del autor y apellidos en el reverso del dibujo presentado, para as\u00ed cumplir la Ley Org\u00e1nica 15\/1999, de 13 de diciembre, de Protecci\u00f3n de Datos de Car\u00e1cter&nbsp;Personal (LOPD).<\/p>\n\n\n\n<p><strong>BASES DEL XXIII CONCURSO FOTOGR\u00c1FICO DE LA SEMANA SANTA CALAGURRITANA<\/strong><\/p>\n\n\n\n<p>I.- PARTICIPANTES&nbsp;<\/p>\n\n\n\n<p>Se establece una \u00fanica categor\u00eda a partir de los 14 a\u00f1os y no incluye, en ning\u00fan caso, a profesionales de la fotograf\u00eda. Asimismo quedan excluidos los miembros del jurado.&nbsp;<\/p>\n\n\n\n<p>Por otra parte, el n\u00famero m\u00e1ximo de participantes se fija en veinticinco, los primeros en el orden de inscripci\u00f3n, que se realizar\u00e1 a trav\u00e9s del enlace:&nbsp;<a href=\"https:\/\/forms.gle\/bJZfUJY4QYqgjpJV6\" target=\"_blank\" rel=\"noreferrer noopener\">https:\/\/forms.gle\/bJZfUJY4QYqgjpJV6<\/a><\/p>\n\n\n\n<p>II.- TEMA<\/p>\n\n\n\n<p>Cualquier imagen o composici\u00f3n relacionada con las actividades organizadas por la Cofrad\u00eda de la Santa Vera Cruz dentro del Programa de actos de la Semana Santa Calagurritana, declarada de Inter\u00e9s Tur\u00edstico Nacional.&nbsp;<\/p>\n\n\n\n<p>III.- CARACTER\u00cdSTICAS<\/p>\n\n\n\n<p>El concurso se desarrollar\u00e1 de acuerdo a lo siguiente:&nbsp;<\/p>\n\n\n\n<p>a) El periodo de inscripci\u00f3n de participantes se iniciar\u00e1 el 12 de Marzo a partir de las 12:00 horas hasta el 22 de Marzo a las 24:00 horas. La inscripci\u00f3n se realizar\u00e1 en la forma indicada en el punto \u201cI.- PARTICIPANTES\u201d de estas bases reguladoras.&nbsp;<\/p>\n\n\n\n<p>b) El Concurso comienza con las actividades se\u00f1aladas en el Programa de actos que edita la Cofrad\u00eda y finaliza con el \u00faltimo acto contenido en dicho programa.&nbsp;<\/p>\n\n\n\n<p>c) Las fotograf\u00edas, independientemente de la forma en la que fueron capturadas, deber\u00e1n tener una resoluci\u00f3n m\u00ednima de 300 pixeles por pulgada para obtener la mayor calidad posible a la hora de su impresi\u00f3n en papel fotogr\u00e1fico para su correspondiente exposici\u00f3n. Mantener en la medida de lo posible el formato original de la c\u00e1mara, evitando recortes extra\u00f1os, cuadrados o panor\u00e1micos.&nbsp;<\/p>\n\n\n\n<p>d) No se aceptar\u00e1n trabajos que incluyan fotomontajes, tratamientos o alteraciones sobre el original mediante cualquier procedimiento t\u00e9cnico. Se podr\u00e1n presentar fotograf\u00edas en color o blanco y negro.<\/p>\n\n\n\n<p>e) A los participantes inscritos la Cofrad\u00eda les dotar\u00e1 de una acreditaci\u00f3n, adem\u00e1s de un programa de actos. Con esta acreditaci\u00f3n, llev\u00e1ndola en lugar visible, se les facilitar\u00e1 el discreto movimiento dentro de los distintos actos p\u00fablicos organizados por nuestra instituci\u00f3n. Ser\u00e1 imprescindible el respeto al acto que se est\u00e9 llevando a cabo en cada momento.<\/p>\n\n\n\n<p>f) La Cofrad\u00eda tiene en su poder la exclusi\u00f3n de aquellos participantes que no cumplan con las condiciones descritas en el punto anterior.&nbsp;<\/p>\n\n\n\n<p>g) Los trabajos deben de ser in\u00e9ditos, y se eliminar\u00e1n aquellas fotos que se hayan compartido en redes sociales o cualquier espacio de internet, o se presenten en otros concursos.&nbsp;<\/p>\n\n\n\n<p>h) Aquellos participantes que no presenten trabajos quedar\u00e1n excluidos de la edici\u00f3n del concurso fotogr\u00e1fico del a\u00f1o pr\u00f3ximo.&nbsp;<\/p>\n\n\n\n<p>IV.- PRESENTACI\u00d3N<\/p>\n\n\n\n<p>a) Cada autor presentar\u00e1 3 fotograf\u00edas, enviadas al correo electr\u00f3nico&nbsp;<a href=\"mailto:info@veracruzcalahorra.org\">info@veracruzcalahorra.org<\/a><\/p>\n\n\n\n<p>b) Los trabajos emitidos por correo electr\u00f3nico, cuando tengan un tama\u00f1o excesivo para un solo env\u00edo, cabe remitirlos en sucesivos e-mails, siendo cada entrega de una \u00fanica fotograf\u00eda. Todos y cada uno de los correos deber\u00e1n ser enviados incluyendo en el asunto el nombre y apellidos del participante.<\/p>\n\n\n\n<p>c) Todos los participantes deber\u00e1n proporcionar un t\u00edtulo para cada una de las fotograf\u00edas.&nbsp;<\/p>\n\n\n\n<p>e) Todos los datos personales quedar\u00e1n ocultos al Jurado, siendo \u00fanicamente el Secretario, nombrado por la organizaci\u00f3n, quien los custodie hasta que, una vez el fallo sea firme, sea momento de proclamar los nombres de los premiados. Hasta ese preciso instante, los participantes estar\u00e1n identificados por el n\u00famero de orden de inscripci\u00f3n.&nbsp;<\/p>\n\n\n\n<p>f) Al premio especial con el tema \u201cCristo de la Veracruz\u201d optar\u00e1n las fotograf\u00edas que se presenten de manera general que tengan este tema en \u00e9l. En el caso que la fotograf\u00eda sea elegida como ganadora o subcampeona del concurso, prevalecer\u00e1 el premio de mayor importe.<\/p>\n\n\n\n<p>g) Para poder optar al premio especial de fotograf\u00eda digital se deber\u00e1n presentar ocho fotograf\u00edas con las caracter\u00edsticas de forma recogidas anteriormente especificando que participan en este apartado del concurso. Su tem\u00e1tica debe de versar sobre los actos que recoge el programa de la Semana Santa calagurritana organizada por la Cofrad\u00eda de la Santa Vera Cruz de Calahorra. La elecci\u00f3n de la colecci\u00f3n ganadora se realizar\u00e1 sobre el formato digital y no impreso .&nbsp;<\/p>\n\n\n\n<p>V.- PLAZO La fecha l\u00edmite para la recepci\u00f3n de trabajos ser\u00e1 el s\u00e1bado 11 de Abril a las 24:00 horas.&nbsp;<\/p>\n\n\n\n<p>VI.- JURADO.- El Jurado estar\u00e1 formado de la siguiente manera:&nbsp;<\/p>\n\n\n\n<p>a) El Hermano Mayor de la Cofrad\u00eda de la Santa Vera Cruz o persona en qui\u00e9n delegue.&nbsp;<\/p>\n\n\n\n<p>b) Dos miembros de la Junta Directiva de la Cofrad\u00eda.&nbsp;<\/p>\n\n\n\n<p>c) Al menos un profesional de la fotograf\u00eda.&nbsp;<\/p>\n\n\n\n<p>VII.- PREMIOS.- Se establecen los siguientes premios en met\u00e1lico:<\/p>\n\n\n\n<p>a) Un primero de 200 euros.<\/p>\n\n\n\n<p>b) Un segundo de 100 euros.<\/p>\n\n\n\n<p>c) Premio especial para la mejor foto del paso de \u201dCristo de la Veracruz\u201d de 50 euros.<\/p>\n\n\n\n<p>d) Premio especial al mejor conjunto de fotograf\u00eda digital de la Semana Santa calagurritana 2025 de 50 euros.<\/p>\n\n\n\n<p>Adem\u00e1s las fotograf\u00edas presentadas se expondr\u00e1n en los locales de la Cofrad\u00eda y en el espacio que se destina a este tipo de eventos. La fecha de ambas exposiciones se fijar\u00e1 en el momento de proclamaci\u00f3n del fallo del jurado.&nbsp;<\/p>\n\n\n\n<p>La organizaci\u00f3n presentar\u00e1 las fotos participantes impresas en formato 20 x 25 cm. o aproximado, seg\u00fan las caracter\u00edsticas de los archivos originales.&nbsp;<\/p>\n\n\n\n<p>Los premios se entregar\u00e1n el s\u00e1bado 3 de Mayo junto a los premios del concurso de dibujo, en los actos que festejan Santa Elena.&nbsp;<\/p>\n\n\n\n<p>VIII.- PROPIEDAD Y REPRODUCCI\u00d3N.- Las obras presentadas quedar\u00e1n en propiedad de la Cofrad\u00eda, quien se reserva el derecho de su publicaci\u00f3n y\/o reproducci\u00f3n en cualquier soporte material o digital. Las obras presentadas podr\u00e1n ser expuestas en la p\u00e1gina web de la Cofrad\u00eda en formato reducido y adaptado. En los casos de publicaci\u00f3n de fotograf\u00edas se har\u00e1 constar su autor.&nbsp;<\/p>\n\n\n\n<p>Las fotos premiadas no podr\u00e1n ser exhibidas en ning\u00fan otro medio, o red social, quedando los derechos en propiedad de la Cofrad\u00eda de la Santa Vera Cruz de Calahorra. Si fueran exhibidas sin permiso de la Cofrad\u00eda el premio quedar\u00eda retirado.<\/p>\n\n\n\n<p><strong>BASES DEL CONCURSO DE FOTOGRAF\u00cdA DE INSTAGRAM DE LA SEMANA SANTA CALAGURRITANA<\/strong><strong><\/strong><\/p>\n\n\n\n<p><strong>Inscripciones en el enlace:<\/strong>&nbsp;<a href=\"https:\/\/forms.gle\/bJZfUJY4QYqgjpJV6\" target=\"_blank\" rel=\"noreferrer noopener\">https:\/\/forms.gle\/bJZfUJY4QYqgjpJV6<\/a><\/p>\n\n\n\n<p><strong>1.\u2060 \u2060Organizador<\/strong><\/p>\n\n\n\n<p>El concurso est\u00e1 organizado por Cofrad\u00eda de la Santa Vera Cruz, con el objetivo de promocionar y difundir la Semana Santa Calagurritana a trav\u00e9s de Instagram.<\/p>\n\n\n\n<p><strong>2.\u2060 \u2060Participantes<\/strong><\/p>\n\n\n\n<p>Podr\u00e1 participar cualquier persona mayor de 18 a\u00f1os con un perfil de Instagram p\u00fablico.<\/p>\n\n\n\n<p><strong>3.\u2060 \u2060Tem\u00e1tica<\/strong><\/p>\n\n\n\n<p>Las fotograf\u00edas deber\u00e1n&nbsp; estar relacionadas con las actividades organizadas por la Cofrad\u00eda&nbsp; de la Santa Vera Cruz dentro del Programa de actos de la Semana Santa Calagurritana, declarada de&nbsp; Inter\u00e9s Tur\u00edstico Nacional.&nbsp;<\/p>\n\n\n\n<p><strong>4.\u2060 \u2060C\u00f3mo participar<\/strong><\/p>\n\n\n\n<p>Para participar ser\u00e1 necesario:<\/p>\n\n\n\n<p>&#8211; Seguir la cuenta de Instagram @santaveracruzcalahorra<br>&#8211; Publicar una fotograf\u00eda original en su perfil<br>&#8211; Usar el hashtag #SS2026Calahorra<br>&#8211; Mencionar a @santaveracruzcalahorra<\/p>\n\n\n\n<p><strong>5.\u2060 \u2060Plazo de participaci\u00f3n<\/strong><\/p>\n\n\n\n<p>El concurso estar\u00e1 activo desde el 29 de Marzo hasta el 5 de Abril (ambos inclusive).<\/p>\n\n\n\n<p><strong>6.\u2060 \u2060Selecci\u00f3n de los ganadores<\/strong><\/p>\n\n\n\n<p>Los ganadores ser\u00e1n elegidos por jurado compuesto por miembros de la Junta Directiva, valorando la originalidad, calidad y adecuaci\u00f3n a la tem\u00e1tica.<\/p>\n\n\n\n<p><strong>7.\u2060 \u2060Premio<\/strong><\/p>\n\n\n\n<p>El premio consistir\u00e1 en 50\u20ac para cada uno de los 3 ganadores.<\/p>\n\n\n\n<p><strong>8.\u2060 \u2060Comunicaci\u00f3n del ganador<\/strong><\/p>\n\n\n\n<p>Los ganadores se anunciar\u00e1n a trav\u00e9s de las historias y\/o publicaci\u00f3n en el perfil de @santaveracruzcalahorra y se contactar\u00e1 por mensaje directo.<\/p>\n\n\n\n<p><strong>9.\u2060 \u2060Derechos de imagen<\/strong><\/p>\n\n\n\n<p>Los participantes garantizan que son autores de la fotograf\u00eda y autorizan a Cofrad\u00eda de la Santa Vera Cruz de Calahorra a compartir la imagen en sus redes sociales, siempre mencionando al autor.<\/p>\n\n\n\n<p><strong>10.\u2060 \u2060Responsabilidad de Instagram<\/strong><\/p>\n\n\n\n<p>Instagram no patrocina, avala ni administra este concurso, ni est\u00e1 asociado al mismo.<\/p>\n\n\n\n<p><strong>11.\u2060 \u2060Aceptaci\u00f3n de las bases<\/strong><\/p>\n\n\n\n<p>La participaci\u00f3n en el concurso implica la aceptaci\u00f3n \u00edntegra de estas bases.<\/p>\n","protected":false},"excerpt":{"rendered":"","protected":false},"author":1,"featured_media":142292,"comment_status":"open","ping_status":"open","sticky":false,"template":"","format":"standard","meta":{"colormag_page_container_layout":"default_layout","colormag_page_sidebar_layout":"default_layout","om_disable_all_campaigns":false,"_monsterinsights_skip_tracking":false,"_monsterinsights_sitenote_active":false,"_monsterinsights_sitenote_note":"","_monsterinsights_sitenote_category":0,"footnotes":""},"categories":[4],"tags":[16,1374,12,298,2023],"class_list":["post-142291","post","type-post","status-publish","format-standard","has-post-thumbnail","hentry","category-calahorra","tag-calahorra","tag-concursos","tag-escaparate","tag-semana-santa","tag-vera-cruz"],"aioseo_notices":[],"_links":{"self":[{"href":"https:\/\/www.yoleoescaparate.com\/index.php?rest_route=\/wp\/v2\/posts\/142291","targetHints":{"allow":["GET"]}}],"collection":[{"href":"https:\/\/www.yoleoescaparate.com\/index.php?rest_route=\/wp\/v2\/posts"}],"about":[{"href":"https:\/\/www.yoleoescaparate.com\/index.php?rest_route=\/wp\/v2\/types\/post"}],"author":[{"embeddable":true,"href":"https:\/\/www.yoleoescaparate.com\/index.php?rest_route=\/wp\/v2\/users\/1"}],"replies":[{"embeddable":true,"href":"https:\/\/www.yoleoescaparate.com\/index.php?rest_route=%2Fwp%2Fv2%2Fcomments&post=142291"}],"version-history":[{"count":2,"href":"https:\/\/www.yoleoescaparate.com\/index.php?rest_route=\/wp\/v2\/posts\/142291\/revisions"}],"predecessor-version":[{"id":142316,"href":"https:\/\/www.yoleoescaparate.com\/index.php?rest_route=\/wp\/v2\/posts\/142291\/revisions\/142316"}],"wp:featuredmedia":[{"embeddable":true,"href":"https:\/\/www.yoleoescaparate.com\/index.php?rest_route=\/wp\/v2\/media\/142292"}],"wp:attachment":[{"href":"https:\/\/www.yoleoescaparate.com\/index.php?rest_route=%2Fwp%2Fv2%2Fmedia&parent=142291"}],"wp:term":[{"taxonomy":"category","embeddable":true,"href":"https:\/\/www.yoleoescaparate.com\/index.php?rest_route=%2Fwp%2Fv2%2Fcategories&post=142291"},{"taxonomy":"post_tag","embeddable":true,"href":"https:\/\/www.yoleoescaparate.com\/index.php?rest_route=%2Fwp%2Fv2%2Ftags&post=142291"}],"curies":[{"name":"wp","href":"https:\/\/api.w.org\/{rel}","templated":true}]}}