{"id":142307,"date":"2026-03-12T14:02:03","date_gmt":"2026-03-12T13:02:03","guid":{"rendered":"https:\/\/www.yoleoescaparate.com\/?p=142307"},"modified":"2026-03-12T14:02:08","modified_gmt":"2026-03-12T13:02:08","slug":"la-sala-cultural-ermita-de-la-concepcion-compatibilizara-su-uso-para-actividades-culturales-con-la-casa-de-los-gigantes","status":"publish","type":"post","link":"https:\/\/www.yoleoescaparate.com\/?p=142307","title":{"rendered":"La sala cultural \u2018Ermita de la Concepci\u00f3n\u2019 compatibilizar\u00e1 su uso para actividades culturales con la Casa de los Gigantes"},"content":{"rendered":"\n<!--more-->\n\n\n\n<p>El Ayuntamiento de Calahorra informa de que la sala cultural \u2018Ermita de la Concepci\u00f3n\u2019 continuar\u00e1 acogiendo actividades culturales como charlas, conciertos, presentaciones, etc.<\/p>\n\n\n\n<p>Al mismo tiempo, a partir del mes de abril albergar\u00e1 tambi\u00e9n la colecci\u00f3n municipal de Gigantes y Cabezudos, que quedar\u00e1 expuesta de forma permanente en este espacio para ponerla en valor, darle mayor visibilidad y facilitar su visita.<\/p>\n\n\n\n<p>Ambos usos se compatibilizar\u00e1n de forma organizada para garantizar la adecuada conservaci\u00f3n de estas figuras tradicionales y queridas por los calagurritanos, as\u00ed como para el correcto desarrollo de los actos de la programaci\u00f3n cultural de la ciudad, tanto los organizados por el Ayuntamiento como por las asociaciones locales u otras entidades.<\/p>\n\n\n\n<p>De este modo, la sala cultural \u2018Ermita de la Concepci\u00f3n\u2019 mantendr\u00e1 su funci\u00f3n como punto de encuentro para la actividad cultural de la ciudad, al tiempo que ser\u00e1 la Casa de los Gigantes y Cabezudos, unos personajes muy representativos de nuestras fiestas patronales.<\/p>\n\n\n\n<p>Como consecuencia de la compatibilizaci\u00f3n de estos dos usos, el aforo disponible se ver\u00e1 reducido, con una disminuci\u00f3n de las ,sillas para el p\u00fablico.<\/p>\n\n\n\n<p>Adem\u00e1s de esta sala, el Ayuntamiento de Calahorra cuenta con otros espacios municipales como el sal\u00f3n de actos y las salas del Centro Joven Municipal, el teatro Ideal y los espacios expositivos de la ciudad para celebrar conferencias, presentaciones, actuaciones musicales, entre otras actividades culturales.<\/p>\n\n\n\n<p>Respecto al escrito presentado por la AMPA del Conservatorio de M\u00fasica de Calahorra el Ayuntamiento de Calahorra quiere aclarar que puede seguir solicitando el uso de la sala cultural \u2018Ermita de la Concepci\u00f3n\u2019 para las audiciones de su alumnado, tal y como lo han hecho siempre. En 2025 lo hicieron en 4 ocasiones. Si prefieren tambi\u00e9n pueden solicitar cualquiera de los otros espacios municipales disponibles para actos culturales.<\/p>\n","protected":false},"excerpt":{"rendered":"","protected":false},"author":1,"featured_media":142308,"comment_status":"open","ping_status":"open","sticky":false,"template":"","format":"standard","meta":{"colormag_page_container_layout":"default_layout","colormag_page_sidebar_layout":"default_layout","om_disable_all_campaigns":false,"_monsterinsights_skip_tracking":false,"_monsterinsights_sitenote_active":false,"_monsterinsights_sitenote_note":"","_monsterinsights_sitenote_category":0,"footnotes":""},"categories":[4],"tags":[3974,16,3975,1432,12,3973],"class_list":["post-142307","post","type-post","status-publish","format-standard","has-post-thumbnail","hentry","category-calahorra","tag-actividades-culturales","tag-calahorra","tag-casa-de-los-gigantes","tag-ermita-de-la-concepcion","tag-escaparate","tag-sala-cultural"],"aioseo_notices":[],"_links":{"self":[{"href":"https:\/\/www.yoleoescaparate.com\/index.php?rest_route=\/wp\/v2\/posts\/142307","targetHints":{"allow":["GET"]}}],"collection":[{"href":"https:\/\/www.yoleoescaparate.com\/index.php?rest_route=\/wp\/v2\/posts"}],"about":[{"href":"https:\/\/www.yoleoescaparate.com\/index.php?rest_route=\/wp\/v2\/types\/post"}],"author":[{"embeddable":true,"href":"https:\/\/www.yoleoescaparate.com\/index.php?rest_route=\/wp\/v2\/users\/1"}],"replies":[{"embeddable":true,"href":"https:\/\/www.yoleoescaparate.com\/index.php?rest_route=%2Fwp%2Fv2%2Fcomments&post=142307"}],"version-history":[{"count":1,"href":"https:\/\/www.yoleoescaparate.com\/index.php?rest_route=\/wp\/v2\/posts\/142307\/revisions"}],"predecessor-version":[{"id":142309,"href":"https:\/\/www.yoleoescaparate.com\/index.php?rest_route=\/wp\/v2\/posts\/142307\/revisions\/142309"}],"wp:featuredmedia":[{"embeddable":true,"href":"https:\/\/www.yoleoescaparate.com\/index.php?rest_route=\/wp\/v2\/media\/142308"}],"wp:attachment":[{"href":"https:\/\/www.yoleoescaparate.com\/index.php?rest_route=%2Fwp%2Fv2%2Fmedia&parent=142307"}],"wp:term":[{"taxonomy":"category","embeddable":true,"href":"https:\/\/www.yoleoescaparate.com\/index.php?rest_route=%2Fwp%2Fv2%2Fcategories&post=142307"},{"taxonomy":"post_tag","embeddable":true,"href":"https:\/\/www.yoleoescaparate.com\/index.php?rest_route=%2Fwp%2Fv2%2Ftags&post=142307"}],"curies":[{"name":"wp","href":"https:\/\/api.w.org\/{rel}","templated":true}]}}