{"id":143714,"date":"2026-04-07T12:13:19","date_gmt":"2026-04-07T10:13:19","guid":{"rendered":"https:\/\/www.yoleoescaparate.com\/?p=143714"},"modified":"2026-04-07T12:13:23","modified_gmt":"2026-04-07T10:13:23","slug":"el-jueves-salen-a-la-venta-las-entradas-para-la-programacion-del-teatro-ideal-de-mayo-y-junio","status":"publish","type":"post","link":"https:\/\/www.yoleoescaparate.com\/?p=143714","title":{"rendered":"El jueves salen a la venta las entradas para la programaci\u00f3n del teatro Ideal de mayo y junio"},"content":{"rendered":"\n<!--more-->\n\n\n\n<p><strong>Poes\u00eda, m\u00fasica, teatro y arte son las principales propuestas del Ideal para esta primavera<\/strong><\/p>\n\n\n\n<figure class=\"wp-block-image size-full\"><a href=\"https:\/\/wa.me\/+34667787977\"><img loading=\"lazy\" decoding=\"async\" width=\"728\" height=\"200\" src=\"https:\/\/www.yoleoescaparate.com\/wp-content\/uploads\/BannerWAEscaparate.gif\" alt=\"\" class=\"wp-image-141769\"\/><\/a><\/figure>\n\n\n\n<p>El teatro Ideal abrir\u00e1 sus puertas 13 d\u00edas durante los meses de mayo y junio para acoger conciertos, una charla del pintor y escultor Antonio L\u00f3pez, graduaciones, representaciones teatrales y galas.<\/p>\n\n\n\n<p>Estas son las propuestas del teatro calagurritano para la primavera.<\/p>\n\n\n\n<p>La programaci\u00f3n comenzar\u00e1 el 8 de mayo con el <strong>recital teatralizado \u2018Las coplas a la muerte de su padre de Jorge Manrique\u2019 <\/strong>con el actor Fernando Cayo y la Banda Municipal de M\u00fasica de Calahorra. Un viaje po\u00e9tico que sumergir\u00e1 al espectador en la profundidad y belleza de las palabras del poeta Manrique, mientras la m\u00fasica renacentista y de \u2018La Divina comedia\u2019 envuelven cada verso.<\/p>\n\n\n\n<p>El 14 de mayo el colegio San Agust\u00edn celebrar\u00e1 su tradicional gala <strong>\u2018Talento y coraz\u00f3n\u2019 <\/strong>y el 15 de mayo el Ideal acoger\u00e1 el acto de graduaci\u00f3n de los alumnos de 2\u00ba de Bachillerato del IES Marco Fabio Quintiliano y al d\u00eda siguiente, el 16 de mayo, el de los alumnos de Bachillerato del IES Valle del Cidacos.<\/p>\n\n\n\n<p>El Conservatorio de M\u00fasica de Calahorra representar\u00e1 el <strong>espect\u00e1culo \u2018LOVE\u2019<\/strong> el 21 de mayo, que fusiona diferentes artes a trav\u00e9s de la m\u00fasica de ABBA y con un hilo conductor basado en la obra \u2018Romeo y Julieta\u2019 de Shakespeare.<\/p>\n\n\n\n<p>El 27 de mayo ser\u00e1 el <strong>concierto de final de curso de las Bandas de Ense\u00f1anzas elementales y profesionales del Conservatorio de M\u00fasica<\/strong> calagurritano y el 28 de mayo el de las Orquestas de <strong>Ense\u00f1anzas elementales y profesionales del Conservatorio de M\u00fasica<\/strong>.<\/p>\n\n\n\n<p>La <strong>comedia \u2018Las mujeres sabias\u2019<\/strong> se representar\u00e1 el 30 de mayo en el Ideal. Es una adaptaci\u00f3n musicalizada de la obra de Moli\u00e8re mordaz, burlona, cr\u00edtica e inconformista con canciones originales llenas de iron\u00eda y humor.<\/p>\n\n\n\n<p>El mes de junio empezar\u00e1 con la actuaci\u00f3n de los <strong>alumnos de teatro de la Escuela Municipal de M\u00fasica y Artes Esc\u00e9nicas \u2018Maestro Arroyo\u2019<\/strong> el d\u00eda 12. Presentar\u00e1n la obra <strong>\u2018Perfectamente imperfectos\u2019<\/strong>.<\/p>\n\n\n\n<p>La Asociaci\u00f3n Espa\u00f1ola Contra el C\u00e1ncer organizar\u00e1 su d\u00e9cima <strong>gala solidaria de baile \u2018Todos contra el c\u00e1ncer\u2019<\/strong> el 14 de junio en la que habr\u00e1 exhibiciones de sevillanas, flamenco, zumba, danza urbana, etc.<\/p>\n\n\n\n<p>El 19 de junio ser\u00e1n los actos de graduaci\u00f3n de los alumnos de los ciclos formativos de Grados Medio y Superior del IES Valle del Cidacos.<\/p>\n\n\n\n<p>El humor llegar\u00e1 al teatro de Calahorra el 20 de junio con el <strong>espect\u00e1culo de mon\u00f3logos cient\u00edficos \u2018Eclipse\u2019<\/strong>. Un show en el que la astronom\u00eda se mezcla con el <em>stand up<\/em> para desmontar bulos astrol\u00f3gicos, re\u00edrnos de nuestras creencias c\u00f3smicas y alucinar con lo incre\u00edble que es el universo.<\/p>\n\n\n\n<p>Cerrar\u00e1 la programaci\u00f3n primaveral del teatro Ideal una <strong>charla con el reconocido artista Antonio L\u00f3pez<\/strong> el 25 de junio. Ser\u00e1 una de las ponencias que el Ayuntamiento de Calahorra ha programado dentro de la celebraci\u00f3n del 30 aniversario del Certamen Nacional de Pintura \u2018Ciudad de Calahorra\u2019.<\/p>\n\n\n\n<p>El pintor y escultor volver\u00e1 a visitar Calahorra para presidir el jurado de este concurso pict\u00f3rico y tras el \u00e9xito del a\u00f1o pasado charlar\u00e1 sobre arte, de nuevo, con el pintor calagurritano y director del certamen, Javier Garrido.<\/p>\n\n\n\n<p><strong>Entradas, invitaciones y descuentos<\/strong><\/p>\n\n\n\n<p>Las entradas e invitaciones para todos estos actos estar\u00e1n disponibles el 9 de abril a partir de las 12:00 horas en la taquilla del teatro y desde las 14:00 horas online en la p\u00e1gina web <a href=\"http:\/\/www.citylok.com\/teatroideal\">www.citylok.com\/teatroideal<\/a><\/p>\n\n\n\n<p>La taquilla abrir\u00e1 los d\u00edas 9, 16, 23 y 30 de abril; 7, 14, 21 y 28 de mayo y 4, 11, 18 y 25 de junio de 12:00 a 14:00 horas y los d\u00edas de funci\u00f3n una hora antes de su inicio.<\/p>\n\n\n\n<p>Habr\u00e1 descuentos del 20% para las personas mayores de 60 a\u00f1os y los j\u00f3venes con carn\u00e9 joven. Los desempleados que presenten tarjeta acreditativa se beneficiar\u00e1n de un descuento del 50%.<\/p>\n\n\n\n<p>Los j\u00f3venes menores de 30 a\u00f1os podr\u00e1n asistir al teatro por 4 euros y ver los espect\u00e1culos desde el segundo anfiteatro.<\/p>\n\n\n\n<p>Tambi\u00e9n se reservar\u00e1n localidades para personas con sillas de ruedas a un precio m\u00e1s econ\u00f3mico.<\/p>\n","protected":false},"excerpt":{"rendered":"","protected":false},"author":1,"featured_media":92370,"comment_status":"open","ping_status":"open","sticky":false,"template":"","format":"standard","meta":{"colormag_page_container_layout":"default_layout","colormag_page_sidebar_layout":"default_layout","om_disable_all_campaigns":false,"_monsterinsights_skip_tracking":false,"_monsterinsights_sitenote_active":false,"_monsterinsights_sitenote_note":"","_monsterinsights_sitenote_category":0,"footnotes":""},"categories":[4],"tags":[16],"class_list":["post-143714","post","type-post","status-publish","format-standard","has-post-thumbnail","hentry","category-calahorra","tag-calahorra"],"aioseo_notices":[],"_links":{"self":[{"href":"https:\/\/www.yoleoescaparate.com\/index.php?rest_route=\/wp\/v2\/posts\/143714","targetHints":{"allow":["GET"]}}],"collection":[{"href":"https:\/\/www.yoleoescaparate.com\/index.php?rest_route=\/wp\/v2\/posts"}],"about":[{"href":"https:\/\/www.yoleoescaparate.com\/index.php?rest_route=\/wp\/v2\/types\/post"}],"author":[{"embeddable":true,"href":"https:\/\/www.yoleoescaparate.com\/index.php?rest_route=\/wp\/v2\/users\/1"}],"replies":[{"embeddable":true,"href":"https:\/\/www.yoleoescaparate.com\/index.php?rest_route=%2Fwp%2Fv2%2Fcomments&post=143714"}],"version-history":[{"count":1,"href":"https:\/\/www.yoleoescaparate.com\/index.php?rest_route=\/wp\/v2\/posts\/143714\/revisions"}],"predecessor-version":[{"id":143715,"href":"https:\/\/www.yoleoescaparate.com\/index.php?rest_route=\/wp\/v2\/posts\/143714\/revisions\/143715"}],"wp:featuredmedia":[{"embeddable":true,"href":"https:\/\/www.yoleoescaparate.com\/index.php?rest_route=\/wp\/v2\/media\/92370"}],"wp:attachment":[{"href":"https:\/\/www.yoleoescaparate.com\/index.php?rest_route=%2Fwp%2Fv2%2Fmedia&parent=143714"}],"wp:term":[{"taxonomy":"category","embeddable":true,"href":"https:\/\/www.yoleoescaparate.com\/index.php?rest_route=%2Fwp%2Fv2%2Fcategories&post=143714"},{"taxonomy":"post_tag","embeddable":true,"href":"https:\/\/www.yoleoescaparate.com\/index.php?rest_route=%2Fwp%2Fv2%2Ftags&post=143714"}],"curies":[{"name":"wp","href":"https:\/\/api.w.org\/{rel}","templated":true}]}}