{"id":143726,"date":"2026-04-07T12:38:39","date_gmt":"2026-04-07T10:38:39","guid":{"rendered":"https:\/\/www.yoleoescaparate.com\/?p=143726"},"modified":"2026-04-07T12:38:44","modified_gmt":"2026-04-07T10:38:44","slug":"abierto-el-plazo-para-solicitar-las-becas-y-ayudas-al-estudio-para-el-curso-2026-2027","status":"publish","type":"post","link":"https:\/\/www.yoleoescaparate.com\/?p=143726","title":{"rendered":"Abierto el plazo para solicitar las becas y ayudas al estudio para el curso 2026-2027"},"content":{"rendered":"\n<!--more-->\n\n\n\n<figure class=\"wp-block-image size-full\"><img loading=\"lazy\" decoding=\"async\" width=\"728\" height=\"200\" src=\"https:\/\/www.yoleoescaparate.com\/wp-content\/uploads\/BannerWAEscaparate.gif\" alt=\"\" class=\"wp-image-141769\"\/><\/figure>\n\n\n\n<p><strong>Desde este martes y hasta el pr\u00f3ximo 18 de mayo se pueden solicitar las becas de la convocatoria general para el curso que viene, tanto las universitarias como las no universitarias<\/strong><\/p>\n\n\n\n<p>Este martes se ha abierto la convocatoria general de becas para el curso 2026-2027. Estas ayudas para estudios postobligatorios se podr\u00e1n solicitar hasta el pr\u00f3ximo 18 de mayo a trav\u00e9s de la sede electr\u00f3nica del Ministerio de Educaci\u00f3n, Formaci\u00f3n Profesional y Deportes.<br>Los alumnos y alumnas que vayan a cursar bachillerato, Formaci\u00f3n Profesional, ense\u00f1anzas art\u00edsticas, deportivas, de idiomas o estudios universitarios, entre otros, podr\u00e1n desde este martes solicitar su beca para el curso que viene. Deber\u00e1n cumplimentar una serie de datos provisionales, que podr\u00e1n modificar m\u00e1s adelante, y deber\u00e1n hacerlo en el plazo fijado aunque no sepan a\u00fan las notas que obtendr\u00e1n este curso, qu\u00e9 van a estudiar el que viene o si van a continuar o no con su formaci\u00f3n.<br>Una de las novedades de esta convocatoria es que los becarios universitarios y de ense\u00f1anzas art\u00edsticas superiores con matr\u00edculas parciales que cursen entre 48 y 59 cr\u00e9ditos, unos 20.000 estudiantes, podr\u00e1n percibir, si cumplen los dem\u00e1s requisitos, parte de la beca de renta y de la beca de residencia (350 euros por cada una de ellas).<br>La segunda novedad se refiere al alumnado con discapacidad: cerca de 2.000 estudiantes universitarios y de ense\u00f1anzas art\u00edsticas superiores con discapacidad de entre el 25 y 64% ver\u00e1n adaptados los requisitos acad\u00e9micos relativos a la carga lectiva exigible para obtener beca: se les considerar\u00e1 matricula completa a efectos de beca con 45 cr\u00e9ditos (en lugar de 60).<br>Esta nueva convocatoria incorpora adem\u00e1s una mejora espec\u00edfica para el alumnado de Ceuta y Melilla que debe desplazarse a la Pen\u00ednsula para estudiar: se duplica la ayuda adicional por desplazamiento de 444 a 888 euros, equipar\u00e1ndola a la existente para el alumnado insular.<br>Adem\u00e1s, se actualizan los umbrales de patrimonio en un promedio del 10%, ya que en los \u00faltimos 15 a\u00f1os no se hab\u00edan modificado.<br>Hay que resaltar que, a partir de este curso, los estudiantes con domicilio familiar en Catalu\u00f1a deber\u00e1n solicitar la beca general en las correspondientes convocatorias (para universitarios y no universitarios) que ha hecho p\u00fablicas la Generalitat de Catalu\u00f1a con iguales plazos de solicitud. De esta forma, esa comunidad aut\u00f3noma asume el traspaso de las becas y ayudas al estudio estatales de la misma forma que viene haciendo el Pa\u00eds Vasco desde hace algunos a\u00f1os.<br>Todo esto podr\u00e1 llevarse a cabo gracias a un presupuesto r\u00e9cord, de forma que, junto con el resto de las ayudas que se aprobar\u00e1n este curso, alcanzar\u00e1 los 2.559 millones de euros. Se trata del noveno incremento consecutivo de la partida destinada por el Gobierno a becas y ayudas al estudio, que ha aumentado un 83% desde 2018 (cuando se invirti\u00f3 1.399 millones).<\/p>\n","protected":false},"excerpt":{"rendered":"","protected":false},"author":1,"featured_media":121292,"comment_status":"open","ping_status":"open","sticky":false,"template":"","format":"standard","meta":{"colormag_page_container_layout":"default_layout","colormag_page_sidebar_layout":"default_layout","om_disable_all_campaigns":false,"_monsterinsights_skip_tracking":false,"_monsterinsights_sitenote_active":false,"_monsterinsights_sitenote_note":"","_monsterinsights_sitenote_category":0,"footnotes":""},"categories":[21,45],"tags":[64,65],"class_list":["post-143726","post","type-post","status-publish","format-standard","has-post-thumbnail","hentry","category-la-rioja","category-navarra","tag-la-rioja","tag-navarra"],"aioseo_notices":[],"_links":{"self":[{"href":"https:\/\/www.yoleoescaparate.com\/index.php?rest_route=\/wp\/v2\/posts\/143726","targetHints":{"allow":["GET"]}}],"collection":[{"href":"https:\/\/www.yoleoescaparate.com\/index.php?rest_route=\/wp\/v2\/posts"}],"about":[{"href":"https:\/\/www.yoleoescaparate.com\/index.php?rest_route=\/wp\/v2\/types\/post"}],"author":[{"embeddable":true,"href":"https:\/\/www.yoleoescaparate.com\/index.php?rest_route=\/wp\/v2\/users\/1"}],"replies":[{"embeddable":true,"href":"https:\/\/www.yoleoescaparate.com\/index.php?rest_route=%2Fwp%2Fv2%2Fcomments&post=143726"}],"version-history":[{"count":1,"href":"https:\/\/www.yoleoescaparate.com\/index.php?rest_route=\/wp\/v2\/posts\/143726\/revisions"}],"predecessor-version":[{"id":143727,"href":"https:\/\/www.yoleoescaparate.com\/index.php?rest_route=\/wp\/v2\/posts\/143726\/revisions\/143727"}],"wp:featuredmedia":[{"embeddable":true,"href":"https:\/\/www.yoleoescaparate.com\/index.php?rest_route=\/wp\/v2\/media\/121292"}],"wp:attachment":[{"href":"https:\/\/www.yoleoescaparate.com\/index.php?rest_route=%2Fwp%2Fv2%2Fmedia&parent=143726"}],"wp:term":[{"taxonomy":"category","embeddable":true,"href":"https:\/\/www.yoleoescaparate.com\/index.php?rest_route=%2Fwp%2Fv2%2Fcategories&post=143726"},{"taxonomy":"post_tag","embeddable":true,"href":"https:\/\/www.yoleoescaparate.com\/index.php?rest_route=%2Fwp%2Fv2%2Ftags&post=143726"}],"curies":[{"name":"wp","href":"https:\/\/api.w.org\/{rel}","templated":true}]}}