{"id":143734,"date":"2026-04-07T13:43:05","date_gmt":"2026-04-07T11:43:05","guid":{"rendered":"https:\/\/www.yoleoescaparate.com\/?p=143734"},"modified":"2026-04-07T13:43:09","modified_gmt":"2026-04-07T11:43:09","slug":"las-deducciones-autonomicas-ahorraran-1367-millones-de-euros-a-casi-95-000-riojanos-en-la-campana-de-la-renta-2025-que-comienza-manana","status":"publish","type":"post","link":"https:\/\/www.yoleoescaparate.com\/?p=143734","title":{"rendered":"Las deducciones auton\u00f3micas ahorrar\u00e1n 13,67 millones de euros a casi 95.000 riojanos en la campa\u00f1a de la Renta 2025 que comienza ma\u00f1ana\u00a0"},"content":{"rendered":"\n<!--more-->\n\n\n\n<p><strong>El Gobierno de La Rioja analiza con el Grupo de Expertos Fiscales la bater\u00eda de 27 bonificaciones vigentes en el IRPF, entre ellas las 3 nuevas para cel\u00edacos, inicio de actividad econ\u00f3mica en el medio rural y asociacionismo agrario<\/strong><\/p>\n\n\n\n<figure class=\"wp-block-image size-large\"><img loading=\"lazy\" decoding=\"async\" width=\"1024\" height=\"314\" src=\"https:\/\/www.yoleoescaparate.com\/wp-content\/uploads\/2022\/03\/listanoticiasCH-1024x314.jpg\" alt=\"\" class=\"wp-image-84817\" srcset=\"https:\/\/www.yoleoescaparate.com\/wp-content\/uploads\/2022\/03\/listanoticiasCH-1024x314.jpg 1024w, https:\/\/www.yoleoescaparate.com\/wp-content\/uploads\/2022\/03\/listanoticiasCH-300x92.jpg 300w, https:\/\/www.yoleoescaparate.com\/wp-content\/uploads\/2022\/03\/listanoticiasCH-768x236.jpg 768w, https:\/\/www.yoleoescaparate.com\/wp-content\/uploads\/2022\/03\/listanoticiasCH.jpg 1200w\" sizes=\"auto, (max-width: 1024px) 100vw, 1024px\" \/><\/figure>\n\n\n\n<p><\/p>\n\n\n\n<p>El consejero de Hacienda, Gobernanza P\u00fablica, Sociedad Digital y Portavoc\u00eda, <strong>Alfonso Dom\u00ednguez<\/strong>, ha presentado hoy, d\u00eda 7, al <strong>Grupo de expertos tributarios<\/strong> la bater\u00eda de 27 deducciones auton\u00f3micas en el IRPF que ahorrar\u00e1n 13,67 millones de euros a casi 95.000 contribuyentes riojanos en la campa\u00f1a de la Renta que comienza ma\u00f1ana martes. Entre ellas, las 3 nuevas para cel\u00edacos, inicio de actividad econ\u00f3mica en el medio rural y asociacionismo agrario.<\/p>\n\n\n\n<p>Tras repasar las bonificaciones en \u00e1mbitos como la familia, la vivienda, el deporte, la juventud, la movilidad sostenible, el mecenazgo y el sector agrario, Alfonso Dom\u00ednguez ha destacado que \u201c<strong>la pol\u00edtica fiscal del Gobierno de La Rioja se orienta a apoyar a las familias, favorecer la actividad econ\u00f3mica y reforzar la cohesi\u00f3n territorial<\/strong>\u201d. Tambi\u00e9n ha subrayado que \u201c<strong>una fiscalidad \u00fatil y responsable es esencial para acompa\u00f1ar a quienes m\u00e1s lo necesitan y para estimular el crecimiento y el desarrollo en toda la comunidad<\/strong>\u201d.<\/p>\n\n\n\n<p>Durante la reuni\u00f3n, el consejero ha presentado las <strong>tres nuevas deducciones auton\u00f3micas<\/strong> que se incorporan en la campa\u00f1a de la Renta de este a\u00f1o:<\/p>\n\n\n\n<ul class=\"wp-block-list\">\n<li><strong>Deducci\u00f3n de 250 euros para personas cel\u00edacas con el prop\u00f3sito de<\/strong> compensar en parte el sobrecoste que supone la compra de alimentos sin gluten. La estimaci\u00f3n es que se beneficien unas 1.300 personas.\u00a0<\/li>\n\n\n\n<li><strong>Bonificaci\u00f3n de 1.000 euros el primer a\u00f1o por inicio de actividad econ\u00f3mica en el medio rural. Se prev\u00e9n unos 450 beneficiarios.<\/strong><\/li>\n\n\n\n<li><strong>Deducci\u00f3n de 100 euros<\/strong> por las cuotas y las inscripciones a las organizaciones profesionales agrarias. Se estiman unos 5.170 beneficiarios.<\/li>\n<\/ul>\n\n\n\n<p>Estas nuevas bonificaciones se suman a otras ya consolidadas como las pioneras deducciones sociales por pr\u00e1ctica deportiva, y por intereses hipotecarios para viviendas adquiridas despu\u00e9s de 2013, las relacionadas con el nacimiento y adopci\u00f3n de hijos, el cuidado infantil en peque\u00f1os municipios, la rehabilitaci\u00f3n de vivienda o las destinadas a favorecer la emancipaci\u00f3n de los j\u00f3venes.<\/p>\n\n\n\n<p>Por n\u00famero de beneficiarios destacan las vinculadas a la <strong>pr\u00e1ctica deportiva<\/strong> (64.392) y a <strong>paliar la subida de intereses hipotecarios<\/strong> (12.837), as\u00ed como las deducciones por <strong>nacimiento y adopci\u00f3n<\/strong> (1.902) y por <strong>arrendamiento de vivienda para j\u00f3venes (<\/strong>1.198).<\/p>\n\n\n\n<p>El consejero ha agradecido al Grupo de expertos tributarios su labor de an\u00e1lisis y ha reafirmado que \u201c<strong>La Rioja avanza hacia un marco fiscal claro, estable y moderno, que favorece la inversi\u00f3n y el crecimiento econ\u00f3mico, reconoce y devuelve el esfuerzo de los contribuyentes, trabajadores y empresas, y protege la capacidad adquisitiva de las familias<\/strong>\u201d.<\/p>\n\n\n\n<p>En este sentido, \u201cy <strong>gracias a una agenda intensa de rebajas y mejoras normativas, 14 en lo que va de legislatura<\/strong>, somos la comunidad aut\u00f3noma que m\u00e1s ha avanzado en competitividad fiscal en los \u00faltimos dos a\u00f1os,<strong> <\/strong>y somos junto a Madrid la comunidad aut\u00f3noma de r\u00e9gimen con los impuestos m\u00e1s bajos de Espa\u00f1a\u201d. Solo en el IRPF, \u201cofertamos ya el tramo auton\u00f3mico m\u00e1s reducido de Espa\u00f1a para las rentas m\u00e1s bajas\u201d, ha concluido.&nbsp;<\/p>\n","protected":false},"excerpt":{"rendered":"","protected":false},"author":1,"featured_media":143735,"comment_status":"open","ping_status":"open","sticky":false,"template":"","format":"standard","meta":{"colormag_page_container_layout":"default_layout","colormag_page_sidebar_layout":"default_layout","om_disable_all_campaigns":false,"_monsterinsights_skip_tracking":false,"_monsterinsights_sitenote_active":false,"_monsterinsights_sitenote_note":"","_monsterinsights_sitenote_category":0,"footnotes":""},"categories":[21],"tags":[64,2358],"class_list":["post-143734","post","type-post","status-publish","format-standard","has-post-thumbnail","hentry","category-la-rioja","tag-la-rioja","tag-renta"],"aioseo_notices":[],"_links":{"self":[{"href":"https:\/\/www.yoleoescaparate.com\/index.php?rest_route=\/wp\/v2\/posts\/143734","targetHints":{"allow":["GET"]}}],"collection":[{"href":"https:\/\/www.yoleoescaparate.com\/index.php?rest_route=\/wp\/v2\/posts"}],"about":[{"href":"https:\/\/www.yoleoescaparate.com\/index.php?rest_route=\/wp\/v2\/types\/post"}],"author":[{"embeddable":true,"href":"https:\/\/www.yoleoescaparate.com\/index.php?rest_route=\/wp\/v2\/users\/1"}],"replies":[{"embeddable":true,"href":"https:\/\/www.yoleoescaparate.com\/index.php?rest_route=%2Fwp%2Fv2%2Fcomments&post=143734"}],"version-history":[{"count":1,"href":"https:\/\/www.yoleoescaparate.com\/index.php?rest_route=\/wp\/v2\/posts\/143734\/revisions"}],"predecessor-version":[{"id":143736,"href":"https:\/\/www.yoleoescaparate.com\/index.php?rest_route=\/wp\/v2\/posts\/143734\/revisions\/143736"}],"wp:featuredmedia":[{"embeddable":true,"href":"https:\/\/www.yoleoescaparate.com\/index.php?rest_route=\/wp\/v2\/media\/143735"}],"wp:attachment":[{"href":"https:\/\/www.yoleoescaparate.com\/index.php?rest_route=%2Fwp%2Fv2%2Fmedia&parent=143734"}],"wp:term":[{"taxonomy":"category","embeddable":true,"href":"https:\/\/www.yoleoescaparate.com\/index.php?rest_route=%2Fwp%2Fv2%2Fcategories&post=143734"},{"taxonomy":"post_tag","embeddable":true,"href":"https:\/\/www.yoleoescaparate.com\/index.php?rest_route=%2Fwp%2Fv2%2Ftags&post=143734"}],"curies":[{"name":"wp","href":"https:\/\/api.w.org\/{rel}","templated":true}]}}