{"id":143744,"date":"2026-04-08T14:52:07","date_gmt":"2026-04-08T12:52:07","guid":{"rendered":"https:\/\/www.yoleoescaparate.com\/?p=143744"},"modified":"2026-04-08T14:52:12","modified_gmt":"2026-04-08T12:52:12","slug":"el-certamen-nacional-de-pintura-ciudad-de-calahorra-celebra-sus-30-anos-con-un-nuevo-premio-y-un-ciclo-de-conferencias-sobre-arte","status":"publish","type":"post","link":"https:\/\/www.yoleoescaparate.com\/?p=143744","title":{"rendered":"El Certamen Nacional de Pintura \u2018Ciudad de Calahorra\u2019 celebra sus 30 a\u00f1os con un nuevo premio y un ciclo de conferencias sobre arte"},"content":{"rendered":"\n<!--more-->\n\n\n\n<ul class=\"wp-block-list\">\n<li><strong>El pintor y escultor Antonio L\u00f3pez, presidente del jurado de esta edici\u00f3n, ofrecer\u00e1 una charla el 25 de junio en el teatro Ideal<\/strong><\/li>\n\n\n\n<li><strong>El 8 de mayo finaliza el plazo de presentaci\u00f3n de obras<\/strong><\/li>\n<\/ul>\n\n\n\n<figure class=\"wp-block-image size-full\"><a href=\"https:\/\/wa.me\/+34667787977\"><img loading=\"lazy\" decoding=\"async\" width=\"728\" height=\"200\" src=\"https:\/\/www.yoleoescaparate.com\/wp-content\/uploads\/BannerWAEscaparate.gif\" alt=\"\" class=\"wp-image-141769\"\/><\/a><\/figure>\n\n\n\n<p>Este a\u00f1o el Certamen Nacional de Pintura \u2018Ciudad de Calahorra\u2019 cumple 30 a\u00f1os y para celebrarlo el Ayuntamiento de Calahorra ha preparado una programaci\u00f3n especial y ha creado un nuevo premio.<\/p>\n\n\n\n<p>La concejala de Cultura, Reyes Zapata, ha presentado las bases del concurso y las actividades culturales, acompa\u00f1ada del pintor calagurritano y director del certamen, Javier Garrido, y de Jes\u00fas Losantos, directivo de Genergy Power Products, empresa local que se suma este a\u00f1o a la celebraci\u00f3n como patrocinadora del nuevo galard\u00f3n.<\/p>\n\n\n\n<p>En esta trig\u00e9sima edici\u00f3n se conceder\u00e1n 2 premios y 3 menciones de honor. El primero, dotado con 3.000 euros, ser\u00e1 otorgado por el Ayuntamiento de Calahorra a la mejor obra de tem\u00e1tica libre.<\/p>\n\n\n\n<p>Como novedad principal, se incorpora un premio m\u00e1s por valor de 1.500 euros, financiado y entregado por Genergy Power Products, al cuadro que mejor fusione arte y gastronom\u00eda.<\/p>\n\n\n\n<p>\u201cAgradezco a Genergy su participaci\u00f3n y apoyo. Se trata de un premio muy importante porque une, relaciona y pone en valor dos reconocidos e importantes eventos de Calahorra que en 2026 cumplen su 30 aniversario: este certamen de pintura y las Jornadas Gastron\u00f3micas de la Verdura. Arte y gastronom\u00eda se unir\u00e1n, o mejor dicho volver\u00e1n a compartir lienzo y pinceles, porque hay que recordar que en su origen la tem\u00e1tica de este certamen estaba vinculada a la hosteler\u00eda\u201d, ha explicado Reyes Zapata.<\/p>\n\n\n\n<p>Por su parte, Jes\u00fas Losantos ha destacado que \u201ces un orgullo poder colaborar con este certamen. Encantados de hacerlo. Nos sentimos muy afortunados, porque creemos que hoy en d\u00eda la pintura no se valora como deber\u00eda ser. Es la ventana de nuestro pasado, nuestra historia. Es un legado que se nos ha ido transmitiendo desde hace 40.000 a\u00f1os. Entonces ten\u00edamos que estar por nuestra ciudad, por la pintura y por nuestros conciudadanos porque es muy bonito\u201d.<\/p>\n\n\n\n<p>\u201cPara m\u00ed es muy gratificante que desde el mundo empresarial se valore la pintura\u201d, ha subrayado Javier Garrido, que tambi\u00e9n ha destacado que \u201cen 2026 este certamen cumple 30 a\u00f1os, algo que no es habitual en el mundo del arte y la cultura. Muchas galer\u00eda, revistas y concursos han cesado. Y el de Calahorra, despu\u00e9s de tantos a\u00f1os, sigue vivo y con mucha fuerza\u201d.<\/p>\n\n\n\n<p>En este Certamen Nacional de Pintura pueden participar cuantos artistas lo deseen, con un m\u00e1ximo de dos obras por autor.<\/p>\n\n\n\n<p>El plazo para presentar los cuadros finalizar\u00e1 el 8 de mayo.<\/p>\n\n\n\n<p>El jurado de esta nueva y especial edici\u00f3n estar\u00e1 presidido, por segundo a\u00f1o consecutivo, por el prestigioso pintor y escultor, Antonio L\u00f3pez, Premio Pr\u00edncipe de Asturias de las Artes. Estar\u00e1 acompa\u00f1ado de Javier Garrido; la escultora Mapi Guti\u00e9rrez, el pintor y coleccionista Eduardo Laborda y la pintora y coleccionista Iris L\u00e1zaro.<\/p>\n\n\n\n<p>Seleccionar\u00e1n 24 obras qe se expondr\u00e1n del al&nbsp;<\/p>\n\n\n\n<p><strong>Ciclo de conferencias sobre arte<\/strong><\/p>\n\n\n\n<p>Como parte de la programaci\u00f3n conmemorativa al 30 aniversario del Certamen Nacional de Pintura \u2018Ciudad de Calahorra\u2019, se ha organizado un ciclo de conferencias sobre arte que se celebrar\u00e1 durante los meses de mayo a las 20:00 horas en el Centro Joven Municipal:<\/p>\n\n\n\n<p>-8 de mayo. <strong>\u2018Palabras ilustradas\u2019<\/strong> con la ilustradora Raquel Mar\u00edn Ezquerro.<\/p>\n\n\n\n<p>-15 de mayo. \u2018<strong>Revelar el lienzo. Fotograf\u00eda y pintura\u2019<\/strong> con la fot\u00f3grafa Teresa Rodr\u00edguez Miguel.<\/p>\n\n\n\n<p>-22 de mayo. \u2018<strong>Inicios, desarrollo y evoluci\u00f3n de la vidriera art\u00edstica\u2019 con la escultora\u2019 <\/strong>Mapi Guti\u00e9rrez S\u00e1inz<\/p>\n\n\n\n<p>-29 de mayo. \u2018<strong>El rostro del tiempo\u2019<\/strong> con Eduardo Laborda Gil, pintor y coleccionista de arte.<\/p>\n\n\n\n<p>Adem\u00e1s, el 13 de junio la <strong>Coral Ondarreta,<\/strong> de Bilbao, ofrecer\u00e1 un concierto titulado \u2018M\u00fasica y pintura\u2019 en el Catedral de Santa Mar\u00eda, un di\u00e1logo de la m\u00fasica con la pintura. A trav\u00e9s de diferentes piezas musicales, el repertorio explorar\u00e1 conceptos pict\u00f3ricos como la luz, el espacio o el retrato. Cada uno de estos elementos servir\u00e1 como inspiraci\u00f3n para las interpretaciones, poniendo en valor la estrecha y significativa relaci\u00f3n entre ambas disciplinas art\u00edsticas.<\/p>\n\n\n\n<p>\u201cEse d\u00eda se va a estrenar una pieza compuesta por el director de la coral, I\u00f1aki Moreno, ligado a Calahorra. Se trata de una pieza relacionada con la pintura y nuestra ciudad. Este estreno le da una especial relevancia a esta actuaci\u00f3n y a la celebraci\u00f3n de esta trig\u00e9sima edici\u00f3n\u201d, ha resaltado el artista Javier Garrido.<\/p>\n\n\n\n<p><strong>Estreno de una pieza que relaciona la pintura, la m\u00fasica y Xalkahorra compuesta por I\u00f1aki Moreno<\/strong><\/p>\n\n\n\n<p>25 de junio. Teatro Ideal.<\/p>\n\n\n\n<p><strong>\u201cPensar la pintura\u201d<\/strong><\/p>\n\n\n\n<p>Antonio L\u00f3pez Garc\u00eda, pintor y escultor.<\/p>\n\n\n\n<p>F. Javier Garrido Romanos, pintor.<\/p>\n\n\n\n<p>Entre las propuestas destacan las ponencias de la ilustradora Raquel Mar\u00edn Ezquerro, la fot\u00f3grafa Teresa Rodr\u00edguez Miguel, la escultora Mapi Guti\u00e9rrez y el pintor Eduardo Laborda.<\/p>\n\n\n\n<p>Adem\u00e1s, el programa incluye la actuaci\u00f3n de la Coral Ondarreta el 13 de junio en la Catedral de Santa Mar\u00eda y la conferencia \u201cPensar la pintura\u201d, que tendr\u00e1 lugar el 25 de junio en el Teatro Ideal, a cargo de Antonio L\u00f3pez y Javier Garrido.<\/p>\n\n\n\n<p>Desde la organizaci\u00f3n se anima a la ciudadan\u00eda a participar en esta programaci\u00f3n especial, concebida para acercar el arte al p\u00fablico de la mano de destacados creadores y celebrar una efem\u00e9ride tan significativa para la ciudad.<\/p>\n","protected":false},"excerpt":{"rendered":"","protected":false},"author":1,"featured_media":143745,"comment_status":"open","ping_status":"open","sticky":false,"template":"","format":"standard","meta":{"colormag_page_container_layout":"default_layout","colormag_page_sidebar_layout":"default_layout","om_disable_all_campaigns":false,"_monsterinsights_skip_tracking":false,"_monsterinsights_sitenote_active":false,"_monsterinsights_sitenote_note":"","_monsterinsights_sitenote_category":0,"footnotes":""},"categories":[4],"tags":[16],"class_list":["post-143744","post","type-post","status-publish","format-standard","has-post-thumbnail","hentry","category-calahorra","tag-calahorra"],"aioseo_notices":[],"_links":{"self":[{"href":"https:\/\/www.yoleoescaparate.com\/index.php?rest_route=\/wp\/v2\/posts\/143744","targetHints":{"allow":["GET"]}}],"collection":[{"href":"https:\/\/www.yoleoescaparate.com\/index.php?rest_route=\/wp\/v2\/posts"}],"about":[{"href":"https:\/\/www.yoleoescaparate.com\/index.php?rest_route=\/wp\/v2\/types\/post"}],"author":[{"embeddable":true,"href":"https:\/\/www.yoleoescaparate.com\/index.php?rest_route=\/wp\/v2\/users\/1"}],"replies":[{"embeddable":true,"href":"https:\/\/www.yoleoescaparate.com\/index.php?rest_route=%2Fwp%2Fv2%2Fcomments&post=143744"}],"version-history":[{"count":1,"href":"https:\/\/www.yoleoescaparate.com\/index.php?rest_route=\/wp\/v2\/posts\/143744\/revisions"}],"predecessor-version":[{"id":143746,"href":"https:\/\/www.yoleoescaparate.com\/index.php?rest_route=\/wp\/v2\/posts\/143744\/revisions\/143746"}],"wp:featuredmedia":[{"embeddable":true,"href":"https:\/\/www.yoleoescaparate.com\/index.php?rest_route=\/wp\/v2\/media\/143745"}],"wp:attachment":[{"href":"https:\/\/www.yoleoescaparate.com\/index.php?rest_route=%2Fwp%2Fv2%2Fmedia&parent=143744"}],"wp:term":[{"taxonomy":"category","embeddable":true,"href":"https:\/\/www.yoleoescaparate.com\/index.php?rest_route=%2Fwp%2Fv2%2Fcategories&post=143744"},{"taxonomy":"post_tag","embeddable":true,"href":"https:\/\/www.yoleoescaparate.com\/index.php?rest_route=%2Fwp%2Fv2%2Ftags&post=143744"}],"curies":[{"name":"wp","href":"https:\/\/api.w.org\/{rel}","templated":true}]}}