{"id":143750,"date":"2026-04-09T11:46:01","date_gmt":"2026-04-09T09:46:01","guid":{"rendered":"https:\/\/www.yoleoescaparate.com\/?p=143750"},"modified":"2026-04-09T11:46:04","modified_gmt":"2026-04-09T09:46:04","slug":"ignacio-echapresto-y-joseba-arguinano-inauguraran-las-xxx-jornadas-gastronomicas-de-la-verdura-el-17-de-abril","status":"publish","type":"post","link":"https:\/\/www.yoleoescaparate.com\/?p=143750","title":{"rendered":"Ignacio Echapresto y Joseba Argui\u00f1ano inaugurar\u00e1n las XXX Jornadas Gastron\u00f3micas de la Verdura el 17 de abril"},"content":{"rendered":"\n<!--more-->\n\n\n\n<figure class=\"wp-block-image size-full\"><img loading=\"lazy\" decoding=\"async\" width=\"728\" height=\"200\" src=\"https:\/\/www.yoleoescaparate.com\/wp-content\/uploads\/BannerWAEscaparate.gif\" alt=\"\" class=\"wp-image-141769\"\/><\/figure>\n\n\n\n<p>El 17 de abril comenzar\u00e1 la trig\u00e9sima edici\u00f3n de las Jornadas Gastron\u00f3micas de la Verdura en Calahorra, que se prolongar\u00e1 hasta el 26 de abril.<\/p>\n\n\n\n<p>Durante 10 d\u00edas los productos del campo calagurritano son los protagonistas de esta Fiesta de Inter\u00e9s Tur\u00edstico Regional, que han convertido a Calahorra en la \u2018Ciudad de la Verdura\u2019.<\/p>\n\n\n\n<p>Este a\u00f1o, los cocineros Ignacio Echapresto, del restaurante Venta Moncalvillo (Daroca de Rioja), y Joseba Argui\u00f1ano ser\u00e1n los encargados de inaugurar esta edici\u00f3n especial el 17 de abril a las 20:00 horas en el teatro Ideal.<\/p>\n\n\n\n<p>Los dos chefs conversar\u00e1n sobre \u2018La verdura como patrimonio: 30 a\u00f1os de pasi\u00f3n por el campo y la gastronom\u00eda\u2019, moderados por Pablo Garc\u00eda-Mancha, director de comunicaci\u00f3n de Onta\u00f1on Familia.<\/p>\n\n\n\n<p><strong>Ignacio Echapresto<\/strong> es un cocinero autodidacta, que aprendi\u00f3 los secretos de los fogones de la mano de su madre, Rosi. Su cocina no pierde de vista los sabores y productos que otorga la tierra riojana. La caza, las setas y, sobre todo, los productos de la huerta son la base de la despensa del restaurante Venta Moncalvillo.<\/p>\n\n\n\n<p>La simplicidad en la elaboraci\u00f3n de cada uno de los elementos culinarios y el respeto por el sabor de la materia prima hacen que el resultado sea sorprendente y reconocido con 2 estrellas Michel\u00edn y 1 estrella Verde Michel\u00edn.<\/p>\n\n\n\n<p>Este chef, de Daroca de Rioja, fue en 2021 Cocinero del A\u00f1o en Madrid Fusi\u00f3n y desde 2022 es Embajador de la Cocina Riojana.<\/p>\n\n\n\n<p>Ignacio junto a su hermano Carlos regenta el restaurante Venta Moncalvillo.<\/p>\n\n\n\n<p><strong>Joseba Argui\u00f1ano<\/strong> sigue los pasos de su padre, el famoso cocinero y comunicador Karlos Argui\u00f1ano, pero h<strong>a sabido forjar su propio nombre dentro del mundo gastron\u00f3mico.<\/strong><strong><\/strong><\/p>\n\n\n\n<p>Es un chef y repostero vasco formado en la Escuela de Hosteler\u00eda de Aiala, en la Pasteler\u00eda Escrib\u00e0 en Barcelona y en la Escuela francesa Thierry Bamas<strong>. <\/strong><strong>Su cocina destaca por el&nbsp;uso de productos locales, de temporada y por una cuidada est\u00e9tica.<\/strong><strong><\/strong><\/p>\n\n\n\n<p>En 2010 fund\u00f3 su propio obrador JA en Zarautz. En 2013 abri\u00f3 su propia tienda. Posteriormente, ampli\u00f3 el negocio con establecimientos en el barrio de Gros y el Mercado de San Mart\u00edn de San Sebasti\u00e1n.<\/p>\n\n\n\n<p>Es colaborador habitual en el programa de televisi\u00f3n \u2018Cocina Abierta de Karlos Argui\u00f1ano\u2019, de Antena 3, donde elabora recetas con un enfoque pr\u00e1ctico y creativo. Adem\u00e1s, actualmente presenta&nbsp;\u2018<a href=\"https:\/\/www.eitb.eus\/eu\/telebista\/programak\/joseba-arguinano-sukalerrian\/\"><strong>Joseba Argui\u00f1ano Sukalerrian<\/strong><\/a>\u2019&nbsp;en ETB1.<\/p>\n\n\n\n<p>Tambi\u00e9n ha escrito el libro \u2018Cocina con Joseba Argui\u00f1ano\u2019 (2023) y ha sido reconocido con el Premio Revelaci\u00f3n Airean (2022) y como Mejor Repostero en los Premios Talento Gastro.<\/p>\n\n\n\n<p>Sin duda, son dos reconocidos j\u00f3venes cocineros para conmemorar los 30 a\u00f1os de las Jornadas Gastron\u00f3micas de la Verdura.<\/p>\n\n\n\n<p>El acto inaugural de esta trig\u00e9sima edici\u00f3n, presentado por la periodista calagurritana Isabel \u00c1lvarez, concluir\u00e1 con el monologuista Ra\u00fal Garc\u00eda que abordar\u00e1 la gastronom\u00eda con humor e iron\u00eda.<\/p>\n\n\n\n<p><strong>Retirada de invitaciones<\/strong><\/p>\n\n\n\n<p>Para asistir a la inauguraci\u00f3n de las XXX Jornadas Gastron\u00f3micas de la Verdura ser\u00e1 imprescindible disponer de invitaci\u00f3n, que estar\u00e1n disponibles hoy 9 de abril. <strong><\/strong><\/p>\n\n\n\n<p>En la taquilla del teatro Ideal, en horario de 12:00 a 14:00 horas, y online a partir de las 14:00 horas, a trav\u00e9s de la p\u00e1gina web: www.citylok.com\/teatroideal.<\/p>\n\n\n\n<p>Se podr\u00e1n retirar un m\u00e1ximo de 4 entradas por persona.<\/p>\n\n\n\n<p>La taquilla del Ideal abrir\u00e1 tambi\u00e9n el jueves 16 de abril, de 12:00 a 14:00 horas, as\u00ed como los d\u00edas de funci\u00f3n, dos horas antes del inicio de cada espect\u00e1culo.<\/p>\n\n\n\n<p><strong>XXX Jornadas Gastron\u00f3micas de la Verdura<\/strong><\/p>\n\n\n\n<p>Calahorra se prepara para celebrar el 30 aniversario de las Jornadas Gastron\u00f3micas de la Verdura, el evento gastron\u00f3mico m\u00e1s importante de La Rioja.<\/p>\n\n\n\n<p>Los productos que se cultivan en el campo calagurritano protagonizan todos los actos que se desarrollar\u00e1n del 17 al 26 de abril.<\/p>\n\n\n\n<p>Agricultores, hosteleros, colegios, conserveros, comercios, las pe\u00f1as, asociaciones locales,\u2026 Toda la ciudad participa y se implica cada a\u00f1o en estas jornadas, convirti\u00e9ndolas en una aut\u00e9ntica fiesta de exaltaci\u00f3n de las verduras.<\/p>\n\n\n\n<p>Durante estos d\u00edas, el programa ofrecer\u00e1 una amplia variedad de actividades para todos los p\u00fablicos: ruta de pinchos, men\u00fas, degustaciones, talleres, catas, visitas guiadas, mercado, exposiciones, etc.<\/p>\n\n\n\n<p>Estas jornadas no solo ensalzan la calidad y diversidad de los productos locales, sino tambi\u00e9n el trabajo de quienes los cultivan y elaboran, reforzando la identidad agr\u00edcola de Calahorra y su tradici\u00f3n culinaria. Adem\u00e1s, se consolidan como un gran reclamo tur\u00edstico, atrayendo cada a\u00f1o a numerosos visitantes que buscan disfrutar de la gastronom\u00eda, la cultura y el ambiente festivo de la ciudad.<\/p>\n\n\n\n<p>En esta trig\u00e9sima edici\u00f3n participan 14 restaurantes y 35 bares y la modelo y actriz Laura S\u00e1nchez ser\u00e1 la madrina de la Pasarela \u2018Ciudad de la Verdura\u2019, que tendr\u00e1 lugar en la carpa del recinto ferial el 24 de abril.<\/p>\n","protected":false},"excerpt":{"rendered":"","protected":false},"author":1,"featured_media":143751,"comment_status":"open","ping_status":"open","sticky":false,"template":"","format":"standard","meta":{"colormag_page_container_layout":"default_layout","colormag_page_sidebar_layout":"default_layout","om_disable_all_campaigns":false,"_monsterinsights_skip_tracking":false,"_monsterinsights_sitenote_active":false,"_monsterinsights_sitenote_note":"","_monsterinsights_sitenote_category":0,"footnotes":""},"categories":[4,212],"tags":[16],"class_list":["post-143750","post","type-post","status-publish","format-standard","has-post-thumbnail","hentry","category-calahorra","category-planes","tag-calahorra"],"aioseo_notices":[],"_links":{"self":[{"href":"https:\/\/www.yoleoescaparate.com\/index.php?rest_route=\/wp\/v2\/posts\/143750","targetHints":{"allow":["GET"]}}],"collection":[{"href":"https:\/\/www.yoleoescaparate.com\/index.php?rest_route=\/wp\/v2\/posts"}],"about":[{"href":"https:\/\/www.yoleoescaparate.com\/index.php?rest_route=\/wp\/v2\/types\/post"}],"author":[{"embeddable":true,"href":"https:\/\/www.yoleoescaparate.com\/index.php?rest_route=\/wp\/v2\/users\/1"}],"replies":[{"embeddable":true,"href":"https:\/\/www.yoleoescaparate.com\/index.php?rest_route=%2Fwp%2Fv2%2Fcomments&post=143750"}],"version-history":[{"count":1,"href":"https:\/\/www.yoleoescaparate.com\/index.php?rest_route=\/wp\/v2\/posts\/143750\/revisions"}],"predecessor-version":[{"id":143752,"href":"https:\/\/www.yoleoescaparate.com\/index.php?rest_route=\/wp\/v2\/posts\/143750\/revisions\/143752"}],"wp:featuredmedia":[{"embeddable":true,"href":"https:\/\/www.yoleoescaparate.com\/index.php?rest_route=\/wp\/v2\/media\/143751"}],"wp:attachment":[{"href":"https:\/\/www.yoleoescaparate.com\/index.php?rest_route=%2Fwp%2Fv2%2Fmedia&parent=143750"}],"wp:term":[{"taxonomy":"category","embeddable":true,"href":"https:\/\/www.yoleoescaparate.com\/index.php?rest_route=%2Fwp%2Fv2%2Fcategories&post=143750"},{"taxonomy":"post_tag","embeddable":true,"href":"https:\/\/www.yoleoescaparate.com\/index.php?rest_route=%2Fwp%2Fv2%2Ftags&post=143750"}],"curies":[{"name":"wp","href":"https:\/\/api.w.org\/{rel}","templated":true}]}}