{"id":144172,"date":"2026-04-20T09:49:23","date_gmt":"2026-04-20T07:49:23","guid":{"rendered":"https:\/\/www.yoleoescaparate.com\/?p=144172"},"modified":"2026-04-20T09:49:26","modified_gmt":"2026-04-20T07:49:26","slug":"las-jornadas-gastronomicas-de-la-verdura-arrancaron-con-exito-en-el-teatro-ideal","status":"publish","type":"post","link":"https:\/\/www.yoleoescaparate.com\/?p=144172","title":{"rendered":"Las Jornadas Gastron\u00f3micas de la Verdura arrancaron con \u00e9xito en el Teatro Ideal"},"content":{"rendered":"\n<!--more-->\n\n\n\n<p>Las XXX Jornadas Gastron\u00f3micas de la Verdura dieron el viernes con un acto inaugural celebrado en el teatro Ideal, que marc\u00f3 el inicio de una nueva edici\u00f3n cargada de sabor y tradici\u00f3n. <em>(Galer\u00eda de fotos disponible al final de la noticia).<\/em><\/p>\n\n\n\n<figure class=\"wp-block-image size-full\"><a href=\"https:\/\/wa.me\/+34667787977\"><img loading=\"lazy\" decoding=\"async\" width=\"728\" height=\"200\" src=\"https:\/\/www.yoleoescaparate.com\/wp-content\/uploads\/BannerWAEscaparate.gif\" alt=\"\" class=\"wp-image-141769\"\/><\/a><\/figure>\n\n\n\n<p>La inauguraci\u00f3n, celebrada el viernes 17 de abril a las 20:00 horas, cont\u00f3 con la participaci\u00f3n de los reconocidos cocineros Ignacio Echapresto, del restaurante Venta Moncalvillo (Daroca de Rioja), y Joseba Argui\u00f1ano. Ambos protagonizaron la charla titulada \u2018La verdura como patrimonio: 30 a\u00f1os de pasi\u00f3n por el campo y la gastronom\u00eda\u2019, en la que reflexionaron sobre la evoluci\u00f3n de estas jornadas y la importancia de los productos de la huerta en la cocina actual.<\/p>\n\n\n\n<p>El encuentro estuvo moderado por Pablo Garc\u00eda-Mancha, director de comunicaci\u00f3n de Onta\u00f1\u00f3n Familia, y fue presentado por la periodista Isabel \u00c1lvarez, quienes guiaron una conversaci\u00f3n cercana y enriquecedora en torno al valor gastron\u00f3mico y cultural de la verdura.<\/p>\n\n\n\n<p>Tras la charla inaugural, el p\u00fablico pudo disfrutar de un mon\u00f3logo a cargo de Rub\u00e9n Garc\u00eda, que puso el toque de humor a la jornada y complet\u00f3 una velada muy participativa.<\/p>\n\n\n\n<p>El acto, con entrada gratuita mediante invitaci\u00f3n, congreg\u00f3 a numerosos asistentes que quisieron acompa\u00f1ar el arranque de esta trig\u00e9sima edici\u00f3n, consolidada ya como una de las citas gastron\u00f3micas m\u00e1s importantes de la regi\u00f3n.<\/p>\n\n\n\n<p>GALERIA Javier Javitxu <br><code><div id=\"envira-gallery-wrap-144147\" class=\"envira-gallery-wrap envira-gallery-theme-base envira-lightbox-theme-base\" itemscope itemtype=\"https:\/\/schema.org\/ImageGallery\"><div data-row-height=\"150\" data-gallery-theme=\"normal\" id=\"envira-gallery-144147\" class=\"envira-gallery-public envira-gallery-justified-public envira-gallery-0-columns envira-clear enviratope envira-gallery-css-animations\" data-envira-columns=\"0\"><div id=\"envira-gallery-item-144148\" class=\"envira-gallery-item enviratope-item envira-gallery-item-1 envira-lazy-load\" style=\"padding-left: 5px; padding-bottom: 10px; padding-right: 5px;\"  itemscope itemtype=\"https:\/\/schema.org\/ImageObject\"><div class=\"envira-gallery-item-inner\"><div class=\"envira-gallery-position-overlay  envira-gallery-top-left\"><\/div><div class=\"envira-gallery-position-overlay  envira-gallery-top-right\"><\/div><div class=\"envira-gallery-position-overlay  envira-gallery-bottom-left\"><\/div><div class=\"envira-gallery-position-overlay  envira-gallery-bottom-right\"><\/div><a href=\"https:\/\/www.yoleoescaparate.com\/wp-content\/uploads\/504421-1-scaled.jpeg\" class=\"envira-gallery-144147 envira-gallery-link\" rel=\"enviragallery144147\" title=\"Inauguraci&oacute;n XXX Jornadas Gastron&oacute;micas de la Verdura\" data-envira-caption=\"Inauguraci&oacute;n XXX Jornadas Gastron&oacute;micas de la Verdura\" data-envira-retina=\"\" data-thumbnail=\"\"  itemprop=\"contentUrl\"><img decoding=\"async\" id=\"envira-gallery-image-144148\" class=\"envira-gallery-image envira-gallery-image-1 envira-normal envira-lazy\" data-envira-index=\"1\" src=\"https:\/\/www.yoleoescaparate.com\/wp-content\/uploads\/504421-1-1024x768-640x480.jpeg\" data-envira-src=\"https:\/\/www.yoleoescaparate.com\/wp-content\/uploads\/504421-1-1024x768-640x480.jpeg\" data-envira-gallery-id=\"144147\" data-envira-item-id=\"144148\" data-envira-caption=\"Inauguraci&oacute;n XXX Jornadas Gastron&oacute;micas de la Verdura\" alt=\"\" title=\"Inauguraci\u00f3n XXX Jornadas Gastron\u00f3micas de la Verdura\"  itemprop=\"thumbnailUrl\" data-envira-srcset=\"https:\/\/www.yoleoescaparate.com\/wp-content\/uploads\/504421-1-1024x768-640x480.jpeg 400w,https:\/\/www.yoleoescaparate.com\/wp-content\/uploads\/504421-1-1024x768-640x480.jpeg 2x\" data-envira-width=\"300\" data-envira-height=\"225\" srcset=\"data:image\/gif;base64,R0lGODlhAQABAIAAAP\/\/\/\/\/\/\/yH5BAEKAAEALAAAAAABAAEAAAICTAEAOw==\" data-safe-src=\"data:image\/gif;base64,R0lGODlhAQABAIAAAP\/\/\/\/\/\/\/yH5BAEKAAEALAAAAAABAAEAAAICTAEAOw==\" \/><\/a><\/div><\/div><div id=\"envira-gallery-item-144149\" class=\"envira-gallery-item enviratope-item envira-gallery-item-2 envira-lazy-load\" style=\"padding-left: 5px; padding-bottom: 10px; padding-right: 5px;\"  itemscope itemtype=\"https:\/\/schema.org\/ImageObject\"><div class=\"envira-gallery-item-inner\"><div class=\"envira-gallery-position-overlay  envira-gallery-top-left\"><\/div><div class=\"envira-gallery-position-overlay  envira-gallery-top-right\"><\/div><div class=\"envira-gallery-position-overlay  envira-gallery-bottom-left\"><\/div><div class=\"envira-gallery-position-overlay  envira-gallery-bottom-right\"><\/div><a href=\"https:\/\/www.yoleoescaparate.com\/wp-content\/uploads\/504421-2-scaled.jpeg\" class=\"envira-gallery-144147 envira-gallery-link\" rel=\"enviragallery144147\" title=\"Inauguraci&oacute;n XXX Jornadas Gastron&oacute;micas de la Verdura\" data-envira-caption=\"Inauguraci&oacute;n XXX Jornadas Gastron&oacute;micas de la Verdura\" data-envira-retina=\"\" data-thumbnail=\"\"  itemprop=\"contentUrl\"><img decoding=\"async\" id=\"envira-gallery-image-144149\" class=\"envira-gallery-image envira-gallery-image-2 envira-normal envira-lazy\" data-envira-index=\"2\" src=\"https:\/\/www.yoleoescaparate.com\/wp-content\/uploads\/504421-2-1024x768-640x480.jpeg\" data-envira-src=\"https:\/\/www.yoleoescaparate.com\/wp-content\/uploads\/504421-2-1024x768-640x480.jpeg\" data-envira-gallery-id=\"144147\" data-envira-item-id=\"144149\" data-envira-caption=\"Inauguraci&oacute;n XXX Jornadas Gastron&oacute;micas de la Verdura\" alt=\"\" title=\"Inauguraci\u00f3n XXX Jornadas Gastron\u00f3micas de la Verdura\"  itemprop=\"thumbnailUrl\" data-envira-srcset=\"https:\/\/www.yoleoescaparate.com\/wp-content\/uploads\/504421-2-1024x768-640x480.jpeg 400w,https:\/\/www.yoleoescaparate.com\/wp-content\/uploads\/504421-2-1024x768-640x480.jpeg 2x\" data-envira-width=\"300\" data-envira-height=\"225\" srcset=\"data:image\/gif;base64,R0lGODlhAQABAIAAAP\/\/\/\/\/\/\/yH5BAEKAAEALAAAAAABAAEAAAICTAEAOw==\" data-safe-src=\"data:image\/gif;base64,R0lGODlhAQABAIAAAP\/\/\/\/\/\/\/yH5BAEKAAEALAAAAAABAAEAAAICTAEAOw==\" \/><\/a><\/div><\/div><div id=\"envira-gallery-item-144150\" class=\"envira-gallery-item enviratope-item envira-gallery-item-3 envira-lazy-load\" style=\"padding-left: 5px; padding-bottom: 10px; padding-right: 5px;\"  itemscope itemtype=\"https:\/\/schema.org\/ImageObject\"><div class=\"envira-gallery-item-inner\"><div class=\"envira-gallery-position-overlay  envira-gallery-top-left\"><\/div><div class=\"envira-gallery-position-overlay  envira-gallery-top-right\"><\/div><div class=\"envira-gallery-position-overlay  envira-gallery-bottom-left\"><\/div><div class=\"envira-gallery-position-overlay  envira-gallery-bottom-right\"><\/div><a href=\"https:\/\/www.yoleoescaparate.com\/wp-content\/uploads\/504421-3-scaled.jpeg\" class=\"envira-gallery-144147 envira-gallery-link\" rel=\"enviragallery144147\" title=\"Inauguraci&oacute;n XXX Jornadas Gastron&oacute;micas de la Verdura\" data-envira-caption=\"Inauguraci&oacute;n XXX Jornadas Gastron&oacute;micas de la Verdura\" data-envira-retina=\"\" data-thumbnail=\"\"  itemprop=\"contentUrl\"><img decoding=\"async\" id=\"envira-gallery-image-144150\" class=\"envira-gallery-image envira-gallery-image-3 envira-normal envira-lazy\" data-envira-index=\"3\" src=\"https:\/\/www.yoleoescaparate.com\/wp-content\/uploads\/504421-3-1024x768-640x480.jpeg\" data-envira-src=\"https:\/\/www.yoleoescaparate.com\/wp-content\/uploads\/504421-3-1024x768-640x480.jpeg\" data-envira-gallery-id=\"144147\" data-envira-item-id=\"144150\" data-envira-caption=\"Inauguraci&oacute;n XXX Jornadas Gastron&oacute;micas de la Verdura\" alt=\"\" title=\"Inauguraci\u00f3n XXX Jornadas Gastron\u00f3micas de la Verdura\"  itemprop=\"thumbnailUrl\" data-envira-srcset=\"https:\/\/www.yoleoescaparate.com\/wp-content\/uploads\/504421-3-1024x768-640x480.jpeg 400w,https:\/\/www.yoleoescaparate.com\/wp-content\/uploads\/504421-3-1024x768-640x480.jpeg 2x\" data-envira-width=\"300\" data-envira-height=\"225\" srcset=\"data:image\/gif;base64,R0lGODlhAQABAIAAAP\/\/\/\/\/\/\/yH5BAEKAAEALAAAAAABAAEAAAICTAEAOw==\" data-safe-src=\"data:image\/gif;base64,R0lGODlhAQABAIAAAP\/\/\/\/\/\/\/yH5BAEKAAEALAAAAAABAAEAAAICTAEAOw==\" \/><\/a><\/div><\/div><div id=\"envira-gallery-item-144151\" class=\"envira-gallery-item enviratope-item envira-gallery-item-4 envira-lazy-load\" style=\"padding-left: 5px; padding-bottom: 10px; padding-right: 5px;\"  itemscope itemtype=\"https:\/\/schema.org\/ImageObject\"><div class=\"envira-gallery-item-inner\"><div class=\"envira-gallery-position-overlay  envira-gallery-top-left\"><\/div><div class=\"envira-gallery-position-overlay  envira-gallery-top-right\"><\/div><div class=\"envira-gallery-position-overlay  envira-gallery-bottom-left\"><\/div><div class=\"envira-gallery-position-overlay  envira-gallery-bottom-right\"><\/div><a href=\"https:\/\/www.yoleoescaparate.com\/wp-content\/uploads\/504421-4-scaled.jpeg\" class=\"envira-gallery-144147 envira-gallery-link\" rel=\"enviragallery144147\" title=\"Inauguraci&oacute;n XXX Jornadas Gastron&oacute;micas de la Verdura\" data-envira-caption=\"Inauguraci&oacute;n XXX Jornadas Gastron&oacute;micas de la Verdura\" data-envira-retina=\"\" data-thumbnail=\"\"  itemprop=\"contentUrl\"><img decoding=\"async\" id=\"envira-gallery-image-144151\" class=\"envira-gallery-image envira-gallery-image-4 envira-normal envira-lazy\" data-envira-index=\"4\" src=\"https:\/\/www.yoleoescaparate.com\/wp-content\/uploads\/504421-4-1024x768-640x480.jpeg\" data-envira-src=\"https:\/\/www.yoleoescaparate.com\/wp-content\/uploads\/504421-4-1024x768-640x480.jpeg\" data-envira-gallery-id=\"144147\" data-envira-item-id=\"144151\" data-envira-caption=\"Inauguraci&oacute;n XXX Jornadas Gastron&oacute;micas de la Verdura\" alt=\"\" title=\"Inauguraci\u00f3n XXX Jornadas Gastron\u00f3micas de la Verdura\"  itemprop=\"thumbnailUrl\" data-envira-srcset=\"https:\/\/www.yoleoescaparate.com\/wp-content\/uploads\/504421-4-1024x768-640x480.jpeg 400w,https:\/\/www.yoleoescaparate.com\/wp-content\/uploads\/504421-4-1024x768-640x480.jpeg 2x\" data-envira-width=\"300\" data-envira-height=\"225\" srcset=\"data:image\/gif;base64,R0lGODlhAQABAIAAAP\/\/\/\/\/\/\/yH5BAEKAAEALAAAAAABAAEAAAICTAEAOw==\" data-safe-src=\"data:image\/gif;base64,R0lGODlhAQABAIAAAP\/\/\/\/\/\/\/yH5BAEKAAEALAAAAAABAAEAAAICTAEAOw==\" \/><\/a><\/div><\/div><div id=\"envira-gallery-item-144152\" class=\"envira-gallery-item enviratope-item envira-gallery-item-5 envira-lazy-load\" style=\"padding-left: 5px; padding-bottom: 10px; padding-right: 5px;\"  itemscope itemtype=\"https:\/\/schema.org\/ImageObject\"><div class=\"envira-gallery-item-inner\"><div class=\"envira-gallery-position-overlay  envira-gallery-top-left\"><\/div><div class=\"envira-gallery-position-overlay  envira-gallery-top-right\"><\/div><div class=\"envira-gallery-position-overlay  envira-gallery-bottom-left\"><\/div><div class=\"envira-gallery-position-overlay  envira-gallery-bottom-right\"><\/div><a href=\"https:\/\/www.yoleoescaparate.com\/wp-content\/uploads\/504421-5-scaled.jpeg\" class=\"envira-gallery-144147 envira-gallery-link\" rel=\"enviragallery144147\" title=\"Inauguraci&oacute;n XXX Jornadas Gastron&oacute;micas de la Verdura\" data-envira-caption=\"Inauguraci&oacute;n XXX Jornadas Gastron&oacute;micas de la Verdura\" data-envira-retina=\"\" data-thumbnail=\"\"  itemprop=\"contentUrl\"><img decoding=\"async\" id=\"envira-gallery-image-144152\" class=\"envira-gallery-image envira-gallery-image-5 envira-normal envira-lazy\" data-envira-index=\"5\" src=\"https:\/\/www.yoleoescaparate.com\/wp-content\/uploads\/504421-5-1024x768-640x480.jpeg\" data-envira-src=\"https:\/\/www.yoleoescaparate.com\/wp-content\/uploads\/504421-5-1024x768-640x480.jpeg\" data-envira-gallery-id=\"144147\" data-envira-item-id=\"144152\" data-envira-caption=\"Inauguraci&oacute;n XXX Jornadas Gastron&oacute;micas de la Verdura\" alt=\"\" title=\"Inauguraci\u00f3n XXX Jornadas Gastron\u00f3micas de la Verdura\"  itemprop=\"thumbnailUrl\" data-envira-srcset=\"https:\/\/www.yoleoescaparate.com\/wp-content\/uploads\/504421-5-1024x768-640x480.jpeg 400w,https:\/\/www.yoleoescaparate.com\/wp-content\/uploads\/504421-5-1024x768-640x480.jpeg 2x\" data-envira-width=\"300\" data-envira-height=\"225\" srcset=\"data:image\/gif;base64,R0lGODlhAQABAIAAAP\/\/\/\/\/\/\/yH5BAEKAAEALAAAAAABAAEAAAICTAEAOw==\" data-safe-src=\"data:image\/gif;base64,R0lGODlhAQABAIAAAP\/\/\/\/\/\/\/yH5BAEKAAEALAAAAAABAAEAAAICTAEAOw==\" \/><\/a><\/div><\/div><div id=\"envira-gallery-item-144153\" class=\"envira-gallery-item enviratope-item envira-gallery-item-6 envira-lazy-load\" style=\"padding-left: 5px; padding-bottom: 10px; padding-right: 5px;\"  itemscope itemtype=\"https:\/\/schema.org\/ImageObject\"><div class=\"envira-gallery-item-inner\"><div class=\"envira-gallery-position-overlay  envira-gallery-top-left\"><\/div><div class=\"envira-gallery-position-overlay  envira-gallery-top-right\"><\/div><div class=\"envira-gallery-position-overlay  envira-gallery-bottom-left\"><\/div><div class=\"envira-gallery-position-overlay  envira-gallery-bottom-right\"><\/div><a href=\"https:\/\/www.yoleoescaparate.com\/wp-content\/uploads\/504421-scaled.jpeg\" class=\"envira-gallery-144147 envira-gallery-link\" rel=\"enviragallery144147\" title=\"Inauguraci&oacute;n XXX Jornadas Gastron&oacute;micas de la Verdura\" data-envira-caption=\"Inauguraci&oacute;n XXX Jornadas Gastron&oacute;micas de la Verdura\" data-envira-retina=\"\" data-thumbnail=\"\"  itemprop=\"contentUrl\"><img decoding=\"async\" id=\"envira-gallery-image-144153\" class=\"envira-gallery-image envira-gallery-image-6 envira-normal envira-lazy\" data-envira-index=\"6\" src=\"https:\/\/www.yoleoescaparate.com\/wp-content\/uploads\/504421-1024x768-640x480.jpeg\" data-envira-src=\"https:\/\/www.yoleoescaparate.com\/wp-content\/uploads\/504421-1024x768-640x480.jpeg\" data-envira-gallery-id=\"144147\" data-envira-item-id=\"144153\" data-envira-caption=\"Inauguraci&oacute;n XXX Jornadas Gastron&oacute;micas de la Verdura\" alt=\"\" title=\"Inauguraci\u00f3n XXX Jornadas Gastron\u00f3micas de la Verdura\"  itemprop=\"thumbnailUrl\" data-envira-srcset=\"https:\/\/www.yoleoescaparate.com\/wp-content\/uploads\/504421-1024x768-640x480.jpeg 400w,https:\/\/www.yoleoescaparate.com\/wp-content\/uploads\/504421-1024x768-640x480.jpeg 2x\" data-envira-width=\"300\" data-envira-height=\"225\" srcset=\"data:image\/gif;base64,R0lGODlhAQABAIAAAP\/\/\/\/\/\/\/yH5BAEKAAEALAAAAAABAAEAAAICTAEAOw==\" data-safe-src=\"data:image\/gif;base64,R0lGODlhAQABAIAAAP\/\/\/\/\/\/\/yH5BAEKAAEALAAAAAABAAEAAAICTAEAOw==\" \/><\/a><\/div><\/div><div id=\"envira-gallery-item-144154\" class=\"envira-gallery-item enviratope-item envira-gallery-item-7 envira-lazy-load\" style=\"padding-left: 5px; padding-bottom: 10px; padding-right: 5px;\"  itemscope itemtype=\"https:\/\/schema.org\/ImageObject\"><div class=\"envira-gallery-item-inner\"><div class=\"envira-gallery-position-overlay  envira-gallery-top-left\"><\/div><div class=\"envira-gallery-position-overlay  envira-gallery-top-right\"><\/div><div class=\"envira-gallery-position-overlay  envira-gallery-bottom-left\"><\/div><div class=\"envira-gallery-position-overlay  envira-gallery-bottom-right\"><\/div><a href=\"https:\/\/www.yoleoescaparate.com\/wp-content\/uploads\/WhatsApp-Image-2026-04-17-at-22.15.15.jpeg\" class=\"envira-gallery-144147 envira-gallery-link\" rel=\"enviragallery144147\" title=\"Inauguraci&oacute;n XXX Jornadas Gastron&oacute;micas de la Verdura\" data-envira-caption=\"Inauguraci&oacute;n XXX Jornadas Gastron&oacute;micas de la Verdura\" data-envira-retina=\"\" data-thumbnail=\"\"  itemprop=\"contentUrl\"><img decoding=\"async\" id=\"envira-gallery-image-144154\" class=\"envira-gallery-image envira-gallery-image-7 envira-normal envira-lazy\" data-envira-index=\"7\" src=\"https:\/\/www.yoleoescaparate.com\/wp-content\/uploads\/WhatsApp-Image-2026-04-17-at-22.15.15-1024x576-640x480.jpeg\" data-envira-src=\"https:\/\/www.yoleoescaparate.com\/wp-content\/uploads\/WhatsApp-Image-2026-04-17-at-22.15.15-1024x576-640x480.jpeg\" data-envira-gallery-id=\"144147\" data-envira-item-id=\"144154\" data-envira-caption=\"Inauguraci&oacute;n XXX Jornadas Gastron&oacute;micas de la Verdura\" alt=\"\" title=\"Inauguraci\u00f3n XXX Jornadas Gastron\u00f3micas de la Verdura\"  itemprop=\"thumbnailUrl\" data-envira-srcset=\"https:\/\/www.yoleoescaparate.com\/wp-content\/uploads\/WhatsApp-Image-2026-04-17-at-22.15.15-1024x576-640x480.jpeg 400w,https:\/\/www.yoleoescaparate.com\/wp-content\/uploads\/WhatsApp-Image-2026-04-17-at-22.15.15-1024x576-640x480.jpeg 2x\" data-envira-width=\"300\" data-envira-height=\"169\" srcset=\"data:image\/gif;base64,R0lGODlhAQABAIAAAP\/\/\/\/\/\/\/yH5BAEKAAEALAAAAAABAAEAAAICTAEAOw==\" data-safe-src=\"data:image\/gif;base64,R0lGODlhAQABAIAAAP\/\/\/\/\/\/\/yH5BAEKAAEALAAAAAABAAEAAAICTAEAOw==\" \/><\/a><\/div><\/div><div id=\"envira-gallery-item-144155\" class=\"envira-gallery-item enviratope-item envira-gallery-item-8 envira-lazy-load\" style=\"padding-left: 5px; padding-bottom: 10px; padding-right: 5px;\"  itemscope itemtype=\"https:\/\/schema.org\/ImageObject\"><div class=\"envira-gallery-item-inner\"><div class=\"envira-gallery-position-overlay  envira-gallery-top-left\"><\/div><div class=\"envira-gallery-position-overlay  envira-gallery-top-right\"><\/div><div class=\"envira-gallery-position-overlay  envira-gallery-bottom-left\"><\/div><div class=\"envira-gallery-position-overlay  envira-gallery-bottom-right\"><\/div><a href=\"https:\/\/www.yoleoescaparate.com\/wp-content\/uploads\/WhatsApp-Image-2026-04-17-at-22.15.151.jpeg\" class=\"envira-gallery-144147 envira-gallery-link\" rel=\"enviragallery144147\" title=\"Inauguraci&oacute;n XXX Jornadas Gastron&oacute;micas de la Verdura\" data-envira-caption=\"Inauguraci&oacute;n XXX Jornadas Gastron&oacute;micas de la Verdura\" data-envira-retina=\"\" data-thumbnail=\"\"  itemprop=\"contentUrl\"><img decoding=\"async\" id=\"envira-gallery-image-144155\" class=\"envira-gallery-image envira-gallery-image-8 envira-normal envira-lazy\" data-envira-index=\"8\" src=\"https:\/\/www.yoleoescaparate.com\/wp-content\/uploads\/WhatsApp-Image-2026-04-17-at-22.15.151-1024x576-640x480.jpeg\" data-envira-src=\"https:\/\/www.yoleoescaparate.com\/wp-content\/uploads\/WhatsApp-Image-2026-04-17-at-22.15.151-1024x576-640x480.jpeg\" data-envira-gallery-id=\"144147\" data-envira-item-id=\"144155\" data-envira-caption=\"Inauguraci&oacute;n XXX Jornadas Gastron&oacute;micas de la Verdura\" alt=\"\" title=\"Inauguraci\u00f3n XXX Jornadas Gastron\u00f3micas de la Verdura\"  itemprop=\"thumbnailUrl\" data-envira-srcset=\"https:\/\/www.yoleoescaparate.com\/wp-content\/uploads\/WhatsApp-Image-2026-04-17-at-22.15.151-1024x576-640x480.jpeg 400w,https:\/\/www.yoleoescaparate.com\/wp-content\/uploads\/WhatsApp-Image-2026-04-17-at-22.15.151-1024x576-640x480.jpeg 2x\" data-envira-width=\"300\" data-envira-height=\"169\" srcset=\"data:image\/gif;base64,R0lGODlhAQABAIAAAP\/\/\/\/\/\/\/yH5BAEKAAEALAAAAAABAAEAAAICTAEAOw==\" data-safe-src=\"data:image\/gif;base64,R0lGODlhAQABAIAAAP\/\/\/\/\/\/\/yH5BAEKAAEALAAAAAABAAEAAAICTAEAOw==\" \/><\/a><\/div><\/div><div id=\"envira-gallery-item-144156\" class=\"envira-gallery-item enviratope-item envira-gallery-item-9 envira-lazy-load\" style=\"padding-left: 5px; padding-bottom: 10px; padding-right: 5px;\"  itemscope itemtype=\"https:\/\/schema.org\/ImageObject\"><div class=\"envira-gallery-item-inner\"><div class=\"envira-gallery-position-overlay  envira-gallery-top-left\"><\/div><div class=\"envira-gallery-position-overlay  envira-gallery-top-right\"><\/div><div class=\"envira-gallery-position-overlay  envira-gallery-bottom-left\"><\/div><div class=\"envira-gallery-position-overlay  envira-gallery-bottom-right\"><\/div><a href=\"https:\/\/www.yoleoescaparate.com\/wp-content\/uploads\/WhatsApp-Image-2026-04-19-at-23.20.32-1.jpeg\" class=\"envira-gallery-144147 envira-gallery-link\" rel=\"enviragallery144147\" title=\"Inauguraci&oacute;n XXX Jornadas Gastron&oacute;micas de la Verdura\" data-envira-caption=\"Inauguraci&oacute;n XXX Jornadas Gastron&oacute;micas de la Verdura\" data-envira-retina=\"\" data-thumbnail=\"\"  itemprop=\"contentUrl\"><img decoding=\"async\" id=\"envira-gallery-image-144156\" class=\"envira-gallery-image envira-gallery-image-9 envira-normal envira-lazy\" data-envira-index=\"9\" src=\"https:\/\/www.yoleoescaparate.com\/wp-content\/uploads\/WhatsApp-Image-2026-04-19-at-23.20.32-1-1024x682-640x480.jpeg\" data-envira-src=\"https:\/\/www.yoleoescaparate.com\/wp-content\/uploads\/WhatsApp-Image-2026-04-19-at-23.20.32-1-1024x682-640x480.jpeg\" data-envira-gallery-id=\"144147\" data-envira-item-id=\"144156\" data-envira-caption=\"Inauguraci&oacute;n XXX Jornadas Gastron&oacute;micas de la Verdura\" alt=\"\" title=\"Inauguraci\u00f3n XXX Jornadas Gastron\u00f3micas de la Verdura\"  itemprop=\"thumbnailUrl\" data-envira-srcset=\"https:\/\/www.yoleoescaparate.com\/wp-content\/uploads\/WhatsApp-Image-2026-04-19-at-23.20.32-1-1024x682-640x480.jpeg 400w,https:\/\/www.yoleoescaparate.com\/wp-content\/uploads\/WhatsApp-Image-2026-04-19-at-23.20.32-1-1024x682-640x480.jpeg 2x\" data-envira-width=\"300\" data-envira-height=\"200\" srcset=\"data:image\/gif;base64,R0lGODlhAQABAIAAAP\/\/\/\/\/\/\/yH5BAEKAAEALAAAAAABAAEAAAICTAEAOw==\" data-safe-src=\"data:image\/gif;base64,R0lGODlhAQABAIAAAP\/\/\/\/\/\/\/yH5BAEKAAEALAAAAAABAAEAAAICTAEAOw==\" \/><\/a><\/div><\/div><div id=\"envira-gallery-item-144157\" class=\"envira-gallery-item enviratope-item envira-gallery-item-10 envira-lazy-load\" style=\"padding-left: 5px; padding-bottom: 10px; padding-right: 5px;\"  itemscope itemtype=\"https:\/\/schema.org\/ImageObject\"><div class=\"envira-gallery-item-inner\"><div class=\"envira-gallery-position-overlay  envira-gallery-top-left\"><\/div><div class=\"envira-gallery-position-overlay  envira-gallery-top-right\"><\/div><div class=\"envira-gallery-position-overlay  envira-gallery-bottom-left\"><\/div><div class=\"envira-gallery-position-overlay  envira-gallery-bottom-right\"><\/div><a href=\"https:\/\/www.yoleoescaparate.com\/wp-content\/uploads\/WhatsApp-Image-2026-04-19-at-23.20.32-4.jpeg\" class=\"envira-gallery-144147 envira-gallery-link\" rel=\"enviragallery144147\" title=\"Inauguraci&oacute;n XXX Jornadas Gastron&oacute;micas de la Verdura\" data-envira-caption=\"Inauguraci&oacute;n XXX Jornadas Gastron&oacute;micas de la Verdura\" data-envira-retina=\"\" data-thumbnail=\"\"  itemprop=\"contentUrl\"><img decoding=\"async\" id=\"envira-gallery-image-144157\" class=\"envira-gallery-image envira-gallery-image-10 envira-normal envira-lazy\" data-envira-index=\"10\" src=\"https:\/\/www.yoleoescaparate.com\/wp-content\/uploads\/WhatsApp-Image-2026-04-19-at-23.20.32-4-1024x682-640x480.jpeg\" data-envira-src=\"https:\/\/www.yoleoescaparate.com\/wp-content\/uploads\/WhatsApp-Image-2026-04-19-at-23.20.32-4-1024x682-640x480.jpeg\" data-envira-gallery-id=\"144147\" data-envira-item-id=\"144157\" data-envira-caption=\"Inauguraci&oacute;n XXX Jornadas Gastron&oacute;micas de la Verdura\" alt=\"\" title=\"Inauguraci\u00f3n XXX Jornadas Gastron\u00f3micas de la Verdura\"  itemprop=\"thumbnailUrl\" data-envira-srcset=\"https:\/\/www.yoleoescaparate.com\/wp-content\/uploads\/WhatsApp-Image-2026-04-19-at-23.20.32-4-1024x682-640x480.jpeg 400w,https:\/\/www.yoleoescaparate.com\/wp-content\/uploads\/WhatsApp-Image-2026-04-19-at-23.20.32-4-1024x682-640x480.jpeg 2x\" data-envira-width=\"300\" data-envira-height=\"200\" srcset=\"data:image\/gif;base64,R0lGODlhAQABAIAAAP\/\/\/\/\/\/\/yH5BAEKAAEALAAAAAABAAEAAAICTAEAOw==\" data-safe-src=\"data:image\/gif;base64,R0lGODlhAQABAIAAAP\/\/\/\/\/\/\/yH5BAEKAAEALAAAAAABAAEAAAICTAEAOw==\" \/><\/a><\/div><\/div><div id=\"envira-gallery-item-144158\" class=\"envira-gallery-item enviratope-item envira-gallery-item-11 envira-lazy-load\" style=\"padding-left: 5px; padding-bottom: 10px; padding-right: 5px;\"  itemscope itemtype=\"https:\/\/schema.org\/ImageObject\"><div class=\"envira-gallery-item-inner\"><div class=\"envira-gallery-position-overlay  envira-gallery-top-left\"><\/div><div class=\"envira-gallery-position-overlay  envira-gallery-top-right\"><\/div><div class=\"envira-gallery-position-overlay  envira-gallery-bottom-left\"><\/div><div class=\"envira-gallery-position-overlay  envira-gallery-bottom-right\"><\/div><a href=\"https:\/\/www.yoleoescaparate.com\/wp-content\/uploads\/WhatsApp-Image-2026-04-19-at-23.20.32-8.jpeg\" class=\"envira-gallery-144147 envira-gallery-link\" rel=\"enviragallery144147\" title=\"Inauguraci&oacute;n XXX Jornadas Gastron&oacute;micas de la Verdura\" data-envira-caption=\"Inauguraci&oacute;n XXX Jornadas Gastron&oacute;micas de la Verdura\" data-envira-retina=\"\" data-thumbnail=\"\"  itemprop=\"contentUrl\"><img decoding=\"async\" id=\"envira-gallery-image-144158\" class=\"envira-gallery-image envira-gallery-image-11 envira-normal envira-lazy\" data-envira-index=\"11\" src=\"https:\/\/www.yoleoescaparate.com\/wp-content\/uploads\/WhatsApp-Image-2026-04-19-at-23.20.32-8-1024x682-640x480.jpeg\" data-envira-src=\"https:\/\/www.yoleoescaparate.com\/wp-content\/uploads\/WhatsApp-Image-2026-04-19-at-23.20.32-8-1024x682-640x480.jpeg\" data-envira-gallery-id=\"144147\" data-envira-item-id=\"144158\" data-envira-caption=\"Inauguraci&oacute;n XXX Jornadas Gastron&oacute;micas de la Verdura\" alt=\"\" title=\"Inauguraci\u00f3n XXX Jornadas Gastron\u00f3micas de la Verdura\"  itemprop=\"thumbnailUrl\" data-envira-srcset=\"https:\/\/www.yoleoescaparate.com\/wp-content\/uploads\/WhatsApp-Image-2026-04-19-at-23.20.32-8-1024x682-640x480.jpeg 400w,https:\/\/www.yoleoescaparate.com\/wp-content\/uploads\/WhatsApp-Image-2026-04-19-at-23.20.32-8-1024x682-640x480.jpeg 2x\" data-envira-width=\"300\" data-envira-height=\"200\" srcset=\"data:image\/gif;base64,R0lGODlhAQABAIAAAP\/\/\/\/\/\/\/yH5BAEKAAEALAAAAAABAAEAAAICTAEAOw==\" data-safe-src=\"data:image\/gif;base64,R0lGODlhAQABAIAAAP\/\/\/\/\/\/\/yH5BAEKAAEALAAAAAABAAEAAAICTAEAOw==\" \/><\/a><\/div><\/div><div id=\"envira-gallery-item-144159\" class=\"envira-gallery-item enviratope-item envira-gallery-item-12 envira-lazy-load\" style=\"padding-left: 5px; padding-bottom: 10px; padding-right: 5px;\"  itemscope itemtype=\"https:\/\/schema.org\/ImageObject\"><div class=\"envira-gallery-item-inner\"><div class=\"envira-gallery-position-overlay  envira-gallery-top-left\"><\/div><div class=\"envira-gallery-position-overlay  envira-gallery-top-right\"><\/div><div class=\"envira-gallery-position-overlay  envira-gallery-bottom-left\"><\/div><div class=\"envira-gallery-position-overlay  envira-gallery-bottom-right\"><\/div><a href=\"https:\/\/www.yoleoescaparate.com\/wp-content\/uploads\/WhatsApp-Image-2026-04-19-at-23.20.32-10.jpeg\" class=\"envira-gallery-144147 envira-gallery-link\" rel=\"enviragallery144147\" title=\"Inauguraci&oacute;n XXX Jornadas Gastron&oacute;micas de la Verdura\" data-envira-caption=\"Inauguraci&oacute;n XXX Jornadas Gastron&oacute;micas de la Verdura\" data-envira-retina=\"\" data-thumbnail=\"\"  itemprop=\"contentUrl\"><img decoding=\"async\" id=\"envira-gallery-image-144159\" class=\"envira-gallery-image envira-gallery-image-12 envira-normal envira-lazy\" data-envira-index=\"12\" src=\"https:\/\/www.yoleoescaparate.com\/wp-content\/uploads\/WhatsApp-Image-2026-04-19-at-23.20.32-10-682x1024-640x480.jpeg\" data-envira-src=\"https:\/\/www.yoleoescaparate.com\/wp-content\/uploads\/WhatsApp-Image-2026-04-19-at-23.20.32-10-682x1024-640x480.jpeg\" data-envira-gallery-id=\"144147\" data-envira-item-id=\"144159\" data-envira-caption=\"Inauguraci&oacute;n XXX Jornadas Gastron&oacute;micas de la Verdura\" alt=\"\" title=\"Inauguraci\u00f3n XXX Jornadas Gastron\u00f3micas de la Verdura\"  itemprop=\"thumbnailUrl\" data-envira-srcset=\"https:\/\/www.yoleoescaparate.com\/wp-content\/uploads\/WhatsApp-Image-2026-04-19-at-23.20.32-10-682x1024-640x480.jpeg 400w,https:\/\/www.yoleoescaparate.com\/wp-content\/uploads\/WhatsApp-Image-2026-04-19-at-23.20.32-10-682x1024-640x480.jpeg 2x\" data-envira-width=\"200\" data-envira-height=\"300\" srcset=\"data:image\/gif;base64,R0lGODlhAQABAIAAAP\/\/\/\/\/\/\/yH5BAEKAAEALAAAAAABAAEAAAICTAEAOw==\" data-safe-src=\"data:image\/gif;base64,R0lGODlhAQABAIAAAP\/\/\/\/\/\/\/yH5BAEKAAEALAAAAAABAAEAAAICTAEAOw==\" \/><\/a><\/div><\/div><div id=\"envira-gallery-item-144160\" class=\"envira-gallery-item enviratope-item envira-gallery-item-13 envira-lazy-load\" style=\"padding-left: 5px; padding-bottom: 10px; padding-right: 5px;\"  itemscope itemtype=\"https:\/\/schema.org\/ImageObject\"><div class=\"envira-gallery-item-inner\"><div class=\"envira-gallery-position-overlay  envira-gallery-top-left\"><\/div><div class=\"envira-gallery-position-overlay  envira-gallery-top-right\"><\/div><div class=\"envira-gallery-position-overlay  envira-gallery-bottom-left\"><\/div><div class=\"envira-gallery-position-overlay  envira-gallery-bottom-right\"><\/div><a href=\"https:\/\/www.yoleoescaparate.com\/wp-content\/uploads\/WhatsApp-Image-2026-04-19-at-23.20.33-1.jpeg\" class=\"envira-gallery-144147 envira-gallery-link\" rel=\"enviragallery144147\" title=\"Inauguraci&oacute;n XXX Jornadas Gastron&oacute;micas de la Verdura\" data-envira-caption=\"Inauguraci&oacute;n XXX Jornadas Gastron&oacute;micas de la Verdura\" data-envira-retina=\"\" data-thumbnail=\"\"  itemprop=\"contentUrl\"><img decoding=\"async\" id=\"envira-gallery-image-144160\" class=\"envira-gallery-image envira-gallery-image-13 envira-normal envira-lazy\" data-envira-index=\"13\" src=\"https:\/\/www.yoleoescaparate.com\/wp-content\/uploads\/WhatsApp-Image-2026-04-19-at-23.20.33-1-1024x682-640x480.jpeg\" data-envira-src=\"https:\/\/www.yoleoescaparate.com\/wp-content\/uploads\/WhatsApp-Image-2026-04-19-at-23.20.33-1-1024x682-640x480.jpeg\" data-envira-gallery-id=\"144147\" data-envira-item-id=\"144160\" data-envira-caption=\"Inauguraci&oacute;n XXX Jornadas Gastron&oacute;micas de la Verdura\" alt=\"\" title=\"Inauguraci\u00f3n XXX Jornadas Gastron\u00f3micas de la Verdura\"  itemprop=\"thumbnailUrl\" data-envira-srcset=\"https:\/\/www.yoleoescaparate.com\/wp-content\/uploads\/WhatsApp-Image-2026-04-19-at-23.20.33-1-1024x682-640x480.jpeg 400w,https:\/\/www.yoleoescaparate.com\/wp-content\/uploads\/WhatsApp-Image-2026-04-19-at-23.20.33-1-1024x682-640x480.jpeg 2x\" data-envira-width=\"300\" data-envira-height=\"200\" srcset=\"data:image\/gif;base64,R0lGODlhAQABAIAAAP\/\/\/\/\/\/\/yH5BAEKAAEALAAAAAABAAEAAAICTAEAOw==\" data-safe-src=\"data:image\/gif;base64,R0lGODlhAQABAIAAAP\/\/\/\/\/\/\/yH5BAEKAAEALAAAAAABAAEAAAICTAEAOw==\" \/><\/a><\/div><\/div><div id=\"envira-gallery-item-144161\" class=\"envira-gallery-item enviratope-item envira-gallery-item-14 envira-lazy-load\" style=\"padding-left: 5px; padding-bottom: 10px; padding-right: 5px;\"  itemscope itemtype=\"https:\/\/schema.org\/ImageObject\"><div class=\"envira-gallery-item-inner\"><div class=\"envira-gallery-position-overlay  envira-gallery-top-left\"><\/div><div class=\"envira-gallery-position-overlay  envira-gallery-top-right\"><\/div><div class=\"envira-gallery-position-overlay  envira-gallery-bottom-left\"><\/div><div class=\"envira-gallery-position-overlay  envira-gallery-bottom-right\"><\/div><a href=\"https:\/\/www.yoleoescaparate.com\/wp-content\/uploads\/WhatsApp-Image-2026-04-19-at-23.20.33-6.jpeg\" class=\"envira-gallery-144147 envira-gallery-link\" rel=\"enviragallery144147\" title=\"Inauguraci&oacute;n XXX Jornadas Gastron&oacute;micas de la Verdura\" data-envira-caption=\"Inauguraci&oacute;n XXX Jornadas Gastron&oacute;micas de la Verdura\" data-envira-retina=\"\" data-thumbnail=\"\"  itemprop=\"contentUrl\"><img decoding=\"async\" id=\"envira-gallery-image-144161\" class=\"envira-gallery-image envira-gallery-image-14 envira-normal envira-lazy\" data-envira-index=\"14\" src=\"https:\/\/www.yoleoescaparate.com\/wp-content\/uploads\/WhatsApp-Image-2026-04-19-at-23.20.33-6-682x1024-640x480.jpeg\" data-envira-src=\"https:\/\/www.yoleoescaparate.com\/wp-content\/uploads\/WhatsApp-Image-2026-04-19-at-23.20.33-6-682x1024-640x480.jpeg\" data-envira-gallery-id=\"144147\" data-envira-item-id=\"144161\" data-envira-caption=\"Inauguraci&oacute;n XXX Jornadas Gastron&oacute;micas de la Verdura\" alt=\"\" title=\"Inauguraci\u00f3n XXX Jornadas Gastron\u00f3micas de la Verdura\"  itemprop=\"thumbnailUrl\" data-envira-srcset=\"https:\/\/www.yoleoescaparate.com\/wp-content\/uploads\/WhatsApp-Image-2026-04-19-at-23.20.33-6-682x1024-640x480.jpeg 400w,https:\/\/www.yoleoescaparate.com\/wp-content\/uploads\/WhatsApp-Image-2026-04-19-at-23.20.33-6-682x1024-640x480.jpeg 2x\" data-envira-width=\"200\" data-envira-height=\"300\" srcset=\"data:image\/gif;base64,R0lGODlhAQABAIAAAP\/\/\/\/\/\/\/yH5BAEKAAEALAAAAAABAAEAAAICTAEAOw==\" data-safe-src=\"data:image\/gif;base64,R0lGODlhAQABAIAAAP\/\/\/\/\/\/\/yH5BAEKAAEALAAAAAABAAEAAAICTAEAOw==\" \/><\/a><\/div><\/div><div id=\"envira-gallery-item-144162\" class=\"envira-gallery-item enviratope-item envira-gallery-item-15 envira-lazy-load\" style=\"padding-left: 5px; padding-bottom: 10px; padding-right: 5px;\"  itemscope itemtype=\"https:\/\/schema.org\/ImageObject\"><div class=\"envira-gallery-item-inner\"><div class=\"envira-gallery-position-overlay  envira-gallery-top-left\"><\/div><div class=\"envira-gallery-position-overlay  envira-gallery-top-right\"><\/div><div class=\"envira-gallery-position-overlay  envira-gallery-bottom-left\"><\/div><div class=\"envira-gallery-position-overlay  envira-gallery-bottom-right\"><\/div><a href=\"https:\/\/www.yoleoescaparate.com\/wp-content\/uploads\/WhatsApp-Image-2026-04-19-at-23.20.33-9.jpeg\" class=\"envira-gallery-144147 envira-gallery-link\" rel=\"enviragallery144147\" title=\"Inauguraci&oacute;n XXX Jornadas Gastron&oacute;micas de la Verdura\" data-envira-caption=\"Inauguraci&oacute;n XXX Jornadas Gastron&oacute;micas de la Verdura\" data-envira-retina=\"\" data-thumbnail=\"\"  itemprop=\"contentUrl\"><img decoding=\"async\" id=\"envira-gallery-image-144162\" class=\"envira-gallery-image envira-gallery-image-15 envira-normal envira-lazy\" data-envira-index=\"15\" src=\"https:\/\/www.yoleoescaparate.com\/wp-content\/uploads\/WhatsApp-Image-2026-04-19-at-23.20.33-9-682x1024-640x480.jpeg\" data-envira-src=\"https:\/\/www.yoleoescaparate.com\/wp-content\/uploads\/WhatsApp-Image-2026-04-19-at-23.20.33-9-682x1024-640x480.jpeg\" data-envira-gallery-id=\"144147\" data-envira-item-id=\"144162\" data-envira-caption=\"Inauguraci&oacute;n XXX Jornadas Gastron&oacute;micas de la Verdura\" alt=\"\" title=\"Inauguraci\u00f3n XXX Jornadas Gastron\u00f3micas de la Verdura\"  itemprop=\"thumbnailUrl\" data-envira-srcset=\"https:\/\/www.yoleoescaparate.com\/wp-content\/uploads\/WhatsApp-Image-2026-04-19-at-23.20.33-9-682x1024-640x480.jpeg 400w,https:\/\/www.yoleoescaparate.com\/wp-content\/uploads\/WhatsApp-Image-2026-04-19-at-23.20.33-9-682x1024-640x480.jpeg 2x\" data-envira-width=\"200\" data-envira-height=\"300\" srcset=\"data:image\/gif;base64,R0lGODlhAQABAIAAAP\/\/\/\/\/\/\/yH5BAEKAAEALAAAAAABAAEAAAICTAEAOw==\" data-safe-src=\"data:image\/gif;base64,R0lGODlhAQABAIAAAP\/\/\/\/\/\/\/yH5BAEKAAEALAAAAAABAAEAAAICTAEAOw==\" \/><\/a><\/div><\/div><div id=\"envira-gallery-item-144163\" class=\"envira-gallery-item enviratope-item envira-gallery-item-16 envira-lazy-load\" style=\"padding-left: 5px; padding-bottom: 10px; padding-right: 5px;\"  itemscope itemtype=\"https:\/\/schema.org\/ImageObject\"><div class=\"envira-gallery-item-inner\"><div class=\"envira-gallery-position-overlay  envira-gallery-top-left\"><\/div><div class=\"envira-gallery-position-overlay  envira-gallery-top-right\"><\/div><div class=\"envira-gallery-position-overlay  envira-gallery-bottom-left\"><\/div><div class=\"envira-gallery-position-overlay  envira-gallery-bottom-right\"><\/div><a href=\"https:\/\/www.yoleoescaparate.com\/wp-content\/uploads\/WhatsApp-Image-2026-04-19-at-23.20.32.jpeg\" class=\"envira-gallery-144147 envira-gallery-link\" rel=\"enviragallery144147\" title=\"Inauguraci&oacute;n XXX Jornadas Gastron&oacute;micas de la Verdura\" data-envira-caption=\"Inauguraci&oacute;n XXX Jornadas Gastron&oacute;micas de la Verdura\" data-envira-retina=\"\" data-thumbnail=\"\"  itemprop=\"contentUrl\"><img decoding=\"async\" id=\"envira-gallery-image-144163\" class=\"envira-gallery-image envira-gallery-image-16 envira-normal envira-lazy\" data-envira-index=\"16\" src=\"https:\/\/www.yoleoescaparate.com\/wp-content\/uploads\/WhatsApp-Image-2026-04-19-at-23.20.32-1024x682-640x480.jpeg\" data-envira-src=\"https:\/\/www.yoleoescaparate.com\/wp-content\/uploads\/WhatsApp-Image-2026-04-19-at-23.20.32-1024x682-640x480.jpeg\" data-envira-gallery-id=\"144147\" data-envira-item-id=\"144163\" data-envira-caption=\"Inauguraci&oacute;n XXX Jornadas Gastron&oacute;micas de la Verdura\" alt=\"\" title=\"Inauguraci\u00f3n XXX Jornadas Gastron\u00f3micas de la Verdura\"  itemprop=\"thumbnailUrl\" data-envira-srcset=\"https:\/\/www.yoleoescaparate.com\/wp-content\/uploads\/WhatsApp-Image-2026-04-19-at-23.20.32-1024x682-640x480.jpeg 400w,https:\/\/www.yoleoescaparate.com\/wp-content\/uploads\/WhatsApp-Image-2026-04-19-at-23.20.32-1024x682-640x480.jpeg 2x\" data-envira-width=\"300\" data-envira-height=\"200\" srcset=\"data:image\/gif;base64,R0lGODlhAQABAIAAAP\/\/\/\/\/\/\/yH5BAEKAAEALAAAAAABAAEAAAICTAEAOw==\" data-safe-src=\"data:image\/gif;base64,R0lGODlhAQABAIAAAP\/\/\/\/\/\/\/yH5BAEKAAEALAAAAAABAAEAAAICTAEAOw==\" \/><\/a><\/div><\/div><div id=\"envira-gallery-item-144164\" class=\"envira-gallery-item enviratope-item envira-gallery-item-17 envira-lazy-load\" style=\"padding-left: 5px; padding-bottom: 10px; padding-right: 5px;\"  itemscope itemtype=\"https:\/\/schema.org\/ImageObject\"><div class=\"envira-gallery-item-inner\"><div class=\"envira-gallery-position-overlay  envira-gallery-top-left\"><\/div><div class=\"envira-gallery-position-overlay  envira-gallery-top-right\"><\/div><div class=\"envira-gallery-position-overlay  envira-gallery-bottom-left\"><\/div><div class=\"envira-gallery-position-overlay  envira-gallery-bottom-right\"><\/div><a href=\"https:\/\/www.yoleoescaparate.com\/wp-content\/uploads\/WhatsApp-Image-2026-04-19-at-23.20.33-7.jpeg\" class=\"envira-gallery-144147 envira-gallery-link\" rel=\"enviragallery144147\" title=\"Inauguraci&oacute;n XXX Jornadas Gastron&oacute;micas de la Verdura\" data-envira-caption=\"Inauguraci&oacute;n XXX Jornadas Gastron&oacute;micas de la Verdura\" data-envira-retina=\"\" data-thumbnail=\"\"  itemprop=\"contentUrl\"><img decoding=\"async\" id=\"envira-gallery-image-144164\" class=\"envira-gallery-image envira-gallery-image-17 envira-normal envira-lazy\" data-envira-index=\"17\" src=\"https:\/\/www.yoleoescaparate.com\/wp-content\/uploads\/WhatsApp-Image-2026-04-19-at-23.20.33-7-1024x682-640x480.jpeg\" data-envira-src=\"https:\/\/www.yoleoescaparate.com\/wp-content\/uploads\/WhatsApp-Image-2026-04-19-at-23.20.33-7-1024x682-640x480.jpeg\" data-envira-gallery-id=\"144147\" data-envira-item-id=\"144164\" data-envira-caption=\"Inauguraci&oacute;n XXX Jornadas Gastron&oacute;micas de la Verdura\" alt=\"\" title=\"Inauguraci\u00f3n XXX Jornadas Gastron\u00f3micas de la Verdura\"  itemprop=\"thumbnailUrl\" data-envira-srcset=\"https:\/\/www.yoleoescaparate.com\/wp-content\/uploads\/WhatsApp-Image-2026-04-19-at-23.20.33-7-1024x682-640x480.jpeg 400w,https:\/\/www.yoleoescaparate.com\/wp-content\/uploads\/WhatsApp-Image-2026-04-19-at-23.20.33-7-1024x682-640x480.jpeg 2x\" data-envira-width=\"300\" data-envira-height=\"200\" srcset=\"data:image\/gif;base64,R0lGODlhAQABAIAAAP\/\/\/\/\/\/\/yH5BAEKAAEALAAAAAABAAEAAAICTAEAOw==\" data-safe-src=\"data:image\/gif;base64,R0lGODlhAQABAIAAAP\/\/\/\/\/\/\/yH5BAEKAAEALAAAAAABAAEAAAICTAEAOw==\" \/><\/a><\/div><\/div><div id=\"envira-gallery-item-144165\" class=\"envira-gallery-item enviratope-item envira-gallery-item-18 envira-lazy-load\" style=\"padding-left: 5px; padding-bottom: 10px; padding-right: 5px;\"  itemscope itemtype=\"https:\/\/schema.org\/ImageObject\"><div class=\"envira-gallery-item-inner\"><div class=\"envira-gallery-position-overlay  envira-gallery-top-left\"><\/div><div class=\"envira-gallery-position-overlay  envira-gallery-top-right\"><\/div><div class=\"envira-gallery-position-overlay  envira-gallery-bottom-left\"><\/div><div class=\"envira-gallery-position-overlay  envira-gallery-bottom-right\"><\/div><a href=\"https:\/\/www.yoleoescaparate.com\/wp-content\/uploads\/WhatsApp-Image-2026-04-19-at-23.20.33-9-1.jpeg\" class=\"envira-gallery-144147 envira-gallery-link\" rel=\"enviragallery144147\" title=\"Inauguraci&oacute;n XXX Jornadas Gastron&oacute;micas de la Verdura\" data-envira-caption=\"Inauguraci&oacute;n XXX Jornadas Gastron&oacute;micas de la Verdura\" data-envira-retina=\"\" data-thumbnail=\"\"  itemprop=\"contentUrl\"><img decoding=\"async\" id=\"envira-gallery-image-144165\" class=\"envira-gallery-image envira-gallery-image-18 envira-normal envira-lazy\" data-envira-index=\"18\" src=\"https:\/\/www.yoleoescaparate.com\/wp-content\/uploads\/WhatsApp-Image-2026-04-19-at-23.20.33-9-1-682x1024-640x480.jpeg\" data-envira-src=\"https:\/\/www.yoleoescaparate.com\/wp-content\/uploads\/WhatsApp-Image-2026-04-19-at-23.20.33-9-1-682x1024-640x480.jpeg\" data-envira-gallery-id=\"144147\" data-envira-item-id=\"144165\" data-envira-caption=\"Inauguraci&oacute;n XXX Jornadas Gastron&oacute;micas de la Verdura\" alt=\"\" title=\"Inauguraci\u00f3n XXX Jornadas Gastron\u00f3micas de la Verdura\"  itemprop=\"thumbnailUrl\" data-envira-srcset=\"https:\/\/www.yoleoescaparate.com\/wp-content\/uploads\/WhatsApp-Image-2026-04-19-at-23.20.33-9-1-682x1024-640x480.jpeg 400w,https:\/\/www.yoleoescaparate.com\/wp-content\/uploads\/WhatsApp-Image-2026-04-19-at-23.20.33-9-1-682x1024-640x480.jpeg 2x\" data-envira-width=\"200\" data-envira-height=\"300\" srcset=\"data:image\/gif;base64,R0lGODlhAQABAIAAAP\/\/\/\/\/\/\/yH5BAEKAAEALAAAAAABAAEAAAICTAEAOw==\" data-safe-src=\"data:image\/gif;base64,R0lGODlhAQABAIAAAP\/\/\/\/\/\/\/yH5BAEKAAEALAAAAAABAAEAAAICTAEAOw==\" \/><\/a><\/div><\/div><div id=\"envira-gallery-item-144166\" class=\"envira-gallery-item enviratope-item envira-gallery-item-19 envira-lazy-load\" style=\"padding-left: 5px; padding-bottom: 10px; padding-right: 5px;\"  itemscope itemtype=\"https:\/\/schema.org\/ImageObject\"><div class=\"envira-gallery-item-inner\"><div class=\"envira-gallery-position-overlay  envira-gallery-top-left\"><\/div><div class=\"envira-gallery-position-overlay  envira-gallery-top-right\"><\/div><div class=\"envira-gallery-position-overlay  envira-gallery-bottom-left\"><\/div><div class=\"envira-gallery-position-overlay  envira-gallery-bottom-right\"><\/div><a href=\"https:\/\/www.yoleoescaparate.com\/wp-content\/uploads\/WhatsApp-Image-2026-04-19-at-23.20.33-10.jpeg\" class=\"envira-gallery-144147 envira-gallery-link\" rel=\"enviragallery144147\" title=\"Inauguraci&oacute;n XXX Jornadas Gastron&oacute;micas de la Verdura\" data-envira-caption=\"Inauguraci&oacute;n XXX Jornadas Gastron&oacute;micas de la Verdura\" data-envira-retina=\"\" data-thumbnail=\"\"  itemprop=\"contentUrl\"><img decoding=\"async\" id=\"envira-gallery-image-144166\" class=\"envira-gallery-image envira-gallery-image-19 envira-normal envira-lazy\" data-envira-index=\"19\" src=\"https:\/\/www.yoleoescaparate.com\/wp-content\/uploads\/WhatsApp-Image-2026-04-19-at-23.20.33-10-682x1024-640x480.jpeg\" data-envira-src=\"https:\/\/www.yoleoescaparate.com\/wp-content\/uploads\/WhatsApp-Image-2026-04-19-at-23.20.33-10-682x1024-640x480.jpeg\" data-envira-gallery-id=\"144147\" data-envira-item-id=\"144166\" data-envira-caption=\"Inauguraci&oacute;n XXX Jornadas Gastron&oacute;micas de la Verdura\" alt=\"\" title=\"Inauguraci\u00f3n XXX Jornadas Gastron\u00f3micas de la Verdura\"  itemprop=\"thumbnailUrl\" data-envira-srcset=\"https:\/\/www.yoleoescaparate.com\/wp-content\/uploads\/WhatsApp-Image-2026-04-19-at-23.20.33-10-682x1024-640x480.jpeg 400w,https:\/\/www.yoleoescaparate.com\/wp-content\/uploads\/WhatsApp-Image-2026-04-19-at-23.20.33-10-682x1024-640x480.jpeg 2x\" data-envira-width=\"200\" data-envira-height=\"300\" srcset=\"data:image\/gif;base64,R0lGODlhAQABAIAAAP\/\/\/\/\/\/\/yH5BAEKAAEALAAAAAABAAEAAAICTAEAOw==\" data-safe-src=\"data:image\/gif;base64,R0lGODlhAQABAIAAAP\/\/\/\/\/\/\/yH5BAEKAAEALAAAAAABAAEAAAICTAEAOw==\" \/><\/a><\/div><\/div><div id=\"envira-gallery-item-144167\" class=\"envira-gallery-item enviratope-item envira-gallery-item-20 envira-lazy-load\" style=\"padding-left: 5px; padding-bottom: 10px; padding-right: 5px;\"  itemscope itemtype=\"https:\/\/schema.org\/ImageObject\"><div class=\"envira-gallery-item-inner\"><div class=\"envira-gallery-position-overlay  envira-gallery-top-left\"><\/div><div class=\"envira-gallery-position-overlay  envira-gallery-top-right\"><\/div><div class=\"envira-gallery-position-overlay  envira-gallery-bottom-left\"><\/div><div class=\"envira-gallery-position-overlay  envira-gallery-bottom-right\"><\/div><a href=\"https:\/\/www.yoleoescaparate.com\/wp-content\/uploads\/WhatsApp-Image-2026-04-19-at-23.20.33-11.jpeg\" class=\"envira-gallery-144147 envira-gallery-link\" rel=\"enviragallery144147\" title=\"Inauguraci&oacute;n XXX Jornadas Gastron&oacute;micas de la Verdura\" data-envira-caption=\"Inauguraci&oacute;n XXX Jornadas Gastron&oacute;micas de la Verdura\" data-envira-retina=\"\" data-thumbnail=\"\"  itemprop=\"contentUrl\"><img decoding=\"async\" id=\"envira-gallery-image-144167\" class=\"envira-gallery-image envira-gallery-image-20 envira-normal envira-lazy\" data-envira-index=\"20\" src=\"https:\/\/www.yoleoescaparate.com\/wp-content\/uploads\/WhatsApp-Image-2026-04-19-at-23.20.33-11-1024x682-640x480.jpeg\" data-envira-src=\"https:\/\/www.yoleoescaparate.com\/wp-content\/uploads\/WhatsApp-Image-2026-04-19-at-23.20.33-11-1024x682-640x480.jpeg\" data-envira-gallery-id=\"144147\" data-envira-item-id=\"144167\" data-envira-caption=\"Inauguraci&oacute;n XXX Jornadas Gastron&oacute;micas de la Verdura\" alt=\"\" title=\"Inauguraci\u00f3n XXX Jornadas Gastron\u00f3micas de la Verdura\"  itemprop=\"thumbnailUrl\" data-envira-srcset=\"https:\/\/www.yoleoescaparate.com\/wp-content\/uploads\/WhatsApp-Image-2026-04-19-at-23.20.33-11-1024x682-640x480.jpeg 400w,https:\/\/www.yoleoescaparate.com\/wp-content\/uploads\/WhatsApp-Image-2026-04-19-at-23.20.33-11-1024x682-640x480.jpeg 2x\" data-envira-width=\"300\" data-envira-height=\"200\" srcset=\"data:image\/gif;base64,R0lGODlhAQABAIAAAP\/\/\/\/\/\/\/yH5BAEKAAEALAAAAAABAAEAAAICTAEAOw==\" data-safe-src=\"data:image\/gif;base64,R0lGODlhAQABAIAAAP\/\/\/\/\/\/\/yH5BAEKAAEALAAAAAABAAEAAAICTAEAOw==\" \/><\/a><\/div><\/div><div id=\"envira-gallery-item-144168\" class=\"envira-gallery-item enviratope-item envira-gallery-item-21 envira-lazy-load\" style=\"padding-left: 5px; padding-bottom: 10px; padding-right: 5px;\"  itemscope itemtype=\"https:\/\/schema.org\/ImageObject\"><div class=\"envira-gallery-item-inner\"><div class=\"envira-gallery-position-overlay  envira-gallery-top-left\"><\/div><div class=\"envira-gallery-position-overlay  envira-gallery-top-right\"><\/div><div class=\"envira-gallery-position-overlay  envira-gallery-bottom-left\"><\/div><div class=\"envira-gallery-position-overlay  envira-gallery-bottom-right\"><\/div><a href=\"https:\/\/www.yoleoescaparate.com\/wp-content\/uploads\/WhatsApp-Image-2026-04-19-at-23.20.33-12.jpeg\" class=\"envira-gallery-144147 envira-gallery-link\" rel=\"enviragallery144147\" title=\"Inauguraci&oacute;n XXX Jornadas Gastron&oacute;micas de la Verdura\" data-envira-caption=\"Inauguraci&oacute;n XXX Jornadas Gastron&oacute;micas de la Verdura\" data-envira-retina=\"\" data-thumbnail=\"\"  itemprop=\"contentUrl\"><img decoding=\"async\" id=\"envira-gallery-image-144168\" class=\"envira-gallery-image envira-gallery-image-21 envira-normal envira-lazy\" data-envira-index=\"21\" src=\"https:\/\/www.yoleoescaparate.com\/wp-content\/uploads\/WhatsApp-Image-2026-04-19-at-23.20.33-12-1024x682-640x480.jpeg\" data-envira-src=\"https:\/\/www.yoleoescaparate.com\/wp-content\/uploads\/WhatsApp-Image-2026-04-19-at-23.20.33-12-1024x682-640x480.jpeg\" data-envira-gallery-id=\"144147\" data-envira-item-id=\"144168\" data-envira-caption=\"Inauguraci&oacute;n XXX Jornadas Gastron&oacute;micas de la Verdura\" alt=\"\" title=\"Inauguraci\u00f3n XXX Jornadas Gastron\u00f3micas de la Verdura\"  itemprop=\"thumbnailUrl\" data-envira-srcset=\"https:\/\/www.yoleoescaparate.com\/wp-content\/uploads\/WhatsApp-Image-2026-04-19-at-23.20.33-12-1024x682-640x480.jpeg 400w,https:\/\/www.yoleoescaparate.com\/wp-content\/uploads\/WhatsApp-Image-2026-04-19-at-23.20.33-12-1024x682-640x480.jpeg 2x\" data-envira-width=\"300\" data-envira-height=\"200\" srcset=\"data:image\/gif;base64,R0lGODlhAQABAIAAAP\/\/\/\/\/\/\/yH5BAEKAAEALAAAAAABAAEAAAICTAEAOw==\" data-safe-src=\"data:image\/gif;base64,R0lGODlhAQABAIAAAP\/\/\/\/\/\/\/yH5BAEKAAEALAAAAAABAAEAAAICTAEAOw==\" \/><\/a><\/div><\/div><div id=\"envira-gallery-item-144169\" class=\"envira-gallery-item enviratope-item envira-gallery-item-22 envira-lazy-load\" style=\"padding-left: 5px; padding-bottom: 10px; padding-right: 5px;\"  itemscope itemtype=\"https:\/\/schema.org\/ImageObject\"><div class=\"envira-gallery-item-inner\"><div class=\"envira-gallery-position-overlay  envira-gallery-top-left\"><\/div><div class=\"envira-gallery-position-overlay  envira-gallery-top-right\"><\/div><div class=\"envira-gallery-position-overlay  envira-gallery-bottom-left\"><\/div><div class=\"envira-gallery-position-overlay  envira-gallery-bottom-right\"><\/div><a href=\"https:\/\/www.yoleoescaparate.com\/wp-content\/uploads\/WhatsApp-Image-2026-04-19-at-23.20.33.jpeg\" class=\"envira-gallery-144147 envira-gallery-link\" rel=\"enviragallery144147\" title=\"Inauguraci&oacute;n XXX Jornadas Gastron&oacute;micas de la Verdura\" data-envira-caption=\"Inauguraci&oacute;n XXX Jornadas Gastron&oacute;micas de la Verdura\" data-envira-retina=\"\" data-thumbnail=\"\"  itemprop=\"contentUrl\"><img decoding=\"async\" id=\"envira-gallery-image-144169\" class=\"envira-gallery-image envira-gallery-image-22 envira-normal envira-lazy\" data-envira-index=\"22\" src=\"https:\/\/www.yoleoescaparate.com\/wp-content\/uploads\/WhatsApp-Image-2026-04-19-at-23.20.33-1024x682-640x480.jpeg\" data-envira-src=\"https:\/\/www.yoleoescaparate.com\/wp-content\/uploads\/WhatsApp-Image-2026-04-19-at-23.20.33-1024x682-640x480.jpeg\" data-envira-gallery-id=\"144147\" data-envira-item-id=\"144169\" data-envira-caption=\"Inauguraci&oacute;n XXX Jornadas Gastron&oacute;micas de la Verdura\" alt=\"\" title=\"Inauguraci\u00f3n XXX Jornadas Gastron\u00f3micas de la Verdura\"  itemprop=\"thumbnailUrl\" data-envira-srcset=\"https:\/\/www.yoleoescaparate.com\/wp-content\/uploads\/WhatsApp-Image-2026-04-19-at-23.20.33-1024x682-640x480.jpeg 400w,https:\/\/www.yoleoescaparate.com\/wp-content\/uploads\/WhatsApp-Image-2026-04-19-at-23.20.33-1024x682-640x480.jpeg 2x\" data-envira-width=\"300\" data-envira-height=\"200\" srcset=\"data:image\/gif;base64,R0lGODlhAQABAIAAAP\/\/\/\/\/\/\/yH5BAEKAAEALAAAAAABAAEAAAICTAEAOw==\" data-safe-src=\"data:image\/gif;base64,R0lGODlhAQABAIAAAP\/\/\/\/\/\/\/yH5BAEKAAEALAAAAAABAAEAAAICTAEAOw==\" \/><\/a><\/div><\/div><div id=\"envira-gallery-item-144170\" class=\"envira-gallery-item enviratope-item envira-gallery-item-23 envira-lazy-load\" style=\"padding-left: 5px; padding-bottom: 10px; padding-right: 5px;\"  itemscope itemtype=\"https:\/\/schema.org\/ImageObject\"><div class=\"envira-gallery-item-inner\"><div class=\"envira-gallery-position-overlay  envira-gallery-top-left\"><\/div><div class=\"envira-gallery-position-overlay  envira-gallery-top-right\"><\/div><div class=\"envira-gallery-position-overlay  envira-gallery-bottom-left\"><\/div><div class=\"envira-gallery-position-overlay  envira-gallery-bottom-right\"><\/div><a href=\"https:\/\/www.yoleoescaparate.com\/wp-content\/uploads\/WhatsApp-Image-2026-04-19-at-23.20.34-1.jpeg\" class=\"envira-gallery-144147 envira-gallery-link\" rel=\"enviragallery144147\" title=\"Inauguraci&oacute;n XXX Jornadas Gastron&oacute;micas de la Verdura\" data-envira-caption=\"Inauguraci&oacute;n XXX Jornadas Gastron&oacute;micas de la Verdura\" data-envira-retina=\"\" data-thumbnail=\"\"  itemprop=\"contentUrl\"><img decoding=\"async\" id=\"envira-gallery-image-144170\" class=\"envira-gallery-image envira-gallery-image-23 envira-normal envira-lazy\" data-envira-index=\"23\" src=\"https:\/\/www.yoleoescaparate.com\/wp-content\/uploads\/WhatsApp-Image-2026-04-19-at-23.20.34-1-682x1024-640x480.jpeg\" data-envira-src=\"https:\/\/www.yoleoescaparate.com\/wp-content\/uploads\/WhatsApp-Image-2026-04-19-at-23.20.34-1-682x1024-640x480.jpeg\" data-envira-gallery-id=\"144147\" data-envira-item-id=\"144170\" data-envira-caption=\"Inauguraci&oacute;n XXX Jornadas Gastron&oacute;micas de la Verdura\" alt=\"\" title=\"Inauguraci\u00f3n XXX Jornadas Gastron\u00f3micas de la Verdura\"  itemprop=\"thumbnailUrl\" data-envira-srcset=\"https:\/\/www.yoleoescaparate.com\/wp-content\/uploads\/WhatsApp-Image-2026-04-19-at-23.20.34-1-682x1024-640x480.jpeg 400w,https:\/\/www.yoleoescaparate.com\/wp-content\/uploads\/WhatsApp-Image-2026-04-19-at-23.20.34-1-682x1024-640x480.jpeg 2x\" data-envira-width=\"200\" data-envira-height=\"300\" srcset=\"data:image\/gif;base64,R0lGODlhAQABAIAAAP\/\/\/\/\/\/\/yH5BAEKAAEALAAAAAABAAEAAAICTAEAOw==\" data-safe-src=\"data:image\/gif;base64,R0lGODlhAQABAIAAAP\/\/\/\/\/\/\/yH5BAEKAAEALAAAAAABAAEAAAICTAEAOw==\" \/><\/a><\/div><\/div><div id=\"envira-gallery-item-144171\" class=\"envira-gallery-item enviratope-item envira-gallery-item-24 envira-lazy-load\" style=\"padding-left: 5px; padding-bottom: 10px; padding-right: 5px;\"  itemscope itemtype=\"https:\/\/schema.org\/ImageObject\"><div class=\"envira-gallery-item-inner\"><div class=\"envira-gallery-position-overlay  envira-gallery-top-left\"><\/div><div class=\"envira-gallery-position-overlay  envira-gallery-top-right\"><\/div><div class=\"envira-gallery-position-overlay  envira-gallery-bottom-left\"><\/div><div class=\"envira-gallery-position-overlay  envira-gallery-bottom-right\"><\/div><a href=\"https:\/\/www.yoleoescaparate.com\/wp-content\/uploads\/WhatsApp-Image-2026-04-19-at-23.20.34-2.jpeg\" class=\"envira-gallery-144147 envira-gallery-link\" rel=\"enviragallery144147\" title=\"Inauguraci&oacute;n XXX Jornadas Gastron&oacute;micas de la Verdura\" data-envira-caption=\"Inauguraci&oacute;n XXX Jornadas Gastron&oacute;micas de la Verdura\" data-envira-retina=\"\" data-thumbnail=\"\"  itemprop=\"contentUrl\"><img decoding=\"async\" id=\"envira-gallery-image-144171\" class=\"envira-gallery-image envira-gallery-image-24 envira-normal envira-lazy\" data-envira-index=\"24\" src=\"https:\/\/www.yoleoescaparate.com\/wp-content\/uploads\/WhatsApp-Image-2026-04-19-at-23.20.34-2-1024x682-640x480.jpeg\" data-envira-src=\"https:\/\/www.yoleoescaparate.com\/wp-content\/uploads\/WhatsApp-Image-2026-04-19-at-23.20.34-2-1024x682-640x480.jpeg\" data-envira-gallery-id=\"144147\" data-envira-item-id=\"144171\" data-envira-caption=\"Inauguraci&oacute;n XXX Jornadas Gastron&oacute;micas de la Verdura\" alt=\"\" title=\"Inauguraci\u00f3n XXX Jornadas Gastron\u00f3micas de la Verdura\"  itemprop=\"thumbnailUrl\" data-envira-srcset=\"https:\/\/www.yoleoescaparate.com\/wp-content\/uploads\/WhatsApp-Image-2026-04-19-at-23.20.34-2-1024x682-640x480.jpeg 400w,https:\/\/www.yoleoescaparate.com\/wp-content\/uploads\/WhatsApp-Image-2026-04-19-at-23.20.34-2-1024x682-640x480.jpeg 2x\" data-envira-width=\"300\" data-envira-height=\"200\" srcset=\"data:image\/gif;base64,R0lGODlhAQABAIAAAP\/\/\/\/\/\/\/yH5BAEKAAEALAAAAAABAAEAAAICTAEAOw==\" data-safe-src=\"data:image\/gif;base64,R0lGODlhAQABAIAAAP\/\/\/\/\/\/\/yH5BAEKAAEALAAAAAABAAEAAAICTAEAOw==\" \/><\/a><\/div><\/div><\/div><\/div><noscript><img decoding=\"async\" src=\"https:\/\/www.yoleoescaparate.com\/wp-content\/uploads\/504421-1-scaled.jpeg\" alt=\"\" \/><img decoding=\"async\" src=\"https:\/\/www.yoleoescaparate.com\/wp-content\/uploads\/504421-2-scaled.jpeg\" alt=\"\" \/><img decoding=\"async\" src=\"https:\/\/www.yoleoescaparate.com\/wp-content\/uploads\/504421-3-scaled.jpeg\" alt=\"\" \/><img decoding=\"async\" src=\"https:\/\/www.yoleoescaparate.com\/wp-content\/uploads\/504421-4-scaled.jpeg\" alt=\"\" \/><img decoding=\"async\" src=\"https:\/\/www.yoleoescaparate.com\/wp-content\/uploads\/504421-5-scaled.jpeg\" alt=\"\" \/><img decoding=\"async\" src=\"https:\/\/www.yoleoescaparate.com\/wp-content\/uploads\/504421-scaled.jpeg\" alt=\"\" \/><img decoding=\"async\" src=\"https:\/\/www.yoleoescaparate.com\/wp-content\/uploads\/WhatsApp-Image-2026-04-17-at-22.15.15.jpeg\" alt=\"\" \/><img decoding=\"async\" src=\"https:\/\/www.yoleoescaparate.com\/wp-content\/uploads\/WhatsApp-Image-2026-04-17-at-22.15.151.jpeg\" alt=\"\" \/><img decoding=\"async\" src=\"https:\/\/www.yoleoescaparate.com\/wp-content\/uploads\/WhatsApp-Image-2026-04-19-at-23.20.32-1.jpeg\" alt=\"\" \/><img decoding=\"async\" src=\"https:\/\/www.yoleoescaparate.com\/wp-content\/uploads\/WhatsApp-Image-2026-04-19-at-23.20.32-4.jpeg\" alt=\"\" \/><img decoding=\"async\" src=\"https:\/\/www.yoleoescaparate.com\/wp-content\/uploads\/WhatsApp-Image-2026-04-19-at-23.20.32-8.jpeg\" alt=\"\" \/><img decoding=\"async\" src=\"https:\/\/www.yoleoescaparate.com\/wp-content\/uploads\/WhatsApp-Image-2026-04-19-at-23.20.32-10.jpeg\" alt=\"\" \/><img decoding=\"async\" src=\"https:\/\/www.yoleoescaparate.com\/wp-content\/uploads\/WhatsApp-Image-2026-04-19-at-23.20.33-1.jpeg\" alt=\"\" \/><img decoding=\"async\" src=\"https:\/\/www.yoleoescaparate.com\/wp-content\/uploads\/WhatsApp-Image-2026-04-19-at-23.20.33-6.jpeg\" alt=\"\" \/><img decoding=\"async\" src=\"https:\/\/www.yoleoescaparate.com\/wp-content\/uploads\/WhatsApp-Image-2026-04-19-at-23.20.33-9.jpeg\" alt=\"\" \/><img decoding=\"async\" src=\"https:\/\/www.yoleoescaparate.com\/wp-content\/uploads\/WhatsApp-Image-2026-04-19-at-23.20.32.jpeg\" alt=\"\" \/><img decoding=\"async\" src=\"https:\/\/www.yoleoescaparate.com\/wp-content\/uploads\/WhatsApp-Image-2026-04-19-at-23.20.33-7.jpeg\" alt=\"\" \/><img decoding=\"async\" src=\"https:\/\/www.yoleoescaparate.com\/wp-content\/uploads\/WhatsApp-Image-2026-04-19-at-23.20.33-9-1.jpeg\" alt=\"\" \/><img decoding=\"async\" src=\"https:\/\/www.yoleoescaparate.com\/wp-content\/uploads\/WhatsApp-Image-2026-04-19-at-23.20.33-10.jpeg\" alt=\"\" \/><img decoding=\"async\" src=\"https:\/\/www.yoleoescaparate.com\/wp-content\/uploads\/WhatsApp-Image-2026-04-19-at-23.20.33-11.jpeg\" alt=\"\" \/><img decoding=\"async\" src=\"https:\/\/www.yoleoescaparate.com\/wp-content\/uploads\/WhatsApp-Image-2026-04-19-at-23.20.33-12.jpeg\" alt=\"\" \/><img decoding=\"async\" src=\"https:\/\/www.yoleoescaparate.com\/wp-content\/uploads\/WhatsApp-Image-2026-04-19-at-23.20.33.jpeg\" alt=\"\" \/><img decoding=\"async\" src=\"https:\/\/www.yoleoescaparate.com\/wp-content\/uploads\/WhatsApp-Image-2026-04-19-at-23.20.34-1.jpeg\" alt=\"\" \/><img decoding=\"async\" src=\"https:\/\/www.yoleoescaparate.com\/wp-content\/uploads\/WhatsApp-Image-2026-04-19-at-23.20.34-2.jpeg\" alt=\"\" \/><\/noscript><\/code><\/p>\n","protected":false},"excerpt":{"rendered":"","protected":false},"author":1,"featured_media":144173,"comment_status":"open","ping_status":"open","sticky":false,"template":"","format":"standard","meta":{"colormag_page_container_layout":"default_layout","colormag_page_sidebar_layout":"default_layout","om_disable_all_campaigns":false,"_monsterinsights_skip_tracking":false,"_monsterinsights_sitenote_active":false,"_monsterinsights_sitenote_note":"","_monsterinsights_sitenote_category":0,"footnotes":""},"categories":[4,205],"tags":[16],"class_list":["post-144172","post","type-post","status-publish","format-standard","has-post-thumbnail","hentry","category-calahorra","category-imagenes","tag-calahorra"],"aioseo_notices":[],"_links":{"self":[{"href":"https:\/\/www.yoleoescaparate.com\/index.php?rest_route=\/wp\/v2\/posts\/144172","targetHints":{"allow":["GET"]}}],"collection":[{"href":"https:\/\/www.yoleoescaparate.com\/index.php?rest_route=\/wp\/v2\/posts"}],"about":[{"href":"https:\/\/www.yoleoescaparate.com\/index.php?rest_route=\/wp\/v2\/types\/post"}],"author":[{"embeddable":true,"href":"https:\/\/www.yoleoescaparate.com\/index.php?rest_route=\/wp\/v2\/users\/1"}],"replies":[{"embeddable":true,"href":"https:\/\/www.yoleoescaparate.com\/index.php?rest_route=%2Fwp%2Fv2%2Fcomments&post=144172"}],"version-history":[{"count":1,"href":"https:\/\/www.yoleoescaparate.com\/index.php?rest_route=\/wp\/v2\/posts\/144172\/revisions"}],"predecessor-version":[{"id":144174,"href":"https:\/\/www.yoleoescaparate.com\/index.php?rest_route=\/wp\/v2\/posts\/144172\/revisions\/144174"}],"wp:featuredmedia":[{"embeddable":true,"href":"https:\/\/www.yoleoescaparate.com\/index.php?rest_route=\/wp\/v2\/media\/144173"}],"wp:attachment":[{"href":"https:\/\/www.yoleoescaparate.com\/index.php?rest_route=%2Fwp%2Fv2%2Fmedia&parent=144172"}],"wp:term":[{"taxonomy":"category","embeddable":true,"href":"https:\/\/www.yoleoescaparate.com\/index.php?rest_route=%2Fwp%2Fv2%2Fcategories&post=144172"},{"taxonomy":"post_tag","embeddable":true,"href":"https:\/\/www.yoleoescaparate.com\/index.php?rest_route=%2Fwp%2Fv2%2Ftags&post=144172"}],"curies":[{"name":"wp","href":"https:\/\/api.w.org\/{rel}","templated":true}]}}