{"id":144279,"date":"2026-04-20T11:57:25","date_gmt":"2026-04-20T09:57:25","guid":{"rendered":"https:\/\/www.yoleoescaparate.com\/?p=144279"},"modified":"2026-04-20T11:57:28","modified_gmt":"2026-04-20T09:57:28","slug":"el-museo-de-la-verdura-estrena-dos-innovadores-espacios-multisensoriales-sobre-los-productos-del-campo-calagurritano","status":"publish","type":"post","link":"https:\/\/www.yoleoescaparate.com\/?p=144279","title":{"rendered":"El Museo de la Verdura estrena dos innovadores espacios multisensoriales sobre los productos del campo calagurritano"},"content":{"rendered":"\n<!--more-->\n\n\n\n<ul class=\"wp-block-list\">\n<li><strong>Una experiencia inmersiva que combina tecnolog\u00eda, sensorialidad y patrimonio<\/strong><\/li>\n\n\n\n<li><strong>Consisten en 7 estaciones olfativas y una proyecci\u00f3n multisensorial sobre el proceso de las verduras, desde su cultivo hasta su transformaci\u00f3n gastron\u00f3mica<\/strong><\/li>\n<\/ul>\n\n\n\n<figure class=\"wp-block-image size-full\"><img loading=\"lazy\" decoding=\"async\" width=\"728\" height=\"200\" src=\"https:\/\/www.yoleoescaparate.com\/wp-content\/uploads\/BannerWAEscaparate.gif\" alt=\"\" class=\"wp-image-141769\"\/><\/figure>\n\n\n\n<p>El Museo de la Verdura, \u00fanico en Espa\u00f1a dedicado a las verduras, ampl\u00eda su propuesta expositiva con la incorporaci\u00f3n de dos nuevos espacios multisensoriales permanentes sobre el campo calagurritano, enmarcados en la actuaci\u00f3n <em>\u2018Experiencia sensorial y tecnol\u00f3gica en la Ciudad de la Verdura\u2019<\/em><em>,<\/em> incluida dentro del Plan de Sostenibilidad Tur\u00edstica \u2018Calahorra enogastron\u00f3mica\u2019.<\/p>\n\n\n\n<p>Este proyecto, financiado por la Uni\u00f3n Europea a trav\u00e9s de los fondos NextGenerationEU dentro del Plan de Recuperaci\u00f3n, Transformaci\u00f3n y Resiliencia (PRTR), tiene como objetivo impulsar un modelo de turismo experiencial e innovador, poniendo en valor el patrimonio hort\u00edcola calagurritano.<\/p>\n\n\n\n<p>La intervenci\u00f3n propone un novedoso enfoque basado en la estimulaci\u00f3n de los sentidos (vista, olfato, o\u00eddo y tacto) para crear una experiencia inmersiva capaz de conectar al visitante con la tradici\u00f3n agr\u00edcola, la memoria y la identidad local.<\/p>\n\n\n\n<p><strong>Dos nuevos espacios para vivir la huerta con los cinco sentidos<\/strong><\/p>\n\n\n\n<p>El Museo de la Verdura estrena, hoy coincidiendo con las XXX Jornadas Gastron\u00f3micas de la Verdura, dos nuevos espacios: una sala de proyecci\u00f3n multisensorial y 7 estaciones olfativas sobre los productos que se cultivan en los campos y huertas de Calahorra.<\/p>\n\n\n\n<p>Por un lado, la planta baja del museo alberga una sala de proyecci\u00f3n multisensorial con una pieza audiovisual de reproducci\u00f3n continua. Muestra el ciclo completo de productos emblem\u00e1ticos de la huerta calagurritana, como la coliflor \u2014con Indicaci\u00f3n Geogr\u00e1fica Protegida\u2014 y la alcachofa. Desde su cultivo y recolecci\u00f3n hasta su transformaci\u00f3n gastron\u00f3mica, en conserva o en un plato de cocina. La experiencia se completa con un dise\u00f1o sensorial que envuelve al espectador, permiti\u00e9ndole sentirse parte del proceso.<\/p>\n\n\n\n<p>El v\u00eddeo crea un ambiente que hace que el espectador se sienta dentro del proceso que se cuenta a trav\u00e9s de im\u00e1genes.<\/p>\n\n\n\n<p>Por otro lado, en la primera planta del museo se han colocado 7 estaciones olfativas interactivas con 3 tubos de aromas cada uno. Estas estructuras permiten al visitante experimentar distintos aromas vinculados a los productos que se cultivan en los campos y huertas calagurritanas, mediante sistemas de liberaci\u00f3n controlada.<\/p>\n\n\n\n<p>Cada estaci\u00f3n combina informaci\u00f3n visual, textual y auditiva, facilitando la identificaci\u00f3n de los productos y su contexto. En total, el se presentan hasta 21 aromas diferentes de verduras.<\/p>\n\n\n\n<p>Los visitantes pueden interactuar directamente con estos dispositivos, activando la dispensaci\u00f3n de olores o seleccionando diferentes opciones.<\/p>\n\n\n\n<p>Estos 2 nuevos espacios conectan la tradici\u00f3n agr\u00edcola de Calahorra con la emoci\u00f3n y la memoria de las personas que visitan el Museo de la Verdura.<\/p>\n\n\n\n<p><strong>Innovaci\u00f3n, turismo y patrimonio local<\/strong><\/p>\n\n\n\n<p>Con esta iniciativa, el Ayuntamiento de Calahorra refuerza su posicionamiento como destino de referencia en turismo agroalimentario innovador, apostando por la incorporaci\u00f3n de tecnolog\u00edas avanzadas en la divulgaci\u00f3n cultural y tur\u00edstica.<\/p>\n\n\n\n<p>Se trata de dos nuevas experiencias en el Museo de la Verdura que completan y mejoran la oferta museogr\u00e1fica existente.<\/p>\n\n\n\n<p>El proyecto no solo enriquece el Museo de la Verdura, tambi\u00e9n contribuye a promocionar las verduras de la ciudad y subrayar la labor de los agricultores calagurritanos.<\/p>\n\n\n\n<p>En definitiva, esta nueva experiencia multisensorial convierte al Museo de la Verdura en un espacio de referencia donde tradici\u00f3n e innovaci\u00f3n se dan la mano para ofrecer una forma \u00fanica de descubrir la riqueza de la huerta calagurritana, as\u00ed como lo hace m\u00e1s atractivo para el visitante.<\/p>\n\n\n\n<p>El Ayuntamiento de Calahorra da las gracias a todas las personas y empresas que participan en el v\u00eddeo que se proyecta desde hoy en el museo.<\/p>\n\n\n\n<p><\/p>\n","protected":false},"excerpt":{"rendered":"","protected":false},"author":1,"featured_media":144281,"comment_status":"open","ping_status":"open","sticky":false,"template":"","format":"standard","meta":{"colormag_page_container_layout":"default_layout","colormag_page_sidebar_layout":"default_layout","om_disable_all_campaigns":false,"_monsterinsights_skip_tracking":false,"_monsterinsights_sitenote_active":false,"_monsterinsights_sitenote_note":"","_monsterinsights_sitenote_category":0,"footnotes":""},"categories":[4],"tags":[],"class_list":["post-144279","post","type-post","status-publish","format-standard","has-post-thumbnail","hentry","category-calahorra"],"aioseo_notices":[],"_links":{"self":[{"href":"https:\/\/www.yoleoescaparate.com\/index.php?rest_route=\/wp\/v2\/posts\/144279","targetHints":{"allow":["GET"]}}],"collection":[{"href":"https:\/\/www.yoleoescaparate.com\/index.php?rest_route=\/wp\/v2\/posts"}],"about":[{"href":"https:\/\/www.yoleoescaparate.com\/index.php?rest_route=\/wp\/v2\/types\/post"}],"author":[{"embeddable":true,"href":"https:\/\/www.yoleoescaparate.com\/index.php?rest_route=\/wp\/v2\/users\/1"}],"replies":[{"embeddable":true,"href":"https:\/\/www.yoleoescaparate.com\/index.php?rest_route=%2Fwp%2Fv2%2Fcomments&post=144279"}],"version-history":[{"count":1,"href":"https:\/\/www.yoleoescaparate.com\/index.php?rest_route=\/wp\/v2\/posts\/144279\/revisions"}],"predecessor-version":[{"id":144282,"href":"https:\/\/www.yoleoescaparate.com\/index.php?rest_route=\/wp\/v2\/posts\/144279\/revisions\/144282"}],"wp:featuredmedia":[{"embeddable":true,"href":"https:\/\/www.yoleoescaparate.com\/index.php?rest_route=\/wp\/v2\/media\/144281"}],"wp:attachment":[{"href":"https:\/\/www.yoleoescaparate.com\/index.php?rest_route=%2Fwp%2Fv2%2Fmedia&parent=144279"}],"wp:term":[{"taxonomy":"category","embeddable":true,"href":"https:\/\/www.yoleoescaparate.com\/index.php?rest_route=%2Fwp%2Fv2%2Fcategories&post=144279"},{"taxonomy":"post_tag","embeddable":true,"href":"https:\/\/www.yoleoescaparate.com\/index.php?rest_route=%2Fwp%2Fv2%2Ftags&post=144279"}],"curies":[{"name":"wp","href":"https:\/\/api.w.org\/{rel}","templated":true}]}}