{"id":144385,"date":"2026-04-22T09:35:11","date_gmt":"2026-04-22T07:35:11","guid":{"rendered":"https:\/\/www.yoleoescaparate.com\/?p=144385"},"modified":"2026-04-22T09:35:16","modified_gmt":"2026-04-22T07:35:16","slug":"la-biblioteca-de-alfaro-se-suma-un-ano-mas-a-la-celebracion-del-dia-internacional-del-libro","status":"publish","type":"post","link":"https:\/\/www.yoleoescaparate.com\/?p=144385","title":{"rendered":"La Biblioteca de Alfaro se suma un a\u00f1o m\u00e1s a la celebraci\u00f3n del D\u00eda Internacional del Libro"},"content":{"rendered":"\n<!--more-->\n\n\n\n<figure class=\"wp-block-image size-full\"><a href=\"https:\/\/wa.me\/+34667787977\"><img loading=\"lazy\" decoding=\"async\" width=\"728\" height=\"200\" src=\"https:\/\/www.yoleoescaparate.com\/wp-content\/uploads\/BannerWAEscaparate.gif\" alt=\"\" class=\"wp-image-141769\"\/><\/a><\/figure>\n\n\n\n<p>La Biblioteca de Alfaro se suma un a\u00f1o m\u00e1s a la celebraci\u00f3n del D\u00eda Internacional del Libro con una variada programaci\u00f3n cultural dirigida a todos los p\u00fablicos, enmarcada dentro de la Semana del Libro, que se desarrollar\u00e1 del 22 al 24 de abril.<\/p>\n\n\n\n<p>El 23 de abril, fecha clave en el calendario literario mundial, conmemora el D\u00eda del Libro y del Derecho de Autor, instaurado en 1995 por la UNESCO. Esta jornada rinde homenaje a la literatura universal y busca fomentar la lectura, fortalecer la industria editorial y proteger la propiedad intelectual. La elecci\u00f3n de este d\u00eda no es casual: coincide simb\u00f3licamente con la muerte de grandes figuras de las letras como Miguel de Cervantes Saavedra y William Shakespeare, ambos fallecidos en 1616, adem\u00e1s de estar vinculada a otros autores destacados como el Inca Garcilaso de la Vega o Maurice Druon.<\/p>\n\n\n\n<p>En este contexto, la Biblioteca de Alfaro ha organizado una agenda repleta de actividades educativas y culturales con el objetivo de acercar la lectura a la ciudadan\u00eda y despertar el inter\u00e9s por los libros desde edades tempranas.<\/p>\n\n\n\n<p>La programaci\u00f3n arrancar\u00e1 el mi\u00e9rcoles 22 de abril con visitas escolares en horario de 10:30 a 12:30 horas, donde los m\u00e1s peque\u00f1os podr\u00e1n disfrutar de una excursi\u00f3n a la biblioteca acompa\u00f1ada de diversas actividades l\u00fadicas. Por la tarde, de 18:30 a 19:30 horas, tendr\u00e1 lugar la representaci\u00f3n teatral infantil \u201cSalvemos los cuentos\u201d, a cargo de Iluna Producciones.<\/p>\n\n\n\n<p>El jueves 23 de abril, coincidiendo con el D\u00eda del Libro, comenzar\u00e1 con la visita de la Asociaci\u00f3n Alzheimer entre las 10:15 y las 11:30 horas. Ya por la tarde, de 18:00 a 19:00 horas, se celebrar\u00e1 el encuentro literario \u201cEscritores en ruta\u201d, que contar\u00e1 con la participaci\u00f3n del autor Teodoro L. Basterra, ofreciendo al p\u00fablico la oportunidad de conocer de cerca su obra y trayectoria.<\/p>\n\n\n\n<p>Las actividades concluir\u00e1n el viernes 24 de abril con nuevas visitas, en esta ocasi\u00f3n de guarder\u00edas, de 10:30 a 11:30 horas, en una jornada pensada para el disfrute de los m\u00e1s peque\u00f1os. Por la tarde, de 18:15 a 19:00 horas, la biblioteca acoger\u00e1 \u201cMolinos de palabras\u201d, una lectura quijotesca en la que participar\u00e1 la Asociaci\u00f3n Escr\u00edbere, poniendo el broche final a esta semana dedicada a la literatura.<\/p>\n\n\n\n<p>Con esta iniciativa, Alfaro refuerza su compromiso con la cultura y la educaci\u00f3n, subrayando la importancia del libro como herramienta fundamental para el desarrollo personal y social.<\/p>\n","protected":false},"excerpt":{"rendered":"","protected":false},"author":1,"featured_media":144386,"comment_status":"open","ping_status":"open","sticky":false,"template":"","format":"standard","meta":{"colormag_page_container_layout":"default_layout","colormag_page_sidebar_layout":"default_layout","om_disable_all_campaigns":false,"_monsterinsights_skip_tracking":false,"_monsterinsights_sitenote_active":false,"_monsterinsights_sitenote_note":"","_monsterinsights_sitenote_category":0,"footnotes":""},"categories":[5,212],"tags":[72],"class_list":["post-144385","post","type-post","status-publish","format-standard","has-post-thumbnail","hentry","category-alfaro","category-planes","tag-alfaro"],"aioseo_notices":[],"_links":{"self":[{"href":"https:\/\/www.yoleoescaparate.com\/index.php?rest_route=\/wp\/v2\/posts\/144385","targetHints":{"allow":["GET"]}}],"collection":[{"href":"https:\/\/www.yoleoescaparate.com\/index.php?rest_route=\/wp\/v2\/posts"}],"about":[{"href":"https:\/\/www.yoleoescaparate.com\/index.php?rest_route=\/wp\/v2\/types\/post"}],"author":[{"embeddable":true,"href":"https:\/\/www.yoleoescaparate.com\/index.php?rest_route=\/wp\/v2\/users\/1"}],"replies":[{"embeddable":true,"href":"https:\/\/www.yoleoescaparate.com\/index.php?rest_route=%2Fwp%2Fv2%2Fcomments&post=144385"}],"version-history":[{"count":1,"href":"https:\/\/www.yoleoescaparate.com\/index.php?rest_route=\/wp\/v2\/posts\/144385\/revisions"}],"predecessor-version":[{"id":144387,"href":"https:\/\/www.yoleoescaparate.com\/index.php?rest_route=\/wp\/v2\/posts\/144385\/revisions\/144387"}],"wp:featuredmedia":[{"embeddable":true,"href":"https:\/\/www.yoleoescaparate.com\/index.php?rest_route=\/wp\/v2\/media\/144386"}],"wp:attachment":[{"href":"https:\/\/www.yoleoescaparate.com\/index.php?rest_route=%2Fwp%2Fv2%2Fmedia&parent=144385"}],"wp:term":[{"taxonomy":"category","embeddable":true,"href":"https:\/\/www.yoleoescaparate.com\/index.php?rest_route=%2Fwp%2Fv2%2Fcategories&post=144385"},{"taxonomy":"post_tag","embeddable":true,"href":"https:\/\/www.yoleoescaparate.com\/index.php?rest_route=%2Fwp%2Fv2%2Ftags&post=144385"}],"curies":[{"name":"wp","href":"https:\/\/api.w.org\/{rel}","templated":true}]}}