{"id":144818,"date":"2026-04-28T14:01:26","date_gmt":"2026-04-28T12:01:26","guid":{"rendered":"https:\/\/www.yoleoescaparate.com\/?p=144818"},"modified":"2026-04-28T14:01:30","modified_gmt":"2026-04-28T12:01:30","slug":"san-adrian-presenta-el-proyecto-san-adrian-capital-de-la-industria-agroalimentaria","status":"publish","type":"post","link":"https:\/\/www.yoleoescaparate.com\/?p=144818","title":{"rendered":"San Adri\u00e1n presenta el proyecto: \u201cSan Adri\u00e1n capital de la Industria Agroalimentaria\u201d"},"content":{"rendered":"\n<!--more-->\n\n\n\n<p><strong>El consistorio presenta el proyecto con el que quiere reiterar la apuesta por la industria que le ha hecho ser la localidad que hoy es.<\/strong><\/p>\n\n\n\n<figure class=\"wp-block-image size-full\"><a href=\"https:\/\/wa.me\/+34667787977\"><img loading=\"lazy\" decoding=\"async\" width=\"728\" height=\"200\" src=\"https:\/\/www.yoleoescaparate.com\/wp-content\/uploads\/BannerWAEscaparate.gif\" alt=\"\" class=\"wp-image-141769\"\/><\/a><\/figure>\n\n\n\n<p><br><br>El Ayuntamiento de San Adri\u00e1n presenta el proyecto: \u201cSan Adri\u00e1n capital de la Industria Agroalimentaria\u201d, un proyecto que busca reiterar la apuesta por la industria que ha hecho de la localidad lo que hoy es. Pasado y futuro se unen en un mismo proyecto para reconocer la importancia, una vez m\u00e1s, de la Industria Agroalimentaria en la historia de San Adri\u00e1n.<br><br>El proyecto toma forma gracias a tres pilares fundamentales: la II Edici\u00f3n de la Feria de la Conserva, la Ruta de las Chimeneas y la Gymkana \u201cLa \u00faltima lata\u201d.<br><br><strong>Edici\u00f3n de la Feria de la Conserva<\/strong><br>El pr\u00f3ximo domingo 17 de mayo tendr\u00e1 lugar la II Edici\u00f3n de la Feria de la conserva.<br>Impulsado desde la concejal\u00eda de Industria y Turismo, la Feria de la Conserva vuelve a San Adri\u00e1n por todo lo alto: con puestos de alimentaci\u00f3n y bebida, actuaciones y talleres infantiles, exposici\u00f3n de maquinaria, showcooking y degustaciones.<br>Al igual que el a\u00f1o pasado, el pistoletazo de salida lo dar\u00e1 la ruta de pinchos \u201cconserveros\u201d por los bares de la localidad las tardes del viernes y el s\u00e1bado.<br><br><strong>La historia de San Adri\u00e1n en la calle con la \u201cRuta de las Chimeneas\u201d<\/strong><br>Hablar de San Adri\u00e1n sin hablar de la industria conservera es pr\u00e1cticamente imposible, por eso el Ayuntamiento de San Adri\u00e1n ha decidido dise\u00f1ar la \u201cRuta de las Chimeneas\u201d.<br>Un paseo por las calles de nuestra localidad entre los gigantes de ladrillo e historias de vida que nos ayudan a recorrer nuestra esencia, el esfuerzo de nuestros antepasados y el esp\u00edritu emprendedor que nos puso en el mapa del mundo y, que dej\u00f3 un legado que permanece vivo en el ADN de nuestras empresas actuales.<br>Ocho paradas a lo largo y ancho de la localidad que con c\u00f3digos QR que ayudan a entender y a revivir los a\u00f1os en los que el sonido de las sirenas y el humo de las conserveras cubr\u00edan San Adri\u00e1n.<br><br><strong>Nuestra esencia hecha Gymkana: \u201cLa \u00faltima lata\u201d<\/strong><br>Para que la historia no se olvide y siga viva, desde la concejal\u00eda de Industria y Turismo en colaboraci\u00f3n con Consorcio Eder, se ha presentado la Gymkana \u201cLa \u00faltima lata\u201d. Un juego recreativo en el que los m\u00e1s peque\u00f1os tendr\u00e1n que seguir diferentes pistas que le llevar\u00e1n a recorrer las calles de San Adri\u00e1n con el fin de encontrar el mensaje que alguien escondi\u00f3 dentro de \u201cLa \u00faltima lata\u201d.<br>Historia y diversi\u00f3n juntos en una Gymkana que busca mantener en nuestro futuro la historia que nos dio nombre.<br>El proyecto: \u201cSan Adri\u00e1n capital de la Industria Agroalimentaria\u201d un aut\u00e9ntico homenaje a la historia, todav\u00eda latente del pueblo.<\/p>\n","protected":false},"excerpt":{"rendered":"","protected":false},"author":1,"featured_media":144819,"comment_status":"open","ping_status":"open","sticky":false,"template":"","format":"standard","meta":{"colormag_page_container_layout":"default_layout","colormag_page_sidebar_layout":"default_layout","om_disable_all_campaigns":false,"_monsterinsights_skip_tracking":false,"_monsterinsights_sitenote_active":false,"_monsterinsights_sitenote_note":"","_monsterinsights_sitenote_category":0,"footnotes":""},"categories":[11],"tags":[22],"class_list":["post-144818","post","type-post","status-publish","format-standard","has-post-thumbnail","hentry","category-san-adrian","tag-san-adrian"],"aioseo_notices":[],"_links":{"self":[{"href":"https:\/\/www.yoleoescaparate.com\/index.php?rest_route=\/wp\/v2\/posts\/144818","targetHints":{"allow":["GET"]}}],"collection":[{"href":"https:\/\/www.yoleoescaparate.com\/index.php?rest_route=\/wp\/v2\/posts"}],"about":[{"href":"https:\/\/www.yoleoescaparate.com\/index.php?rest_route=\/wp\/v2\/types\/post"}],"author":[{"embeddable":true,"href":"https:\/\/www.yoleoescaparate.com\/index.php?rest_route=\/wp\/v2\/users\/1"}],"replies":[{"embeddable":true,"href":"https:\/\/www.yoleoescaparate.com\/index.php?rest_route=%2Fwp%2Fv2%2Fcomments&post=144818"}],"version-history":[{"count":1,"href":"https:\/\/www.yoleoescaparate.com\/index.php?rest_route=\/wp\/v2\/posts\/144818\/revisions"}],"predecessor-version":[{"id":144820,"href":"https:\/\/www.yoleoescaparate.com\/index.php?rest_route=\/wp\/v2\/posts\/144818\/revisions\/144820"}],"wp:featuredmedia":[{"embeddable":true,"href":"https:\/\/www.yoleoescaparate.com\/index.php?rest_route=\/wp\/v2\/media\/144819"}],"wp:attachment":[{"href":"https:\/\/www.yoleoescaparate.com\/index.php?rest_route=%2Fwp%2Fv2%2Fmedia&parent=144818"}],"wp:term":[{"taxonomy":"category","embeddable":true,"href":"https:\/\/www.yoleoescaparate.com\/index.php?rest_route=%2Fwp%2Fv2%2Fcategories&post=144818"},{"taxonomy":"post_tag","embeddable":true,"href":"https:\/\/www.yoleoescaparate.com\/index.php?rest_route=%2Fwp%2Fv2%2Ftags&post=144818"}],"curies":[{"name":"wp","href":"https:\/\/api.w.org\/{rel}","templated":true}]}}