{"id":144866,"date":"2026-04-30T12:45:00","date_gmt":"2026-04-30T10:45:00","guid":{"rendered":"https:\/\/www.yoleoescaparate.com\/?p=144866"},"modified":"2026-04-30T12:48:30","modified_gmt":"2026-04-30T10:48:30","slug":"fungitur-2026-tres-dias-para-celebrar-entorno-al-champinon-y-la-seta","status":"publish","type":"post","link":"https:\/\/www.yoleoescaparate.com\/?p=144866","title":{"rendered":"Fungitur 2026, tres d\u00edas para celebrar entorno al champi\u00f1\u00f3n y la seta"},"content":{"rendered":"\n<!--more-->\n\n\n\n<ul class=\"wp-block-list\">\n<li>Gastronom\u00eda, cultura y turismo se integran en una programaci\u00f3n dise\u00f1ada para todos los p\u00fablicos.<\/li>\n\n\n\n<li>EL municipio refuerza su posicionamiento como referente regional a trav\u00e9s de una feria que combina tradici\u00f3n e innovaci\u00f3n.<\/li>\n<\/ul>\n\n\n\n<figure class=\"wp-block-image size-full\"><a href=\"https:\/\/wa.me\/+34667787977\"><img loading=\"lazy\" decoding=\"async\" width=\"728\" height=\"200\" src=\"https:\/\/www.yoleoescaparate.com\/wp-content\/uploads\/BannerWAEscaparate.gif\" alt=\"\" class=\"wp-image-141769\"\/><\/a><\/figure>\n\n\n\n<p>El Ayuntamiento de Pradej\u00f3n ha dado a conocer el programa oficial de Fungitur 2026, una edici\u00f3n que consolida la feria como uno de los principales eventos gastron\u00f3micos y culturales de La Rioja, combinando tradici\u00f3n e innovaci\u00f3n en torno al champi\u00f1\u00f3n y la seta.<br>Durante tres d\u00edas, del 1 al 3 de mayo, el municipio ofrecer\u00e1 una programaci\u00f3n amplia y diversa que integra experiencias gastron\u00f3micas, actividades culturales, propuestas tur\u00edsticas y eventos populares pensados para todos los p\u00fablicos.<br>La inauguraci\u00f3n tendr\u00e1 lugar el viernes 1 de mayo en la Plaza Melchor Ezquerro, con el nombramiento del embajador del champi\u00f1\u00f3n y la seta 2026, uno de los momentos m\u00e1s esperados de la feria, acompa\u00f1ado de la presentaci\u00f3n de la jota de Pradej\u00f3n y un ambiente festivo que marcar\u00e1 el inicio de la programaci\u00f3n.<br>Uno de los ejes principales de Fungitur volver\u00e1 a ser la experiencia gastron\u00f3mica, con iniciativas como las rondas \u201cFungi de Plata\u201d, que dinamizar\u00e1n la hosteler\u00eda local, las degustaciones populares y las fungicatas, donde el vino y los productos micol\u00f3gicos se convierten en protagonistas.<br>El programa se completa con una potente oferta tur\u00edstica y divulgativa, destacando las rutas de fungiturismo a cultivos de champi\u00f1\u00f3n y seta, las visitas a las bodegas de los diezmos y las rutas hist\u00f3ricas por el municipio, reforzando el posicionamiento de Pradej\u00f3n como destino ligado a la cultura del hongo.<br>En paralelo, la feria apuesta por la cultura y la identidad local con exposiciones como la VIII Muestra de Fotograf\u00eda \u201cPradej\u00f3n, Gente y Cultura\u201d, intervenciones art\u00edsticas en el espacio urbano y propuestas esc\u00e9nicas como \u201cBrazal y Barro\u201d, que recupera la memoria de las mujeres pradejoneras.<br>El fin de semana culminar\u00e1 con la celebraci\u00f3n de la XVI Feria Intercultural, el concurso de calderetas y la entrega de los premios \u201cFungi de Plata 2026\u201d, consolidando el car\u00e1cter participativo y festivo de un evento que trasciende lo gastron\u00f3mico para convertirse en una verdadera celebraci\u00f3n colectiva.<br>Con este programa, Pradej\u00f3n no solo refuerza su identidad como principal productor de champi\u00f1\u00f3n y seta, sino que avanza en una estrategia clara de posicionamiento: convertir Fungitur en una cita imprescindible dentro del calendario regional y nacional.<\/p>\n\n\n\n<p><strong>PROGRAMACI\u00d3N OFICIAL<br>VIERNES 1 DE MAYO<\/strong><br>10:00 &#8211; 12:00 Rutas de Fungiturismo a c ultivos de champi\u00f1\u00f3n y seta.<br>10:00 &#8211; 12:00 Visita a las bodegas de los Diezmos. Lugar: Calle Diezmer\u00eda<br>12:00 Photocall amenizado por la Fungi Mascota.<br>13:00 I Ronda \u201cFungi de Plata 2026\u201d. Lugar: Establecimientos hosteleros del municipio.<br>17:00 -19:00 Visita a las bodegas de los Diezmos. Lugar: Calle Diezmer\u00eda<br>17:00 &#8211; 19.00 Exposici\u00f3n \u201cFotos de 50 a\u00f1o s de la Pe\u00f1a Uni\u00f3n 76\u201d. Lugar: Local de la Pe\u00f1a<br>19:00 Cata Blanca. (Cata de diferentes vinos blancos). Lugar: Plaza Guarderio.<br>19:00 Degustaciones. Ofrecidas por Asociaci\u00f3n Virgen de F\u00e1tima y Cofrad\u00eda de la Vera<br>Cruz. Lugar: Plaza Guarderio.<br>20:00 II Rond a \u201cFungi de Plata 2026\u201d. Lugar: Establecimientos hosteleros del municipio.<br>22:00 Concierto de m\u00fasica espa\u00f1ola \u201cKimbamba\u201d. Lugar: Plaza Constituci\u00f3n.<br><br><strong>S\u00c1BADO 2 DE MAYO<\/strong><br>11:00 &#8211; 13:00 Rutas de Fungiturismo a cultivos de champi\u00f1\u00f3n y seta.<br>11:00 &#8211; 13:00 Visita a las bodegas de los Diezmos. Lugar: Calle Diezmer\u00eda<br>11:00 Ruta hist\u00f3rica. Arte, cultura e historia por las calles de Pradej\u00f3n.<br>11:00 Proyecci\u00f3n de los videos \u201cHistoria de nuestro municipio\u201d. Lugar: Sal\u00f3n Cultural.<br>11:30 Charla coloquio Fungitrivial: verdades y mitos sobre los hongos cultivados Lugar:<br>Centro Cultural.<br>12:00 Fungicata: Cata de vinos acompa\u00f1ada de pinchos de champi\u00f1\u00f3n y\/o setas de<br>Restaurante Chandro. Lugar: Restaurante Chandro.<br>17:00 &#8211; 19:00 Rutas de Fungiturismo a cultivos de champi\u00f1\u00f3n y seta<br>17:00 &#8211; 19:00 Visita a las bodegas de los Diezmos. Lugar: Calle Diezmer\u00eda<br>17:00 &#8211; 19:00 Exposici\u00f3n \u201cFotos de 50 a\u00f1os de la Pe\u00f1a Uni\u00f3n 76\u201d Lugar: Local de la Pe\u00f1a<br>17:00 &#8211; 19:00 Talleres infantiles \u201cCultiva tu champi\u201d. Lugar: Plaza del Guarderio<br>18:00 Proyecci\u00f3n de los videos \u201cHistoria de nuestro municipio\u201d. Lugar: Sal\u00f3n Cultural.<br>18:30 \u201cBrazal y Barro\u201d Representaci\u00f3n de la Historia de diferentes mujeres pradejoneras. Lugar: Sal\u00f3n Cultural<br>20:00 Espect\u00e1culo de m\u00fasica tradicional rumana. Lugar: Plaza Co nstituci\u00f3n<br>20:00 III Ronda \u201cFungi de Plata 2026\u201d. Lugar: Establecimientos hosteleros del municipio.<\/p>\n\n\n\n<p><strong>DOMINGO 3 DE MAYO<\/strong><br>10:30 III Torneo MTB Pradej\u00f3n, salida desde C\/Calahorra. (A las 9:30h recogida de<br>dorsales)<br>11:00 &#8211; 13:00 Rutas de Fungiturismo a cultivos de champi\u00f1\u00f3n y seta.<br>11:00 &#8211; 13:00 Visita a las bodegas de los Diezmos. Lugar: Calle Diezmer\u00eda<br>11:00 &#8211; 14:00 Exposici\u00f3n \u201cFotos de 50 a\u00f1os de la Pe\u00f1a Uni\u00f3n 76\u201d Lugar: Local de la Pe\u00f1a<br>11:00 Apertura de la \u201cXVI Feria Intercultural\u201d Lugar: Plaza de Espa\u00f1a y Avda. de La Rioja<br>11:00 Ruta hist\u00f3rica. Arte, cultura e historia por las calles de Pradej\u00f3n.<br>11:30 &#8211; 13:30 Talleres Infantiles. Lugar: Plaza de Espa\u00f1a.<br>11:30 Inicio del concurso de calderetas de seta y champi\u00f1\u00f3n. Lugar: Calle Vadillos.<br>12:00 &#8211; 13:30 Degustaci\u00f3n d e t\u00e9s y postres internacionales. En Plaza Espa\u00f1a.<br>12:00 Fungicata: Cata de vinos acompa\u00f1ada de pinchos de champi\u00f1\u00f3n y\/o setas de<br>Restaurante Chandro. Lugar: Restaurante Chandro.<br>13:00 Degustaci\u00f3n de Calderetas de Setas y Champi\u00f1\u00f3n. Lugar: Plaza Espa\u00f1a.<br>17:00 &#8211; 19:00 Rutas de Fungiturismo a cultivos de champi\u00f1\u00f3n y seta.<br>17:00 &#8211; 19:00 Visita a la bodega de los diezmos.<br>17:00 &#8211; 19:00 Exposici\u00f3n \u201cFotos de 50 a\u00f1os de la Pe\u00f1a Uni\u00f3n 76\u201d L ugar: Local de la Pe\u00f1a.<br>18:00 Espect\u00e1culo de m\u00fasica tradicional \u00e1rabe. Lugar: Plaza Constituci\u00f3n.<br>18:00 Proyecci\u00f3n de los videos \u201cHistoria de nuestro municipio\u201d. Lugar: Sal\u00f3n Cultural.<br>18:30 \u201cBrazal y Barro\u201d Representaci\u00f3n de la Historio de diferentes muje res pradejoneras. Lugar: Sal\u00f3n Cultural<br>19:30 Entrega del FUNGI DE PLATA 2026 al pincho y calderetas ganadores. Acto seguido<br>sorteo popular. Lugar: Plaza Espa\u00f1a.<br>20:00 Cierre de la XVI Feria Intercultural.<br>20:00 IV Ronda \u201cFungi de Plata 2026\u201d. Lugar: Estab lecimientos hosteleros del municipio.<\/p>\n","protected":false},"excerpt":{"rendered":"","protected":false},"author":1,"featured_media":144867,"comment_status":"open","ping_status":"open","sticky":false,"template":"","format":"standard","meta":{"colormag_page_container_layout":"default_layout","colormag_page_sidebar_layout":"default_layout","om_disable_all_campaigns":false,"_monsterinsights_skip_tracking":false,"_monsterinsights_sitenote_active":false,"_monsterinsights_sitenote_note":"","_monsterinsights_sitenote_category":0,"footnotes":""},"categories":[212,9],"tags":[18],"class_list":["post-144866","post","type-post","status-publish","format-standard","has-post-thumbnail","hentry","category-planes","category-pradejon","tag-pradejon"],"aioseo_notices":[],"_links":{"self":[{"href":"https:\/\/www.yoleoescaparate.com\/index.php?rest_route=\/wp\/v2\/posts\/144866","targetHints":{"allow":["GET"]}}],"collection":[{"href":"https:\/\/www.yoleoescaparate.com\/index.php?rest_route=\/wp\/v2\/posts"}],"about":[{"href":"https:\/\/www.yoleoescaparate.com\/index.php?rest_route=\/wp\/v2\/types\/post"}],"author":[{"embeddable":true,"href":"https:\/\/www.yoleoescaparate.com\/index.php?rest_route=\/wp\/v2\/users\/1"}],"replies":[{"embeddable":true,"href":"https:\/\/www.yoleoescaparate.com\/index.php?rest_route=%2Fwp%2Fv2%2Fcomments&post=144866"}],"version-history":[{"count":1,"href":"https:\/\/www.yoleoescaparate.com\/index.php?rest_route=\/wp\/v2\/posts\/144866\/revisions"}],"predecessor-version":[{"id":144868,"href":"https:\/\/www.yoleoescaparate.com\/index.php?rest_route=\/wp\/v2\/posts\/144866\/revisions\/144868"}],"wp:featuredmedia":[{"embeddable":true,"href":"https:\/\/www.yoleoescaparate.com\/index.php?rest_route=\/wp\/v2\/media\/144867"}],"wp:attachment":[{"href":"https:\/\/www.yoleoescaparate.com\/index.php?rest_route=%2Fwp%2Fv2%2Fmedia&parent=144866"}],"wp:term":[{"taxonomy":"category","embeddable":true,"href":"https:\/\/www.yoleoescaparate.com\/index.php?rest_route=%2Fwp%2Fv2%2Fcategories&post=144866"},{"taxonomy":"post_tag","embeddable":true,"href":"https:\/\/www.yoleoescaparate.com\/index.php?rest_route=%2Fwp%2Fv2%2Ftags&post=144866"}],"curies":[{"name":"wp","href":"https:\/\/api.w.org\/{rel}","templated":true}]}}