{"id":145580,"date":"2026-05-13T13:21:15","date_gmt":"2026-05-13T11:21:15","guid":{"rendered":"https:\/\/www.yoleoescaparate.com\/?p=145580"},"modified":"2026-05-13T13:21:20","modified_gmt":"2026-05-13T11:21:20","slug":"la-confederacion-hidrografica-del-ebro-sanciona-los-vertidos-ilegales-de-residuos-de-champinon-en-pradejon-tras-la-denuncia-presentada-por-amigos-de-la-tierra-la-rioja","status":"publish","type":"post","link":"https:\/\/www.yoleoescaparate.com\/?p=145580","title":{"rendered":"La Confederaci\u00f3n Hidrogr\u00e1fica del Ebro sanciona los vertidos ilegales de residuos de champi\u00f1\u00f3n en Pradej\u00f3n tras la denuncia presentada por Amigos de la Tierra La Rioja"},"content":{"rendered":"\n<!--more-->\n\n\n\n<figure class=\"wp-block-image size-large\"><img loading=\"lazy\" decoding=\"async\" width=\"1024\" height=\"314\" src=\"https:\/\/www.yoleoescaparate.com\/wp-content\/uploads\/2022\/03\/listanoticiasCH-1024x314.jpg\" alt=\"\" class=\"wp-image-84817\" srcset=\"https:\/\/www.yoleoescaparate.com\/wp-content\/uploads\/2022\/03\/listanoticiasCH-1024x314.jpg 1024w, https:\/\/www.yoleoescaparate.com\/wp-content\/uploads\/2022\/03\/listanoticiasCH-300x92.jpg 300w, https:\/\/www.yoleoescaparate.com\/wp-content\/uploads\/2022\/03\/listanoticiasCH-768x236.jpg 768w, https:\/\/www.yoleoescaparate.com\/wp-content\/uploads\/2022\/03\/listanoticiasCH.jpg 1200w\" sizes=\"auto, (max-width: 1024px) 100vw, 1024px\" \/><\/figure>\n\n\n\n<p class=\"wp-block-paragraph\">La Confederaci\u00f3n Hidrogr\u00e1fica del Ebro (CHE) ha resuelto el procedimiento sancionador n\u00ba 2025-D-59, imponiendo una multa a la empresa responsable de los vertidos de residuos procedentes del cultivo de champi\u00f1\u00f3n y setas en el t\u00e9rmino municipal de Pradej\u00f3n (La Rioja). La sanci\u00f3n se produce a ra\u00edz de la denuncia presentada por <strong>Amigos de la Tierra La Rioja<\/strong> en febrero de 2025 por la acumulaci\u00f3n de residuos s\u00f3lidos en varias parcelas junto al cauce de la <em>Yasa Majillonda<\/em>.<\/p>\n\n\n\n<p class=\"wp-block-paragraph\">El informe del Servicio de Vigilancia del Dominio P\u00fablico Hidr\u00e1ulico de la CHE confirma que los residuos \u2014principalmente restos de sustrato y restos vegetales del cultivo de champi\u00f1\u00f3n\u2014 fueron depositados directamente sobre el terreno, sin medidas de impermeabilizaci\u00f3n ni acondicionamiento, afectando a las parcelas 146, 235, 236, 302, 479 y 480 del pol\u00edgono 10 de Pradej\u00f3n. Estas pr\u00e1cticas supon\u00edan un riesgo de contaminaci\u00f3n del suelo, de las aguas subterr\u00e1neas y del cauce p\u00fablico, en contra de lo dispuesto en el art\u00edculo 97 del Texto Refundido de la Ley de Aguas.<\/p>\n\n\n\n<p class=\"wp-block-paragraph\">Los informes t\u00e9cnicos de la Confederaci\u00f3n concluyen que la acumulaci\u00f3n de residuos en esa zona podr\u00eda provocar la contaminaci\u00f3n de las aguas superficiales y subterr\u00e1neas, identificando un riesgo real de degradaci\u00f3n ambiental. El procedimiento sancionador, iniciado en diciembre de 2025, fue cerrado tras el reconocimiento de responsabilidad por parte de la empresa denunciada y el pago voluntario de la multa, con la reducci\u00f3n del 40% contemplada por la Ley 39\/2015.<\/p>\n\n\n\n<p class=\"wp-block-paragraph\">Desde <strong>Amigos de la Tierra La Rioja<\/strong> celebramos que la Confederaci\u00f3n Hidrogr\u00e1fica del Ebro haya actuado en defensa del dominio p\u00fablico hidr\u00e1ulico y del medio ambiente riojano, dando respuesta a nuestra denuncia. Este caso demuestra la necesidad de un control efectivo de la gesti\u00f3n de residuos agrarios y de mayor vigilancia sobre las actividades que pueden afectar a los ecosistemas acu\u00e1ticos.<\/p>\n\n\n\n<p class=\"wp-block-paragraph\"><strong><em>Amigos de la Tierra La Rioja<\/em><\/strong><em> <\/em><em>reitera su compromiso con la protecci\u00f3n del territorio y los recursos naturales y reclama a las administraciones competentes una revisi\u00f3n de las pr\u00e1cticas de gesti\u00f3n de residuos agroindustriales, garantizando su adecuaci\u00f3n a la normativa ambiental y evitando que se repitan situaciones como las investigadas en Pradej\u00f3n.<\/em><\/p>\n","protected":false},"excerpt":{"rendered":"","protected":false},"author":1,"featured_media":145581,"comment_status":"open","ping_status":"open","sticky":false,"template":"","format":"standard","meta":{"colormag_page_container_layout":"default_layout","colormag_page_sidebar_layout":"default_layout","om_disable_all_campaigns":false,"_monsterinsights_skip_tracking":false,"_monsterinsights_sitenote_active":false,"_monsterinsights_sitenote_note":"","_monsterinsights_sitenote_category":0,"footnotes":""},"categories":[9],"tags":[18],"class_list":["post-145580","post","type-post","status-publish","format-standard","has-post-thumbnail","hentry","category-pradejon","tag-pradejon"],"aioseo_notices":[],"aioseo_head":"\n\t\t<!-- All in One SEO 4.9.10 - aioseo.com -->\n\t<meta name=\"description\" content=\"La Confederaci\u00f3n Hidrogr\u00e1fica del Ebro (CHE) ha resuelto el procedimiento sancionador n\u00ba 2025-D-59, imponiendo una multa a la empresa responsable de los vertidos de residuos procedentes del cultivo de champi\u00f1\u00f3n y setas en el t\u00e9rmino municipal de Pradej\u00f3n (La Rioja). La sanci\u00f3n se produce a ra\u00edz de la denuncia presentada por Amigos de la Tierra\" \/>\n\t<meta name=\"robots\" content=\"max-image-preview:large\" \/>\n\t<meta name=\"author\" content=\"Escaparate\"\/>\n\t<meta name=\"google-site-verification\" content=\"OQV8mvJF6pBZ9RiZ8C9O86ahYB3C05wO-omz3Nejrsc\" \/>\n\t<link rel=\"canonical\" href=\"https:\/\/www.yoleoescaparate.com\/?p=145580\" \/>\n\t<meta name=\"generator\" content=\"All in One SEO (AIOSEO) 4.9.10\" \/>\n\t\t<meta property=\"og:locale\" content=\"es_ES\" \/>\n\t\t<meta property=\"og:site_name\" content=\"Escaparate \u2022 Informaci\u00f3n | Noticias | Actualidad\" \/>\n\t\t<meta property=\"og:type\" content=\"article\" \/>\n\t\t<meta property=\"og:title\" content=\"La Confederaci\u00f3n Hidrogr\u00e1fica del Ebro sanciona los vertidos ilegales de residuos de champi\u00f1\u00f3n en Pradej\u00f3n tras la denuncia presentada por Amigos de la Tierra La Rioja \u2022 Escaparate\" \/>\n\t\t<meta property=\"og:description\" content=\"La Confederaci\u00f3n Hidrogr\u00e1fica del Ebro (CHE) ha resuelto el procedimiento sancionador n\u00ba 2025-D-59, imponiendo una multa a la empresa responsable de los vertidos de residuos procedentes del cultivo de champi\u00f1\u00f3n y setas en el t\u00e9rmino municipal de Pradej\u00f3n (La Rioja). La sanci\u00f3n se produce a ra\u00edz de la denuncia presentada por Amigos de la Tierra\" \/>\n\t\t<meta property=\"og:url\" content=\"https:\/\/www.yoleoescaparate.com\/?p=145580\" \/>\n\t\t<meta property=\"og:image\" content=\"https:\/\/www.yoleoescaparate.com\/wp-content\/uploads\/VertidosPradejon.jpg\" \/>\n\t\t<meta property=\"og:image:secure_url\" content=\"https:\/\/www.yoleoescaparate.com\/wp-content\/uploads\/VertidosPradejon.jpg\" \/>\n\t\t<meta property=\"og:image:width\" content=\"1200\" \/>\n\t\t<meta property=\"og:image:height\" content=\"675\" \/>\n\t\t<meta property=\"article:published_time\" content=\"2026-05-13T11:21:15+00:00\" \/>\n\t\t<meta property=\"article:modified_time\" content=\"2026-05-13T11:21:20+00:00\" \/>\n\t\t<meta property=\"article:publisher\" content=\"https:\/\/www.facebook.com\/revescaparate\" \/>\n\t\t<meta name=\"twitter:card\" content=\"summary_large_image\" \/>\n\t\t<meta name=\"twitter:site\" content=\"@rev_escaparate\" \/>\n\t\t<meta name=\"twitter:title\" content=\"La Confederaci\u00f3n Hidrogr\u00e1fica del Ebro sanciona los vertidos ilegales de residuos de champi\u00f1\u00f3n en Pradej\u00f3n tras la denuncia presentada por Amigos de la Tierra La Rioja \u2022 Escaparate\" \/>\n\t\t<meta name=\"twitter:description\" content=\"La Confederaci\u00f3n Hidrogr\u00e1fica del Ebro (CHE) ha resuelto el procedimiento sancionador n\u00ba 2025-D-59, imponiendo una multa a la empresa responsable de los vertidos de residuos procedentes del cultivo de champi\u00f1\u00f3n y setas en el t\u00e9rmino municipal de Pradej\u00f3n (La Rioja). La sanci\u00f3n se produce a ra\u00edz de la denuncia presentada por Amigos de la Tierra\" \/>\n\t\t<meta name=\"twitter:creator\" content=\"@rev_escaparate\" \/>\n\t\t<meta name=\"twitter:image\" content=\"https:\/\/www.yoleoescaparate.com\/wp-content\/uploads\/VertidosPradejon.jpg\" \/>\n\t\t<script type=\"application\/ld+json\" class=\"aioseo-schema\">\n\t\t\t{\"@context\":\"https:\\\/\\\/schema.org\",\"@graph\":[{\"@type\":\"BlogPosting\",\"@id\":\"https:\\\/\\\/www.yoleoescaparate.com\\\/?p=145580#blogposting\",\"name\":\"La Confederaci\\u00f3n Hidrogr\\u00e1fica del Ebro sanciona los vertidos ilegales de residuos de champi\\u00f1\\u00f3n en Pradej\\u00f3n tras la denuncia presentada por Amigos de la Tierra La Rioja \\u2022 Escaparate\",\"headline\":\"La Confederaci\\u00f3n Hidrogr\\u00e1fica del Ebro sanciona los vertidos ilegales de residuos de champi\\u00f1\\u00f3n en Pradej\\u00f3n tras la denuncia presentada por Amigos de la Tierra La Rioja\",\"author\":{\"@id\":\"https:\\\/\\\/www.yoleoescaparate.com\\\/?author=1#author\"},\"publisher\":{\"@id\":\"https:\\\/\\\/www.yoleoescaparate.com\\\/#organization\"},\"image\":{\"@type\":\"ImageObject\",\"url\":\"https:\\\/\\\/www.yoleoescaparate.com\\\/wp-content\\\/uploads\\\/VertidosPradejon.jpg\",\"width\":1200,\"height\":675},\"datePublished\":\"2026-05-13T13:21:15+02:00\",\"dateModified\":\"2026-05-13T13:21:20+02:00\",\"inLanguage\":\"es-ES\",\"mainEntityOfPage\":{\"@id\":\"https:\\\/\\\/www.yoleoescaparate.com\\\/?p=145580#webpage\"},\"isPartOf\":{\"@id\":\"https:\\\/\\\/www.yoleoescaparate.com\\\/?p=145580#webpage\"},\"articleSection\":\"Pradej\\u00f3n, pradejon\"},{\"@type\":\"BreadcrumbList\",\"@id\":\"https:\\\/\\\/www.yoleoescaparate.com\\\/?p=145580#breadcrumblist\",\"itemListElement\":[{\"@type\":\"ListItem\",\"@id\":\"https:\\\/\\\/www.yoleoescaparate.com#listItem\",\"position\":1,\"name\":\"Home\",\"item\":\"https:\\\/\\\/www.yoleoescaparate.com\",\"nextItem\":{\"@type\":\"ListItem\",\"@id\":\"https:\\\/\\\/www.yoleoescaparate.com\\\/?cat=9#listItem\",\"name\":\"Pradej\\u00f3n\"}},{\"@type\":\"ListItem\",\"@id\":\"https:\\\/\\\/www.yoleoescaparate.com\\\/?cat=9#listItem\",\"position\":2,\"name\":\"Pradej\\u00f3n\",\"item\":\"https:\\\/\\\/www.yoleoescaparate.com\\\/?cat=9\",\"nextItem\":{\"@type\":\"ListItem\",\"@id\":\"https:\\\/\\\/www.yoleoescaparate.com\\\/?p=145580#listItem\",\"name\":\"La Confederaci\\u00f3n Hidrogr\\u00e1fica del Ebro sanciona los vertidos ilegales de residuos de champi\\u00f1\\u00f3n en Pradej\\u00f3n tras la denuncia presentada por Amigos de la Tierra La Rioja\"},\"previousItem\":{\"@type\":\"ListItem\",\"@id\":\"https:\\\/\\\/www.yoleoescaparate.com#listItem\",\"name\":\"Home\"}},{\"@type\":\"ListItem\",\"@id\":\"https:\\\/\\\/www.yoleoescaparate.com\\\/?p=145580#listItem\",\"position\":3,\"name\":\"La Confederaci\\u00f3n Hidrogr\\u00e1fica del Ebro sanciona los vertidos ilegales de residuos de champi\\u00f1\\u00f3n en Pradej\\u00f3n tras la denuncia presentada por Amigos de la Tierra La Rioja\",\"previousItem\":{\"@type\":\"ListItem\",\"@id\":\"https:\\\/\\\/www.yoleoescaparate.com\\\/?cat=9#listItem\",\"name\":\"Pradej\\u00f3n\"}}]},{\"@type\":\"Organization\",\"@id\":\"https:\\\/\\\/www.yoleoescaparate.com\\\/#organization\",\"name\":\"Escaparate\",\"description\":\"Informaci\\u00f3n | Noticias | Actualidad\",\"url\":\"https:\\\/\\\/www.yoleoescaparate.com\\\/\",\"logo\":{\"@type\":\"ImageObject\",\"url\":\"https:\\\/\\\/www.yoleoescaparate.com\\\/wp-content\\\/uploads\\\/2022\\\/02\\\/logoF.jpg\",\"@id\":\"https:\\\/\\\/www.yoleoescaparate.com\\\/?p=145580\\\/#organizationLogo\",\"width\":350,\"height\":360},\"image\":{\"@id\":\"https:\\\/\\\/www.yoleoescaparate.com\\\/?p=145580\\\/#organizationLogo\"},\"sameAs\":[\"https:\\\/\\\/www.facebook.com\\\/revescaparate\",\"https:\\\/\\\/twitter.com\\\/rev_escaparate\",\"https:\\\/\\\/www.instagram.com\\\/yoleoescaparate\\\/\",\"https:\\\/\\\/www.youtube.com\\\/channel\\\/UCj1lDjkqSzCH14bZmq-kWsQ\"]},{\"@type\":\"Person\",\"@id\":\"https:\\\/\\\/www.yoleoescaparate.com\\\/?author=1#author\",\"url\":\"https:\\\/\\\/www.yoleoescaparate.com\\\/?author=1\",\"name\":\"Escaparate\",\"image\":{\"@type\":\"ImageObject\",\"@id\":\"https:\\\/\\\/www.yoleoescaparate.com\\\/?p=145580#authorImage\",\"url\":\"https:\\\/\\\/secure.gravatar.com\\\/avatar\\\/d4681a657e3ba11aa052dc7c62193f217364db55960ea15739662b6564b2dafb?s=96&d=mm&r=g\",\"width\":96,\"height\":96,\"caption\":\"Escaparate\"}},{\"@type\":\"WebPage\",\"@id\":\"https:\\\/\\\/www.yoleoescaparate.com\\\/?p=145580#webpage\",\"url\":\"https:\\\/\\\/www.yoleoescaparate.com\\\/?p=145580\",\"name\":\"La Confederaci\\u00f3n Hidrogr\\u00e1fica del Ebro sanciona los vertidos ilegales de residuos de champi\\u00f1\\u00f3n en Pradej\\u00f3n tras la denuncia presentada por Amigos de la Tierra La Rioja \\u2022 Escaparate\",\"description\":\"La Confederaci\\u00f3n Hidrogr\\u00e1fica del Ebro (CHE) ha resuelto el procedimiento sancionador n\\u00ba 2025-D-59, imponiendo una multa a la empresa responsable de los vertidos de residuos procedentes del cultivo de champi\\u00f1\\u00f3n y setas en el t\\u00e9rmino municipal de Pradej\\u00f3n (La Rioja). La sanci\\u00f3n se produce a ra\\u00edz de la denuncia presentada por Amigos de la Tierra\",\"inLanguage\":\"es-ES\",\"isPartOf\":{\"@id\":\"https:\\\/\\\/www.yoleoescaparate.com\\\/#website\"},\"breadcrumb\":{\"@id\":\"https:\\\/\\\/www.yoleoescaparate.com\\\/?p=145580#breadcrumblist\"},\"author\":{\"@id\":\"https:\\\/\\\/www.yoleoescaparate.com\\\/?author=1#author\"},\"creator\":{\"@id\":\"https:\\\/\\\/www.yoleoescaparate.com\\\/?author=1#author\"},\"image\":{\"@type\":\"ImageObject\",\"url\":\"https:\\\/\\\/www.yoleoescaparate.com\\\/wp-content\\\/uploads\\\/VertidosPradejon.jpg\",\"@id\":\"https:\\\/\\\/www.yoleoescaparate.com\\\/?p=145580\\\/#mainImage\",\"width\":1200,\"height\":675},\"primaryImageOfPage\":{\"@id\":\"https:\\\/\\\/www.yoleoescaparate.com\\\/?p=145580#mainImage\"},\"datePublished\":\"2026-05-13T13:21:15+02:00\",\"dateModified\":\"2026-05-13T13:21:20+02:00\"},{\"@type\":\"WebSite\",\"@id\":\"https:\\\/\\\/www.yoleoescaparate.com\\\/#website\",\"url\":\"https:\\\/\\\/www.yoleoescaparate.com\\\/\",\"name\":\"Escaparate\",\"description\":\"Informaci\\u00f3n | Noticias | Actualidad\",\"inLanguage\":\"es-ES\",\"publisher\":{\"@id\":\"https:\\\/\\\/www.yoleoescaparate.com\\\/#organization\"}}]}\n\t\t<\/script>\n\t\t<!-- All in One SEO -->\n\n","aioseo_head_json":{"title":"La Confederaci\u00f3n Hidrogr\u00e1fica del Ebro sanciona los vertidos ilegales de residuos de champi\u00f1\u00f3n en Pradej\u00f3n tras la denuncia presentada por Amigos de la Tierra La Rioja \u2022 Escaparate","description":"La Confederaci\u00f3n Hidrogr\u00e1fica del Ebro (CHE) ha resuelto el procedimiento sancionador n\u00ba 2025-D-59, imponiendo una multa a la empresa responsable de los vertidos de residuos procedentes del cultivo de champi\u00f1\u00f3n y setas en el t\u00e9rmino municipal de Pradej\u00f3n (La Rioja). La sanci\u00f3n se produce a ra\u00edz de la denuncia presentada por Amigos de la Tierra","canonical_url":"https:\/\/www.yoleoescaparate.com\/?p=145580","robots":"max-image-preview:large","keywords":"","webmasterTools":{"google-site-verification":"OQV8mvJF6pBZ9RiZ8C9O86ahYB3C05wO-omz3Nejrsc","miscellaneous":""},"schema":{"@context":"https:\/\/schema.org","@graph":[{"@type":"BlogPosting","@id":"https:\/\/www.yoleoescaparate.com\/?p=145580#blogposting","name":"La Confederaci\u00f3n Hidrogr\u00e1fica del Ebro sanciona los vertidos ilegales de residuos de champi\u00f1\u00f3n en Pradej\u00f3n tras la denuncia presentada por Amigos de la Tierra La Rioja \u2022 Escaparate","headline":"La Confederaci\u00f3n Hidrogr\u00e1fica del Ebro sanciona los vertidos ilegales de residuos de champi\u00f1\u00f3n en Pradej\u00f3n tras la denuncia presentada por Amigos de la Tierra La Rioja","author":{"@id":"https:\/\/www.yoleoescaparate.com\/?author=1#author"},"publisher":{"@id":"https:\/\/www.yoleoescaparate.com\/#organization"},"image":{"@type":"ImageObject","url":"https:\/\/www.yoleoescaparate.com\/wp-content\/uploads\/VertidosPradejon.jpg","width":1200,"height":675},"datePublished":"2026-05-13T13:21:15+02:00","dateModified":"2026-05-13T13:21:20+02:00","inLanguage":"es-ES","mainEntityOfPage":{"@id":"https:\/\/www.yoleoescaparate.com\/?p=145580#webpage"},"isPartOf":{"@id":"https:\/\/www.yoleoescaparate.com\/?p=145580#webpage"},"articleSection":"Pradej\u00f3n, pradejon"},{"@type":"BreadcrumbList","@id":"https:\/\/www.yoleoescaparate.com\/?p=145580#breadcrumblist","itemListElement":[{"@type":"ListItem","@id":"https:\/\/www.yoleoescaparate.com#listItem","position":1,"name":"Home","item":"https:\/\/www.yoleoescaparate.com","nextItem":{"@type":"ListItem","@id":"https:\/\/www.yoleoescaparate.com\/?cat=9#listItem","name":"Pradej\u00f3n"}},{"@type":"ListItem","@id":"https:\/\/www.yoleoescaparate.com\/?cat=9#listItem","position":2,"name":"Pradej\u00f3n","item":"https:\/\/www.yoleoescaparate.com\/?cat=9","nextItem":{"@type":"ListItem","@id":"https:\/\/www.yoleoescaparate.com\/?p=145580#listItem","name":"La Confederaci\u00f3n Hidrogr\u00e1fica del Ebro sanciona los vertidos ilegales de residuos de champi\u00f1\u00f3n en Pradej\u00f3n tras la denuncia presentada por Amigos de la Tierra La Rioja"},"previousItem":{"@type":"ListItem","@id":"https:\/\/www.yoleoescaparate.com#listItem","name":"Home"}},{"@type":"ListItem","@id":"https:\/\/www.yoleoescaparate.com\/?p=145580#listItem","position":3,"name":"La Confederaci\u00f3n Hidrogr\u00e1fica del Ebro sanciona los vertidos ilegales de residuos de champi\u00f1\u00f3n en Pradej\u00f3n tras la denuncia presentada por Amigos de la Tierra La Rioja","previousItem":{"@type":"ListItem","@id":"https:\/\/www.yoleoescaparate.com\/?cat=9#listItem","name":"Pradej\u00f3n"}}]},{"@type":"Organization","@id":"https:\/\/www.yoleoescaparate.com\/#organization","name":"Escaparate","description":"Informaci\u00f3n | Noticias | Actualidad","url":"https:\/\/www.yoleoescaparate.com\/","logo":{"@type":"ImageObject","url":"https:\/\/www.yoleoescaparate.com\/wp-content\/uploads\/2022\/02\/logoF.jpg","@id":"https:\/\/www.yoleoescaparate.com\/?p=145580\/#organizationLogo","width":350,"height":360},"image":{"@id":"https:\/\/www.yoleoescaparate.com\/?p=145580\/#organizationLogo"},"sameAs":["https:\/\/www.facebook.com\/revescaparate","https:\/\/twitter.com\/rev_escaparate","https:\/\/www.instagram.com\/yoleoescaparate\/","https:\/\/www.youtube.com\/channel\/UCj1lDjkqSzCH14bZmq-kWsQ"]},{"@type":"Person","@id":"https:\/\/www.yoleoescaparate.com\/?author=1#author","url":"https:\/\/www.yoleoescaparate.com\/?author=1","name":"Escaparate","image":{"@type":"ImageObject","@id":"https:\/\/www.yoleoescaparate.com\/?p=145580#authorImage","url":"https:\/\/secure.gravatar.com\/avatar\/d4681a657e3ba11aa052dc7c62193f217364db55960ea15739662b6564b2dafb?s=96&d=mm&r=g","width":96,"height":96,"caption":"Escaparate"}},{"@type":"WebPage","@id":"https:\/\/www.yoleoescaparate.com\/?p=145580#webpage","url":"https:\/\/www.yoleoescaparate.com\/?p=145580","name":"La Confederaci\u00f3n Hidrogr\u00e1fica del Ebro sanciona los vertidos ilegales de residuos de champi\u00f1\u00f3n en Pradej\u00f3n tras la denuncia presentada por Amigos de la Tierra La Rioja \u2022 Escaparate","description":"La Confederaci\u00f3n Hidrogr\u00e1fica del Ebro (CHE) ha resuelto el procedimiento sancionador n\u00ba 2025-D-59, imponiendo una multa a la empresa responsable de los vertidos de residuos procedentes del cultivo de champi\u00f1\u00f3n y setas en el t\u00e9rmino municipal de Pradej\u00f3n (La Rioja). La sanci\u00f3n se produce a ra\u00edz de la denuncia presentada por Amigos de la Tierra","inLanguage":"es-ES","isPartOf":{"@id":"https:\/\/www.yoleoescaparate.com\/#website"},"breadcrumb":{"@id":"https:\/\/www.yoleoescaparate.com\/?p=145580#breadcrumblist"},"author":{"@id":"https:\/\/www.yoleoescaparate.com\/?author=1#author"},"creator":{"@id":"https:\/\/www.yoleoescaparate.com\/?author=1#author"},"image":{"@type":"ImageObject","url":"https:\/\/www.yoleoescaparate.com\/wp-content\/uploads\/VertidosPradejon.jpg","@id":"https:\/\/www.yoleoescaparate.com\/?p=145580\/#mainImage","width":1200,"height":675},"primaryImageOfPage":{"@id":"https:\/\/www.yoleoescaparate.com\/?p=145580#mainImage"},"datePublished":"2026-05-13T13:21:15+02:00","dateModified":"2026-05-13T13:21:20+02:00"},{"@type":"WebSite","@id":"https:\/\/www.yoleoescaparate.com\/#website","url":"https:\/\/www.yoleoescaparate.com\/","name":"Escaparate","description":"Informaci\u00f3n | Noticias | Actualidad","inLanguage":"es-ES","publisher":{"@id":"https:\/\/www.yoleoescaparate.com\/#organization"}}]},"og:locale":"es_ES","og:site_name":"Escaparate \u2022 Informaci\u00f3n | Noticias | Actualidad","og:type":"article","og:title":"La Confederaci\u00f3n Hidrogr\u00e1fica del Ebro sanciona los vertidos ilegales de residuos de champi\u00f1\u00f3n en Pradej\u00f3n tras la denuncia presentada por Amigos de la Tierra La Rioja \u2022 Escaparate","og:description":"La Confederaci\u00f3n Hidrogr\u00e1fica del Ebro (CHE) ha resuelto el procedimiento sancionador n\u00ba 2025-D-59, imponiendo una multa a la empresa responsable de los vertidos de residuos procedentes del cultivo de champi\u00f1\u00f3n y setas en el t\u00e9rmino municipal de Pradej\u00f3n (La Rioja). La sanci\u00f3n se produce a ra\u00edz de la denuncia presentada por Amigos de la Tierra","og:url":"https:\/\/www.yoleoescaparate.com\/?p=145580","og:image":"https:\/\/www.yoleoescaparate.com\/wp-content\/uploads\/VertidosPradejon.jpg","og:image:secure_url":"https:\/\/www.yoleoescaparate.com\/wp-content\/uploads\/VertidosPradejon.jpg","og:image:width":1200,"og:image:height":675,"article:published_time":"2026-05-13T11:21:15+00:00","article:modified_time":"2026-05-13T11:21:20+00:00","article:publisher":"https:\/\/www.facebook.com\/revescaparate","twitter:card":"summary_large_image","twitter:site":"@rev_escaparate","twitter:title":"La Confederaci\u00f3n Hidrogr\u00e1fica del Ebro sanciona los vertidos ilegales de residuos de champi\u00f1\u00f3n en Pradej\u00f3n tras la denuncia presentada por Amigos de la Tierra La Rioja \u2022 Escaparate","twitter:description":"La Confederaci\u00f3n Hidrogr\u00e1fica del Ebro (CHE) ha resuelto el procedimiento sancionador n\u00ba 2025-D-59, imponiendo una multa a la empresa responsable de los vertidos de residuos procedentes del cultivo de champi\u00f1\u00f3n y setas en el t\u00e9rmino municipal de Pradej\u00f3n (La Rioja). La sanci\u00f3n se produce a ra\u00edz de la denuncia presentada por Amigos de la Tierra","twitter:creator":"@rev_escaparate","twitter:image":"https:\/\/www.yoleoescaparate.com\/wp-content\/uploads\/VertidosPradejon.jpg"},"aioseo_meta_data":{"post_id":"145580","title":null,"description":null,"keywords":null,"keyphrases":{"focus":{"keyphrase":"","score":0,"analysis":{"keyphraseInTitle":{"score":0,"maxScore":9,"error":1}}},"additional":[]},"primary_term":null,"canonical_url":null,"og_title":null,"og_description":null,"og_object_type":"default","og_image_type":"default","og_image_url":null,"og_image_width":null,"og_image_height":null,"og_image_custom_url":null,"og_image_custom_fields":null,"og_video":"","og_custom_url":null,"og_article_section":null,"og_article_tags":null,"twitter_use_og":true,"twitter_card":"default","twitter_image_type":"default","twitter_image_url":null,"twitter_image_custom_url":null,"twitter_image_custom_fields":null,"twitter_title":null,"twitter_description":null,"schema":{"blockGraphs":[],"customGraphs":[],"default":{"data":{"Article":[],"Course":[],"Dataset":[],"FAQPage":[],"Movie":[],"Person":[],"Product":[],"ProductReview":[],"Car":[],"Recipe":[],"Service":[],"SoftwareApplication":[],"WebPage":[]},"graphName":"BlogPosting","isEnabled":true},"graphs":[]},"schema_type":"default","schema_type_options":null,"pillar_content":false,"robots_default":true,"robots_noindex":false,"robots_noarchive":false,"robots_nosnippet":false,"robots_nofollow":false,"robots_noimageindex":false,"robots_noodp":false,"robots_notranslate":false,"robots_max_snippet":"-1","robots_max_videopreview":"-1","robots_max_imagepreview":"large","priority":null,"frequency":"default","local_seo":null,"breadcrumb_settings":null,"limit_modified_date":false,"ai":{"faqs":[],"keyPoints":[],"titles":[],"descriptions":[],"socialPosts":{"email":[],"linkedin":[],"twitter":[],"facebook":[],"instagram":[]}},"created":"2026-05-13 11:21:20","updated":"2026-05-13 11:22:00","seo_analyzer_scan_date":null},"aioseo_breadcrumb":"<div class=\"aioseo-breadcrumbs\"><span class=\"aioseo-breadcrumb\">\n\t\t\t<a href=\"https:\/\/www.yoleoescaparate.com\" title=\"Home\">Home<\/a>\n\t\t<\/span><span class=\"aioseo-breadcrumb-separator\">&raquo;<\/span><span class=\"aioseo-breadcrumb\">\n\t\t\t<a href=\"https:\/\/www.yoleoescaparate.com\/?cat=9\" title=\"Pradej\u00f3n\">Pradej\u00f3n<\/a>\n\t\t<\/span><span class=\"aioseo-breadcrumb-separator\">&raquo;<\/span><span class=\"aioseo-breadcrumb\">\n\t\t\tLa Confederaci\u00f3n Hidrogr\u00e1fica del Ebro sanciona los vertidos ilegales de residuos de champi\u00f1\u00f3n en Pradej\u00f3n tras la denuncia presentada por Amigos de la Tierra La Rioja\n\t\t<\/span><\/div>","aioseo_breadcrumb_json":[{"label":"Home","link":"https:\/\/www.yoleoescaparate.com"},{"label":"Pradej\u00f3n","link":"https:\/\/www.yoleoescaparate.com\/?cat=9"},{"label":"La Confederaci\u00f3n Hidrogr\u00e1fica del Ebro sanciona los vertidos ilegales de residuos de champi\u00f1\u00f3n en Pradej\u00f3n tras la denuncia presentada por Amigos de la Tierra La Rioja","link":"https:\/\/www.yoleoescaparate.com\/?p=145580"}],"_links":{"self":[{"href":"https:\/\/www.yoleoescaparate.com\/index.php?rest_route=\/wp\/v2\/posts\/145580","targetHints":{"allow":["GET"]}}],"collection":[{"href":"https:\/\/www.yoleoescaparate.com\/index.php?rest_route=\/wp\/v2\/posts"}],"about":[{"href":"https:\/\/www.yoleoescaparate.com\/index.php?rest_route=\/wp\/v2\/types\/post"}],"author":[{"embeddable":true,"href":"https:\/\/www.yoleoescaparate.com\/index.php?rest_route=\/wp\/v2\/users\/1"}],"replies":[{"embeddable":true,"href":"https:\/\/www.yoleoescaparate.com\/index.php?rest_route=%2Fwp%2Fv2%2Fcomments&post=145580"}],"version-history":[{"count":1,"href":"https:\/\/www.yoleoescaparate.com\/index.php?rest_route=\/wp\/v2\/posts\/145580\/revisions"}],"predecessor-version":[{"id":145582,"href":"https:\/\/www.yoleoescaparate.com\/index.php?rest_route=\/wp\/v2\/posts\/145580\/revisions\/145582"}],"wp:featuredmedia":[{"embeddable":true,"href":"https:\/\/www.yoleoescaparate.com\/index.php?rest_route=\/wp\/v2\/media\/145581"}],"wp:attachment":[{"href":"https:\/\/www.yoleoescaparate.com\/index.php?rest_route=%2Fwp%2Fv2%2Fmedia&parent=145580"}],"wp:term":[{"taxonomy":"category","embeddable":true,"href":"https:\/\/www.yoleoescaparate.com\/index.php?rest_route=%2Fwp%2Fv2%2Fcategories&post=145580"},{"taxonomy":"post_tag","embeddable":true,"href":"https:\/\/www.yoleoescaparate.com\/index.php?rest_route=%2Fwp%2Fv2%2Ftags&post=145580"}],"curies":[{"name":"wp","href":"https:\/\/api.w.org\/{rel}","templated":true}]}}