{"id":145583,"date":"2026-05-13T13:26:00","date_gmt":"2026-05-13T11:26:00","guid":{"rendered":"https:\/\/www.yoleoescaparate.com\/?p=145583"},"modified":"2026-05-13T13:26:04","modified_gmt":"2026-05-13T11:26:04","slug":"el-dia-del-comercio-en-la-calle-se-celebrara-el-30-de-mayo-en-calahorra","status":"publish","type":"post","link":"https:\/\/www.yoleoescaparate.com\/?p=145583","title":{"rendered":"\u2018El D\u00eda del Comercio en la Calle\u2019 se celebrar\u00e1 el 30 de mayo en Calahorra"},"content":{"rendered":"\n<!--more-->\n\n\n\n<p class=\"wp-block-paragraph\"><strong>\u00a0<\/strong><br><strong>Los establecimientos comerciales que quieran participar en esta actividad ya pueden inscribirse online en <\/strong><a href=\"mailto:administracion@argandona.es\"><strong>administracion@argandona.es<\/strong><\/a><\/p>\n\n\n\n<figure class=\"wp-block-image size-full\"><a href=\"https:\/\/wa.me\/+34667787977\"><img loading=\"lazy\" decoding=\"async\" width=\"728\" height=\"200\" src=\"https:\/\/www.yoleoescaparate.com\/wp-content\/uploads\/BannerWAEscaparate.gif\" alt=\"\" class=\"wp-image-141769\"\/><\/a><\/figure>\n\n\n\n<p class=\"wp-block-paragraph\">Un a\u00f1o m\u00e1s los comercios de Calahorra saldr\u00e1n a la calle el s\u00e1bado 30 de mayo. Concretamente, al tramo de la calle Bebricio comprendido entre el Ayuntamiento y el cruce con la calle Julio C\u00e9sar.<\/p>\n\n\n\n<p class=\"wp-block-paragraph\">El Ayuntamiento de Calahorra ha organizado una nueva edici\u00f3n de \u2018El D\u00eda del Comercio en la Calle\u2019. Una actividad, incluida en el Plan de dinamizaci\u00f3n del comercio local y dirigida a acercar la oferta comercial de la ciudad a vecinos y visitantes y a impulsar las compras en los establecimientos comerciales calagurritanos.<\/p>\n\n\n\n<p class=\"wp-block-paragraph\">Esta acci\u00f3n de dinamizaci\u00f3n del sector comercial de Calahorra est\u00e1 abierta a todos los comercios de la ciudad.<\/p>\n\n\n\n<p class=\"wp-block-paragraph\">Los establecimientos interesados en participar deben enviar un correo electr\u00f3nico a la siguiente direcci\u00f3n <a href=\"mailto:administracion@argandona.es\">administracion@argandona.es<\/a>.<\/p>\n\n\n\n<p class=\"wp-block-paragraph\">El plazo de inscripci\u00f3n permanecer\u00e1 abierto hasta las 14:30 horas del viernes 22 de mayo.<\/p>\n\n\n\n<p class=\"wp-block-paragraph\">A los comercios participantes que lo soliciten se les proporcionar\u00e1n tablones y caballetes. Adem\u00e1s, tambi\u00e9n pueden llevar burros o lo que consideren oportuno.<\/p>\n\n\n\n<p class=\"wp-block-paragraph\">Los establecimientos comerciales ubicados en la calle Bebricio que deseen celebrar \u2018El D\u00eda del Comercio en la Calle\u2019 se colocar\u00e1n delante de sus escaparates.<\/p>\n\n\n\n<p class=\"wp-block-paragraph\">El a\u00f1o pasado esta actividad reuni\u00f3 a 35 comercios de la ciudad y a numeroso p\u00fablico.<\/p>\n\n\n\n<p class=\"wp-block-paragraph\">El Ayuntamiento de Calahorra organiza este evento con la colaboraci\u00f3n de la Agencia de Desarrollo Econ\u00f3mico de La Rioja, a trav\u00e9s del Plan de dinamizaci\u00f3n del comercio local.<\/p>\n","protected":false},"excerpt":{"rendered":"","protected":false},"author":1,"featured_media":145585,"comment_status":"open","ping_status":"open","sticky":false,"template":"","format":"standard","meta":{"colormag_page_container_layout":"default_layout","colormag_page_sidebar_layout":"default_layout","om_disable_all_campaigns":false,"_monsterinsights_skip_tracking":false,"_monsterinsights_sitenote_active":false,"_monsterinsights_sitenote_note":"","_monsterinsights_sitenote_category":0,"footnotes":""},"categories":[4],"tags":[16],"class_list":["post-145583","post","type-post","status-publish","format-standard","has-post-thumbnail","hentry","category-calahorra","tag-calahorra"],"aioseo_notices":[],"aioseo_head":"\n\t\t<!-- All in One SEO 4.9.10 - aioseo.com -->\n\t<meta name=\"description\" content=\"Los establecimientos comerciales que quieran participar en esta actividad ya pueden inscribirse online en administracion@argandona.es Un a\u00f1o m\u00e1s los comercios de Calahorra saldr\u00e1n a la calle el s\u00e1bado 30 de mayo. Concretamente, al tramo de la calle Bebricio comprendido entre el Ayuntamiento y el cruce con la calle Julio C\u00e9sar. El Ayuntamiento de Calahorra ha\" \/>\n\t<meta name=\"robots\" content=\"max-image-preview:large\" \/>\n\t<meta name=\"author\" content=\"Escaparate\"\/>\n\t<meta name=\"google-site-verification\" content=\"OQV8mvJF6pBZ9RiZ8C9O86ahYB3C05wO-omz3Nejrsc\" \/>\n\t<link rel=\"canonical\" href=\"https:\/\/www.yoleoescaparate.com\/?p=145583\" \/>\n\t<meta name=\"generator\" content=\"All in One SEO (AIOSEO) 4.9.10\" \/>\n\t\t<meta property=\"og:locale\" content=\"es_ES\" \/>\n\t\t<meta property=\"og:site_name\" content=\"Escaparate \u2022 Informaci\u00f3n | Noticias | Actualidad\" \/>\n\t\t<meta property=\"og:type\" content=\"article\" \/>\n\t\t<meta property=\"og:title\" content=\"\u2018El D\u00eda del Comercio en la Calle\u2019 se celebrar\u00e1 el 30 de mayo en Calahorra \u2022 Escaparate\" \/>\n\t\t<meta property=\"og:description\" content=\"Los establecimientos comerciales que quieran participar en esta actividad ya pueden inscribirse online en administracion@argandona.es Un a\u00f1o m\u00e1s los comercios de Calahorra saldr\u00e1n a la calle el s\u00e1bado 30 de mayo. Concretamente, al tramo de la calle Bebricio comprendido entre el Ayuntamiento y el cruce con la calle Julio C\u00e9sar. El Ayuntamiento de Calahorra ha\" \/>\n\t\t<meta property=\"og:url\" content=\"https:\/\/www.yoleoescaparate.com\/?p=145583\" \/>\n\t\t<meta property=\"og:image\" content=\"https:\/\/www.yoleoescaparate.com\/wp-content\/uploads\/DiaComercioCalahorra.jpg\" \/>\n\t\t<meta property=\"og:image:secure_url\" content=\"https:\/\/www.yoleoescaparate.com\/wp-content\/uploads\/DiaComercioCalahorra.jpg\" \/>\n\t\t<meta property=\"og:image:width\" content=\"1200\" \/>\n\t\t<meta property=\"og:image:height\" content=\"675\" \/>\n\t\t<meta property=\"article:published_time\" content=\"2026-05-13T11:26:00+00:00\" \/>\n\t\t<meta property=\"article:modified_time\" content=\"2026-05-13T11:26:04+00:00\" \/>\n\t\t<meta property=\"article:publisher\" content=\"https:\/\/www.facebook.com\/revescaparate\" \/>\n\t\t<meta name=\"twitter:card\" content=\"summary_large_image\" \/>\n\t\t<meta name=\"twitter:site\" content=\"@rev_escaparate\" \/>\n\t\t<meta name=\"twitter:title\" content=\"\u2018El D\u00eda del Comercio en la Calle\u2019 se celebrar\u00e1 el 30 de mayo en Calahorra \u2022 Escaparate\" \/>\n\t\t<meta name=\"twitter:description\" content=\"Los establecimientos comerciales que quieran participar en esta actividad ya pueden inscribirse online en administracion@argandona.es Un a\u00f1o m\u00e1s los comercios de Calahorra saldr\u00e1n a la calle el s\u00e1bado 30 de mayo. Concretamente, al tramo de la calle Bebricio comprendido entre el Ayuntamiento y el cruce con la calle Julio C\u00e9sar. El Ayuntamiento de Calahorra ha\" \/>\n\t\t<meta name=\"twitter:creator\" content=\"@rev_escaparate\" \/>\n\t\t<meta name=\"twitter:image\" content=\"https:\/\/www.yoleoescaparate.com\/wp-content\/uploads\/DiaComercioCalahorra.jpg\" \/>\n\t\t<script type=\"application\/ld+json\" class=\"aioseo-schema\">\n\t\t\t{\"@context\":\"https:\\\/\\\/schema.org\",\"@graph\":[{\"@type\":\"BlogPosting\",\"@id\":\"https:\\\/\\\/www.yoleoescaparate.com\\\/?p=145583#blogposting\",\"name\":\"\\u2018El D\\u00eda del Comercio en la Calle\\u2019 se celebrar\\u00e1 el 30 de mayo en Calahorra \\u2022 Escaparate\",\"headline\":\"\\u2018El D\\u00eda del Comercio en la Calle\\u2019 se celebrar\\u00e1 el 30 de mayo en Calahorra\",\"author\":{\"@id\":\"https:\\\/\\\/www.yoleoescaparate.com\\\/?author=1#author\"},\"publisher\":{\"@id\":\"https:\\\/\\\/www.yoleoescaparate.com\\\/#organization\"},\"image\":{\"@type\":\"ImageObject\",\"url\":\"https:\\\/\\\/www.yoleoescaparate.com\\\/wp-content\\\/uploads\\\/DiaComercioCalahorra.jpg\",\"width\":1200,\"height\":675},\"datePublished\":\"2026-05-13T13:26:00+02:00\",\"dateModified\":\"2026-05-13T13:26:04+02:00\",\"inLanguage\":\"es-ES\",\"mainEntityOfPage\":{\"@id\":\"https:\\\/\\\/www.yoleoescaparate.com\\\/?p=145583#webpage\"},\"isPartOf\":{\"@id\":\"https:\\\/\\\/www.yoleoescaparate.com\\\/?p=145583#webpage\"},\"articleSection\":\"Calahorra, Calahorra\"},{\"@type\":\"BreadcrumbList\",\"@id\":\"https:\\\/\\\/www.yoleoescaparate.com\\\/?p=145583#breadcrumblist\",\"itemListElement\":[{\"@type\":\"ListItem\",\"@id\":\"https:\\\/\\\/www.yoleoescaparate.com#listItem\",\"position\":1,\"name\":\"Home\",\"item\":\"https:\\\/\\\/www.yoleoescaparate.com\",\"nextItem\":{\"@type\":\"ListItem\",\"@id\":\"https:\\\/\\\/www.yoleoescaparate.com\\\/?cat=4#listItem\",\"name\":\"Calahorra\"}},{\"@type\":\"ListItem\",\"@id\":\"https:\\\/\\\/www.yoleoescaparate.com\\\/?cat=4#listItem\",\"position\":2,\"name\":\"Calahorra\",\"item\":\"https:\\\/\\\/www.yoleoescaparate.com\\\/?cat=4\",\"nextItem\":{\"@type\":\"ListItem\",\"@id\":\"https:\\\/\\\/www.yoleoescaparate.com\\\/?p=145583#listItem\",\"name\":\"\\u2018El D\\u00eda del Comercio en la Calle\\u2019 se celebrar\\u00e1 el 30 de mayo en Calahorra\"},\"previousItem\":{\"@type\":\"ListItem\",\"@id\":\"https:\\\/\\\/www.yoleoescaparate.com#listItem\",\"name\":\"Home\"}},{\"@type\":\"ListItem\",\"@id\":\"https:\\\/\\\/www.yoleoescaparate.com\\\/?p=145583#listItem\",\"position\":3,\"name\":\"\\u2018El D\\u00eda del Comercio en la Calle\\u2019 se celebrar\\u00e1 el 30 de mayo en Calahorra\",\"previousItem\":{\"@type\":\"ListItem\",\"@id\":\"https:\\\/\\\/www.yoleoescaparate.com\\\/?cat=4#listItem\",\"name\":\"Calahorra\"}}]},{\"@type\":\"Organization\",\"@id\":\"https:\\\/\\\/www.yoleoescaparate.com\\\/#organization\",\"name\":\"Escaparate\",\"description\":\"Informaci\\u00f3n | Noticias | Actualidad\",\"url\":\"https:\\\/\\\/www.yoleoescaparate.com\\\/\",\"logo\":{\"@type\":\"ImageObject\",\"url\":\"https:\\\/\\\/www.yoleoescaparate.com\\\/wp-content\\\/uploads\\\/2022\\\/02\\\/logoF.jpg\",\"@id\":\"https:\\\/\\\/www.yoleoescaparate.com\\\/?p=145583\\\/#organizationLogo\",\"width\":350,\"height\":360},\"image\":{\"@id\":\"https:\\\/\\\/www.yoleoescaparate.com\\\/?p=145583\\\/#organizationLogo\"},\"sameAs\":[\"https:\\\/\\\/www.facebook.com\\\/revescaparate\",\"https:\\\/\\\/twitter.com\\\/rev_escaparate\",\"https:\\\/\\\/www.instagram.com\\\/yoleoescaparate\\\/\",\"https:\\\/\\\/www.youtube.com\\\/channel\\\/UCj1lDjkqSzCH14bZmq-kWsQ\"]},{\"@type\":\"Person\",\"@id\":\"https:\\\/\\\/www.yoleoescaparate.com\\\/?author=1#author\",\"url\":\"https:\\\/\\\/www.yoleoescaparate.com\\\/?author=1\",\"name\":\"Escaparate\",\"image\":{\"@type\":\"ImageObject\",\"@id\":\"https:\\\/\\\/www.yoleoescaparate.com\\\/?p=145583#authorImage\",\"url\":\"https:\\\/\\\/secure.gravatar.com\\\/avatar\\\/d4681a657e3ba11aa052dc7c62193f217364db55960ea15739662b6564b2dafb?s=96&d=mm&r=g\",\"width\":96,\"height\":96,\"caption\":\"Escaparate\"}},{\"@type\":\"WebPage\",\"@id\":\"https:\\\/\\\/www.yoleoescaparate.com\\\/?p=145583#webpage\",\"url\":\"https:\\\/\\\/www.yoleoescaparate.com\\\/?p=145583\",\"name\":\"\\u2018El D\\u00eda del Comercio en la Calle\\u2019 se celebrar\\u00e1 el 30 de mayo en Calahorra \\u2022 Escaparate\",\"description\":\"Los establecimientos comerciales que quieran participar en esta actividad ya pueden inscribirse online en administracion@argandona.es Un a\\u00f1o m\\u00e1s los comercios de Calahorra saldr\\u00e1n a la calle el s\\u00e1bado 30 de mayo. Concretamente, al tramo de la calle Bebricio comprendido entre el Ayuntamiento y el cruce con la calle Julio C\\u00e9sar. El Ayuntamiento de Calahorra ha\",\"inLanguage\":\"es-ES\",\"isPartOf\":{\"@id\":\"https:\\\/\\\/www.yoleoescaparate.com\\\/#website\"},\"breadcrumb\":{\"@id\":\"https:\\\/\\\/www.yoleoescaparate.com\\\/?p=145583#breadcrumblist\"},\"author\":{\"@id\":\"https:\\\/\\\/www.yoleoescaparate.com\\\/?author=1#author\"},\"creator\":{\"@id\":\"https:\\\/\\\/www.yoleoescaparate.com\\\/?author=1#author\"},\"image\":{\"@type\":\"ImageObject\",\"url\":\"https:\\\/\\\/www.yoleoescaparate.com\\\/wp-content\\\/uploads\\\/DiaComercioCalahorra.jpg\",\"@id\":\"https:\\\/\\\/www.yoleoescaparate.com\\\/?p=145583\\\/#mainImage\",\"width\":1200,\"height\":675},\"primaryImageOfPage\":{\"@id\":\"https:\\\/\\\/www.yoleoescaparate.com\\\/?p=145583#mainImage\"},\"datePublished\":\"2026-05-13T13:26:00+02:00\",\"dateModified\":\"2026-05-13T13:26:04+02:00\"},{\"@type\":\"WebSite\",\"@id\":\"https:\\\/\\\/www.yoleoescaparate.com\\\/#website\",\"url\":\"https:\\\/\\\/www.yoleoescaparate.com\\\/\",\"name\":\"Escaparate\",\"description\":\"Informaci\\u00f3n | Noticias | Actualidad\",\"inLanguage\":\"es-ES\",\"publisher\":{\"@id\":\"https:\\\/\\\/www.yoleoescaparate.com\\\/#organization\"}}]}\n\t\t<\/script>\n\t\t<!-- All in One SEO -->\n\n","aioseo_head_json":{"title":"\u2018El D\u00eda del Comercio en la Calle\u2019 se celebrar\u00e1 el 30 de mayo en Calahorra \u2022 Escaparate","description":"Los establecimientos comerciales que quieran participar en esta actividad ya pueden inscribirse online en administracion@argandona.es Un a\u00f1o m\u00e1s los comercios de Calahorra saldr\u00e1n a la calle el s\u00e1bado 30 de mayo. Concretamente, al tramo de la calle Bebricio comprendido entre el Ayuntamiento y el cruce con la calle Julio C\u00e9sar. El Ayuntamiento de Calahorra ha","canonical_url":"https:\/\/www.yoleoescaparate.com\/?p=145583","robots":"max-image-preview:large","keywords":"","webmasterTools":{"google-site-verification":"OQV8mvJF6pBZ9RiZ8C9O86ahYB3C05wO-omz3Nejrsc","miscellaneous":""},"schema":{"@context":"https:\/\/schema.org","@graph":[{"@type":"BlogPosting","@id":"https:\/\/www.yoleoescaparate.com\/?p=145583#blogposting","name":"\u2018El D\u00eda del Comercio en la Calle\u2019 se celebrar\u00e1 el 30 de mayo en Calahorra \u2022 Escaparate","headline":"\u2018El D\u00eda del Comercio en la Calle\u2019 se celebrar\u00e1 el 30 de mayo en Calahorra","author":{"@id":"https:\/\/www.yoleoescaparate.com\/?author=1#author"},"publisher":{"@id":"https:\/\/www.yoleoescaparate.com\/#organization"},"image":{"@type":"ImageObject","url":"https:\/\/www.yoleoescaparate.com\/wp-content\/uploads\/DiaComercioCalahorra.jpg","width":1200,"height":675},"datePublished":"2026-05-13T13:26:00+02:00","dateModified":"2026-05-13T13:26:04+02:00","inLanguage":"es-ES","mainEntityOfPage":{"@id":"https:\/\/www.yoleoescaparate.com\/?p=145583#webpage"},"isPartOf":{"@id":"https:\/\/www.yoleoescaparate.com\/?p=145583#webpage"},"articleSection":"Calahorra, Calahorra"},{"@type":"BreadcrumbList","@id":"https:\/\/www.yoleoescaparate.com\/?p=145583#breadcrumblist","itemListElement":[{"@type":"ListItem","@id":"https:\/\/www.yoleoescaparate.com#listItem","position":1,"name":"Home","item":"https:\/\/www.yoleoescaparate.com","nextItem":{"@type":"ListItem","@id":"https:\/\/www.yoleoescaparate.com\/?cat=4#listItem","name":"Calahorra"}},{"@type":"ListItem","@id":"https:\/\/www.yoleoescaparate.com\/?cat=4#listItem","position":2,"name":"Calahorra","item":"https:\/\/www.yoleoescaparate.com\/?cat=4","nextItem":{"@type":"ListItem","@id":"https:\/\/www.yoleoescaparate.com\/?p=145583#listItem","name":"\u2018El D\u00eda del Comercio en la Calle\u2019 se celebrar\u00e1 el 30 de mayo en Calahorra"},"previousItem":{"@type":"ListItem","@id":"https:\/\/www.yoleoescaparate.com#listItem","name":"Home"}},{"@type":"ListItem","@id":"https:\/\/www.yoleoescaparate.com\/?p=145583#listItem","position":3,"name":"\u2018El D\u00eda del Comercio en la Calle\u2019 se celebrar\u00e1 el 30 de mayo en Calahorra","previousItem":{"@type":"ListItem","@id":"https:\/\/www.yoleoescaparate.com\/?cat=4#listItem","name":"Calahorra"}}]},{"@type":"Organization","@id":"https:\/\/www.yoleoescaparate.com\/#organization","name":"Escaparate","description":"Informaci\u00f3n | Noticias | Actualidad","url":"https:\/\/www.yoleoescaparate.com\/","logo":{"@type":"ImageObject","url":"https:\/\/www.yoleoescaparate.com\/wp-content\/uploads\/2022\/02\/logoF.jpg","@id":"https:\/\/www.yoleoescaparate.com\/?p=145583\/#organizationLogo","width":350,"height":360},"image":{"@id":"https:\/\/www.yoleoescaparate.com\/?p=145583\/#organizationLogo"},"sameAs":["https:\/\/www.facebook.com\/revescaparate","https:\/\/twitter.com\/rev_escaparate","https:\/\/www.instagram.com\/yoleoescaparate\/","https:\/\/www.youtube.com\/channel\/UCj1lDjkqSzCH14bZmq-kWsQ"]},{"@type":"Person","@id":"https:\/\/www.yoleoescaparate.com\/?author=1#author","url":"https:\/\/www.yoleoescaparate.com\/?author=1","name":"Escaparate","image":{"@type":"ImageObject","@id":"https:\/\/www.yoleoescaparate.com\/?p=145583#authorImage","url":"https:\/\/secure.gravatar.com\/avatar\/d4681a657e3ba11aa052dc7c62193f217364db55960ea15739662b6564b2dafb?s=96&d=mm&r=g","width":96,"height":96,"caption":"Escaparate"}},{"@type":"WebPage","@id":"https:\/\/www.yoleoescaparate.com\/?p=145583#webpage","url":"https:\/\/www.yoleoescaparate.com\/?p=145583","name":"\u2018El D\u00eda del Comercio en la Calle\u2019 se celebrar\u00e1 el 30 de mayo en Calahorra \u2022 Escaparate","description":"Los establecimientos comerciales que quieran participar en esta actividad ya pueden inscribirse online en administracion@argandona.es Un a\u00f1o m\u00e1s los comercios de Calahorra saldr\u00e1n a la calle el s\u00e1bado 30 de mayo. Concretamente, al tramo de la calle Bebricio comprendido entre el Ayuntamiento y el cruce con la calle Julio C\u00e9sar. El Ayuntamiento de Calahorra ha","inLanguage":"es-ES","isPartOf":{"@id":"https:\/\/www.yoleoescaparate.com\/#website"},"breadcrumb":{"@id":"https:\/\/www.yoleoescaparate.com\/?p=145583#breadcrumblist"},"author":{"@id":"https:\/\/www.yoleoescaparate.com\/?author=1#author"},"creator":{"@id":"https:\/\/www.yoleoescaparate.com\/?author=1#author"},"image":{"@type":"ImageObject","url":"https:\/\/www.yoleoescaparate.com\/wp-content\/uploads\/DiaComercioCalahorra.jpg","@id":"https:\/\/www.yoleoescaparate.com\/?p=145583\/#mainImage","width":1200,"height":675},"primaryImageOfPage":{"@id":"https:\/\/www.yoleoescaparate.com\/?p=145583#mainImage"},"datePublished":"2026-05-13T13:26:00+02:00","dateModified":"2026-05-13T13:26:04+02:00"},{"@type":"WebSite","@id":"https:\/\/www.yoleoescaparate.com\/#website","url":"https:\/\/www.yoleoescaparate.com\/","name":"Escaparate","description":"Informaci\u00f3n | Noticias | Actualidad","inLanguage":"es-ES","publisher":{"@id":"https:\/\/www.yoleoescaparate.com\/#organization"}}]},"og:locale":"es_ES","og:site_name":"Escaparate \u2022 Informaci\u00f3n | Noticias | Actualidad","og:type":"article","og:title":"\u2018El D\u00eda del Comercio en la Calle\u2019 se celebrar\u00e1 el 30 de mayo en Calahorra \u2022 Escaparate","og:description":"Los establecimientos comerciales que quieran participar en esta actividad ya pueden inscribirse online en administracion@argandona.es Un a\u00f1o m\u00e1s los comercios de Calahorra saldr\u00e1n a la calle el s\u00e1bado 30 de mayo. Concretamente, al tramo de la calle Bebricio comprendido entre el Ayuntamiento y el cruce con la calle Julio C\u00e9sar. El Ayuntamiento de Calahorra ha","og:url":"https:\/\/www.yoleoescaparate.com\/?p=145583","og:image":"https:\/\/www.yoleoescaparate.com\/wp-content\/uploads\/DiaComercioCalahorra.jpg","og:image:secure_url":"https:\/\/www.yoleoescaparate.com\/wp-content\/uploads\/DiaComercioCalahorra.jpg","og:image:width":1200,"og:image:height":675,"article:published_time":"2026-05-13T11:26:00+00:00","article:modified_time":"2026-05-13T11:26:04+00:00","article:publisher":"https:\/\/www.facebook.com\/revescaparate","twitter:card":"summary_large_image","twitter:site":"@rev_escaparate","twitter:title":"\u2018El D\u00eda del Comercio en la Calle\u2019 se celebrar\u00e1 el 30 de mayo en Calahorra \u2022 Escaparate","twitter:description":"Los establecimientos comerciales que quieran participar en esta actividad ya pueden inscribirse online en administracion@argandona.es Un a\u00f1o m\u00e1s los comercios de Calahorra saldr\u00e1n a la calle el s\u00e1bado 30 de mayo. Concretamente, al tramo de la calle Bebricio comprendido entre el Ayuntamiento y el cruce con la calle Julio C\u00e9sar. El Ayuntamiento de Calahorra ha","twitter:creator":"@rev_escaparate","twitter:image":"https:\/\/www.yoleoescaparate.com\/wp-content\/uploads\/DiaComercioCalahorra.jpg"},"aioseo_meta_data":{"post_id":"145583","title":null,"description":null,"keywords":null,"keyphrases":{"focus":{"keyphrase":"","score":0,"analysis":{"keyphraseInTitle":{"score":0,"maxScore":9,"error":1}}},"additional":[]},"primary_term":null,"canonical_url":null,"og_title":null,"og_description":null,"og_object_type":"default","og_image_type":"default","og_image_url":null,"og_image_width":null,"og_image_height":null,"og_image_custom_url":null,"og_image_custom_fields":null,"og_video":"","og_custom_url":null,"og_article_section":null,"og_article_tags":null,"twitter_use_og":true,"twitter_card":"default","twitter_image_type":"default","twitter_image_url":null,"twitter_image_custom_url":null,"twitter_image_custom_fields":null,"twitter_title":null,"twitter_description":null,"schema":{"blockGraphs":[],"customGraphs":[],"default":{"data":{"Article":[],"Course":[],"Dataset":[],"FAQPage":[],"Movie":[],"Person":[],"Product":[],"ProductReview":[],"Car":[],"Recipe":[],"Service":[],"SoftwareApplication":[],"WebPage":[]},"graphName":"BlogPosting","isEnabled":true},"graphs":[]},"schema_type":"default","schema_type_options":null,"pillar_content":false,"robots_default":true,"robots_noindex":false,"robots_noarchive":false,"robots_nosnippet":false,"robots_nofollow":false,"robots_noimageindex":false,"robots_noodp":false,"robots_notranslate":false,"robots_max_snippet":"-1","robots_max_videopreview":"-1","robots_max_imagepreview":"large","priority":null,"frequency":"default","local_seo":null,"breadcrumb_settings":null,"limit_modified_date":false,"ai":{"faqs":[],"keyPoints":[],"titles":[],"descriptions":[],"socialPosts":{"email":[],"linkedin":[],"twitter":[],"facebook":[],"instagram":[]}},"created":"2026-05-13 11:26:04","updated":"2026-05-13 11:26:57","seo_analyzer_scan_date":null},"aioseo_breadcrumb":"<div class=\"aioseo-breadcrumbs\"><span class=\"aioseo-breadcrumb\">\n\t\t\t<a href=\"https:\/\/www.yoleoescaparate.com\" title=\"Home\">Home<\/a>\n\t\t<\/span><span class=\"aioseo-breadcrumb-separator\">&raquo;<\/span><span class=\"aioseo-breadcrumb\">\n\t\t\t<a href=\"https:\/\/www.yoleoescaparate.com\/?cat=4\" title=\"Calahorra\">Calahorra<\/a>\n\t\t<\/span><span class=\"aioseo-breadcrumb-separator\">&raquo;<\/span><span class=\"aioseo-breadcrumb\">\n\t\t\t\u2018El D\u00eda del Comercio en la Calle\u2019 se celebrar\u00e1 el 30 de mayo en Calahorra\n\t\t<\/span><\/div>","aioseo_breadcrumb_json":[{"label":"Home","link":"https:\/\/www.yoleoescaparate.com"},{"label":"Calahorra","link":"https:\/\/www.yoleoescaparate.com\/?cat=4"},{"label":"\u2018El D\u00eda del Comercio en la Calle\u2019 se celebrar\u00e1 el 30 de mayo en Calahorra","link":"https:\/\/www.yoleoescaparate.com\/?p=145583"}],"_links":{"self":[{"href":"https:\/\/www.yoleoescaparate.com\/index.php?rest_route=\/wp\/v2\/posts\/145583","targetHints":{"allow":["GET"]}}],"collection":[{"href":"https:\/\/www.yoleoescaparate.com\/index.php?rest_route=\/wp\/v2\/posts"}],"about":[{"href":"https:\/\/www.yoleoescaparate.com\/index.php?rest_route=\/wp\/v2\/types\/post"}],"author":[{"embeddable":true,"href":"https:\/\/www.yoleoescaparate.com\/index.php?rest_route=\/wp\/v2\/users\/1"}],"replies":[{"embeddable":true,"href":"https:\/\/www.yoleoescaparate.com\/index.php?rest_route=%2Fwp%2Fv2%2Fcomments&post=145583"}],"version-history":[{"count":1,"href":"https:\/\/www.yoleoescaparate.com\/index.php?rest_route=\/wp\/v2\/posts\/145583\/revisions"}],"predecessor-version":[{"id":145586,"href":"https:\/\/www.yoleoescaparate.com\/index.php?rest_route=\/wp\/v2\/posts\/145583\/revisions\/145586"}],"wp:featuredmedia":[{"embeddable":true,"href":"https:\/\/www.yoleoescaparate.com\/index.php?rest_route=\/wp\/v2\/media\/145585"}],"wp:attachment":[{"href":"https:\/\/www.yoleoescaparate.com\/index.php?rest_route=%2Fwp%2Fv2%2Fmedia&parent=145583"}],"wp:term":[{"taxonomy":"category","embeddable":true,"href":"https:\/\/www.yoleoescaparate.com\/index.php?rest_route=%2Fwp%2Fv2%2Fcategories&post=145583"},{"taxonomy":"post_tag","embeddable":true,"href":"https:\/\/www.yoleoescaparate.com\/index.php?rest_route=%2Fwp%2Fv2%2Ftags&post=145583"}],"curies":[{"name":"wp","href":"https:\/\/api.w.org\/{rel}","templated":true}]}}