{"id":150960,"date":"2026-09-01T12:32:21","date_gmt":"2026-09-01T10:32:21","guid":{"rendered":"https:\/\/www.yoleoescaparate.com\/?p=150960"},"modified":"2026-09-01T13:01:22","modified_gmt":"2026-09-01T11:01:22","slug":"escaparate-1a-quincena-de-septiembre-con-las-fiestas-de-autol-azagra-y-pradejon","status":"publish","type":"post","link":"https:\/\/www.yoleoescaparate.com\/?p=150960","title":{"rendered":"Escaparate 1\u00aa Quincena de Septiembre con las fiestas de Autol, Azagra y Pradej\u00f3n"},"content":{"rendered":"\n<!--more-->\n\n\n\n<figure class=\"wp-block-image size-full\"><img loading=\"lazy\" decoding=\"async\" width=\"728\" height=\"200\" src=\"https:\/\/www.yoleoescaparate.com\/wp-content\/uploads\/BannerWAEscaparate.gif\" alt=\"\" class=\"wp-image-141769\"\/><\/figure>\n\n\n\n<p class=\"wp-block-paragraph\"><strong>No se les ocurra lavar y guardar sus pa\u00f1uelo festivo porque todav\u00eda tenemos que acudir, s\u00ed o s\u00ed, a las fiestas de Pradej\u00f3n, Azagra y Autol.<\/strong><br><br>Para todas ellas, ayuntamiento y asociaciones de todo tipo, han puesto toda la carne en el asador para poner en marcha un calendario de actividades a la altura de sus maravillosas fiestas.<br>Toros, encierros, m\u00fasica, conciertos, carrozas, procesiones, todo tipo de concursos con sus consiguientes premios, degustaciones, pasacalles, gaiteros, gigantes y cabezudos, talleres para los m\u00e1s peque\u00f1os, teatro, t\u00edteres, y muchas, muchas, muchas ganas de pasarlo bien y de que todo el mundo se lo pase bien.<br>As\u00ed que nada de lavar y guardar el pa\u00f1uelo. Nos lo anudamos al cuello que todav\u00eda queda mucho que disfrutar.<br>Vamos a ello que aqu\u00ed se lo contamos todo.<\/p>\n\n\n\n<p class=\"wp-block-paragraph\">\u2795Adem\u00e1s Escaparate te trae toda la actualidad. Recuerda que la edici\u00f3n es INTERACTIVA \ud83c\udd95 y que con solo pinchar en los anuncios puedes obtener m\u00e1s informaci\u00f3n.<\/p>\n\n\n\n<p class=\"wp-block-paragraph\">\ud83d\udcf2 Ya est\u00e1 disponible para leer on line&nbsp;https:\/\/www.yoleoescaparate.com\/?p=150960<\/p>\n\n\n\n<p class=\"wp-block-paragraph\">\ud83d\udccd Desde esta ma\u00f1ana tambi\u00e9n la puedes encontrar en los mejores establecimientos de Calahorra, Aldeanueva de Ebro, Azagra, Autol, Pradej\u00f3n, Rinc\u00f3n de Soto y San Adri\u00e1n<\/p>\n\n\n\n<div class=\"wp-block-buttons is-layout-flex wp-block-buttons-is-layout-flex\">\n<div class=\"wp-block-button\"><a class=\"wp-block-button__link wp-element-button\" href=\"https:\/\/www.labodegadelmarketing.com\/Escaparate-Calahorra-biblioteca\/revistas-calahorra-2026\/calahorra-septiembre-261\/index.html#book2\/\">ESCAPARATE 1\u00aa QUINCENA DE SEPTIEMBRE<\/a><\/div>\n<\/div>\n","protected":false},"excerpt":{"rendered":"","protected":false},"author":1,"featured_media":150961,"comment_status":"open","ping_status":"open","sticky":false,"template":"","format":"standard","meta":{"colormag_page_container_layout":"default_layout","colormag_page_sidebar_layout":"default_layout","om_disable_all_campaigns":false,"_monsterinsights_skip_tracking":false,"_monsterinsights_sitenote_active":false,"_monsterinsights_sitenote_note":"","_monsterinsights_sitenote_category":0,"footnotes":""},"categories":[6,7,8,4,1,9,10,11],"tags":[119,120,15,16,12,18,19,22],"class_list":["post-150960","post","type-post","status-publish","format-standard","has-post-thumbnail","hentry","category-aldeanueva-de-ebro","category-autol","category-azagra","category-calahorra","category-escaparate","category-pradejon","category-rincon-de-soto","category-san-adrian","tag-aldeanueva-de-ebro","tag-autol","tag-azagra","tag-calahorra","tag-escaparate","tag-pradejon","tag-rincon-de-soto","tag-san-adrian"],"aioseo_notices":[],"aioseo_head":"\n\t\t<!-- All in One SEO 4.9.10 - aioseo.com -->\n\t<meta name=\"description\" content=\"No se les ocurra lavar y guardar sus pa\u00f1uelo festivo porque todav\u00eda tenemos que acudir, s\u00ed o s\u00ed, a las fiestas de Pradej\u00f3n, Azagra y Autol.Para todas ellas, ayuntamiento y asociaciones de todo tipo, han puesto toda la carne en el asador para poner en marcha un calendario de actividades a la altura de sus\" \/>\n\t<meta name=\"robots\" content=\"max-image-preview:large\" \/>\n\t<meta name=\"author\" content=\"Escaparate\"\/>\n\t<meta name=\"google-site-verification\" content=\"OQV8mvJF6pBZ9RiZ8C9O86ahYB3C05wO-omz3Nejrsc\" \/>\n\t<link rel=\"canonical\" href=\"https:\/\/www.yoleoescaparate.com\/?p=150960\" \/>\n\t<meta name=\"generator\" content=\"All in One SEO (AIOSEO) 4.9.10\" \/>\n\t\t<meta property=\"og:locale\" content=\"es_ES\" \/>\n\t\t<meta property=\"og:site_name\" content=\"Escaparate \u2022 Informaci\u00f3n | Noticias | Actualidad\" \/>\n\t\t<meta property=\"og:type\" content=\"article\" \/>\n\t\t<meta property=\"og:title\" content=\"Escaparate 1\u00aa Quincena de Septiembre con las fiestas de Autol, Azagra y Pradej\u00f3n \u2022 Escaparate\" \/>\n\t\t<meta property=\"og:description\" content=\"No se les ocurra lavar y guardar sus pa\u00f1uelo festivo porque todav\u00eda tenemos que acudir, s\u00ed o s\u00ed, a las fiestas de Pradej\u00f3n, Azagra y Autol.Para todas ellas, ayuntamiento y asociaciones de todo tipo, han puesto toda la carne en el asador para poner en marcha un calendario de actividades a la altura de sus\" \/>\n\t\t<meta property=\"og:url\" content=\"https:\/\/www.yoleoescaparate.com\/?p=150960\" \/>\n\t\t<meta property=\"og:image\" content=\"https:\/\/www.yoleoescaparate.com\/wp-content\/uploads\/Esca2617-1.jpg\" \/>\n\t\t<meta property=\"og:image:secure_url\" content=\"https:\/\/www.yoleoescaparate.com\/wp-content\/uploads\/Esca2617-1.jpg\" \/>\n\t\t<meta property=\"og:image:width\" content=\"1200\" \/>\n\t\t<meta property=\"og:image:height\" content=\"675\" \/>\n\t\t<meta property=\"article:published_time\" content=\"2026-09-01T10:32:21+00:00\" \/>\n\t\t<meta property=\"article:modified_time\" content=\"2026-09-01T11:01:22+00:00\" \/>\n\t\t<meta property=\"article:publisher\" content=\"https:\/\/www.facebook.com\/revescaparate\" \/>\n\t\t<meta name=\"twitter:card\" content=\"summary_large_image\" \/>\n\t\t<meta name=\"twitter:site\" content=\"@rev_escaparate\" \/>\n\t\t<meta name=\"twitter:title\" content=\"Escaparate 1\u00aa Quincena de Septiembre con las fiestas de Autol, Azagra y Pradej\u00f3n \u2022 Escaparate\" \/>\n\t\t<meta name=\"twitter:description\" content=\"No se les ocurra lavar y guardar sus pa\u00f1uelo festivo porque todav\u00eda tenemos que acudir, s\u00ed o s\u00ed, a las fiestas de Pradej\u00f3n, Azagra y Autol.Para todas ellas, ayuntamiento y asociaciones de todo tipo, han puesto toda la carne en el asador para poner en marcha un calendario de actividades a la altura de sus\" \/>\n\t\t<meta name=\"twitter:creator\" content=\"@rev_escaparate\" \/>\n\t\t<meta name=\"twitter:image\" content=\"https:\/\/www.yoleoescaparate.com\/wp-content\/uploads\/Esca2617-1.jpg\" \/>\n\t\t<script type=\"application\/ld+json\" class=\"aioseo-schema\">\n\t\t\t{\"@context\":\"https:\\\/\\\/schema.org\",\"@graph\":[{\"@type\":\"BlogPosting\",\"@id\":\"https:\\\/\\\/www.yoleoescaparate.com\\\/?p=150960#blogposting\",\"name\":\"Escaparate 1\\u00aa Quincena de Septiembre con las fiestas de Autol, Azagra y Pradej\\u00f3n \\u2022 Escaparate\",\"headline\":\"Escaparate 1\\u00aa Quincena de Septiembre con las fiestas de Autol, Azagra y Pradej\\u00f3n\",\"author\":{\"@id\":\"https:\\\/\\\/www.yoleoescaparate.com\\\/?author=1#author\"},\"publisher\":{\"@id\":\"https:\\\/\\\/www.yoleoescaparate.com\\\/#organization\"},\"image\":{\"@type\":\"ImageObject\",\"url\":\"https:\\\/\\\/www.yoleoescaparate.com\\\/wp-content\\\/uploads\\\/Esca2617-1.jpg\",\"width\":1200,\"height\":675},\"datePublished\":\"2026-09-01T12:32:21+02:00\",\"dateModified\":\"2026-09-01T13:01:22+02:00\",\"inLanguage\":\"es-ES\",\"mainEntityOfPage\":{\"@id\":\"https:\\\/\\\/www.yoleoescaparate.com\\\/?p=150960#webpage\"},\"isPartOf\":{\"@id\":\"https:\\\/\\\/www.yoleoescaparate.com\\\/?p=150960#webpage\"},\"articleSection\":\"Aldeanueva de Ebro, Autol, Azagra, Calahorra, Escaparate, Pradej\\u00f3n, Rinc\\u00f3n de Soto, San Adri\\u00e1n, Aldeanueva de Ebro, Autol, Azagra, Calahorra, Escaparate, pradejon, rincon de soto, San Adri\\u00e1n\"},{\"@type\":\"BreadcrumbList\",\"@id\":\"https:\\\/\\\/www.yoleoescaparate.com\\\/?p=150960#breadcrumblist\",\"itemListElement\":[{\"@type\":\"ListItem\",\"@id\":\"https:\\\/\\\/www.yoleoescaparate.com#listItem\",\"position\":1,\"name\":\"Home\",\"item\":\"https:\\\/\\\/www.yoleoescaparate.com\",\"nextItem\":{\"@type\":\"ListItem\",\"@id\":\"https:\\\/\\\/www.yoleoescaparate.com\\\/?cat=1#listItem\",\"name\":\"Escaparate\"}},{\"@type\":\"ListItem\",\"@id\":\"https:\\\/\\\/www.yoleoescaparate.com\\\/?cat=1#listItem\",\"position\":2,\"name\":\"Escaparate\",\"item\":\"https:\\\/\\\/www.yoleoescaparate.com\\\/?cat=1\",\"nextItem\":{\"@type\":\"ListItem\",\"@id\":\"https:\\\/\\\/www.yoleoescaparate.com\\\/?p=150960#listItem\",\"name\":\"Escaparate 1\\u00aa Quincena de Septiembre con las fiestas de Autol, Azagra y Pradej\\u00f3n\"},\"previousItem\":{\"@type\":\"ListItem\",\"@id\":\"https:\\\/\\\/www.yoleoescaparate.com#listItem\",\"name\":\"Home\"}},{\"@type\":\"ListItem\",\"@id\":\"https:\\\/\\\/www.yoleoescaparate.com\\\/?p=150960#listItem\",\"position\":3,\"name\":\"Escaparate 1\\u00aa Quincena de Septiembre con las fiestas de Autol, Azagra y Pradej\\u00f3n\",\"previousItem\":{\"@type\":\"ListItem\",\"@id\":\"https:\\\/\\\/www.yoleoescaparate.com\\\/?cat=1#listItem\",\"name\":\"Escaparate\"}}]},{\"@type\":\"Organization\",\"@id\":\"https:\\\/\\\/www.yoleoescaparate.com\\\/#organization\",\"name\":\"Escaparate\",\"description\":\"Informaci\\u00f3n | Noticias | Actualidad\",\"url\":\"https:\\\/\\\/www.yoleoescaparate.com\\\/\",\"logo\":{\"@type\":\"ImageObject\",\"url\":\"https:\\\/\\\/www.yoleoescaparate.com\\\/wp-content\\\/uploads\\\/2022\\\/02\\\/logoF.jpg\",\"@id\":\"https:\\\/\\\/www.yoleoescaparate.com\\\/?p=150960\\\/#organizationLogo\",\"width\":350,\"height\":360},\"image\":{\"@id\":\"https:\\\/\\\/www.yoleoescaparate.com\\\/?p=150960\\\/#organizationLogo\"},\"sameAs\":[\"https:\\\/\\\/www.facebook.com\\\/revescaparate\",\"https:\\\/\\\/twitter.com\\\/rev_escaparate\",\"https:\\\/\\\/www.instagram.com\\\/yoleoescaparate\\\/\",\"https:\\\/\\\/www.youtube.com\\\/channel\\\/UCj1lDjkqSzCH14bZmq-kWsQ\"]},{\"@type\":\"Person\",\"@id\":\"https:\\\/\\\/www.yoleoescaparate.com\\\/?author=1#author\",\"url\":\"https:\\\/\\\/www.yoleoescaparate.com\\\/?author=1\",\"name\":\"Escaparate\",\"image\":{\"@type\":\"ImageObject\",\"@id\":\"https:\\\/\\\/www.yoleoescaparate.com\\\/?p=150960#authorImage\",\"url\":\"https:\\\/\\\/secure.gravatar.com\\\/avatar\\\/d4681a657e3ba11aa052dc7c62193f217364db55960ea15739662b6564b2dafb?s=96&d=mm&r=g\",\"width\":96,\"height\":96,\"caption\":\"Escaparate\"}},{\"@type\":\"WebPage\",\"@id\":\"https:\\\/\\\/www.yoleoescaparate.com\\\/?p=150960#webpage\",\"url\":\"https:\\\/\\\/www.yoleoescaparate.com\\\/?p=150960\",\"name\":\"Escaparate 1\\u00aa Quincena de Septiembre con las fiestas de Autol, Azagra y Pradej\\u00f3n \\u2022 Escaparate\",\"description\":\"No se les ocurra lavar y guardar sus pa\\u00f1uelo festivo porque todav\\u00eda tenemos que acudir, s\\u00ed o s\\u00ed, a las fiestas de Pradej\\u00f3n, Azagra y Autol.Para todas ellas, ayuntamiento y asociaciones de todo tipo, han puesto toda la carne en el asador para poner en marcha un calendario de actividades a la altura de sus\",\"inLanguage\":\"es-ES\",\"isPartOf\":{\"@id\":\"https:\\\/\\\/www.yoleoescaparate.com\\\/#website\"},\"breadcrumb\":{\"@id\":\"https:\\\/\\\/www.yoleoescaparate.com\\\/?p=150960#breadcrumblist\"},\"author\":{\"@id\":\"https:\\\/\\\/www.yoleoescaparate.com\\\/?author=1#author\"},\"creator\":{\"@id\":\"https:\\\/\\\/www.yoleoescaparate.com\\\/?author=1#author\"},\"image\":{\"@type\":\"ImageObject\",\"url\":\"https:\\\/\\\/www.yoleoescaparate.com\\\/wp-content\\\/uploads\\\/Esca2617-1.jpg\",\"@id\":\"https:\\\/\\\/www.yoleoescaparate.com\\\/?p=150960\\\/#mainImage\",\"width\":1200,\"height\":675},\"primaryImageOfPage\":{\"@id\":\"https:\\\/\\\/www.yoleoescaparate.com\\\/?p=150960#mainImage\"},\"datePublished\":\"2026-09-01T12:32:21+02:00\",\"dateModified\":\"2026-09-01T13:01:22+02:00\"},{\"@type\":\"WebSite\",\"@id\":\"https:\\\/\\\/www.yoleoescaparate.com\\\/#website\",\"url\":\"https:\\\/\\\/www.yoleoescaparate.com\\\/\",\"name\":\"Escaparate\",\"description\":\"Informaci\\u00f3n | Noticias | Actualidad\",\"inLanguage\":\"es-ES\",\"publisher\":{\"@id\":\"https:\\\/\\\/www.yoleoescaparate.com\\\/#organization\"}}]}\n\t\t<\/script>\n\t\t<!-- All in One SEO -->\n\n","aioseo_head_json":{"title":"Escaparate 1\u00aa Quincena de Septiembre con las fiestas de Autol, Azagra y Pradej\u00f3n \u2022 Escaparate","description":"No se les ocurra lavar y guardar sus pa\u00f1uelo festivo porque todav\u00eda tenemos que acudir, s\u00ed o s\u00ed, a las fiestas de Pradej\u00f3n, Azagra y Autol.Para todas ellas, ayuntamiento y asociaciones de todo tipo, han puesto toda la carne en el asador para poner en marcha un calendario de actividades a la altura de sus","canonical_url":"https:\/\/www.yoleoescaparate.com\/?p=150960","robots":"max-image-preview:large","keywords":"","webmasterTools":{"google-site-verification":"OQV8mvJF6pBZ9RiZ8C9O86ahYB3C05wO-omz3Nejrsc","miscellaneous":""},"schema":{"@context":"https:\/\/schema.org","@graph":[{"@type":"BlogPosting","@id":"https:\/\/www.yoleoescaparate.com\/?p=150960#blogposting","name":"Escaparate 1\u00aa Quincena de Septiembre con las fiestas de Autol, Azagra y Pradej\u00f3n \u2022 Escaparate","headline":"Escaparate 1\u00aa Quincena de Septiembre con las fiestas de Autol, Azagra y Pradej\u00f3n","author":{"@id":"https:\/\/www.yoleoescaparate.com\/?author=1#author"},"publisher":{"@id":"https:\/\/www.yoleoescaparate.com\/#organization"},"image":{"@type":"ImageObject","url":"https:\/\/www.yoleoescaparate.com\/wp-content\/uploads\/Esca2617-1.jpg","width":1200,"height":675},"datePublished":"2026-09-01T12:32:21+02:00","dateModified":"2026-09-01T13:01:22+02:00","inLanguage":"es-ES","mainEntityOfPage":{"@id":"https:\/\/www.yoleoescaparate.com\/?p=150960#webpage"},"isPartOf":{"@id":"https:\/\/www.yoleoescaparate.com\/?p=150960#webpage"},"articleSection":"Aldeanueva de Ebro, Autol, Azagra, Calahorra, Escaparate, Pradej\u00f3n, Rinc\u00f3n de Soto, San Adri\u00e1n, Aldeanueva de Ebro, Autol, Azagra, Calahorra, Escaparate, pradejon, rincon de soto, San Adri\u00e1n"},{"@type":"BreadcrumbList","@id":"https:\/\/www.yoleoescaparate.com\/?p=150960#breadcrumblist","itemListElement":[{"@type":"ListItem","@id":"https:\/\/www.yoleoescaparate.com#listItem","position":1,"name":"Home","item":"https:\/\/www.yoleoescaparate.com","nextItem":{"@type":"ListItem","@id":"https:\/\/www.yoleoescaparate.com\/?cat=1#listItem","name":"Escaparate"}},{"@type":"ListItem","@id":"https:\/\/www.yoleoescaparate.com\/?cat=1#listItem","position":2,"name":"Escaparate","item":"https:\/\/www.yoleoescaparate.com\/?cat=1","nextItem":{"@type":"ListItem","@id":"https:\/\/www.yoleoescaparate.com\/?p=150960#listItem","name":"Escaparate 1\u00aa Quincena de Septiembre con las fiestas de Autol, Azagra y Pradej\u00f3n"},"previousItem":{"@type":"ListItem","@id":"https:\/\/www.yoleoescaparate.com#listItem","name":"Home"}},{"@type":"ListItem","@id":"https:\/\/www.yoleoescaparate.com\/?p=150960#listItem","position":3,"name":"Escaparate 1\u00aa Quincena de Septiembre con las fiestas de Autol, Azagra y Pradej\u00f3n","previousItem":{"@type":"ListItem","@id":"https:\/\/www.yoleoescaparate.com\/?cat=1#listItem","name":"Escaparate"}}]},{"@type":"Organization","@id":"https:\/\/www.yoleoescaparate.com\/#organization","name":"Escaparate","description":"Informaci\u00f3n | Noticias | Actualidad","url":"https:\/\/www.yoleoescaparate.com\/","logo":{"@type":"ImageObject","url":"https:\/\/www.yoleoescaparate.com\/wp-content\/uploads\/2022\/02\/logoF.jpg","@id":"https:\/\/www.yoleoescaparate.com\/?p=150960\/#organizationLogo","width":350,"height":360},"image":{"@id":"https:\/\/www.yoleoescaparate.com\/?p=150960\/#organizationLogo"},"sameAs":["https:\/\/www.facebook.com\/revescaparate","https:\/\/twitter.com\/rev_escaparate","https:\/\/www.instagram.com\/yoleoescaparate\/","https:\/\/www.youtube.com\/channel\/UCj1lDjkqSzCH14bZmq-kWsQ"]},{"@type":"Person","@id":"https:\/\/www.yoleoescaparate.com\/?author=1#author","url":"https:\/\/www.yoleoescaparate.com\/?author=1","name":"Escaparate","image":{"@type":"ImageObject","@id":"https:\/\/www.yoleoescaparate.com\/?p=150960#authorImage","url":"https:\/\/secure.gravatar.com\/avatar\/d4681a657e3ba11aa052dc7c62193f217364db55960ea15739662b6564b2dafb?s=96&d=mm&r=g","width":96,"height":96,"caption":"Escaparate"}},{"@type":"WebPage","@id":"https:\/\/www.yoleoescaparate.com\/?p=150960#webpage","url":"https:\/\/www.yoleoescaparate.com\/?p=150960","name":"Escaparate 1\u00aa Quincena de Septiembre con las fiestas de Autol, Azagra y Pradej\u00f3n \u2022 Escaparate","description":"No se les ocurra lavar y guardar sus pa\u00f1uelo festivo porque todav\u00eda tenemos que acudir, s\u00ed o s\u00ed, a las fiestas de Pradej\u00f3n, Azagra y Autol.Para todas ellas, ayuntamiento y asociaciones de todo tipo, han puesto toda la carne en el asador para poner en marcha un calendario de actividades a la altura de sus","inLanguage":"es-ES","isPartOf":{"@id":"https:\/\/www.yoleoescaparate.com\/#website"},"breadcrumb":{"@id":"https:\/\/www.yoleoescaparate.com\/?p=150960#breadcrumblist"},"author":{"@id":"https:\/\/www.yoleoescaparate.com\/?author=1#author"},"creator":{"@id":"https:\/\/www.yoleoescaparate.com\/?author=1#author"},"image":{"@type":"ImageObject","url":"https:\/\/www.yoleoescaparate.com\/wp-content\/uploads\/Esca2617-1.jpg","@id":"https:\/\/www.yoleoescaparate.com\/?p=150960\/#mainImage","width":1200,"height":675},"primaryImageOfPage":{"@id":"https:\/\/www.yoleoescaparate.com\/?p=150960#mainImage"},"datePublished":"2026-09-01T12:32:21+02:00","dateModified":"2026-09-01T13:01:22+02:00"},{"@type":"WebSite","@id":"https:\/\/www.yoleoescaparate.com\/#website","url":"https:\/\/www.yoleoescaparate.com\/","name":"Escaparate","description":"Informaci\u00f3n | Noticias | Actualidad","inLanguage":"es-ES","publisher":{"@id":"https:\/\/www.yoleoescaparate.com\/#organization"}}]},"og:locale":"es_ES","og:site_name":"Escaparate \u2022 Informaci\u00f3n | Noticias | Actualidad","og:type":"article","og:title":"Escaparate 1\u00aa Quincena de Septiembre con las fiestas de Autol, Azagra y Pradej\u00f3n \u2022 Escaparate","og:description":"No se les ocurra lavar y guardar sus pa\u00f1uelo festivo porque todav\u00eda tenemos que acudir, s\u00ed o s\u00ed, a las fiestas de Pradej\u00f3n, Azagra y Autol.Para todas ellas, ayuntamiento y asociaciones de todo tipo, han puesto toda la carne en el asador para poner en marcha un calendario de actividades a la altura de sus","og:url":"https:\/\/www.yoleoescaparate.com\/?p=150960","og:image":"https:\/\/www.yoleoescaparate.com\/wp-content\/uploads\/Esca2617-1.jpg","og:image:secure_url":"https:\/\/www.yoleoescaparate.com\/wp-content\/uploads\/Esca2617-1.jpg","og:image:width":1200,"og:image:height":675,"article:published_time":"2026-09-01T10:32:21+00:00","article:modified_time":"2026-09-01T11:01:22+00:00","article:publisher":"https:\/\/www.facebook.com\/revescaparate","twitter:card":"summary_large_image","twitter:site":"@rev_escaparate","twitter:title":"Escaparate 1\u00aa Quincena de Septiembre con las fiestas de Autol, Azagra y Pradej\u00f3n \u2022 Escaparate","twitter:description":"No se les ocurra lavar y guardar sus pa\u00f1uelo festivo porque todav\u00eda tenemos que acudir, s\u00ed o s\u00ed, a las fiestas de Pradej\u00f3n, Azagra y Autol.Para todas ellas, ayuntamiento y asociaciones de todo tipo, han puesto toda la carne en el asador para poner en marcha un calendario de actividades a la altura de sus","twitter:creator":"@rev_escaparate","twitter:image":"https:\/\/www.yoleoescaparate.com\/wp-content\/uploads\/Esca2617-1.jpg"},"aioseo_meta_data":{"post_id":"150960","title":null,"description":null,"keywords":null,"keyphrases":{"focus":{"keyphrase":"","score":0,"analysis":{"keyphraseInTitle":{"score":0,"maxScore":9,"error":1}}},"additional":[]},"primary_term":null,"canonical_url":null,"og_title":null,"og_description":null,"og_object_type":"default","og_image_type":"default","og_image_url":null,"og_image_width":null,"og_image_height":null,"og_image_custom_url":null,"og_image_custom_fields":null,"og_video":"","og_custom_url":null,"og_article_section":null,"og_article_tags":null,"twitter_use_og":true,"twitter_card":"default","twitter_image_type":"default","twitter_image_url":null,"twitter_image_custom_url":null,"twitter_image_custom_fields":null,"twitter_title":null,"twitter_description":null,"schema":{"blockGraphs":[],"customGraphs":[],"default":{"data":{"Article":[],"Course":[],"Dataset":[],"FAQPage":[],"Movie":[],"Person":[],"Product":[],"ProductReview":[],"Car":[],"Recipe":[],"Service":[],"SoftwareApplication":[],"WebPage":[]},"graphName":"BlogPosting","isEnabled":true},"graphs":[]},"schema_type":"default","schema_type_options":null,"pillar_content":false,"robots_default":true,"robots_noindex":false,"robots_noarchive":false,"robots_nosnippet":false,"robots_nofollow":false,"robots_noimageindex":false,"robots_noodp":false,"robots_notranslate":false,"robots_max_snippet":"-1","robots_max_videopreview":"-1","robots_max_imagepreview":"large","priority":null,"frequency":"default","local_seo":null,"breadcrumb_settings":null,"limit_modified_date":false,"ai":{"faqs":[],"keyPoints":[],"schemas":[],"titles":[],"descriptions":[],"socialPosts":{"email":{"subject":"","preview":"","content":""},"linkedin":[],"twitter":[],"facebook":[],"instagram":[]}},"created":"2026-09-01 10:32:25","updated":"2026-09-01 11:01:23","seo_analyzer_scan_date":null},"aioseo_breadcrumb":"<div class=\"aioseo-breadcrumbs\"><span class=\"aioseo-breadcrumb\">\n\t\t\t<a href=\"https:\/\/www.yoleoescaparate.com\" title=\"Home\">Home<\/a>\n\t\t<\/span><span class=\"aioseo-breadcrumb-separator\">&raquo;<\/span><span class=\"aioseo-breadcrumb\">\n\t\t\t<a href=\"https:\/\/www.yoleoescaparate.com\/?cat=1\" title=\"Escaparate\">Escaparate<\/a>\n\t\t<\/span><span class=\"aioseo-breadcrumb-separator\">&raquo;<\/span><span class=\"aioseo-breadcrumb\">\n\t\t\tEscaparate 1\u00aa Quincena de Septiembre con las fiestas de Autol, Azagra y Pradej\u00f3n\n\t\t<\/span><\/div>","aioseo_breadcrumb_json":[{"label":"Home","link":"https:\/\/www.yoleoescaparate.com"},{"label":"Escaparate","link":"https:\/\/www.yoleoescaparate.com\/?cat=1"},{"label":"Escaparate 1\u00aa Quincena de Septiembre con las fiestas de Autol, Azagra y Pradej\u00f3n","link":"https:\/\/www.yoleoescaparate.com\/?p=150960"}],"_links":{"self":[{"href":"https:\/\/www.yoleoescaparate.com\/index.php?rest_route=\/wp\/v2\/posts\/150960","targetHints":{"allow":["GET"]}}],"collection":[{"href":"https:\/\/www.yoleoescaparate.com\/index.php?rest_route=\/wp\/v2\/posts"}],"about":[{"href":"https:\/\/www.yoleoescaparate.com\/index.php?rest_route=\/wp\/v2\/types\/post"}],"author":[{"embeddable":true,"href":"https:\/\/www.yoleoescaparate.com\/index.php?rest_route=\/wp\/v2\/users\/1"}],"replies":[{"embeddable":true,"href":"https:\/\/www.yoleoescaparate.com\/index.php?rest_route=%2Fwp%2Fv2%2Fcomments&post=150960"}],"version-history":[{"count":3,"href":"https:\/\/www.yoleoescaparate.com\/index.php?rest_route=\/wp\/v2\/posts\/150960\/revisions"}],"predecessor-version":[{"id":150965,"href":"https:\/\/www.yoleoescaparate.com\/index.php?rest_route=\/wp\/v2\/posts\/150960\/revisions\/150965"}],"wp:featuredmedia":[{"embeddable":true,"href":"https:\/\/www.yoleoescaparate.com\/index.php?rest_route=\/wp\/v2\/media\/150961"}],"wp:attachment":[{"href":"https:\/\/www.yoleoescaparate.com\/index.php?rest_route=%2Fwp%2Fv2%2Fmedia&parent=150960"}],"wp:term":[{"taxonomy":"category","embeddable":true,"href":"https:\/\/www.yoleoescaparate.com\/index.php?rest_route=%2Fwp%2Fv2%2Fcategories&post=150960"},{"taxonomy":"post_tag","embeddable":true,"href":"https:\/\/www.yoleoescaparate.com\/index.php?rest_route=%2Fwp%2Fv2%2Ftags&post=150960"}],"curies":[{"name":"wp","href":"https:\/\/api.w.org\/{rel}","templated":true}]}}