{"id":151022,"date":"2026-09-01T14:47:07","date_gmt":"2026-09-01T12:47:07","guid":{"rendered":"https:\/\/www.yoleoescaparate.com\/?p=151022"},"modified":"2026-09-01T14:47:12","modified_gmt":"2026-09-01T12:47:12","slug":"el-ayuntamiento-de-alfaro-impulsa-el-comercio-de-proximidad-con-el-regreso-de-la-campana-compras-cruzadas-2026","status":"publish","type":"post","link":"https:\/\/www.yoleoescaparate.com\/?p=151022","title":{"rendered":"El Ayuntamiento de Alfaro impulsa el comercio de proximidad con el regreso de la campa\u00f1a \u201cCompras Cruzadas 2026\u201d"},"content":{"rendered":"\n<!--more-->\n\n\n\n<figure class=\"wp-block-image size-full\"><img loading=\"lazy\" decoding=\"async\" width=\"728\" height=\"200\" src=\"https:\/\/www.yoleoescaparate.com\/wp-content\/uploads\/BannerWAEscaparate.gif\" alt=\"\" class=\"wp-image-141769\"\/><\/figure>\n\n\n\n<p class=\"wp-block-paragraph\"><em>Bajo el lema \u201cSi t\u00fa no compras, Alfaro se apaga\u201d, la campa\u00f1a servir\u00e1 adem\u00e1s como anticipo de una gran acci\u00f3n de sensibilizaci\u00f3n prevista para finales de a\u00f1o, en plena \u00e9poca de compras navide\u00f1as<\/em><\/p>\n\n\n\n<p class=\"wp-block-paragraph\">El Ayuntamiento de Alfaro, en colaboraci\u00f3n con la Agencia de Desarrollo Econ\u00f3mico de La Rioja (ADER) y la Asociaci\u00f3n de Comerciantes de Alfaro (ADECA), ha presentado la nueva edici\u00f3n de la esperada campa\u00f1a de dinamizaci\u00f3n comercial \u00abCompras Cruzadas Alfaro 2026\u00bb, que se desarrollar\u00e1 entre el 1 y el 25 de septiembre.<br>Con esta actuaci\u00f3n de impacto inmediato, el Consistorio busca reactivar las ventas y aumentar el ticket medio tras el periodo vacacional, promoviendo la rotaci\u00f3n de clientes entre comercios de diferentes sectores (calzado, moda, hosteler\u00eda, belleza, servicios, etc.)<br>\u201cSI T\u00da NO COMPRAS, ALFARO SE APAGA\u201d<br>ANTICIPO A LA GRAN CAMPA\u00d1A DE SENSIBILIZACI\u00d3N A FINAL DE A\u00d1O<br>Un aspecto clave de esta edici\u00f3n es la incorporaci\u00f3n del lema \u201cSi t\u00fa no compras, Alfaro se apaga\u201d. Esta consigna nace como un anticipo y primera toma de contacto de cara a una ambiciosa campa\u00f1a de sensibilizaci\u00f3n que el Ayuntamiento desplegar\u00e1 hacia finales de a\u00f1o, coincidiendo con las fechas navide\u00f1as y de mayor sensibilidad consumidora.<br>La iniciativa busca activar un despertar emocional en la poblaci\u00f3n para que sea consciente de que cada compra realizada en el comercio local mantiene la vitalidad, el empleo y el dinamismo de las calles de Alfaro.<br>\u00abEl lema \u201cSi t\u00fa no compras, Alfaro se apaga\u201d representa una llamada a la reflexi\u00f3n sobre el valor transformador del consumo de proximidad. Hemos querido lanzarlo ya en septiembre dentro de Compras Cruzadas como un primer avance para sembrar este mensaje, preparando el terreno para la gran campa\u00f1a de sensibilizaci\u00f3n que realizaremos a final de a\u00f1o, un momento crucial en el que la concienciaci\u00f3n del consumidor es fundamental.\u00bb<br>Luis Miguel Zambrano, Concejal de Comercio, Restauraci\u00f3n y Participaci\u00f3n Ciudadana<br>MEC\u00c1NICA DE LA CAMPA\u00d1A Y PREMIOS DIRECTOS<br>\u2022 M\u00e1s de 200 vales de descuento: Se distribuir\u00e1n boletos con premios directos de 20 \u20ac, 50 \u20ac y 100 \u20ac.<br>\u2022 Formato cruzado: En cada boleto premiado figurar\u00e1 el nombre del establecimiento espec\u00edfico en el que el cliente deber\u00e1 canjear su premio, fomentando que descubra y compre en tiendas que no sol\u00eda frecuentar.<br>\u2022 Requisito de compra: Para validar el premio, el ticket de la nueva compra debe ser al menos un 20% superior al importe del vale (compras m\u00ednimas de 24 \u20ac para vales de 20 \u20ac, 60 \u20ac para vales de 50 \u20ac, y 120 \u20ac para vales de 100 \u20ac).<br>DENTRO DEL PLAN ESTRAT\u00c9GICO DE DINAMIZACI\u00d3N COMERCIAL 2026-2028<br>Esta acci\u00f3n se integra dentro del proceso de elaboraci\u00f3n del nuevo Plan Estrat\u00e9gico de Dinamizaci\u00f3n Comercial 2026-2028, que actualmente elabora un diagn\u00f3stico integral (DAFO) del sector en Alfaro y trabaja sobre cinco ejes clave:<br>\u2022 Concienciaci\u00f3n: Sensibilizar a la ciudadan\u00eda sobre el impacto real de comprar en el comercio local.<br>\u2022 Asociacionismo: Impulsar la uni\u00f3n y alianzas entre los comerciantes alfare\u00f1os.<br>\u2022 Competitividad: Favorecer la modernizaci\u00f3n y actualizaci\u00f3n de las Pymes y aut\u00f3nomos.<br>\u2022 Producto de cercan\u00eda: Promocionar los productos locales y la venta de proximidad.<br>\u2022 Sostenibilidad: Fomentar pr\u00e1cticas sostenibles en el tejido comercial de la villa.<br>\u2022 Emprendimiento y relevo generacional: favorecer nuevas iniciativas comerciales e impulsar la trasmisi\u00f3n de negocios facilitando el relevo generacional.<\/p>\n","protected":false},"excerpt":{"rendered":"","protected":false},"author":1,"featured_media":151024,"comment_status":"open","ping_status":"open","sticky":false,"template":"","format":"standard","meta":{"colormag_page_container_layout":"default_layout","colormag_page_sidebar_layout":"default_layout","om_disable_all_campaigns":false,"_monsterinsights_skip_tracking":false,"_monsterinsights_sitenote_active":false,"_monsterinsights_sitenote_note":"","_monsterinsights_sitenote_category":0,"footnotes":""},"categories":[5],"tags":[72],"class_list":["post-151022","post","type-post","status-publish","format-standard","has-post-thumbnail","hentry","category-alfaro","tag-alfaro"],"aioseo_notices":[],"aioseo_head":"\n\t\t<!-- All in One SEO 4.9.10 - aioseo.com -->\n\t<meta name=\"description\" content=\"Bajo el lema \u201cSi t\u00fa no compras, Alfaro se apaga\u201d, la campa\u00f1a servir\u00e1 adem\u00e1s como anticipo de una gran acci\u00f3n de sensibilizaci\u00f3n prevista para finales de a\u00f1o, en plena \u00e9poca de compras navide\u00f1as El Ayuntamiento de Alfaro, en colaboraci\u00f3n con la Agencia de Desarrollo Econ\u00f3mico de La Rioja (ADER) y la Asociaci\u00f3n de Comerciantes de\" \/>\n\t<meta name=\"robots\" content=\"max-image-preview:large\" \/>\n\t<meta name=\"author\" content=\"Escaparate\"\/>\n\t<meta name=\"google-site-verification\" content=\"OQV8mvJF6pBZ9RiZ8C9O86ahYB3C05wO-omz3Nejrsc\" \/>\n\t<link rel=\"canonical\" href=\"https:\/\/www.yoleoescaparate.com\/?p=151022\" \/>\n\t<meta name=\"generator\" content=\"All in One SEO (AIOSEO) 4.9.10\" \/>\n\t\t<meta property=\"og:locale\" content=\"es_ES\" \/>\n\t\t<meta property=\"og:site_name\" content=\"Escaparate \u2022 Informaci\u00f3n | Noticias | Actualidad\" \/>\n\t\t<meta property=\"og:type\" content=\"article\" \/>\n\t\t<meta property=\"og:title\" content=\"El Ayuntamiento de Alfaro impulsa el comercio de proximidad con el regreso de la campa\u00f1a \u201cCompras Cruzadas 2026\u201d \u2022 Escaparate\" \/>\n\t\t<meta property=\"og:description\" content=\"Bajo el lema \u201cSi t\u00fa no compras, Alfaro se apaga\u201d, la campa\u00f1a servir\u00e1 adem\u00e1s como anticipo de una gran acci\u00f3n de sensibilizaci\u00f3n prevista para finales de a\u00f1o, en plena \u00e9poca de compras navide\u00f1as El Ayuntamiento de Alfaro, en colaboraci\u00f3n con la Agencia de Desarrollo Econ\u00f3mico de La Rioja (ADER) y la Asociaci\u00f3n de Comerciantes de\" \/>\n\t\t<meta property=\"og:url\" content=\"https:\/\/www.yoleoescaparate.com\/?p=151022\" \/>\n\t\t<meta property=\"og:image\" content=\"https:\/\/www.yoleoescaparate.com\/wp-content\/uploads\/ComprasCruzadasAlfaro26.jpg\" \/>\n\t\t<meta property=\"og:image:secure_url\" content=\"https:\/\/www.yoleoescaparate.com\/wp-content\/uploads\/ComprasCruzadasAlfaro26.jpg\" \/>\n\t\t<meta property=\"og:image:width\" content=\"1200\" \/>\n\t\t<meta property=\"og:image:height\" content=\"675\" \/>\n\t\t<meta property=\"article:published_time\" content=\"2026-09-01T12:47:07+00:00\" \/>\n\t\t<meta property=\"article:modified_time\" content=\"2026-09-01T12:47:12+00:00\" \/>\n\t\t<meta property=\"article:publisher\" content=\"https:\/\/www.facebook.com\/revescaparate\" \/>\n\t\t<meta name=\"twitter:card\" content=\"summary_large_image\" \/>\n\t\t<meta name=\"twitter:site\" content=\"@rev_escaparate\" \/>\n\t\t<meta name=\"twitter:title\" content=\"El Ayuntamiento de Alfaro impulsa el comercio de proximidad con el regreso de la campa\u00f1a \u201cCompras Cruzadas 2026\u201d \u2022 Escaparate\" \/>\n\t\t<meta name=\"twitter:description\" content=\"Bajo el lema \u201cSi t\u00fa no compras, Alfaro se apaga\u201d, la campa\u00f1a servir\u00e1 adem\u00e1s como anticipo de una gran acci\u00f3n de sensibilizaci\u00f3n prevista para finales de a\u00f1o, en plena \u00e9poca de compras navide\u00f1as El Ayuntamiento de Alfaro, en colaboraci\u00f3n con la Agencia de Desarrollo Econ\u00f3mico de La Rioja (ADER) y la Asociaci\u00f3n de Comerciantes de\" \/>\n\t\t<meta name=\"twitter:creator\" content=\"@rev_escaparate\" \/>\n\t\t<meta name=\"twitter:image\" content=\"https:\/\/www.yoleoescaparate.com\/wp-content\/uploads\/ComprasCruzadasAlfaro26.jpg\" \/>\n\t\t<script type=\"application\/ld+json\" class=\"aioseo-schema\">\n\t\t\t{\"@context\":\"https:\\\/\\\/schema.org\",\"@graph\":[{\"@type\":\"BlogPosting\",\"@id\":\"https:\\\/\\\/www.yoleoescaparate.com\\\/?p=151022#blogposting\",\"name\":\"El Ayuntamiento de Alfaro impulsa el comercio de proximidad con el regreso de la campa\\u00f1a \\u201cCompras Cruzadas 2026\\u201d \\u2022 Escaparate\",\"headline\":\"El Ayuntamiento de Alfaro impulsa el comercio de proximidad con el regreso de la campa\\u00f1a \\u201cCompras Cruzadas 2026\\u201d\",\"author\":{\"@id\":\"https:\\\/\\\/www.yoleoescaparate.com\\\/?author=1#author\"},\"publisher\":{\"@id\":\"https:\\\/\\\/www.yoleoescaparate.com\\\/#organization\"},\"image\":{\"@type\":\"ImageObject\",\"url\":\"https:\\\/\\\/www.yoleoescaparate.com\\\/wp-content\\\/uploads\\\/ComprasCruzadasAlfaro26.jpg\",\"width\":1200,\"height\":675},\"datePublished\":\"2026-09-01T14:47:07+02:00\",\"dateModified\":\"2026-09-01T14:47:12+02:00\",\"inLanguage\":\"es-ES\",\"mainEntityOfPage\":{\"@id\":\"https:\\\/\\\/www.yoleoescaparate.com\\\/?p=151022#webpage\"},\"isPartOf\":{\"@id\":\"https:\\\/\\\/www.yoleoescaparate.com\\\/?p=151022#webpage\"},\"articleSection\":\"Alfaro, Alfaro\"},{\"@type\":\"BreadcrumbList\",\"@id\":\"https:\\\/\\\/www.yoleoescaparate.com\\\/?p=151022#breadcrumblist\",\"itemListElement\":[{\"@type\":\"ListItem\",\"@id\":\"https:\\\/\\\/www.yoleoescaparate.com#listItem\",\"position\":1,\"name\":\"Home\",\"item\":\"https:\\\/\\\/www.yoleoescaparate.com\",\"nextItem\":{\"@type\":\"ListItem\",\"@id\":\"https:\\\/\\\/www.yoleoescaparate.com\\\/?cat=5#listItem\",\"name\":\"Alfaro\"}},{\"@type\":\"ListItem\",\"@id\":\"https:\\\/\\\/www.yoleoescaparate.com\\\/?cat=5#listItem\",\"position\":2,\"name\":\"Alfaro\",\"item\":\"https:\\\/\\\/www.yoleoescaparate.com\\\/?cat=5\",\"nextItem\":{\"@type\":\"ListItem\",\"@id\":\"https:\\\/\\\/www.yoleoescaparate.com\\\/?p=151022#listItem\",\"name\":\"El Ayuntamiento de Alfaro impulsa el comercio de proximidad con el regreso de la campa\\u00f1a \\u201cCompras Cruzadas 2026\\u201d\"},\"previousItem\":{\"@type\":\"ListItem\",\"@id\":\"https:\\\/\\\/www.yoleoescaparate.com#listItem\",\"name\":\"Home\"}},{\"@type\":\"ListItem\",\"@id\":\"https:\\\/\\\/www.yoleoescaparate.com\\\/?p=151022#listItem\",\"position\":3,\"name\":\"El Ayuntamiento de Alfaro impulsa el comercio de proximidad con el regreso de la campa\\u00f1a \\u201cCompras Cruzadas 2026\\u201d\",\"previousItem\":{\"@type\":\"ListItem\",\"@id\":\"https:\\\/\\\/www.yoleoescaparate.com\\\/?cat=5#listItem\",\"name\":\"Alfaro\"}}]},{\"@type\":\"Organization\",\"@id\":\"https:\\\/\\\/www.yoleoescaparate.com\\\/#organization\",\"name\":\"Escaparate\",\"description\":\"Informaci\\u00f3n | Noticias | Actualidad\",\"url\":\"https:\\\/\\\/www.yoleoescaparate.com\\\/\",\"logo\":{\"@type\":\"ImageObject\",\"url\":\"https:\\\/\\\/www.yoleoescaparate.com\\\/wp-content\\\/uploads\\\/2022\\\/02\\\/logoF.jpg\",\"@id\":\"https:\\\/\\\/www.yoleoescaparate.com\\\/?p=151022\\\/#organizationLogo\",\"width\":350,\"height\":360},\"image\":{\"@id\":\"https:\\\/\\\/www.yoleoescaparate.com\\\/?p=151022\\\/#organizationLogo\"},\"sameAs\":[\"https:\\\/\\\/www.facebook.com\\\/revescaparate\",\"https:\\\/\\\/twitter.com\\\/rev_escaparate\",\"https:\\\/\\\/www.instagram.com\\\/yoleoescaparate\\\/\",\"https:\\\/\\\/www.youtube.com\\\/channel\\\/UCj1lDjkqSzCH14bZmq-kWsQ\"]},{\"@type\":\"Person\",\"@id\":\"https:\\\/\\\/www.yoleoescaparate.com\\\/?author=1#author\",\"url\":\"https:\\\/\\\/www.yoleoescaparate.com\\\/?author=1\",\"name\":\"Escaparate\",\"image\":{\"@type\":\"ImageObject\",\"@id\":\"https:\\\/\\\/www.yoleoescaparate.com\\\/?p=151022#authorImage\",\"url\":\"https:\\\/\\\/secure.gravatar.com\\\/avatar\\\/d4681a657e3ba11aa052dc7c62193f217364db55960ea15739662b6564b2dafb?s=96&d=mm&r=g\",\"width\":96,\"height\":96,\"caption\":\"Escaparate\"}},{\"@type\":\"WebPage\",\"@id\":\"https:\\\/\\\/www.yoleoescaparate.com\\\/?p=151022#webpage\",\"url\":\"https:\\\/\\\/www.yoleoescaparate.com\\\/?p=151022\",\"name\":\"El Ayuntamiento de Alfaro impulsa el comercio de proximidad con el regreso de la campa\\u00f1a \\u201cCompras Cruzadas 2026\\u201d \\u2022 Escaparate\",\"description\":\"Bajo el lema \\u201cSi t\\u00fa no compras, Alfaro se apaga\\u201d, la campa\\u00f1a servir\\u00e1 adem\\u00e1s como anticipo de una gran acci\\u00f3n de sensibilizaci\\u00f3n prevista para finales de a\\u00f1o, en plena \\u00e9poca de compras navide\\u00f1as El Ayuntamiento de Alfaro, en colaboraci\\u00f3n con la Agencia de Desarrollo Econ\\u00f3mico de La Rioja (ADER) y la Asociaci\\u00f3n de Comerciantes de\",\"inLanguage\":\"es-ES\",\"isPartOf\":{\"@id\":\"https:\\\/\\\/www.yoleoescaparate.com\\\/#website\"},\"breadcrumb\":{\"@id\":\"https:\\\/\\\/www.yoleoescaparate.com\\\/?p=151022#breadcrumblist\"},\"author\":{\"@id\":\"https:\\\/\\\/www.yoleoescaparate.com\\\/?author=1#author\"},\"creator\":{\"@id\":\"https:\\\/\\\/www.yoleoescaparate.com\\\/?author=1#author\"},\"image\":{\"@type\":\"ImageObject\",\"url\":\"https:\\\/\\\/www.yoleoescaparate.com\\\/wp-content\\\/uploads\\\/ComprasCruzadasAlfaro26.jpg\",\"@id\":\"https:\\\/\\\/www.yoleoescaparate.com\\\/?p=151022\\\/#mainImage\",\"width\":1200,\"height\":675},\"primaryImageOfPage\":{\"@id\":\"https:\\\/\\\/www.yoleoescaparate.com\\\/?p=151022#mainImage\"},\"datePublished\":\"2026-09-01T14:47:07+02:00\",\"dateModified\":\"2026-09-01T14:47:12+02:00\"},{\"@type\":\"WebSite\",\"@id\":\"https:\\\/\\\/www.yoleoescaparate.com\\\/#website\",\"url\":\"https:\\\/\\\/www.yoleoescaparate.com\\\/\",\"name\":\"Escaparate\",\"description\":\"Informaci\\u00f3n | Noticias | Actualidad\",\"inLanguage\":\"es-ES\",\"publisher\":{\"@id\":\"https:\\\/\\\/www.yoleoescaparate.com\\\/#organization\"}}]}\n\t\t<\/script>\n\t\t<!-- All in One SEO -->\n\n","aioseo_head_json":{"title":"El Ayuntamiento de Alfaro impulsa el comercio de proximidad con el regreso de la campa\u00f1a \u201cCompras Cruzadas 2026\u201d \u2022 Escaparate","description":"Bajo el lema \u201cSi t\u00fa no compras, Alfaro se apaga\u201d, la campa\u00f1a servir\u00e1 adem\u00e1s como anticipo de una gran acci\u00f3n de sensibilizaci\u00f3n prevista para finales de a\u00f1o, en plena \u00e9poca de compras navide\u00f1as El Ayuntamiento de Alfaro, en colaboraci\u00f3n con la Agencia de Desarrollo Econ\u00f3mico de La Rioja (ADER) y la Asociaci\u00f3n de Comerciantes de","canonical_url":"https:\/\/www.yoleoescaparate.com\/?p=151022","robots":"max-image-preview:large","keywords":"","webmasterTools":{"google-site-verification":"OQV8mvJF6pBZ9RiZ8C9O86ahYB3C05wO-omz3Nejrsc","miscellaneous":""},"schema":{"@context":"https:\/\/schema.org","@graph":[{"@type":"BlogPosting","@id":"https:\/\/www.yoleoescaparate.com\/?p=151022#blogposting","name":"El Ayuntamiento de Alfaro impulsa el comercio de proximidad con el regreso de la campa\u00f1a \u201cCompras Cruzadas 2026\u201d \u2022 Escaparate","headline":"El Ayuntamiento de Alfaro impulsa el comercio de proximidad con el regreso de la campa\u00f1a \u201cCompras Cruzadas 2026\u201d","author":{"@id":"https:\/\/www.yoleoescaparate.com\/?author=1#author"},"publisher":{"@id":"https:\/\/www.yoleoescaparate.com\/#organization"},"image":{"@type":"ImageObject","url":"https:\/\/www.yoleoescaparate.com\/wp-content\/uploads\/ComprasCruzadasAlfaro26.jpg","width":1200,"height":675},"datePublished":"2026-09-01T14:47:07+02:00","dateModified":"2026-09-01T14:47:12+02:00","inLanguage":"es-ES","mainEntityOfPage":{"@id":"https:\/\/www.yoleoescaparate.com\/?p=151022#webpage"},"isPartOf":{"@id":"https:\/\/www.yoleoescaparate.com\/?p=151022#webpage"},"articleSection":"Alfaro, Alfaro"},{"@type":"BreadcrumbList","@id":"https:\/\/www.yoleoescaparate.com\/?p=151022#breadcrumblist","itemListElement":[{"@type":"ListItem","@id":"https:\/\/www.yoleoescaparate.com#listItem","position":1,"name":"Home","item":"https:\/\/www.yoleoescaparate.com","nextItem":{"@type":"ListItem","@id":"https:\/\/www.yoleoescaparate.com\/?cat=5#listItem","name":"Alfaro"}},{"@type":"ListItem","@id":"https:\/\/www.yoleoescaparate.com\/?cat=5#listItem","position":2,"name":"Alfaro","item":"https:\/\/www.yoleoescaparate.com\/?cat=5","nextItem":{"@type":"ListItem","@id":"https:\/\/www.yoleoescaparate.com\/?p=151022#listItem","name":"El Ayuntamiento de Alfaro impulsa el comercio de proximidad con el regreso de la campa\u00f1a \u201cCompras Cruzadas 2026\u201d"},"previousItem":{"@type":"ListItem","@id":"https:\/\/www.yoleoescaparate.com#listItem","name":"Home"}},{"@type":"ListItem","@id":"https:\/\/www.yoleoescaparate.com\/?p=151022#listItem","position":3,"name":"El Ayuntamiento de Alfaro impulsa el comercio de proximidad con el regreso de la campa\u00f1a \u201cCompras Cruzadas 2026\u201d","previousItem":{"@type":"ListItem","@id":"https:\/\/www.yoleoescaparate.com\/?cat=5#listItem","name":"Alfaro"}}]},{"@type":"Organization","@id":"https:\/\/www.yoleoescaparate.com\/#organization","name":"Escaparate","description":"Informaci\u00f3n | Noticias | Actualidad","url":"https:\/\/www.yoleoescaparate.com\/","logo":{"@type":"ImageObject","url":"https:\/\/www.yoleoescaparate.com\/wp-content\/uploads\/2022\/02\/logoF.jpg","@id":"https:\/\/www.yoleoescaparate.com\/?p=151022\/#organizationLogo","width":350,"height":360},"image":{"@id":"https:\/\/www.yoleoescaparate.com\/?p=151022\/#organizationLogo"},"sameAs":["https:\/\/www.facebook.com\/revescaparate","https:\/\/twitter.com\/rev_escaparate","https:\/\/www.instagram.com\/yoleoescaparate\/","https:\/\/www.youtube.com\/channel\/UCj1lDjkqSzCH14bZmq-kWsQ"]},{"@type":"Person","@id":"https:\/\/www.yoleoescaparate.com\/?author=1#author","url":"https:\/\/www.yoleoescaparate.com\/?author=1","name":"Escaparate","image":{"@type":"ImageObject","@id":"https:\/\/www.yoleoescaparate.com\/?p=151022#authorImage","url":"https:\/\/secure.gravatar.com\/avatar\/d4681a657e3ba11aa052dc7c62193f217364db55960ea15739662b6564b2dafb?s=96&d=mm&r=g","width":96,"height":96,"caption":"Escaparate"}},{"@type":"WebPage","@id":"https:\/\/www.yoleoescaparate.com\/?p=151022#webpage","url":"https:\/\/www.yoleoescaparate.com\/?p=151022","name":"El Ayuntamiento de Alfaro impulsa el comercio de proximidad con el regreso de la campa\u00f1a \u201cCompras Cruzadas 2026\u201d \u2022 Escaparate","description":"Bajo el lema \u201cSi t\u00fa no compras, Alfaro se apaga\u201d, la campa\u00f1a servir\u00e1 adem\u00e1s como anticipo de una gran acci\u00f3n de sensibilizaci\u00f3n prevista para finales de a\u00f1o, en plena \u00e9poca de compras navide\u00f1as El Ayuntamiento de Alfaro, en colaboraci\u00f3n con la Agencia de Desarrollo Econ\u00f3mico de La Rioja (ADER) y la Asociaci\u00f3n de Comerciantes de","inLanguage":"es-ES","isPartOf":{"@id":"https:\/\/www.yoleoescaparate.com\/#website"},"breadcrumb":{"@id":"https:\/\/www.yoleoescaparate.com\/?p=151022#breadcrumblist"},"author":{"@id":"https:\/\/www.yoleoescaparate.com\/?author=1#author"},"creator":{"@id":"https:\/\/www.yoleoescaparate.com\/?author=1#author"},"image":{"@type":"ImageObject","url":"https:\/\/www.yoleoescaparate.com\/wp-content\/uploads\/ComprasCruzadasAlfaro26.jpg","@id":"https:\/\/www.yoleoescaparate.com\/?p=151022\/#mainImage","width":1200,"height":675},"primaryImageOfPage":{"@id":"https:\/\/www.yoleoescaparate.com\/?p=151022#mainImage"},"datePublished":"2026-09-01T14:47:07+02:00","dateModified":"2026-09-01T14:47:12+02:00"},{"@type":"WebSite","@id":"https:\/\/www.yoleoescaparate.com\/#website","url":"https:\/\/www.yoleoescaparate.com\/","name":"Escaparate","description":"Informaci\u00f3n | Noticias | Actualidad","inLanguage":"es-ES","publisher":{"@id":"https:\/\/www.yoleoescaparate.com\/#organization"}}]},"og:locale":"es_ES","og:site_name":"Escaparate \u2022 Informaci\u00f3n | Noticias | Actualidad","og:type":"article","og:title":"El Ayuntamiento de Alfaro impulsa el comercio de proximidad con el regreso de la campa\u00f1a \u201cCompras Cruzadas 2026\u201d \u2022 Escaparate","og:description":"Bajo el lema \u201cSi t\u00fa no compras, Alfaro se apaga\u201d, la campa\u00f1a servir\u00e1 adem\u00e1s como anticipo de una gran acci\u00f3n de sensibilizaci\u00f3n prevista para finales de a\u00f1o, en plena \u00e9poca de compras navide\u00f1as El Ayuntamiento de Alfaro, en colaboraci\u00f3n con la Agencia de Desarrollo Econ\u00f3mico de La Rioja (ADER) y la Asociaci\u00f3n de Comerciantes de","og:url":"https:\/\/www.yoleoescaparate.com\/?p=151022","og:image":"https:\/\/www.yoleoescaparate.com\/wp-content\/uploads\/ComprasCruzadasAlfaro26.jpg","og:image:secure_url":"https:\/\/www.yoleoescaparate.com\/wp-content\/uploads\/ComprasCruzadasAlfaro26.jpg","og:image:width":1200,"og:image:height":675,"article:published_time":"2026-09-01T12:47:07+00:00","article:modified_time":"2026-09-01T12:47:12+00:00","article:publisher":"https:\/\/www.facebook.com\/revescaparate","twitter:card":"summary_large_image","twitter:site":"@rev_escaparate","twitter:title":"El Ayuntamiento de Alfaro impulsa el comercio de proximidad con el regreso de la campa\u00f1a \u201cCompras Cruzadas 2026\u201d \u2022 Escaparate","twitter:description":"Bajo el lema \u201cSi t\u00fa no compras, Alfaro se apaga\u201d, la campa\u00f1a servir\u00e1 adem\u00e1s como anticipo de una gran acci\u00f3n de sensibilizaci\u00f3n prevista para finales de a\u00f1o, en plena \u00e9poca de compras navide\u00f1as El Ayuntamiento de Alfaro, en colaboraci\u00f3n con la Agencia de Desarrollo Econ\u00f3mico de La Rioja (ADER) y la Asociaci\u00f3n de Comerciantes de","twitter:creator":"@rev_escaparate","twitter:image":"https:\/\/www.yoleoescaparate.com\/wp-content\/uploads\/ComprasCruzadasAlfaro26.jpg"},"aioseo_meta_data":{"post_id":"151022","title":null,"description":null,"keywords":null,"keyphrases":{"focus":{"keyphrase":"","score":0,"analysis":{"keyphraseInTitle":{"score":0,"maxScore":9,"error":1}}},"additional":[]},"primary_term":null,"canonical_url":null,"og_title":null,"og_description":null,"og_object_type":"default","og_image_type":"default","og_image_url":null,"og_image_width":null,"og_image_height":null,"og_image_custom_url":null,"og_image_custom_fields":null,"og_video":"","og_custom_url":null,"og_article_section":null,"og_article_tags":null,"twitter_use_og":true,"twitter_card":"default","twitter_image_type":"default","twitter_image_url":null,"twitter_image_custom_url":null,"twitter_image_custom_fields":null,"twitter_title":null,"twitter_description":null,"schema":{"blockGraphs":[],"customGraphs":[],"default":{"data":{"Article":[],"Course":[],"Dataset":[],"FAQPage":[],"Movie":[],"Person":[],"Product":[],"ProductReview":[],"Car":[],"Recipe":[],"Service":[],"SoftwareApplication":[],"WebPage":[]},"graphName":"BlogPosting","isEnabled":true},"graphs":[]},"schema_type":"default","schema_type_options":null,"pillar_content":false,"robots_default":true,"robots_noindex":false,"robots_noarchive":false,"robots_nosnippet":false,"robots_nofollow":false,"robots_noimageindex":false,"robots_noodp":false,"robots_notranslate":false,"robots_max_snippet":"-1","robots_max_videopreview":"-1","robots_max_imagepreview":"large","priority":null,"frequency":"default","local_seo":null,"breadcrumb_settings":null,"limit_modified_date":false,"ai":{"faqs":[],"keyPoints":[],"schemas":[],"titles":[],"descriptions":[],"socialPosts":{"email":{"subject":"","preview":"","content":""},"linkedin":[],"twitter":[],"facebook":[],"instagram":[]}},"created":"2026-09-01 12:47:12","updated":"2026-09-01 12:47:48","seo_analyzer_scan_date":null},"aioseo_breadcrumb":"<div class=\"aioseo-breadcrumbs\"><span class=\"aioseo-breadcrumb\">\n\t\t\t<a href=\"https:\/\/www.yoleoescaparate.com\" title=\"Home\">Home<\/a>\n\t\t<\/span><span class=\"aioseo-breadcrumb-separator\">&raquo;<\/span><span class=\"aioseo-breadcrumb\">\n\t\t\t<a href=\"https:\/\/www.yoleoescaparate.com\/?cat=5\" title=\"Alfaro\">Alfaro<\/a>\n\t\t<\/span><span class=\"aioseo-breadcrumb-separator\">&raquo;<\/span><span class=\"aioseo-breadcrumb\">\n\t\t\tEl Ayuntamiento de Alfaro impulsa el comercio de proximidad con el regreso de la campa\u00f1a \u201cCompras Cruzadas 2026\u201d\n\t\t<\/span><\/div>","aioseo_breadcrumb_json":[{"label":"Home","link":"https:\/\/www.yoleoescaparate.com"},{"label":"Alfaro","link":"https:\/\/www.yoleoescaparate.com\/?cat=5"},{"label":"El Ayuntamiento de Alfaro impulsa el comercio de proximidad con el regreso de la campa\u00f1a \u201cCompras Cruzadas 2026\u201d","link":"https:\/\/www.yoleoescaparate.com\/?p=151022"}],"_links":{"self":[{"href":"https:\/\/www.yoleoescaparate.com\/index.php?rest_route=\/wp\/v2\/posts\/151022","targetHints":{"allow":["GET"]}}],"collection":[{"href":"https:\/\/www.yoleoescaparate.com\/index.php?rest_route=\/wp\/v2\/posts"}],"about":[{"href":"https:\/\/www.yoleoescaparate.com\/index.php?rest_route=\/wp\/v2\/types\/post"}],"author":[{"embeddable":true,"href":"https:\/\/www.yoleoescaparate.com\/index.php?rest_route=\/wp\/v2\/users\/1"}],"replies":[{"embeddable":true,"href":"https:\/\/www.yoleoescaparate.com\/index.php?rest_route=%2Fwp%2Fv2%2Fcomments&post=151022"}],"version-history":[{"count":1,"href":"https:\/\/www.yoleoescaparate.com\/index.php?rest_route=\/wp\/v2\/posts\/151022\/revisions"}],"predecessor-version":[{"id":151025,"href":"https:\/\/www.yoleoescaparate.com\/index.php?rest_route=\/wp\/v2\/posts\/151022\/revisions\/151025"}],"wp:featuredmedia":[{"embeddable":true,"href":"https:\/\/www.yoleoescaparate.com\/index.php?rest_route=\/wp\/v2\/media\/151024"}],"wp:attachment":[{"href":"https:\/\/www.yoleoescaparate.com\/index.php?rest_route=%2Fwp%2Fv2%2Fmedia&parent=151022"}],"wp:term":[{"taxonomy":"category","embeddable":true,"href":"https:\/\/www.yoleoescaparate.com\/index.php?rest_route=%2Fwp%2Fv2%2Fcategories&post=151022"},{"taxonomy":"post_tag","embeddable":true,"href":"https:\/\/www.yoleoescaparate.com\/index.php?rest_route=%2Fwp%2Fv2%2Ftags&post=151022"}],"curies":[{"name":"wp","href":"https:\/\/api.w.org\/{rel}","templated":true}]}}