{"id":151031,"date":"2026-09-01T14:57:50","date_gmt":"2026-09-01T12:57:50","guid":{"rendered":"https:\/\/www.yoleoescaparate.com\/?p=151031"},"modified":"2026-09-01T14:57:54","modified_gmt":"2026-09-01T12:57:54","slug":"se-acerca-la-reapertura-al-publico-del-yacimiento-arqueologico-de-graccurris-de-alfaro","status":"publish","type":"post","link":"https:\/\/www.yoleoescaparate.com\/?p=151031","title":{"rendered":"Se acerca la reapertura al p\u00fablico del Yacimiento Arqueol\u00f3gico de Graccurris de Alfaro"},"content":{"rendered":"\n<!--more-->\n\n\n\n<figure class=\"wp-block-image size-full\"><img loading=\"lazy\" decoding=\"async\" width=\"728\" height=\"200\" src=\"https:\/\/www.yoleoescaparate.com\/wp-content\/uploads\/BannerWAEscaparate.gif\" alt=\"\" class=\"wp-image-141769\"\/><\/figure>\n\n\n\n<p class=\"wp-block-paragraph\">Se acerca la reapertura al p\u00fablico del Yacimiento Arqueol\u00f3gico de Graccurris de Alfaro, tras la \u00faltima intervenci\u00f3n ejecutada gracias a la financiaci\u00f3n de Fondos Europeos<br><strong>El Ayuntamiento de Alfaro ha finalizado los trabajos en el Yacimiento Arqueol\u00f3gico de Graccurris, en el marco del Plan de Sostenibilidad Tur\u00edstica en Destinos del Plan de Recuperaci\u00f3n, Transformaci\u00f3n y Resiliencia financiado por la Uni\u00f3n Europea Next Generation EU.<\/strong><\/p>\n\n\n\n<p class=\"wp-block-paragraph\">Este enclave permite comprender un poco mejor la historia romana del valle del Ebro, a trav\u00e9s del descubrimiento de los restos de la antigua ciudad romana de Graccurris, fundada en el 179 a.C. por el militar Tiberio Sempronio Graco, en el \u00e1rea ocupada anteriormente por el asentamiento celt\u00edbero de Ilurcis.<\/p>\n\n\n\n<p class=\"wp-block-paragraph\">Las obras ejecutadas potencian el inter\u00e9s y la calidad de la visita del yacimiento, garantizando a su vez la mejora de la conservaci\u00f3n de los restos y modernizando los recursos divulgativos; todo ello con una inversi\u00f3n de m\u00e1s de <strong>730.000 euros,<\/strong> para alcanzar los siguientes objetivos principales:<\/p>\n\n\n\n<ul class=\"wp-block-list\">\n<li><strong>Puesta en valor y adaptaci\u00f3n al cambio clim\u00e1tico,<\/strong> con la recreaci\u00f3n de uno de los templos del recinto monumental, garantizando la conservaci\u00f3n de los restos del mismo y haciendo m\u00e1s llevadero el recorrido al visitante. Paralelamente, toda la electricidad necesaria para dar servicio a la visita y propiciar la iluminaci\u00f3n nocturna del yacimiento es autogenerada por una instalaci\u00f3n fotovoltaica creada al efecto.<\/li>\n\n\n\n<li><strong>Generaci\u00f3n de un recorrido tur\u00edstico y musealizaci\u00f3n.<\/strong> Un nuevo pabell\u00f3n recibe y ofrece al visitante un primer plantel de recursos explicativos de la visita al yacimiento. Durante la visita, nuevos \u00a0elementos de se\u00f1al\u00e9tica, combinados con dispositivos digitales y estructuras interpretativas recrean la arquitectura original del espacio principal del mismo.<\/li>\n<\/ul>\n\n\n\n<p class=\"wp-block-paragraph\">Pr\u00f3ximamente, se realizar\u00e1 un acto institucional de reapertura al p\u00fablico de este recurso tur\u00edstico de primer nivel, que contar\u00e1 con el respaldo del espacio expositivo existente en el edificio del actual ayuntamiento que alberga m\u00e1s de 100 piezas arqueol\u00f3gicas extra\u00eddas directamente de este hist\u00f3rico enclave.<\/p>\n\n\n\n<figure class=\"wp-block-gallery has-nested-images columns-default is-cropped wp-block-gallery-1 is-layout-flex wp-block-gallery-is-layout-flex\">\n<figure class=\"wp-block-image size-large\"><img loading=\"lazy\" decoding=\"async\" width=\"768\" height=\"1024\" data-id=\"151032\" src=\"https:\/\/www.yoleoescaparate.com\/wp-content\/uploads\/Imagen-1.jpg\" alt=\"\" class=\"wp-image-151032\" srcset=\"https:\/\/www.yoleoescaparate.com\/wp-content\/uploads\/Imagen-1.jpg 768w, https:\/\/www.yoleoescaparate.com\/wp-content\/uploads\/Imagen-1-225x300.jpg 225w\" sizes=\"auto, (max-width: 768px) 100vw, 768px\" \/><\/figure>\n\n\n\n<figure class=\"wp-block-image size-large\"><img loading=\"lazy\" decoding=\"async\" width=\"1024\" height=\"768\" data-id=\"151033\" src=\"https:\/\/www.yoleoescaparate.com\/wp-content\/uploads\/Imagen-2.jpg\" alt=\"\" class=\"wp-image-151033\" srcset=\"https:\/\/www.yoleoescaparate.com\/wp-content\/uploads\/Imagen-2.jpg 1024w, https:\/\/www.yoleoescaparate.com\/wp-content\/uploads\/Imagen-2-300x225.jpg 300w, https:\/\/www.yoleoescaparate.com\/wp-content\/uploads\/Imagen-2-768x576.jpg 768w\" sizes=\"auto, (max-width: 1024px) 100vw, 1024px\" \/><\/figure>\n\n\n\n<figure class=\"wp-block-image size-large\"><img loading=\"lazy\" decoding=\"async\" width=\"851\" height=\"1024\" data-id=\"151034\" src=\"https:\/\/www.yoleoescaparate.com\/wp-content\/uploads\/Imagen-3.jpg\" alt=\"\" class=\"wp-image-151034\" srcset=\"https:\/\/www.yoleoescaparate.com\/wp-content\/uploads\/Imagen-3.jpg 851w, https:\/\/www.yoleoescaparate.com\/wp-content\/uploads\/Imagen-3-249x300.jpg 249w, https:\/\/www.yoleoescaparate.com\/wp-content\/uploads\/Imagen-3-768x924.jpg 768w\" sizes=\"auto, (max-width: 851px) 100vw, 851px\" \/><\/figure>\n\n\n\n<figure class=\"wp-block-image size-large\"><img loading=\"lazy\" decoding=\"async\" width=\"1024\" height=\"532\" data-id=\"151035\" src=\"https:\/\/www.yoleoescaparate.com\/wp-content\/uploads\/Imagen-4.jpg\" alt=\"\" class=\"wp-image-151035\" srcset=\"https:\/\/www.yoleoescaparate.com\/wp-content\/uploads\/Imagen-4.jpg 1024w, https:\/\/www.yoleoescaparate.com\/wp-content\/uploads\/Imagen-4-300x156.jpg 300w, https:\/\/www.yoleoescaparate.com\/wp-content\/uploads\/Imagen-4-768x399.jpg 768w\" sizes=\"auto, (max-width: 1024px) 100vw, 1024px\" \/><\/figure>\n<\/figure>\n","protected":false},"excerpt":{"rendered":"","protected":false},"author":1,"featured_media":151037,"comment_status":"open","ping_status":"open","sticky":false,"template":"","format":"standard","meta":{"colormag_page_container_layout":"default_layout","colormag_page_sidebar_layout":"default_layout","om_disable_all_campaigns":false,"_monsterinsights_skip_tracking":false,"_monsterinsights_sitenote_active":false,"_monsterinsights_sitenote_note":"","_monsterinsights_sitenote_category":0,"footnotes":""},"categories":[5],"tags":[72],"class_list":["post-151031","post","type-post","status-publish","format-standard","has-post-thumbnail","hentry","category-alfaro","tag-alfaro"],"aioseo_notices":[],"aioseo_head":"\n\t\t<!-- All in One SEO 4.9.10 - aioseo.com -->\n\t<meta name=\"description\" content=\"Se acerca la reapertura al p\u00fablico del Yacimiento Arqueol\u00f3gico de Graccurris de Alfaro, tras la \u00faltima intervenci\u00f3n ejecutada gracias a la financiaci\u00f3n de Fondos EuropeosEl Ayuntamiento de Alfaro ha finalizado los trabajos en el Yacimiento Arqueol\u00f3gico de Graccurris, en el marco del Plan de Sostenibilidad Tur\u00edstica en Destinos del Plan de Recuperaci\u00f3n, Transformaci\u00f3n y Resiliencia\" \/>\n\t<meta name=\"robots\" content=\"max-image-preview:large\" \/>\n\t<meta name=\"author\" content=\"Escaparate\"\/>\n\t<meta name=\"google-site-verification\" content=\"OQV8mvJF6pBZ9RiZ8C9O86ahYB3C05wO-omz3Nejrsc\" \/>\n\t<link rel=\"canonical\" href=\"https:\/\/www.yoleoescaparate.com\/?p=151031\" \/>\n\t<meta name=\"generator\" content=\"All in One SEO (AIOSEO) 4.9.10\" \/>\n\t\t<meta property=\"og:locale\" content=\"es_ES\" \/>\n\t\t<meta property=\"og:site_name\" content=\"Escaparate \u2022 Informaci\u00f3n | Noticias | Actualidad\" \/>\n\t\t<meta property=\"og:type\" content=\"article\" \/>\n\t\t<meta property=\"og:title\" content=\"Se acerca la reapertura al p\u00fablico del Yacimiento Arqueol\u00f3gico de Graccurris de Alfaro \u2022 Escaparate\" \/>\n\t\t<meta property=\"og:description\" content=\"Se acerca la reapertura al p\u00fablico del Yacimiento Arqueol\u00f3gico de Graccurris de Alfaro, tras la \u00faltima intervenci\u00f3n ejecutada gracias a la financiaci\u00f3n de Fondos EuropeosEl Ayuntamiento de Alfaro ha finalizado los trabajos en el Yacimiento Arqueol\u00f3gico de Graccurris, en el marco del Plan de Sostenibilidad Tur\u00edstica en Destinos del Plan de Recuperaci\u00f3n, Transformaci\u00f3n y Resiliencia\" \/>\n\t\t<meta property=\"og:url\" content=\"https:\/\/www.yoleoescaparate.com\/?p=151031\" \/>\n\t\t<meta property=\"og:image\" content=\"https:\/\/www.yoleoescaparate.com\/wp-content\/uploads\/GRACURRIS.jpg\" \/>\n\t\t<meta property=\"og:image:secure_url\" content=\"https:\/\/www.yoleoescaparate.com\/wp-content\/uploads\/GRACURRIS.jpg\" \/>\n\t\t<meta property=\"og:image:width\" content=\"1200\" \/>\n\t\t<meta property=\"og:image:height\" content=\"675\" \/>\n\t\t<meta property=\"article:published_time\" content=\"2026-09-01T12:57:50+00:00\" \/>\n\t\t<meta property=\"article:modified_time\" content=\"2026-09-01T12:57:54+00:00\" \/>\n\t\t<meta property=\"article:publisher\" content=\"https:\/\/www.facebook.com\/revescaparate\" \/>\n\t\t<meta name=\"twitter:card\" content=\"summary_large_image\" \/>\n\t\t<meta name=\"twitter:site\" content=\"@rev_escaparate\" \/>\n\t\t<meta name=\"twitter:title\" content=\"Se acerca la reapertura al p\u00fablico del Yacimiento Arqueol\u00f3gico de Graccurris de Alfaro \u2022 Escaparate\" \/>\n\t\t<meta name=\"twitter:description\" content=\"Se acerca la reapertura al p\u00fablico del Yacimiento Arqueol\u00f3gico de Graccurris de Alfaro, tras la \u00faltima intervenci\u00f3n ejecutada gracias a la financiaci\u00f3n de Fondos EuropeosEl Ayuntamiento de Alfaro ha finalizado los trabajos en el Yacimiento Arqueol\u00f3gico de Graccurris, en el marco del Plan de Sostenibilidad Tur\u00edstica en Destinos del Plan de Recuperaci\u00f3n, Transformaci\u00f3n y Resiliencia\" \/>\n\t\t<meta name=\"twitter:creator\" content=\"@rev_escaparate\" \/>\n\t\t<meta name=\"twitter:image\" content=\"https:\/\/www.yoleoescaparate.com\/wp-content\/uploads\/GRACURRIS.jpg\" \/>\n\t\t<script type=\"application\/ld+json\" class=\"aioseo-schema\">\n\t\t\t{\"@context\":\"https:\\\/\\\/schema.org\",\"@graph\":[{\"@type\":\"BlogPosting\",\"@id\":\"https:\\\/\\\/www.yoleoescaparate.com\\\/?p=151031#blogposting\",\"name\":\"Se acerca la reapertura al p\\u00fablico del Yacimiento Arqueol\\u00f3gico de Graccurris de Alfaro \\u2022 Escaparate\",\"headline\":\"Se acerca la reapertura al p\\u00fablico del Yacimiento Arqueol\\u00f3gico de Graccurris de Alfaro\",\"author\":{\"@id\":\"https:\\\/\\\/www.yoleoescaparate.com\\\/?author=1#author\"},\"publisher\":{\"@id\":\"https:\\\/\\\/www.yoleoescaparate.com\\\/#organization\"},\"image\":{\"@type\":\"ImageObject\",\"url\":\"https:\\\/\\\/www.yoleoescaparate.com\\\/wp-content\\\/uploads\\\/GRACURRIS.jpg\",\"width\":1200,\"height\":675},\"datePublished\":\"2026-09-01T14:57:50+02:00\",\"dateModified\":\"2026-09-01T14:57:54+02:00\",\"inLanguage\":\"es-ES\",\"mainEntityOfPage\":{\"@id\":\"https:\\\/\\\/www.yoleoescaparate.com\\\/?p=151031#webpage\"},\"isPartOf\":{\"@id\":\"https:\\\/\\\/www.yoleoescaparate.com\\\/?p=151031#webpage\"},\"articleSection\":\"Alfaro, Alfaro\"},{\"@type\":\"BreadcrumbList\",\"@id\":\"https:\\\/\\\/www.yoleoescaparate.com\\\/?p=151031#breadcrumblist\",\"itemListElement\":[{\"@type\":\"ListItem\",\"@id\":\"https:\\\/\\\/www.yoleoescaparate.com#listItem\",\"position\":1,\"name\":\"Home\",\"item\":\"https:\\\/\\\/www.yoleoescaparate.com\",\"nextItem\":{\"@type\":\"ListItem\",\"@id\":\"https:\\\/\\\/www.yoleoescaparate.com\\\/?cat=5#listItem\",\"name\":\"Alfaro\"}},{\"@type\":\"ListItem\",\"@id\":\"https:\\\/\\\/www.yoleoescaparate.com\\\/?cat=5#listItem\",\"position\":2,\"name\":\"Alfaro\",\"item\":\"https:\\\/\\\/www.yoleoescaparate.com\\\/?cat=5\",\"nextItem\":{\"@type\":\"ListItem\",\"@id\":\"https:\\\/\\\/www.yoleoescaparate.com\\\/?p=151031#listItem\",\"name\":\"Se acerca la reapertura al p\\u00fablico del Yacimiento Arqueol\\u00f3gico de Graccurris de Alfaro\"},\"previousItem\":{\"@type\":\"ListItem\",\"@id\":\"https:\\\/\\\/www.yoleoescaparate.com#listItem\",\"name\":\"Home\"}},{\"@type\":\"ListItem\",\"@id\":\"https:\\\/\\\/www.yoleoescaparate.com\\\/?p=151031#listItem\",\"position\":3,\"name\":\"Se acerca la reapertura al p\\u00fablico del Yacimiento Arqueol\\u00f3gico de Graccurris de Alfaro\",\"previousItem\":{\"@type\":\"ListItem\",\"@id\":\"https:\\\/\\\/www.yoleoescaparate.com\\\/?cat=5#listItem\",\"name\":\"Alfaro\"}}]},{\"@type\":\"Organization\",\"@id\":\"https:\\\/\\\/www.yoleoescaparate.com\\\/#organization\",\"name\":\"Escaparate\",\"description\":\"Informaci\\u00f3n | Noticias | Actualidad\",\"url\":\"https:\\\/\\\/www.yoleoescaparate.com\\\/\",\"logo\":{\"@type\":\"ImageObject\",\"url\":\"https:\\\/\\\/www.yoleoescaparate.com\\\/wp-content\\\/uploads\\\/2022\\\/02\\\/logoF.jpg\",\"@id\":\"https:\\\/\\\/www.yoleoescaparate.com\\\/?p=151031\\\/#organizationLogo\",\"width\":350,\"height\":360},\"image\":{\"@id\":\"https:\\\/\\\/www.yoleoescaparate.com\\\/?p=151031\\\/#organizationLogo\"},\"sameAs\":[\"https:\\\/\\\/www.facebook.com\\\/revescaparate\",\"https:\\\/\\\/twitter.com\\\/rev_escaparate\",\"https:\\\/\\\/www.instagram.com\\\/yoleoescaparate\\\/\",\"https:\\\/\\\/www.youtube.com\\\/channel\\\/UCj1lDjkqSzCH14bZmq-kWsQ\"]},{\"@type\":\"Person\",\"@id\":\"https:\\\/\\\/www.yoleoescaparate.com\\\/?author=1#author\",\"url\":\"https:\\\/\\\/www.yoleoescaparate.com\\\/?author=1\",\"name\":\"Escaparate\",\"image\":{\"@type\":\"ImageObject\",\"@id\":\"https:\\\/\\\/www.yoleoescaparate.com\\\/?p=151031#authorImage\",\"url\":\"https:\\\/\\\/secure.gravatar.com\\\/avatar\\\/d4681a657e3ba11aa052dc7c62193f217364db55960ea15739662b6564b2dafb?s=96&d=mm&r=g\",\"width\":96,\"height\":96,\"caption\":\"Escaparate\"}},{\"@type\":\"WebPage\",\"@id\":\"https:\\\/\\\/www.yoleoescaparate.com\\\/?p=151031#webpage\",\"url\":\"https:\\\/\\\/www.yoleoescaparate.com\\\/?p=151031\",\"name\":\"Se acerca la reapertura al p\\u00fablico del Yacimiento Arqueol\\u00f3gico de Graccurris de Alfaro \\u2022 Escaparate\",\"description\":\"Se acerca la reapertura al p\\u00fablico del Yacimiento Arqueol\\u00f3gico de Graccurris de Alfaro, tras la \\u00faltima intervenci\\u00f3n ejecutada gracias a la financiaci\\u00f3n de Fondos EuropeosEl Ayuntamiento de Alfaro ha finalizado los trabajos en el Yacimiento Arqueol\\u00f3gico de Graccurris, en el marco del Plan de Sostenibilidad Tur\\u00edstica en Destinos del Plan de Recuperaci\\u00f3n, Transformaci\\u00f3n y Resiliencia\",\"inLanguage\":\"es-ES\",\"isPartOf\":{\"@id\":\"https:\\\/\\\/www.yoleoescaparate.com\\\/#website\"},\"breadcrumb\":{\"@id\":\"https:\\\/\\\/www.yoleoescaparate.com\\\/?p=151031#breadcrumblist\"},\"author\":{\"@id\":\"https:\\\/\\\/www.yoleoescaparate.com\\\/?author=1#author\"},\"creator\":{\"@id\":\"https:\\\/\\\/www.yoleoescaparate.com\\\/?author=1#author\"},\"image\":{\"@type\":\"ImageObject\",\"url\":\"https:\\\/\\\/www.yoleoescaparate.com\\\/wp-content\\\/uploads\\\/GRACURRIS.jpg\",\"@id\":\"https:\\\/\\\/www.yoleoescaparate.com\\\/?p=151031\\\/#mainImage\",\"width\":1200,\"height\":675},\"primaryImageOfPage\":{\"@id\":\"https:\\\/\\\/www.yoleoescaparate.com\\\/?p=151031#mainImage\"},\"datePublished\":\"2026-09-01T14:57:50+02:00\",\"dateModified\":\"2026-09-01T14:57:54+02:00\"},{\"@type\":\"WebSite\",\"@id\":\"https:\\\/\\\/www.yoleoescaparate.com\\\/#website\",\"url\":\"https:\\\/\\\/www.yoleoescaparate.com\\\/\",\"name\":\"Escaparate\",\"description\":\"Informaci\\u00f3n | Noticias | Actualidad\",\"inLanguage\":\"es-ES\",\"publisher\":{\"@id\":\"https:\\\/\\\/www.yoleoescaparate.com\\\/#organization\"}}]}\n\t\t<\/script>\n\t\t<!-- All in One SEO -->\n\n","aioseo_head_json":{"title":"Se acerca la reapertura al p\u00fablico del Yacimiento Arqueol\u00f3gico de Graccurris de Alfaro \u2022 Escaparate","description":"Se acerca la reapertura al p\u00fablico del Yacimiento Arqueol\u00f3gico de Graccurris de Alfaro, tras la \u00faltima intervenci\u00f3n ejecutada gracias a la financiaci\u00f3n de Fondos EuropeosEl Ayuntamiento de Alfaro ha finalizado los trabajos en el Yacimiento Arqueol\u00f3gico de Graccurris, en el marco del Plan de Sostenibilidad Tur\u00edstica en Destinos del Plan de Recuperaci\u00f3n, Transformaci\u00f3n y Resiliencia","canonical_url":"https:\/\/www.yoleoescaparate.com\/?p=151031","robots":"max-image-preview:large","keywords":"","webmasterTools":{"google-site-verification":"OQV8mvJF6pBZ9RiZ8C9O86ahYB3C05wO-omz3Nejrsc","miscellaneous":""},"schema":{"@context":"https:\/\/schema.org","@graph":[{"@type":"BlogPosting","@id":"https:\/\/www.yoleoescaparate.com\/?p=151031#blogposting","name":"Se acerca la reapertura al p\u00fablico del Yacimiento Arqueol\u00f3gico de Graccurris de Alfaro \u2022 Escaparate","headline":"Se acerca la reapertura al p\u00fablico del Yacimiento Arqueol\u00f3gico de Graccurris de Alfaro","author":{"@id":"https:\/\/www.yoleoescaparate.com\/?author=1#author"},"publisher":{"@id":"https:\/\/www.yoleoescaparate.com\/#organization"},"image":{"@type":"ImageObject","url":"https:\/\/www.yoleoescaparate.com\/wp-content\/uploads\/GRACURRIS.jpg","width":1200,"height":675},"datePublished":"2026-09-01T14:57:50+02:00","dateModified":"2026-09-01T14:57:54+02:00","inLanguage":"es-ES","mainEntityOfPage":{"@id":"https:\/\/www.yoleoescaparate.com\/?p=151031#webpage"},"isPartOf":{"@id":"https:\/\/www.yoleoescaparate.com\/?p=151031#webpage"},"articleSection":"Alfaro, Alfaro"},{"@type":"BreadcrumbList","@id":"https:\/\/www.yoleoescaparate.com\/?p=151031#breadcrumblist","itemListElement":[{"@type":"ListItem","@id":"https:\/\/www.yoleoescaparate.com#listItem","position":1,"name":"Home","item":"https:\/\/www.yoleoescaparate.com","nextItem":{"@type":"ListItem","@id":"https:\/\/www.yoleoescaparate.com\/?cat=5#listItem","name":"Alfaro"}},{"@type":"ListItem","@id":"https:\/\/www.yoleoescaparate.com\/?cat=5#listItem","position":2,"name":"Alfaro","item":"https:\/\/www.yoleoescaparate.com\/?cat=5","nextItem":{"@type":"ListItem","@id":"https:\/\/www.yoleoescaparate.com\/?p=151031#listItem","name":"Se acerca la reapertura al p\u00fablico del Yacimiento Arqueol\u00f3gico de Graccurris de Alfaro"},"previousItem":{"@type":"ListItem","@id":"https:\/\/www.yoleoescaparate.com#listItem","name":"Home"}},{"@type":"ListItem","@id":"https:\/\/www.yoleoescaparate.com\/?p=151031#listItem","position":3,"name":"Se acerca la reapertura al p\u00fablico del Yacimiento Arqueol\u00f3gico de Graccurris de Alfaro","previousItem":{"@type":"ListItem","@id":"https:\/\/www.yoleoescaparate.com\/?cat=5#listItem","name":"Alfaro"}}]},{"@type":"Organization","@id":"https:\/\/www.yoleoescaparate.com\/#organization","name":"Escaparate","description":"Informaci\u00f3n | Noticias | Actualidad","url":"https:\/\/www.yoleoescaparate.com\/","logo":{"@type":"ImageObject","url":"https:\/\/www.yoleoescaparate.com\/wp-content\/uploads\/2022\/02\/logoF.jpg","@id":"https:\/\/www.yoleoescaparate.com\/?p=151031\/#organizationLogo","width":350,"height":360},"image":{"@id":"https:\/\/www.yoleoescaparate.com\/?p=151031\/#organizationLogo"},"sameAs":["https:\/\/www.facebook.com\/revescaparate","https:\/\/twitter.com\/rev_escaparate","https:\/\/www.instagram.com\/yoleoescaparate\/","https:\/\/www.youtube.com\/channel\/UCj1lDjkqSzCH14bZmq-kWsQ"]},{"@type":"Person","@id":"https:\/\/www.yoleoescaparate.com\/?author=1#author","url":"https:\/\/www.yoleoescaparate.com\/?author=1","name":"Escaparate","image":{"@type":"ImageObject","@id":"https:\/\/www.yoleoescaparate.com\/?p=151031#authorImage","url":"https:\/\/secure.gravatar.com\/avatar\/d4681a657e3ba11aa052dc7c62193f217364db55960ea15739662b6564b2dafb?s=96&d=mm&r=g","width":96,"height":96,"caption":"Escaparate"}},{"@type":"WebPage","@id":"https:\/\/www.yoleoescaparate.com\/?p=151031#webpage","url":"https:\/\/www.yoleoescaparate.com\/?p=151031","name":"Se acerca la reapertura al p\u00fablico del Yacimiento Arqueol\u00f3gico de Graccurris de Alfaro \u2022 Escaparate","description":"Se acerca la reapertura al p\u00fablico del Yacimiento Arqueol\u00f3gico de Graccurris de Alfaro, tras la \u00faltima intervenci\u00f3n ejecutada gracias a la financiaci\u00f3n de Fondos EuropeosEl Ayuntamiento de Alfaro ha finalizado los trabajos en el Yacimiento Arqueol\u00f3gico de Graccurris, en el marco del Plan de Sostenibilidad Tur\u00edstica en Destinos del Plan de Recuperaci\u00f3n, Transformaci\u00f3n y Resiliencia","inLanguage":"es-ES","isPartOf":{"@id":"https:\/\/www.yoleoescaparate.com\/#website"},"breadcrumb":{"@id":"https:\/\/www.yoleoescaparate.com\/?p=151031#breadcrumblist"},"author":{"@id":"https:\/\/www.yoleoescaparate.com\/?author=1#author"},"creator":{"@id":"https:\/\/www.yoleoescaparate.com\/?author=1#author"},"image":{"@type":"ImageObject","url":"https:\/\/www.yoleoescaparate.com\/wp-content\/uploads\/GRACURRIS.jpg","@id":"https:\/\/www.yoleoescaparate.com\/?p=151031\/#mainImage","width":1200,"height":675},"primaryImageOfPage":{"@id":"https:\/\/www.yoleoescaparate.com\/?p=151031#mainImage"},"datePublished":"2026-09-01T14:57:50+02:00","dateModified":"2026-09-01T14:57:54+02:00"},{"@type":"WebSite","@id":"https:\/\/www.yoleoescaparate.com\/#website","url":"https:\/\/www.yoleoescaparate.com\/","name":"Escaparate","description":"Informaci\u00f3n | Noticias | Actualidad","inLanguage":"es-ES","publisher":{"@id":"https:\/\/www.yoleoescaparate.com\/#organization"}}]},"og:locale":"es_ES","og:site_name":"Escaparate \u2022 Informaci\u00f3n | Noticias | Actualidad","og:type":"article","og:title":"Se acerca la reapertura al p\u00fablico del Yacimiento Arqueol\u00f3gico de Graccurris de Alfaro \u2022 Escaparate","og:description":"Se acerca la reapertura al p\u00fablico del Yacimiento Arqueol\u00f3gico de Graccurris de Alfaro, tras la \u00faltima intervenci\u00f3n ejecutada gracias a la financiaci\u00f3n de Fondos EuropeosEl Ayuntamiento de Alfaro ha finalizado los trabajos en el Yacimiento Arqueol\u00f3gico de Graccurris, en el marco del Plan de Sostenibilidad Tur\u00edstica en Destinos del Plan de Recuperaci\u00f3n, Transformaci\u00f3n y Resiliencia","og:url":"https:\/\/www.yoleoescaparate.com\/?p=151031","og:image":"https:\/\/www.yoleoescaparate.com\/wp-content\/uploads\/GRACURRIS.jpg","og:image:secure_url":"https:\/\/www.yoleoescaparate.com\/wp-content\/uploads\/GRACURRIS.jpg","og:image:width":1200,"og:image:height":675,"article:published_time":"2026-09-01T12:57:50+00:00","article:modified_time":"2026-09-01T12:57:54+00:00","article:publisher":"https:\/\/www.facebook.com\/revescaparate","twitter:card":"summary_large_image","twitter:site":"@rev_escaparate","twitter:title":"Se acerca la reapertura al p\u00fablico del Yacimiento Arqueol\u00f3gico de Graccurris de Alfaro \u2022 Escaparate","twitter:description":"Se acerca la reapertura al p\u00fablico del Yacimiento Arqueol\u00f3gico de Graccurris de Alfaro, tras la \u00faltima intervenci\u00f3n ejecutada gracias a la financiaci\u00f3n de Fondos EuropeosEl Ayuntamiento de Alfaro ha finalizado los trabajos en el Yacimiento Arqueol\u00f3gico de Graccurris, en el marco del Plan de Sostenibilidad Tur\u00edstica en Destinos del Plan de Recuperaci\u00f3n, Transformaci\u00f3n y Resiliencia","twitter:creator":"@rev_escaparate","twitter:image":"https:\/\/www.yoleoescaparate.com\/wp-content\/uploads\/GRACURRIS.jpg"},"aioseo_meta_data":{"post_id":"151031","title":null,"description":null,"keywords":null,"keyphrases":{"focus":{"keyphrase":"","score":0,"analysis":{"keyphraseInTitle":{"score":0,"maxScore":9,"error":1}}},"additional":[]},"primary_term":null,"canonical_url":null,"og_title":null,"og_description":null,"og_object_type":"default","og_image_type":"default","og_image_url":null,"og_image_width":null,"og_image_height":null,"og_image_custom_url":null,"og_image_custom_fields":null,"og_video":"","og_custom_url":null,"og_article_section":null,"og_article_tags":null,"twitter_use_og":true,"twitter_card":"default","twitter_image_type":"default","twitter_image_url":null,"twitter_image_custom_url":null,"twitter_image_custom_fields":null,"twitter_title":null,"twitter_description":null,"schema":{"blockGraphs":[],"customGraphs":[],"default":{"data":{"Article":[],"Course":[],"Dataset":[],"FAQPage":[],"Movie":[],"Person":[],"Product":[],"ProductReview":[],"Car":[],"Recipe":[],"Service":[],"SoftwareApplication":[],"WebPage":[]},"graphName":"BlogPosting","isEnabled":true},"graphs":[]},"schema_type":"default","schema_type_options":null,"pillar_content":false,"robots_default":true,"robots_noindex":false,"robots_noarchive":false,"robots_nosnippet":false,"robots_nofollow":false,"robots_noimageindex":false,"robots_noodp":false,"robots_notranslate":false,"robots_max_snippet":"-1","robots_max_videopreview":"-1","robots_max_imagepreview":"large","priority":null,"frequency":"default","local_seo":null,"breadcrumb_settings":null,"limit_modified_date":false,"ai":{"faqs":[],"keyPoints":[],"schemas":[],"titles":[],"descriptions":[],"socialPosts":{"email":{"subject":"","preview":"","content":""},"linkedin":[],"twitter":[],"facebook":[],"instagram":[]}},"created":"2026-09-01 12:57:54","updated":"2026-09-01 12:59:01","seo_analyzer_scan_date":null},"aioseo_breadcrumb":"<div class=\"aioseo-breadcrumbs\"><span class=\"aioseo-breadcrumb\">\n\t\t\t<a href=\"https:\/\/www.yoleoescaparate.com\" title=\"Home\">Home<\/a>\n\t\t<\/span><span class=\"aioseo-breadcrumb-separator\">&raquo;<\/span><span class=\"aioseo-breadcrumb\">\n\t\t\t<a href=\"https:\/\/www.yoleoescaparate.com\/?cat=5\" title=\"Alfaro\">Alfaro<\/a>\n\t\t<\/span><span class=\"aioseo-breadcrumb-separator\">&raquo;<\/span><span class=\"aioseo-breadcrumb\">\n\t\t\tSe acerca la reapertura al p\u00fablico del Yacimiento Arqueol\u00f3gico de Graccurris de Alfaro\n\t\t<\/span><\/div>","aioseo_breadcrumb_json":[{"label":"Home","link":"https:\/\/www.yoleoescaparate.com"},{"label":"Alfaro","link":"https:\/\/www.yoleoescaparate.com\/?cat=5"},{"label":"Se acerca la reapertura al p\u00fablico del Yacimiento Arqueol\u00f3gico de Graccurris de Alfaro","link":"https:\/\/www.yoleoescaparate.com\/?p=151031"}],"_links":{"self":[{"href":"https:\/\/www.yoleoescaparate.com\/index.php?rest_route=\/wp\/v2\/posts\/151031","targetHints":{"allow":["GET"]}}],"collection":[{"href":"https:\/\/www.yoleoescaparate.com\/index.php?rest_route=\/wp\/v2\/posts"}],"about":[{"href":"https:\/\/www.yoleoescaparate.com\/index.php?rest_route=\/wp\/v2\/types\/post"}],"author":[{"embeddable":true,"href":"https:\/\/www.yoleoescaparate.com\/index.php?rest_route=\/wp\/v2\/users\/1"}],"replies":[{"embeddable":true,"href":"https:\/\/www.yoleoescaparate.com\/index.php?rest_route=%2Fwp%2Fv2%2Fcomments&post=151031"}],"version-history":[{"count":1,"href":"https:\/\/www.yoleoescaparate.com\/index.php?rest_route=\/wp\/v2\/posts\/151031\/revisions"}],"predecessor-version":[{"id":151038,"href":"https:\/\/www.yoleoescaparate.com\/index.php?rest_route=\/wp\/v2\/posts\/151031\/revisions\/151038"}],"wp:featuredmedia":[{"embeddable":true,"href":"https:\/\/www.yoleoescaparate.com\/index.php?rest_route=\/wp\/v2\/media\/151037"}],"wp:attachment":[{"href":"https:\/\/www.yoleoescaparate.com\/index.php?rest_route=%2Fwp%2Fv2%2Fmedia&parent=151031"}],"wp:term":[{"taxonomy":"category","embeddable":true,"href":"https:\/\/www.yoleoescaparate.com\/index.php?rest_route=%2Fwp%2Fv2%2Fcategories&post=151031"},{"taxonomy":"post_tag","embeddable":true,"href":"https:\/\/www.yoleoescaparate.com\/index.php?rest_route=%2Fwp%2Fv2%2Ftags&post=151031"}],"curies":[{"name":"wp","href":"https:\/\/api.w.org\/{rel}","templated":true}]}}