{"id":151062,"date":"2026-09-02T13:54:43","date_gmt":"2026-09-02T11:54:43","guid":{"rendered":"https:\/\/www.yoleoescaparate.com\/?p=151062"},"modified":"2026-09-02T13:55:13","modified_gmt":"2026-09-02T11:55:13","slug":"eduardo-jimenez-blanco-participa-en-la-comision-tecnica-nacional-de-defensa-personal","status":"publish","type":"post","link":"https:\/\/www.yoleoescaparate.com\/?p=151062","title":{"rendered":"Eduardo Jim\u00e9nez Blanco particip\u00f3 en la Comisi\u00f3n T\u00e9cnica Nacional de Defensa Personal"},"content":{"rendered":"\n<!--more-->\n\n\n\n<p class=\"wp-block-paragraph\">El director t\u00e9cnico del&nbsp;<strong>Judo Calahorra-Agrupaci\u00f3n Deportiva Teresiana<\/strong>&nbsp;y miembro de la&nbsp;<strong>Comisi\u00f3n Nacional de Defensa Personal<\/strong>, Eduardo Jim\u00e9nez Blanco, ha participado los d\u00edas&nbsp;<strong>28, 29 y 30 de agosto<\/strong>&nbsp;en las reuniones t\u00e9cnicas celebradas en el&nbsp;<strong>Centro de Especialidades Deportivas \u201cJavier Bermejo\u201d de Puertollano<\/strong>.<\/p>\n\n\n\n<p class=\"wp-block-paragraph\">Durante estas jornadas se ha trabajado en la&nbsp;<strong>constituci\u00f3n de una Comisi\u00f3n T\u00e9cnica con representantes de las diferentes comunidades aut\u00f3nomas<\/strong>, as\u00ed como en la&nbsp;<strong>adecuaci\u00f3n del programa t\u00e9cnico y las hojas de examen a la titulaci\u00f3n oficial de T\u00e9cnico Deportivo en Judo y Defensa Personal<\/strong>.<\/p>\n\n\n\n<p class=\"wp-block-paragraph\">Esta&nbsp;<strong>titulaci\u00f3n acad\u00e9mica y federativa constituye la \u00fanica v\u00eda oficial habilitante para impartir clases y otorgar grados<\/strong>&nbsp;en las disciplinas de&nbsp;<strong>Judo y Defensa Personal<\/strong>, garantizando una formaci\u00f3n y cualificaci\u00f3n t\u00e9cnica reconocida.<\/p>\n\n\n\n<p class=\"wp-block-paragraph\">El encuentro tiene como objetivo&nbsp;<strong>unificar criterios, coordinar el trabajo t\u00e9cnico y seguir avanzando en el desarrollo y reconocimiento de la Defensa Personal a nivel nacional<\/strong>.<\/p>\n","protected":false},"excerpt":{"rendered":"","protected":false},"author":1,"featured_media":151064,"comment_status":"open","ping_status":"open","sticky":false,"template":"","format":"standard","meta":{"colormag_page_container_layout":"default_layout","colormag_page_sidebar_layout":"default_layout","om_disable_all_campaigns":false,"_monsterinsights_skip_tracking":false,"_monsterinsights_sitenote_active":false,"_monsterinsights_sitenote_note":"","_monsterinsights_sitenote_category":0,"footnotes":""},"categories":[4],"tags":[16,770,12,186],"class_list":["post-151062","post","type-post","status-publish","format-standard","has-post-thumbnail","hentry","category-calahorra","tag-calahorra","tag-eduardo-jimenez","tag-escaparate","tag-judo"],"aioseo_notices":[],"aioseo_head":"\n\t\t<!-- All in One SEO 4.9.10 - aioseo.com -->\n\t<meta name=\"description\" content=\"El director t\u00e9cnico del Judo Calahorra-Agrupaci\u00f3n Deportiva Teresiana y miembro de la Comisi\u00f3n Nacional de Defensa Personal, Eduardo Jim\u00e9nez Blanco, ha participado los d\u00edas 28, 29 y 30 de agosto en las reuniones t\u00e9cnicas celebradas en el Centro de Especialidades Deportivas \u201cJavier Bermejo\u201d de Puertollano. Durante estas jornadas se ha trabajado en la constituci\u00f3n de una Comisi\u00f3n T\u00e9cnica con representantes de las\" \/>\n\t<meta name=\"robots\" content=\"max-image-preview:large\" \/>\n\t<meta name=\"author\" content=\"Escaparate\"\/>\n\t<meta name=\"google-site-verification\" content=\"OQV8mvJF6pBZ9RiZ8C9O86ahYB3C05wO-omz3Nejrsc\" \/>\n\t<link rel=\"canonical\" href=\"https:\/\/www.yoleoescaparate.com\/?p=151062\" \/>\n\t<meta name=\"generator\" content=\"All in One SEO (AIOSEO) 4.9.10\" \/>\n\t\t<meta property=\"og:locale\" content=\"es_ES\" \/>\n\t\t<meta property=\"og:site_name\" content=\"Escaparate \u2022 Informaci\u00f3n | Noticias | Actualidad\" \/>\n\t\t<meta property=\"og:type\" content=\"article\" \/>\n\t\t<meta property=\"og:title\" content=\"Eduardo Jim\u00e9nez Blanco particip\u00f3 en la Comisi\u00f3n T\u00e9cnica Nacional de Defensa Personal \u2022 Escaparate\" \/>\n\t\t<meta property=\"og:description\" content=\"El director t\u00e9cnico del Judo Calahorra-Agrupaci\u00f3n Deportiva Teresiana y miembro de la Comisi\u00f3n Nacional de Defensa Personal, Eduardo Jim\u00e9nez Blanco, ha participado los d\u00edas 28, 29 y 30 de agosto en las reuniones t\u00e9cnicas celebradas en el Centro de Especialidades Deportivas \u201cJavier Bermejo\u201d de Puertollano. Durante estas jornadas se ha trabajado en la constituci\u00f3n de una Comisi\u00f3n T\u00e9cnica con representantes de las\" \/>\n\t\t<meta property=\"og:url\" content=\"https:\/\/www.yoleoescaparate.com\/?p=151062\" \/>\n\t\t<meta property=\"og:image\" content=\"https:\/\/www.yoleoescaparate.com\/wp-content\/uploads\/eduardo.jpg\" \/>\n\t\t<meta property=\"og:image:secure_url\" content=\"https:\/\/www.yoleoescaparate.com\/wp-content\/uploads\/eduardo.jpg\" \/>\n\t\t<meta property=\"og:image:width\" content=\"1200\" \/>\n\t\t<meta property=\"og:image:height\" content=\"675\" \/>\n\t\t<meta property=\"article:published_time\" content=\"2026-09-02T11:54:43+00:00\" \/>\n\t\t<meta property=\"article:modified_time\" content=\"2026-09-02T11:55:13+00:00\" \/>\n\t\t<meta property=\"article:publisher\" content=\"https:\/\/www.facebook.com\/revescaparate\" \/>\n\t\t<meta name=\"twitter:card\" content=\"summary_large_image\" \/>\n\t\t<meta name=\"twitter:site\" content=\"@rev_escaparate\" \/>\n\t\t<meta name=\"twitter:title\" content=\"Eduardo Jim\u00e9nez Blanco particip\u00f3 en la Comisi\u00f3n T\u00e9cnica Nacional de Defensa Personal \u2022 Escaparate\" \/>\n\t\t<meta name=\"twitter:description\" content=\"El director t\u00e9cnico del Judo Calahorra-Agrupaci\u00f3n Deportiva Teresiana y miembro de la Comisi\u00f3n Nacional de Defensa Personal, Eduardo Jim\u00e9nez Blanco, ha participado los d\u00edas 28, 29 y 30 de agosto en las reuniones t\u00e9cnicas celebradas en el Centro de Especialidades Deportivas \u201cJavier Bermejo\u201d de Puertollano. Durante estas jornadas se ha trabajado en la constituci\u00f3n de una Comisi\u00f3n T\u00e9cnica con representantes de las\" \/>\n\t\t<meta name=\"twitter:creator\" content=\"@rev_escaparate\" \/>\n\t\t<meta name=\"twitter:image\" content=\"https:\/\/www.yoleoescaparate.com\/wp-content\/uploads\/eduardo.jpg\" \/>\n\t\t<script type=\"application\/ld+json\" class=\"aioseo-schema\">\n\t\t\t{\"@context\":\"https:\\\/\\\/schema.org\",\"@graph\":[{\"@type\":\"BlogPosting\",\"@id\":\"https:\\\/\\\/www.yoleoescaparate.com\\\/?p=151062#blogposting\",\"name\":\"Eduardo Jim\\u00e9nez Blanco particip\\u00f3 en la Comisi\\u00f3n T\\u00e9cnica Nacional de Defensa Personal \\u2022 Escaparate\",\"headline\":\"Eduardo Jim\\u00e9nez Blanco particip\\u00f3 en la Comisi\\u00f3n T\\u00e9cnica Nacional de Defensa Personal\",\"author\":{\"@id\":\"https:\\\/\\\/www.yoleoescaparate.com\\\/?author=1#author\"},\"publisher\":{\"@id\":\"https:\\\/\\\/www.yoleoescaparate.com\\\/#organization\"},\"image\":{\"@type\":\"ImageObject\",\"url\":\"https:\\\/\\\/www.yoleoescaparate.com\\\/wp-content\\\/uploads\\\/eduardo.jpg\",\"width\":1200,\"height\":675},\"datePublished\":\"2026-09-02T13:54:43+02:00\",\"dateModified\":\"2026-09-02T13:55:13+02:00\",\"inLanguage\":\"es-ES\",\"mainEntityOfPage\":{\"@id\":\"https:\\\/\\\/www.yoleoescaparate.com\\\/?p=151062#webpage\"},\"isPartOf\":{\"@id\":\"https:\\\/\\\/www.yoleoescaparate.com\\\/?p=151062#webpage\"},\"articleSection\":\"Calahorra, Calahorra, Eduardo Jim\\u00e9nez, Escaparate, judo\"},{\"@type\":\"BreadcrumbList\",\"@id\":\"https:\\\/\\\/www.yoleoescaparate.com\\\/?p=151062#breadcrumblist\",\"itemListElement\":[{\"@type\":\"ListItem\",\"@id\":\"https:\\\/\\\/www.yoleoescaparate.com#listItem\",\"position\":1,\"name\":\"Home\",\"item\":\"https:\\\/\\\/www.yoleoescaparate.com\",\"nextItem\":{\"@type\":\"ListItem\",\"@id\":\"https:\\\/\\\/www.yoleoescaparate.com\\\/?cat=4#listItem\",\"name\":\"Calahorra\"}},{\"@type\":\"ListItem\",\"@id\":\"https:\\\/\\\/www.yoleoescaparate.com\\\/?cat=4#listItem\",\"position\":2,\"name\":\"Calahorra\",\"item\":\"https:\\\/\\\/www.yoleoescaparate.com\\\/?cat=4\",\"nextItem\":{\"@type\":\"ListItem\",\"@id\":\"https:\\\/\\\/www.yoleoescaparate.com\\\/?p=151062#listItem\",\"name\":\"Eduardo Jim\\u00e9nez Blanco particip\\u00f3 en la Comisi\\u00f3n T\\u00e9cnica Nacional de Defensa Personal\"},\"previousItem\":{\"@type\":\"ListItem\",\"@id\":\"https:\\\/\\\/www.yoleoescaparate.com#listItem\",\"name\":\"Home\"}},{\"@type\":\"ListItem\",\"@id\":\"https:\\\/\\\/www.yoleoescaparate.com\\\/?p=151062#listItem\",\"position\":3,\"name\":\"Eduardo Jim\\u00e9nez Blanco particip\\u00f3 en la Comisi\\u00f3n T\\u00e9cnica Nacional de Defensa Personal\",\"previousItem\":{\"@type\":\"ListItem\",\"@id\":\"https:\\\/\\\/www.yoleoescaparate.com\\\/?cat=4#listItem\",\"name\":\"Calahorra\"}}]},{\"@type\":\"Organization\",\"@id\":\"https:\\\/\\\/www.yoleoescaparate.com\\\/#organization\",\"name\":\"Escaparate\",\"description\":\"Informaci\\u00f3n | Noticias | Actualidad\",\"url\":\"https:\\\/\\\/www.yoleoescaparate.com\\\/\",\"logo\":{\"@type\":\"ImageObject\",\"url\":\"https:\\\/\\\/www.yoleoescaparate.com\\\/wp-content\\\/uploads\\\/2022\\\/02\\\/logoF.jpg\",\"@id\":\"https:\\\/\\\/www.yoleoescaparate.com\\\/?p=151062\\\/#organizationLogo\",\"width\":350,\"height\":360},\"image\":{\"@id\":\"https:\\\/\\\/www.yoleoescaparate.com\\\/?p=151062\\\/#organizationLogo\"},\"sameAs\":[\"https:\\\/\\\/www.facebook.com\\\/revescaparate\",\"https:\\\/\\\/twitter.com\\\/rev_escaparate\",\"https:\\\/\\\/www.instagram.com\\\/yoleoescaparate\\\/\",\"https:\\\/\\\/www.youtube.com\\\/channel\\\/UCj1lDjkqSzCH14bZmq-kWsQ\"]},{\"@type\":\"Person\",\"@id\":\"https:\\\/\\\/www.yoleoescaparate.com\\\/?author=1#author\",\"url\":\"https:\\\/\\\/www.yoleoescaparate.com\\\/?author=1\",\"name\":\"Escaparate\",\"image\":{\"@type\":\"ImageObject\",\"@id\":\"https:\\\/\\\/www.yoleoescaparate.com\\\/?p=151062#authorImage\",\"url\":\"https:\\\/\\\/secure.gravatar.com\\\/avatar\\\/d4681a657e3ba11aa052dc7c62193f217364db55960ea15739662b6564b2dafb?s=96&d=mm&r=g\",\"width\":96,\"height\":96,\"caption\":\"Escaparate\"}},{\"@type\":\"WebPage\",\"@id\":\"https:\\\/\\\/www.yoleoescaparate.com\\\/?p=151062#webpage\",\"url\":\"https:\\\/\\\/www.yoleoescaparate.com\\\/?p=151062\",\"name\":\"Eduardo Jim\\u00e9nez Blanco particip\\u00f3 en la Comisi\\u00f3n T\\u00e9cnica Nacional de Defensa Personal \\u2022 Escaparate\",\"description\":\"El director t\\u00e9cnico del Judo Calahorra-Agrupaci\\u00f3n Deportiva Teresiana y miembro de la Comisi\\u00f3n Nacional de Defensa Personal, Eduardo Jim\\u00e9nez Blanco, ha participado los d\\u00edas 28, 29 y 30 de agosto en las reuniones t\\u00e9cnicas celebradas en el Centro de Especialidades Deportivas \\u201cJavier Bermejo\\u201d de Puertollano. Durante estas jornadas se ha trabajado en la constituci\\u00f3n de una Comisi\\u00f3n T\\u00e9cnica con representantes de las\",\"inLanguage\":\"es-ES\",\"isPartOf\":{\"@id\":\"https:\\\/\\\/www.yoleoescaparate.com\\\/#website\"},\"breadcrumb\":{\"@id\":\"https:\\\/\\\/www.yoleoescaparate.com\\\/?p=151062#breadcrumblist\"},\"author\":{\"@id\":\"https:\\\/\\\/www.yoleoescaparate.com\\\/?author=1#author\"},\"creator\":{\"@id\":\"https:\\\/\\\/www.yoleoescaparate.com\\\/?author=1#author\"},\"image\":{\"@type\":\"ImageObject\",\"url\":\"https:\\\/\\\/www.yoleoescaparate.com\\\/wp-content\\\/uploads\\\/eduardo.jpg\",\"@id\":\"https:\\\/\\\/www.yoleoescaparate.com\\\/?p=151062\\\/#mainImage\",\"width\":1200,\"height\":675},\"primaryImageOfPage\":{\"@id\":\"https:\\\/\\\/www.yoleoescaparate.com\\\/?p=151062#mainImage\"},\"datePublished\":\"2026-09-02T13:54:43+02:00\",\"dateModified\":\"2026-09-02T13:55:13+02:00\"},{\"@type\":\"WebSite\",\"@id\":\"https:\\\/\\\/www.yoleoescaparate.com\\\/#website\",\"url\":\"https:\\\/\\\/www.yoleoescaparate.com\\\/\",\"name\":\"Escaparate\",\"description\":\"Informaci\\u00f3n | Noticias | Actualidad\",\"inLanguage\":\"es-ES\",\"publisher\":{\"@id\":\"https:\\\/\\\/www.yoleoescaparate.com\\\/#organization\"}}]}\n\t\t<\/script>\n\t\t<!-- All in One SEO -->\n\n","aioseo_head_json":{"title":"Eduardo Jim\u00e9nez Blanco particip\u00f3 en la Comisi\u00f3n T\u00e9cnica Nacional de Defensa Personal \u2022 Escaparate","description":"El director t\u00e9cnico del Judo Calahorra-Agrupaci\u00f3n Deportiva Teresiana y miembro de la Comisi\u00f3n Nacional de Defensa Personal, Eduardo Jim\u00e9nez Blanco, ha participado los d\u00edas 28, 29 y 30 de agosto en las reuniones t\u00e9cnicas celebradas en el Centro de Especialidades Deportivas \u201cJavier Bermejo\u201d de Puertollano. Durante estas jornadas se ha trabajado en la constituci\u00f3n de una Comisi\u00f3n T\u00e9cnica con representantes de las","canonical_url":"https:\/\/www.yoleoescaparate.com\/?p=151062","robots":"max-image-preview:large","keywords":"","webmasterTools":{"google-site-verification":"OQV8mvJF6pBZ9RiZ8C9O86ahYB3C05wO-omz3Nejrsc","miscellaneous":""},"schema":{"@context":"https:\/\/schema.org","@graph":[{"@type":"BlogPosting","@id":"https:\/\/www.yoleoescaparate.com\/?p=151062#blogposting","name":"Eduardo Jim\u00e9nez Blanco particip\u00f3 en la Comisi\u00f3n T\u00e9cnica Nacional de Defensa Personal \u2022 Escaparate","headline":"Eduardo Jim\u00e9nez Blanco particip\u00f3 en la Comisi\u00f3n T\u00e9cnica Nacional de Defensa Personal","author":{"@id":"https:\/\/www.yoleoescaparate.com\/?author=1#author"},"publisher":{"@id":"https:\/\/www.yoleoescaparate.com\/#organization"},"image":{"@type":"ImageObject","url":"https:\/\/www.yoleoescaparate.com\/wp-content\/uploads\/eduardo.jpg","width":1200,"height":675},"datePublished":"2026-09-02T13:54:43+02:00","dateModified":"2026-09-02T13:55:13+02:00","inLanguage":"es-ES","mainEntityOfPage":{"@id":"https:\/\/www.yoleoescaparate.com\/?p=151062#webpage"},"isPartOf":{"@id":"https:\/\/www.yoleoescaparate.com\/?p=151062#webpage"},"articleSection":"Calahorra, Calahorra, Eduardo Jim\u00e9nez, Escaparate, judo"},{"@type":"BreadcrumbList","@id":"https:\/\/www.yoleoescaparate.com\/?p=151062#breadcrumblist","itemListElement":[{"@type":"ListItem","@id":"https:\/\/www.yoleoescaparate.com#listItem","position":1,"name":"Home","item":"https:\/\/www.yoleoescaparate.com","nextItem":{"@type":"ListItem","@id":"https:\/\/www.yoleoescaparate.com\/?cat=4#listItem","name":"Calahorra"}},{"@type":"ListItem","@id":"https:\/\/www.yoleoescaparate.com\/?cat=4#listItem","position":2,"name":"Calahorra","item":"https:\/\/www.yoleoescaparate.com\/?cat=4","nextItem":{"@type":"ListItem","@id":"https:\/\/www.yoleoescaparate.com\/?p=151062#listItem","name":"Eduardo Jim\u00e9nez Blanco particip\u00f3 en la Comisi\u00f3n T\u00e9cnica Nacional de Defensa Personal"},"previousItem":{"@type":"ListItem","@id":"https:\/\/www.yoleoescaparate.com#listItem","name":"Home"}},{"@type":"ListItem","@id":"https:\/\/www.yoleoescaparate.com\/?p=151062#listItem","position":3,"name":"Eduardo Jim\u00e9nez Blanco particip\u00f3 en la Comisi\u00f3n T\u00e9cnica Nacional de Defensa Personal","previousItem":{"@type":"ListItem","@id":"https:\/\/www.yoleoescaparate.com\/?cat=4#listItem","name":"Calahorra"}}]},{"@type":"Organization","@id":"https:\/\/www.yoleoescaparate.com\/#organization","name":"Escaparate","description":"Informaci\u00f3n | Noticias | Actualidad","url":"https:\/\/www.yoleoescaparate.com\/","logo":{"@type":"ImageObject","url":"https:\/\/www.yoleoescaparate.com\/wp-content\/uploads\/2022\/02\/logoF.jpg","@id":"https:\/\/www.yoleoescaparate.com\/?p=151062\/#organizationLogo","width":350,"height":360},"image":{"@id":"https:\/\/www.yoleoescaparate.com\/?p=151062\/#organizationLogo"},"sameAs":["https:\/\/www.facebook.com\/revescaparate","https:\/\/twitter.com\/rev_escaparate","https:\/\/www.instagram.com\/yoleoescaparate\/","https:\/\/www.youtube.com\/channel\/UCj1lDjkqSzCH14bZmq-kWsQ"]},{"@type":"Person","@id":"https:\/\/www.yoleoescaparate.com\/?author=1#author","url":"https:\/\/www.yoleoescaparate.com\/?author=1","name":"Escaparate","image":{"@type":"ImageObject","@id":"https:\/\/www.yoleoescaparate.com\/?p=151062#authorImage","url":"https:\/\/secure.gravatar.com\/avatar\/d4681a657e3ba11aa052dc7c62193f217364db55960ea15739662b6564b2dafb?s=96&d=mm&r=g","width":96,"height":96,"caption":"Escaparate"}},{"@type":"WebPage","@id":"https:\/\/www.yoleoescaparate.com\/?p=151062#webpage","url":"https:\/\/www.yoleoescaparate.com\/?p=151062","name":"Eduardo Jim\u00e9nez Blanco particip\u00f3 en la Comisi\u00f3n T\u00e9cnica Nacional de Defensa Personal \u2022 Escaparate","description":"El director t\u00e9cnico del Judo Calahorra-Agrupaci\u00f3n Deportiva Teresiana y miembro de la Comisi\u00f3n Nacional de Defensa Personal, Eduardo Jim\u00e9nez Blanco, ha participado los d\u00edas 28, 29 y 30 de agosto en las reuniones t\u00e9cnicas celebradas en el Centro de Especialidades Deportivas \u201cJavier Bermejo\u201d de Puertollano. Durante estas jornadas se ha trabajado en la constituci\u00f3n de una Comisi\u00f3n T\u00e9cnica con representantes de las","inLanguage":"es-ES","isPartOf":{"@id":"https:\/\/www.yoleoescaparate.com\/#website"},"breadcrumb":{"@id":"https:\/\/www.yoleoescaparate.com\/?p=151062#breadcrumblist"},"author":{"@id":"https:\/\/www.yoleoescaparate.com\/?author=1#author"},"creator":{"@id":"https:\/\/www.yoleoescaparate.com\/?author=1#author"},"image":{"@type":"ImageObject","url":"https:\/\/www.yoleoescaparate.com\/wp-content\/uploads\/eduardo.jpg","@id":"https:\/\/www.yoleoescaparate.com\/?p=151062\/#mainImage","width":1200,"height":675},"primaryImageOfPage":{"@id":"https:\/\/www.yoleoescaparate.com\/?p=151062#mainImage"},"datePublished":"2026-09-02T13:54:43+02:00","dateModified":"2026-09-02T13:55:13+02:00"},{"@type":"WebSite","@id":"https:\/\/www.yoleoescaparate.com\/#website","url":"https:\/\/www.yoleoescaparate.com\/","name":"Escaparate","description":"Informaci\u00f3n | Noticias | Actualidad","inLanguage":"es-ES","publisher":{"@id":"https:\/\/www.yoleoescaparate.com\/#organization"}}]},"og:locale":"es_ES","og:site_name":"Escaparate \u2022 Informaci\u00f3n | Noticias | Actualidad","og:type":"article","og:title":"Eduardo Jim\u00e9nez Blanco particip\u00f3 en la Comisi\u00f3n T\u00e9cnica Nacional de Defensa Personal \u2022 Escaparate","og:description":"El director t\u00e9cnico del Judo Calahorra-Agrupaci\u00f3n Deportiva Teresiana y miembro de la Comisi\u00f3n Nacional de Defensa Personal, Eduardo Jim\u00e9nez Blanco, ha participado los d\u00edas 28, 29 y 30 de agosto en las reuniones t\u00e9cnicas celebradas en el Centro de Especialidades Deportivas \u201cJavier Bermejo\u201d de Puertollano. Durante estas jornadas se ha trabajado en la constituci\u00f3n de una Comisi\u00f3n T\u00e9cnica con representantes de las","og:url":"https:\/\/www.yoleoescaparate.com\/?p=151062","og:image":"https:\/\/www.yoleoescaparate.com\/wp-content\/uploads\/eduardo.jpg","og:image:secure_url":"https:\/\/www.yoleoescaparate.com\/wp-content\/uploads\/eduardo.jpg","og:image:width":1200,"og:image:height":675,"article:published_time":"2026-09-02T11:54:43+00:00","article:modified_time":"2026-09-02T11:55:13+00:00","article:publisher":"https:\/\/www.facebook.com\/revescaparate","twitter:card":"summary_large_image","twitter:site":"@rev_escaparate","twitter:title":"Eduardo Jim\u00e9nez Blanco particip\u00f3 en la Comisi\u00f3n T\u00e9cnica Nacional de Defensa Personal \u2022 Escaparate","twitter:description":"El director t\u00e9cnico del Judo Calahorra-Agrupaci\u00f3n Deportiva Teresiana y miembro de la Comisi\u00f3n Nacional de Defensa Personal, Eduardo Jim\u00e9nez Blanco, ha participado los d\u00edas 28, 29 y 30 de agosto en las reuniones t\u00e9cnicas celebradas en el Centro de Especialidades Deportivas \u201cJavier Bermejo\u201d de Puertollano. Durante estas jornadas se ha trabajado en la constituci\u00f3n de una Comisi\u00f3n T\u00e9cnica con representantes de las","twitter:creator":"@rev_escaparate","twitter:image":"https:\/\/www.yoleoescaparate.com\/wp-content\/uploads\/eduardo.jpg"},"aioseo_meta_data":{"post_id":"151062","title":null,"description":null,"keywords":null,"keyphrases":{"focus":{"keyphrase":"","score":0,"analysis":{"keyphraseInTitle":{"score":0,"maxScore":9,"error":1}}},"additional":[]},"primary_term":null,"canonical_url":null,"og_title":null,"og_description":null,"og_object_type":"default","og_image_type":"default","og_image_url":null,"og_image_width":null,"og_image_height":null,"og_image_custom_url":null,"og_image_custom_fields":null,"og_video":"","og_custom_url":null,"og_article_section":null,"og_article_tags":null,"twitter_use_og":true,"twitter_card":"default","twitter_image_type":"default","twitter_image_url":null,"twitter_image_custom_url":null,"twitter_image_custom_fields":null,"twitter_title":null,"twitter_description":null,"schema":{"blockGraphs":[],"customGraphs":[],"default":{"data":{"Article":[],"Course":[],"Dataset":[],"FAQPage":[],"Movie":[],"Person":[],"Product":[],"ProductReview":[],"Car":[],"Recipe":[],"Service":[],"SoftwareApplication":[],"WebPage":[]},"graphName":"BlogPosting","isEnabled":true},"graphs":[]},"schema_type":"default","schema_type_options":null,"pillar_content":false,"robots_default":true,"robots_noindex":false,"robots_noarchive":false,"robots_nosnippet":false,"robots_nofollow":false,"robots_noimageindex":false,"robots_noodp":false,"robots_notranslate":false,"robots_max_snippet":"-1","robots_max_videopreview":"-1","robots_max_imagepreview":"large","priority":null,"frequency":"default","local_seo":null,"breadcrumb_settings":null,"limit_modified_date":false,"ai":{"faqs":[],"keyPoints":[],"schemas":[],"titles":[],"descriptions":[],"socialPosts":{"email":{"subject":"","preview":"","content":""},"linkedin":[],"twitter":[],"facebook":[],"instagram":[]}},"created":"2026-09-02 11:54:48","updated":"2026-09-02 11:55:13","seo_analyzer_scan_date":null},"aioseo_breadcrumb":"<div class=\"aioseo-breadcrumbs\"><span class=\"aioseo-breadcrumb\">\n\t\t\t<a href=\"https:\/\/www.yoleoescaparate.com\" title=\"Home\">Home<\/a>\n\t\t<\/span><span class=\"aioseo-breadcrumb-separator\">&raquo;<\/span><span class=\"aioseo-breadcrumb\">\n\t\t\t<a href=\"https:\/\/www.yoleoescaparate.com\/?cat=4\" title=\"Calahorra\">Calahorra<\/a>\n\t\t<\/span><span class=\"aioseo-breadcrumb-separator\">&raquo;<\/span><span class=\"aioseo-breadcrumb\">\n\t\t\tEduardo Jim\u00e9nez Blanco particip\u00f3 en la Comisi\u00f3n T\u00e9cnica Nacional de Defensa Personal\n\t\t<\/span><\/div>","aioseo_breadcrumb_json":[{"label":"Home","link":"https:\/\/www.yoleoescaparate.com"},{"label":"Calahorra","link":"https:\/\/www.yoleoescaparate.com\/?cat=4"},{"label":"Eduardo Jim\u00e9nez Blanco particip\u00f3 en la Comisi\u00f3n T\u00e9cnica Nacional de Defensa Personal","link":"https:\/\/www.yoleoescaparate.com\/?p=151062"}],"_links":{"self":[{"href":"https:\/\/www.yoleoescaparate.com\/index.php?rest_route=\/wp\/v2\/posts\/151062","targetHints":{"allow":["GET"]}}],"collection":[{"href":"https:\/\/www.yoleoescaparate.com\/index.php?rest_route=\/wp\/v2\/posts"}],"about":[{"href":"https:\/\/www.yoleoescaparate.com\/index.php?rest_route=\/wp\/v2\/types\/post"}],"author":[{"embeddable":true,"href":"https:\/\/www.yoleoescaparate.com\/index.php?rest_route=\/wp\/v2\/users\/1"}],"replies":[{"embeddable":true,"href":"https:\/\/www.yoleoescaparate.com\/index.php?rest_route=%2Fwp%2Fv2%2Fcomments&post=151062"}],"version-history":[{"count":2,"href":"https:\/\/www.yoleoescaparate.com\/index.php?rest_route=\/wp\/v2\/posts\/151062\/revisions"}],"predecessor-version":[{"id":151066,"href":"https:\/\/www.yoleoescaparate.com\/index.php?rest_route=\/wp\/v2\/posts\/151062\/revisions\/151066"}],"wp:featuredmedia":[{"embeddable":true,"href":"https:\/\/www.yoleoescaparate.com\/index.php?rest_route=\/wp\/v2\/media\/151064"}],"wp:attachment":[{"href":"https:\/\/www.yoleoescaparate.com\/index.php?rest_route=%2Fwp%2Fv2%2Fmedia&parent=151062"}],"wp:term":[{"taxonomy":"category","embeddable":true,"href":"https:\/\/www.yoleoescaparate.com\/index.php?rest_route=%2Fwp%2Fv2%2Fcategories&post=151062"},{"taxonomy":"post_tag","embeddable":true,"href":"https:\/\/www.yoleoescaparate.com\/index.php?rest_route=%2Fwp%2Fv2%2Ftags&post=151062"}],"curies":[{"name":"wp","href":"https:\/\/api.w.org\/{rel}","templated":true}]}}