{"id":151067,"date":"2026-09-02T14:01:41","date_gmt":"2026-09-02T12:01:41","guid":{"rendered":"https:\/\/www.yoleoescaparate.com\/?p=151067"},"modified":"2026-09-02T14:01:45","modified_gmt":"2026-09-02T12:01:45","slug":"ada-alfaro-organiza-sus-xxvi-jornadas-para-abordar-las-enfermedades-neurodegenerativas","status":"publish","type":"post","link":"https:\/\/www.yoleoescaparate.com\/?p=151067","title":{"rendered":"ADA-Alfaro organiza sus XXVI Jornadas para abordar las enfermedades neurodegenerativas"},"content":{"rendered":"\n<!--more-->\n\n\n\n<p class=\"wp-block-paragraph\">La Asociaci\u00f3n para la Demencia de Alzheimer de Alfaro (ADA-Alfaro) celebrar\u00e1 del <strong>lunes 14 al jueves 17 de septiembre<\/strong> sus <strong>XXVI Jornadas<\/strong>, una cita ya consolidada que este a\u00f1o se presenta bajo el lema <strong>\u2018El paraguas que acoge las enfermedades neurodegenerativas\u2019<\/strong>.<\/p>\n\n\n\n<p class=\"wp-block-paragraph\">El programa reunir\u00e1 a diferentes profesionales que abordar\u00e1n aspectos relacionados con las demencias desde perspectivas como la neurolog\u00eda, la psicolog\u00eda, la nutrici\u00f3n y la comunicaci\u00f3n. Todas las actividades ser\u00e1n <strong>gratuitas<\/strong> y tendr\u00e1n lugar en el <strong>Sal\u00f3n de Plenos del Ayuntamiento de Alfaro<\/strong>.<\/p>\n\n\n\n<p class=\"wp-block-paragraph\">Las jornadas comenzar\u00e1n el <strong>lunes 14 de septiembre<\/strong> a las 17:45 horas con el acto inaugural, a cargo de autoridades y miembros de ADA. A continuaci\u00f3n, a las 18:00 horas, tendr\u00e1 lugar la charla <strong>\u2018Clarificando la demencia frontotemporal. Una gran desconocida\u2019<\/strong>, impartida por <strong>Belinda Matute Tob\u00edas<\/strong>, coordinadora de la Unidad de Deterioro Cognitivo y Demencia del Hospital San Pedro, y <strong>Sara L\u00f3pez \u00c1lava<\/strong>, neuropsic\u00f3loga del Servicio de Neurolog\u00eda del mismo centro hospitalario.<\/p>\n\n\n\n<p class=\"wp-block-paragraph\">El <strong>martes 15 de septiembre<\/strong>, a las 18:00 horas, ser\u00e1 el turno de <strong>\u2018Un cuidador, dos vidas\u2019<\/strong>, una sesi\u00f3n a cargo de <strong>Ana Bermejo Melero<\/strong>, psic\u00f3loga voluntaria en ADA Alfaro, que pondr\u00e1 el foco en la realidad de las personas que asumen el cuidado de familiares con demencia.<\/p>\n\n\n\n<p class=\"wp-block-paragraph\">La programaci\u00f3n continuar\u00e1 el <strong>mi\u00e9rcoles 16 de septiembre<\/strong>, tambi\u00e9n a las 18:00 horas, con la conferencia <strong>\u2018La importancia de la nutrici\u00f3n: de la salud al cuidado en la demencia\u2019<\/strong>, que correr\u00e1 a cargo de <strong>Pablo Serrano Preciado<\/strong>, graduado en Farmacia y Nutrici\u00f3n.<\/p>\n\n\n\n<p class=\"wp-block-paragraph\">Finalmente, el <strong>jueves 17 de septiembre<\/strong>, se clausurar\u00e1n las jornadas con la charla <strong>\u2018Comunicaci\u00f3n No Violenta para sostener el v\u00ednculo en contextos de demencia y enfermedad\u2019<\/strong>, impartida por <strong>Elena Di\u00e9guez Basalo<\/strong>, profesional certificada en Comunicaci\u00f3n No Violenta, gesti\u00f3n y mediaci\u00f3n de conflictos y directora de la escuela Conecta y Comunica.<\/p>\n\n\n\n<p class=\"wp-block-paragraph\"><strong>Inscripci\u00f3n gratuita<\/strong><\/p>\n\n\n\n<p class=\"wp-block-paragraph\">La participaci\u00f3n en las XXVI Jornadas de ADA-Alfaro es <strong>gratuita<\/strong>, aunque es necesario realizar inscripci\u00f3n previa. Las personas interesadas pueden formalizarla a trav\u00e9s del correo electr\u00f3nico <strong>s.asociacionalzheimer@hotmail.com<\/strong>, en el tel\u00e9fono <strong>941 18 21 94<\/strong> o mediante WhatsApp en el <strong>627 75 69 01<\/strong>.<\/p>\n\n\n\n<p class=\"wp-block-paragraph\">La iniciativa cuenta con la colaboraci\u00f3n de <strong>Ibercaja y el Ayuntamiento de Alfaro<\/strong> y pretende ofrecer un espacio de informaci\u00f3n, reflexi\u00f3n y apoyo en torno a las enfermedades neurodegenerativas y, especialmente, a las necesidades de las personas afectadas y sus cuidadores.<\/p>\n\n\n\n<p class=\"wp-block-paragraph\"><\/p>\n","protected":false},"excerpt":{"rendered":"","protected":false},"author":1,"featured_media":151068,"comment_status":"open","ping_status":"open","sticky":false,"template":"","format":"standard","meta":{"colormag_page_container_layout":"default_layout","colormag_page_sidebar_layout":"default_layout","om_disable_all_campaigns":false,"_monsterinsights_skip_tracking":false,"_monsterinsights_sitenote_active":false,"_monsterinsights_sitenote_note":"","_monsterinsights_sitenote_category":0,"footnotes":""},"categories":[5],"tags":[224,72,3117,12,806],"class_list":["post-151067","post","type-post","status-publish","format-standard","has-post-thumbnail","hentry","category-alfaro","tag-ada","tag-alfaro","tag-enfermedades","tag-escaparate","tag-jornadas"],"aioseo_notices":[],"aioseo_head":"\n\t\t<!-- All in One SEO 4.9.10 - aioseo.com -->\n\t<meta name=\"description\" content=\"La Asociaci\u00f3n para la Demencia de Alzheimer de Alfaro (ADA-Alfaro) celebrar\u00e1 del lunes 14 al jueves 17 de septiembre sus XXVI Jornadas, una cita ya consolidada que este a\u00f1o se presenta bajo el lema \u2018El paraguas que acoge las enfermedades neurodegenerativas\u2019. El programa reunir\u00e1 a diferentes profesionales que abordar\u00e1n aspectos relacionados con las demencias desde\" \/>\n\t<meta name=\"robots\" content=\"max-image-preview:large\" \/>\n\t<meta name=\"author\" content=\"Escaparate\"\/>\n\t<meta name=\"google-site-verification\" content=\"OQV8mvJF6pBZ9RiZ8C9O86ahYB3C05wO-omz3Nejrsc\" \/>\n\t<link rel=\"canonical\" href=\"https:\/\/www.yoleoescaparate.com\/?p=151067\" \/>\n\t<meta name=\"generator\" content=\"All in One SEO (AIOSEO) 4.9.10\" \/>\n\t\t<meta property=\"og:locale\" content=\"es_ES\" \/>\n\t\t<meta property=\"og:site_name\" content=\"Escaparate \u2022 Informaci\u00f3n | Noticias | Actualidad\" \/>\n\t\t<meta property=\"og:type\" content=\"article\" \/>\n\t\t<meta property=\"og:title\" content=\"ADA-Alfaro organiza sus XXVI Jornadas para abordar las enfermedades neurodegenerativas \u2022 Escaparate\" \/>\n\t\t<meta property=\"og:description\" content=\"La Asociaci\u00f3n para la Demencia de Alzheimer de Alfaro (ADA-Alfaro) celebrar\u00e1 del lunes 14 al jueves 17 de septiembre sus XXVI Jornadas, una cita ya consolidada que este a\u00f1o se presenta bajo el lema \u2018El paraguas que acoge las enfermedades neurodegenerativas\u2019. El programa reunir\u00e1 a diferentes profesionales que abordar\u00e1n aspectos relacionados con las demencias desde\" \/>\n\t\t<meta property=\"og:url\" content=\"https:\/\/www.yoleoescaparate.com\/?p=151067\" \/>\n\t\t<meta property=\"og:image\" content=\"https:\/\/www.yoleoescaparate.com\/wp-content\/uploads\/ada-3.jpg\" \/>\n\t\t<meta property=\"og:image:secure_url\" content=\"https:\/\/www.yoleoescaparate.com\/wp-content\/uploads\/ada-3.jpg\" \/>\n\t\t<meta property=\"og:image:width\" content=\"1200\" \/>\n\t\t<meta property=\"og:image:height\" content=\"675\" \/>\n\t\t<meta property=\"article:published_time\" content=\"2026-09-02T12:01:41+00:00\" \/>\n\t\t<meta property=\"article:modified_time\" content=\"2026-09-02T12:01:45+00:00\" \/>\n\t\t<meta property=\"article:publisher\" content=\"https:\/\/www.facebook.com\/revescaparate\" \/>\n\t\t<meta name=\"twitter:card\" content=\"summary_large_image\" \/>\n\t\t<meta name=\"twitter:site\" content=\"@rev_escaparate\" \/>\n\t\t<meta name=\"twitter:title\" content=\"ADA-Alfaro organiza sus XXVI Jornadas para abordar las enfermedades neurodegenerativas \u2022 Escaparate\" \/>\n\t\t<meta name=\"twitter:description\" content=\"La Asociaci\u00f3n para la Demencia de Alzheimer de Alfaro (ADA-Alfaro) celebrar\u00e1 del lunes 14 al jueves 17 de septiembre sus XXVI Jornadas, una cita ya consolidada que este a\u00f1o se presenta bajo el lema \u2018El paraguas que acoge las enfermedades neurodegenerativas\u2019. El programa reunir\u00e1 a diferentes profesionales que abordar\u00e1n aspectos relacionados con las demencias desde\" \/>\n\t\t<meta name=\"twitter:creator\" content=\"@rev_escaparate\" \/>\n\t\t<meta name=\"twitter:image\" content=\"https:\/\/www.yoleoescaparate.com\/wp-content\/uploads\/ada-3.jpg\" \/>\n\t\t<script type=\"application\/ld+json\" class=\"aioseo-schema\">\n\t\t\t{\"@context\":\"https:\\\/\\\/schema.org\",\"@graph\":[{\"@type\":\"BlogPosting\",\"@id\":\"https:\\\/\\\/www.yoleoescaparate.com\\\/?p=151067#blogposting\",\"name\":\"ADA-Alfaro organiza sus XXVI Jornadas para abordar las enfermedades neurodegenerativas \\u2022 Escaparate\",\"headline\":\"ADA-Alfaro organiza sus XXVI Jornadas para abordar las enfermedades neurodegenerativas\",\"author\":{\"@id\":\"https:\\\/\\\/www.yoleoescaparate.com\\\/?author=1#author\"},\"publisher\":{\"@id\":\"https:\\\/\\\/www.yoleoescaparate.com\\\/#organization\"},\"image\":{\"@type\":\"ImageObject\",\"url\":\"https:\\\/\\\/www.yoleoescaparate.com\\\/wp-content\\\/uploads\\\/ada-3.jpg\",\"width\":1200,\"height\":675},\"datePublished\":\"2026-09-02T14:01:41+02:00\",\"dateModified\":\"2026-09-02T14:01:45+02:00\",\"inLanguage\":\"es-ES\",\"mainEntityOfPage\":{\"@id\":\"https:\\\/\\\/www.yoleoescaparate.com\\\/?p=151067#webpage\"},\"isPartOf\":{\"@id\":\"https:\\\/\\\/www.yoleoescaparate.com\\\/?p=151067#webpage\"},\"articleSection\":\"Alfaro, ADA, Alfaro, Enfermedades, Escaparate, Jornadas\"},{\"@type\":\"BreadcrumbList\",\"@id\":\"https:\\\/\\\/www.yoleoescaparate.com\\\/?p=151067#breadcrumblist\",\"itemListElement\":[{\"@type\":\"ListItem\",\"@id\":\"https:\\\/\\\/www.yoleoescaparate.com#listItem\",\"position\":1,\"name\":\"Home\",\"item\":\"https:\\\/\\\/www.yoleoescaparate.com\",\"nextItem\":{\"@type\":\"ListItem\",\"@id\":\"https:\\\/\\\/www.yoleoescaparate.com\\\/?cat=5#listItem\",\"name\":\"Alfaro\"}},{\"@type\":\"ListItem\",\"@id\":\"https:\\\/\\\/www.yoleoescaparate.com\\\/?cat=5#listItem\",\"position\":2,\"name\":\"Alfaro\",\"item\":\"https:\\\/\\\/www.yoleoescaparate.com\\\/?cat=5\",\"nextItem\":{\"@type\":\"ListItem\",\"@id\":\"https:\\\/\\\/www.yoleoescaparate.com\\\/?p=151067#listItem\",\"name\":\"ADA-Alfaro organiza sus XXVI Jornadas para abordar las enfermedades neurodegenerativas\"},\"previousItem\":{\"@type\":\"ListItem\",\"@id\":\"https:\\\/\\\/www.yoleoescaparate.com#listItem\",\"name\":\"Home\"}},{\"@type\":\"ListItem\",\"@id\":\"https:\\\/\\\/www.yoleoescaparate.com\\\/?p=151067#listItem\",\"position\":3,\"name\":\"ADA-Alfaro organiza sus XXVI Jornadas para abordar las enfermedades neurodegenerativas\",\"previousItem\":{\"@type\":\"ListItem\",\"@id\":\"https:\\\/\\\/www.yoleoescaparate.com\\\/?cat=5#listItem\",\"name\":\"Alfaro\"}}]},{\"@type\":\"Organization\",\"@id\":\"https:\\\/\\\/www.yoleoescaparate.com\\\/#organization\",\"name\":\"Escaparate\",\"description\":\"Informaci\\u00f3n | Noticias | Actualidad\",\"url\":\"https:\\\/\\\/www.yoleoescaparate.com\\\/\",\"logo\":{\"@type\":\"ImageObject\",\"url\":\"https:\\\/\\\/www.yoleoescaparate.com\\\/wp-content\\\/uploads\\\/2022\\\/02\\\/logoF.jpg\",\"@id\":\"https:\\\/\\\/www.yoleoescaparate.com\\\/?p=151067\\\/#organizationLogo\",\"width\":350,\"height\":360},\"image\":{\"@id\":\"https:\\\/\\\/www.yoleoescaparate.com\\\/?p=151067\\\/#organizationLogo\"},\"sameAs\":[\"https:\\\/\\\/www.facebook.com\\\/revescaparate\",\"https:\\\/\\\/twitter.com\\\/rev_escaparate\",\"https:\\\/\\\/www.instagram.com\\\/yoleoescaparate\\\/\",\"https:\\\/\\\/www.youtube.com\\\/channel\\\/UCj1lDjkqSzCH14bZmq-kWsQ\"]},{\"@type\":\"Person\",\"@id\":\"https:\\\/\\\/www.yoleoescaparate.com\\\/?author=1#author\",\"url\":\"https:\\\/\\\/www.yoleoescaparate.com\\\/?author=1\",\"name\":\"Escaparate\",\"image\":{\"@type\":\"ImageObject\",\"@id\":\"https:\\\/\\\/www.yoleoescaparate.com\\\/?p=151067#authorImage\",\"url\":\"https:\\\/\\\/secure.gravatar.com\\\/avatar\\\/d4681a657e3ba11aa052dc7c62193f217364db55960ea15739662b6564b2dafb?s=96&d=mm&r=g\",\"width\":96,\"height\":96,\"caption\":\"Escaparate\"}},{\"@type\":\"WebPage\",\"@id\":\"https:\\\/\\\/www.yoleoescaparate.com\\\/?p=151067#webpage\",\"url\":\"https:\\\/\\\/www.yoleoescaparate.com\\\/?p=151067\",\"name\":\"ADA-Alfaro organiza sus XXVI Jornadas para abordar las enfermedades neurodegenerativas \\u2022 Escaparate\",\"description\":\"La Asociaci\\u00f3n para la Demencia de Alzheimer de Alfaro (ADA-Alfaro) celebrar\\u00e1 del lunes 14 al jueves 17 de septiembre sus XXVI Jornadas, una cita ya consolidada que este a\\u00f1o se presenta bajo el lema \\u2018El paraguas que acoge las enfermedades neurodegenerativas\\u2019. El programa reunir\\u00e1 a diferentes profesionales que abordar\\u00e1n aspectos relacionados con las demencias desde\",\"inLanguage\":\"es-ES\",\"isPartOf\":{\"@id\":\"https:\\\/\\\/www.yoleoescaparate.com\\\/#website\"},\"breadcrumb\":{\"@id\":\"https:\\\/\\\/www.yoleoescaparate.com\\\/?p=151067#breadcrumblist\"},\"author\":{\"@id\":\"https:\\\/\\\/www.yoleoescaparate.com\\\/?author=1#author\"},\"creator\":{\"@id\":\"https:\\\/\\\/www.yoleoescaparate.com\\\/?author=1#author\"},\"image\":{\"@type\":\"ImageObject\",\"url\":\"https:\\\/\\\/www.yoleoescaparate.com\\\/wp-content\\\/uploads\\\/ada-3.jpg\",\"@id\":\"https:\\\/\\\/www.yoleoescaparate.com\\\/?p=151067\\\/#mainImage\",\"width\":1200,\"height\":675},\"primaryImageOfPage\":{\"@id\":\"https:\\\/\\\/www.yoleoescaparate.com\\\/?p=151067#mainImage\"},\"datePublished\":\"2026-09-02T14:01:41+02:00\",\"dateModified\":\"2026-09-02T14:01:45+02:00\"},{\"@type\":\"WebSite\",\"@id\":\"https:\\\/\\\/www.yoleoescaparate.com\\\/#website\",\"url\":\"https:\\\/\\\/www.yoleoescaparate.com\\\/\",\"name\":\"Escaparate\",\"description\":\"Informaci\\u00f3n | Noticias | Actualidad\",\"inLanguage\":\"es-ES\",\"publisher\":{\"@id\":\"https:\\\/\\\/www.yoleoescaparate.com\\\/#organization\"}}]}\n\t\t<\/script>\n\t\t<!-- All in One SEO -->\n\n","aioseo_head_json":{"title":"ADA-Alfaro organiza sus XXVI Jornadas para abordar las enfermedades neurodegenerativas \u2022 Escaparate","description":"La Asociaci\u00f3n para la Demencia de Alzheimer de Alfaro (ADA-Alfaro) celebrar\u00e1 del lunes 14 al jueves 17 de septiembre sus XXVI Jornadas, una cita ya consolidada que este a\u00f1o se presenta bajo el lema \u2018El paraguas que acoge las enfermedades neurodegenerativas\u2019. El programa reunir\u00e1 a diferentes profesionales que abordar\u00e1n aspectos relacionados con las demencias desde","canonical_url":"https:\/\/www.yoleoescaparate.com\/?p=151067","robots":"max-image-preview:large","keywords":"","webmasterTools":{"google-site-verification":"OQV8mvJF6pBZ9RiZ8C9O86ahYB3C05wO-omz3Nejrsc","miscellaneous":""},"schema":{"@context":"https:\/\/schema.org","@graph":[{"@type":"BlogPosting","@id":"https:\/\/www.yoleoescaparate.com\/?p=151067#blogposting","name":"ADA-Alfaro organiza sus XXVI Jornadas para abordar las enfermedades neurodegenerativas \u2022 Escaparate","headline":"ADA-Alfaro organiza sus XXVI Jornadas para abordar las enfermedades neurodegenerativas","author":{"@id":"https:\/\/www.yoleoescaparate.com\/?author=1#author"},"publisher":{"@id":"https:\/\/www.yoleoescaparate.com\/#organization"},"image":{"@type":"ImageObject","url":"https:\/\/www.yoleoescaparate.com\/wp-content\/uploads\/ada-3.jpg","width":1200,"height":675},"datePublished":"2026-09-02T14:01:41+02:00","dateModified":"2026-09-02T14:01:45+02:00","inLanguage":"es-ES","mainEntityOfPage":{"@id":"https:\/\/www.yoleoescaparate.com\/?p=151067#webpage"},"isPartOf":{"@id":"https:\/\/www.yoleoescaparate.com\/?p=151067#webpage"},"articleSection":"Alfaro, ADA, Alfaro, Enfermedades, Escaparate, Jornadas"},{"@type":"BreadcrumbList","@id":"https:\/\/www.yoleoescaparate.com\/?p=151067#breadcrumblist","itemListElement":[{"@type":"ListItem","@id":"https:\/\/www.yoleoescaparate.com#listItem","position":1,"name":"Home","item":"https:\/\/www.yoleoescaparate.com","nextItem":{"@type":"ListItem","@id":"https:\/\/www.yoleoescaparate.com\/?cat=5#listItem","name":"Alfaro"}},{"@type":"ListItem","@id":"https:\/\/www.yoleoescaparate.com\/?cat=5#listItem","position":2,"name":"Alfaro","item":"https:\/\/www.yoleoescaparate.com\/?cat=5","nextItem":{"@type":"ListItem","@id":"https:\/\/www.yoleoescaparate.com\/?p=151067#listItem","name":"ADA-Alfaro organiza sus XXVI Jornadas para abordar las enfermedades neurodegenerativas"},"previousItem":{"@type":"ListItem","@id":"https:\/\/www.yoleoescaparate.com#listItem","name":"Home"}},{"@type":"ListItem","@id":"https:\/\/www.yoleoescaparate.com\/?p=151067#listItem","position":3,"name":"ADA-Alfaro organiza sus XXVI Jornadas para abordar las enfermedades neurodegenerativas","previousItem":{"@type":"ListItem","@id":"https:\/\/www.yoleoescaparate.com\/?cat=5#listItem","name":"Alfaro"}}]},{"@type":"Organization","@id":"https:\/\/www.yoleoescaparate.com\/#organization","name":"Escaparate","description":"Informaci\u00f3n | Noticias | Actualidad","url":"https:\/\/www.yoleoescaparate.com\/","logo":{"@type":"ImageObject","url":"https:\/\/www.yoleoescaparate.com\/wp-content\/uploads\/2022\/02\/logoF.jpg","@id":"https:\/\/www.yoleoescaparate.com\/?p=151067\/#organizationLogo","width":350,"height":360},"image":{"@id":"https:\/\/www.yoleoescaparate.com\/?p=151067\/#organizationLogo"},"sameAs":["https:\/\/www.facebook.com\/revescaparate","https:\/\/twitter.com\/rev_escaparate","https:\/\/www.instagram.com\/yoleoescaparate\/","https:\/\/www.youtube.com\/channel\/UCj1lDjkqSzCH14bZmq-kWsQ"]},{"@type":"Person","@id":"https:\/\/www.yoleoescaparate.com\/?author=1#author","url":"https:\/\/www.yoleoescaparate.com\/?author=1","name":"Escaparate","image":{"@type":"ImageObject","@id":"https:\/\/www.yoleoescaparate.com\/?p=151067#authorImage","url":"https:\/\/secure.gravatar.com\/avatar\/d4681a657e3ba11aa052dc7c62193f217364db55960ea15739662b6564b2dafb?s=96&d=mm&r=g","width":96,"height":96,"caption":"Escaparate"}},{"@type":"WebPage","@id":"https:\/\/www.yoleoescaparate.com\/?p=151067#webpage","url":"https:\/\/www.yoleoescaparate.com\/?p=151067","name":"ADA-Alfaro organiza sus XXVI Jornadas para abordar las enfermedades neurodegenerativas \u2022 Escaparate","description":"La Asociaci\u00f3n para la Demencia de Alzheimer de Alfaro (ADA-Alfaro) celebrar\u00e1 del lunes 14 al jueves 17 de septiembre sus XXVI Jornadas, una cita ya consolidada que este a\u00f1o se presenta bajo el lema \u2018El paraguas que acoge las enfermedades neurodegenerativas\u2019. El programa reunir\u00e1 a diferentes profesionales que abordar\u00e1n aspectos relacionados con las demencias desde","inLanguage":"es-ES","isPartOf":{"@id":"https:\/\/www.yoleoescaparate.com\/#website"},"breadcrumb":{"@id":"https:\/\/www.yoleoescaparate.com\/?p=151067#breadcrumblist"},"author":{"@id":"https:\/\/www.yoleoescaparate.com\/?author=1#author"},"creator":{"@id":"https:\/\/www.yoleoescaparate.com\/?author=1#author"},"image":{"@type":"ImageObject","url":"https:\/\/www.yoleoescaparate.com\/wp-content\/uploads\/ada-3.jpg","@id":"https:\/\/www.yoleoescaparate.com\/?p=151067\/#mainImage","width":1200,"height":675},"primaryImageOfPage":{"@id":"https:\/\/www.yoleoescaparate.com\/?p=151067#mainImage"},"datePublished":"2026-09-02T14:01:41+02:00","dateModified":"2026-09-02T14:01:45+02:00"},{"@type":"WebSite","@id":"https:\/\/www.yoleoescaparate.com\/#website","url":"https:\/\/www.yoleoescaparate.com\/","name":"Escaparate","description":"Informaci\u00f3n | Noticias | Actualidad","inLanguage":"es-ES","publisher":{"@id":"https:\/\/www.yoleoescaparate.com\/#organization"}}]},"og:locale":"es_ES","og:site_name":"Escaparate \u2022 Informaci\u00f3n | Noticias | Actualidad","og:type":"article","og:title":"ADA-Alfaro organiza sus XXVI Jornadas para abordar las enfermedades neurodegenerativas \u2022 Escaparate","og:description":"La Asociaci\u00f3n para la Demencia de Alzheimer de Alfaro (ADA-Alfaro) celebrar\u00e1 del lunes 14 al jueves 17 de septiembre sus XXVI Jornadas, una cita ya consolidada que este a\u00f1o se presenta bajo el lema \u2018El paraguas que acoge las enfermedades neurodegenerativas\u2019. El programa reunir\u00e1 a diferentes profesionales que abordar\u00e1n aspectos relacionados con las demencias desde","og:url":"https:\/\/www.yoleoescaparate.com\/?p=151067","og:image":"https:\/\/www.yoleoescaparate.com\/wp-content\/uploads\/ada-3.jpg","og:image:secure_url":"https:\/\/www.yoleoescaparate.com\/wp-content\/uploads\/ada-3.jpg","og:image:width":1200,"og:image:height":675,"article:published_time":"2026-09-02T12:01:41+00:00","article:modified_time":"2026-09-02T12:01:45+00:00","article:publisher":"https:\/\/www.facebook.com\/revescaparate","twitter:card":"summary_large_image","twitter:site":"@rev_escaparate","twitter:title":"ADA-Alfaro organiza sus XXVI Jornadas para abordar las enfermedades neurodegenerativas \u2022 Escaparate","twitter:description":"La Asociaci\u00f3n para la Demencia de Alzheimer de Alfaro (ADA-Alfaro) celebrar\u00e1 del lunes 14 al jueves 17 de septiembre sus XXVI Jornadas, una cita ya consolidada que este a\u00f1o se presenta bajo el lema \u2018El paraguas que acoge las enfermedades neurodegenerativas\u2019. El programa reunir\u00e1 a diferentes profesionales que abordar\u00e1n aspectos relacionados con las demencias desde","twitter:creator":"@rev_escaparate","twitter:image":"https:\/\/www.yoleoescaparate.com\/wp-content\/uploads\/ada-3.jpg"},"aioseo_meta_data":{"post_id":"151067","title":null,"description":null,"keywords":null,"keyphrases":{"focus":{"keyphrase":"","score":0,"analysis":{"keyphraseInTitle":{"score":0,"maxScore":9,"error":1}}},"additional":[]},"primary_term":null,"canonical_url":null,"og_title":null,"og_description":null,"og_object_type":"default","og_image_type":"default","og_image_url":null,"og_image_width":null,"og_image_height":null,"og_image_custom_url":null,"og_image_custom_fields":null,"og_video":"","og_custom_url":null,"og_article_section":null,"og_article_tags":null,"twitter_use_og":true,"twitter_card":"default","twitter_image_type":"default","twitter_image_url":null,"twitter_image_custom_url":null,"twitter_image_custom_fields":null,"twitter_title":null,"twitter_description":null,"schema":{"blockGraphs":[],"customGraphs":[],"default":{"data":{"Article":[],"Course":[],"Dataset":[],"FAQPage":[],"Movie":[],"Person":[],"Product":[],"ProductReview":[],"Car":[],"Recipe":[],"Service":[],"SoftwareApplication":[],"WebPage":[]},"graphName":"BlogPosting","isEnabled":true},"graphs":[]},"schema_type":"default","schema_type_options":null,"pillar_content":false,"robots_default":true,"robots_noindex":false,"robots_noarchive":false,"robots_nosnippet":false,"robots_nofollow":false,"robots_noimageindex":false,"robots_noodp":false,"robots_notranslate":false,"robots_max_snippet":"-1","robots_max_videopreview":"-1","robots_max_imagepreview":"large","priority":null,"frequency":"default","local_seo":null,"breadcrumb_settings":null,"limit_modified_date":false,"ai":{"faqs":[],"keyPoints":[],"schemas":[],"titles":[],"descriptions":[],"socialPosts":{"email":{"subject":"","preview":"","content":""},"linkedin":[],"twitter":[],"facebook":[],"instagram":[]}},"created":"2026-09-02 12:01:45","updated":"2026-09-02 12:02:34","seo_analyzer_scan_date":null},"aioseo_breadcrumb":"<div class=\"aioseo-breadcrumbs\"><span class=\"aioseo-breadcrumb\">\n\t\t\t<a href=\"https:\/\/www.yoleoescaparate.com\" title=\"Home\">Home<\/a>\n\t\t<\/span><span class=\"aioseo-breadcrumb-separator\">&raquo;<\/span><span class=\"aioseo-breadcrumb\">\n\t\t\t<a href=\"https:\/\/www.yoleoescaparate.com\/?cat=5\" title=\"Alfaro\">Alfaro<\/a>\n\t\t<\/span><span class=\"aioseo-breadcrumb-separator\">&raquo;<\/span><span class=\"aioseo-breadcrumb\">\n\t\t\tADA-Alfaro organiza sus XXVI Jornadas para abordar las enfermedades neurodegenerativas\n\t\t<\/span><\/div>","aioseo_breadcrumb_json":[{"label":"Home","link":"https:\/\/www.yoleoescaparate.com"},{"label":"Alfaro","link":"https:\/\/www.yoleoescaparate.com\/?cat=5"},{"label":"ADA-Alfaro organiza sus XXVI Jornadas para abordar las enfermedades neurodegenerativas","link":"https:\/\/www.yoleoescaparate.com\/?p=151067"}],"_links":{"self":[{"href":"https:\/\/www.yoleoescaparate.com\/index.php?rest_route=\/wp\/v2\/posts\/151067","targetHints":{"allow":["GET"]}}],"collection":[{"href":"https:\/\/www.yoleoescaparate.com\/index.php?rest_route=\/wp\/v2\/posts"}],"about":[{"href":"https:\/\/www.yoleoescaparate.com\/index.php?rest_route=\/wp\/v2\/types\/post"}],"author":[{"embeddable":true,"href":"https:\/\/www.yoleoescaparate.com\/index.php?rest_route=\/wp\/v2\/users\/1"}],"replies":[{"embeddable":true,"href":"https:\/\/www.yoleoescaparate.com\/index.php?rest_route=%2Fwp%2Fv2%2Fcomments&post=151067"}],"version-history":[{"count":1,"href":"https:\/\/www.yoleoescaparate.com\/index.php?rest_route=\/wp\/v2\/posts\/151067\/revisions"}],"predecessor-version":[{"id":151069,"href":"https:\/\/www.yoleoescaparate.com\/index.php?rest_route=\/wp\/v2\/posts\/151067\/revisions\/151069"}],"wp:featuredmedia":[{"embeddable":true,"href":"https:\/\/www.yoleoescaparate.com\/index.php?rest_route=\/wp\/v2\/media\/151068"}],"wp:attachment":[{"href":"https:\/\/www.yoleoescaparate.com\/index.php?rest_route=%2Fwp%2Fv2%2Fmedia&parent=151067"}],"wp:term":[{"taxonomy":"category","embeddable":true,"href":"https:\/\/www.yoleoescaparate.com\/index.php?rest_route=%2Fwp%2Fv2%2Fcategories&post=151067"},{"taxonomy":"post_tag","embeddable":true,"href":"https:\/\/www.yoleoescaparate.com\/index.php?rest_route=%2Fwp%2Fv2%2Ftags&post=151067"}],"curies":[{"name":"wp","href":"https:\/\/api.w.org\/{rel}","templated":true}]}}