{"id":151070,"date":"2026-09-02T14:07:49","date_gmt":"2026-09-02T12:07:49","guid":{"rendered":"https:\/\/www.yoleoescaparate.com\/?p=151070"},"modified":"2026-09-02T14:07:53","modified_gmt":"2026-09-02T12:07:53","slug":"el-teatro-ideal-incluye-en-su-programacion-de-septiembre-a-diciembre-teatro-humor-y-musica","status":"publish","type":"post","link":"https:\/\/www.yoleoescaparate.com\/?p=151070","title":{"rendered":"El Teatro Ideal incluye en su programaci\u00f3n de septiembre a diciembre teatro, humor y m\u00fasica"},"content":{"rendered":"\n<!--more-->\n\n\n\n<p class=\"wp-block-paragraph\">El teatro Ideal finalizar\u00e1 este 2026 con una programaci\u00f3n que re\u00fane teatro, m\u00fasica, humor, espect\u00e1culos familiares, galas y propuestas solidarias.<\/p>\n\n\n\n<p class=\"wp-block-paragraph\">\u201cEst\u00e1 pensada para ofrecer a los calagurritanos y visitantes una amplia variedad de propuestas culturales durante los pr\u00f3ximos meses. El teatro Ideal volver\u00e1 a ser un punto de encuentro para disfrutar del teatro, la m\u00fasica, el humor y de espect\u00e1culos familiares. Tambi\u00e9n el espacio para los colectivos de la ciudad\u201d, ha valorado la concejala de Cultura, Reyes Zapata.<\/p>\n\n\n\n<p class=\"wp-block-paragraph\">Son 12 citas entre los meses de septiembre y diciembre en las que actuar\u00e1n compa\u00f1\u00edas y artistas nacionales, regionales y locales.<\/p>\n\n\n\n<p class=\"wp-block-paragraph\">La programaci\u00f3n se abrir\u00e1 el&nbsp;<strong>viernes 11 de septiembre, a las 20:00 horas<\/strong>, con la presentaci\u00f3n de&nbsp;<strong>\u2018<em>Partensya\u2019<\/em><\/strong>, el nuevo trabajo discogr\u00e1fico del grupo calagurritano&nbsp;<strong>Maladanza Ensemble<\/strong>. Un espect\u00e1culo que propone un recorrido por coplas, canciones y romances transmitidos a trav\u00e9s de la tradici\u00f3n oral sefard\u00ed. Las entradas tendr\u00e1n un precio \u00fanico de&nbsp;<strong>7 euros<\/strong>.<\/p>\n\n\n\n<p class=\"wp-block-paragraph\">El&nbsp;<strong>viernes 18 de septiembre, a las 20:30 horas<\/strong>, tendr\u00e1 lugar en el Ideal la gala de clausura de la&nbsp;<strong>XXVII edici\u00f3n del Festival de cortometrajes \u201c\u00a1CORT\u2026en!-Ciudad de Calahorra\u201d<\/strong>, organizado por el Ayuntamiento de Calahorra con la colaboraci\u00f3n del Instituto Riojano de la Juventud (IRJ). Durante la gala se entregar\u00e1n los premios a los ganadores de esta edici\u00f3n. La entrada ser\u00e1 gratuita y se entregar\u00e1n un m\u00e1ximo de cuatro localidades por persona.<\/p>\n\n\n\n<p class=\"wp-block-paragraph\">El&nbsp;Club Taurino de Calahorra celebrar\u00e1 su <strong>Gala de reconocimiento a personajes y figuras vinculadas al mundo del toro<\/strong>, en la que se homenajear\u00e1 a personalidades e instituciones relacionadas con la tauromaquia.&nbsp; Ser\u00e1 el <strong>s\u00e1bado 26 de septiembre, a las 19:00 horas<\/strong>.La ceremonia estar\u00e1 amenizada por un concierto de flamenco a cargo del malague\u00f1o&nbsp;<strong>Jos\u00e9 de Chaparro<\/strong>. La entrada ser\u00e1 gratuita, con un m\u00e1ximo de dos localidades por persona.<\/p>\n\n\n\n<p class=\"wp-block-paragraph\">La programaci\u00f3n de septiembre concluir\u00e1 el&nbsp;<strong>domingo 27, a las 19:00 horas<\/strong>, con el <strong>teatro infantil&nbsp;\u2018<em>Dib\u00fajame una palabra\u2019<\/em><\/strong>. La obra cuenta la historia de Aisha, una ni\u00f1a que no puede asistir a la escuela y que se comunica mediante la palabra hablada y los dibujos. A trav\u00e9s de su amistad con Nabid, ambos luchar\u00e1n por aprender y reescribir su destino. La propuesta aborda el derecho a la educaci\u00f3n, la resiliencia y la creatividad. Las entradas tendr\u00e1n un precio \u00fanico de&nbsp;<strong>5 euros<\/strong>.<\/p>\n\n\n\n<p class=\"wp-block-paragraph\"><strong>Teatro, humor y m\u00fasica para octubre<\/strong><\/p>\n\n\n\n<p class=\"wp-block-paragraph\">El&nbsp;<strong>s\u00e1bado 3 de octubre, a las 20:00 horas<\/strong>, el grupo de <strong>teatro calagurritano Tagaste<\/strong>, bajo la direcci\u00f3n de Javier Guti\u00e9rrez, volver\u00e1 al Ideal para representar&nbsp;\u2018<em><strong>Mujeres \u2013 Lo que callamos cuando no callamos\u2019<\/strong><\/em> en la que dos hermanas \u2014una abogada y una actriz- expresan aquello que en ocasiones qued\u00f3 sin decir.<\/p>\n\n\n\n<p class=\"wp-block-paragraph\">Al d\u00eda siguiente,&nbsp;<strong>domingo 4 de octubre, a las 19:30 horas<\/strong>, el&nbsp;<strong>grupo de teatro Candilejas<\/strong> <strong>de Autol<\/strong>&nbsp;llevar\u00e1 a escena&nbsp;en Calahorra \u2018<em><strong>Tres cosas hay en la vida\u2019<\/strong><\/em><em>.<\/em> La historia transcurre en el hotel Vivanco, donde una serie de personajes se dispone a disfrutar de un tranquilo fin de semana hasta que un asesinato ocurrido cincuenta a\u00f1os atr\u00e1s vuelve a cobrar protagonismo.<\/p>\n\n\n\n<p class=\"wp-block-paragraph\">El&nbsp;<strong>s\u00e1bado 17 de octubre, a las 21:00 horas<\/strong>, ser\u00e1 el turno del humor con los <strong>mon\u00f3logos de&nbsp;Dani Fontecha y Gonzalo Jim\u00e9nez<\/strong>. Fontecha, c\u00f3mico, guionista y colaborador de&nbsp;<em>El Hormiguero<\/em>, compartir\u00e1 escenario con el c\u00f3mico navarro Gonzalo Jim\u00e9nez, conocido por su espect\u00e1culo&nbsp;<em>Sinvergonza<\/em>. Ambos ofrecer\u00e1n una noche de humor, complicidad, improvisaci\u00f3n y diferentes estilos de comedia.<\/p>\n\n\n\n<p class=\"wp-block-paragraph\">La ONG Teresiana FundEO presentar\u00e1&nbsp;\u2018<em><strong>Norte y Sur unidos<\/strong><\/em> <em><\/em><em><strong>(La moda baila)\u2019<\/strong><\/em> el<strong>domingo 18 de octubre, a las 19:00 horas<\/strong>. Un espect\u00e1culo destinado a sensibilizar sobre las desigualdades entre el norte y el sur y a apoyar este a\u00f1o a&nbsp;<strong>Porto Alegre, en Brasil<\/strong>. Combina un desfile de moda del comercio local con la participaci\u00f3n del grupo de gimnasia r\u00edtmica Teresianas y un intermedio de casta\u00f1uelas y abanico. Las entradas tendr\u00e1n un precio \u00fanico de&nbsp;<strong>10 euros<\/strong>.<\/p>\n\n\n\n<p class=\"wp-block-paragraph\">El&nbsp;<strong>s\u00e1bado 24 de octubre, a las 20:00 horas<\/strong>, <strong>la<\/strong> <strong>pe\u00f1a recreativa El Sol<\/strong> <strong>celebrar\u00e1 su<\/strong> <strong>gala homenaje por el 50 aniversario<\/strong><strong>.<\/strong> <strong><\/strong>Cinco d\u00e9cadas de historia que incluir\u00e1 homenajes, v\u00eddeos y distintas sorpresas. El acceso ser\u00e1 gratuito.<\/p>\n\n\n\n<p class=\"wp-block-paragraph\"><strong>Carlos P\u00e9rez Pascual<\/strong> subir\u00e1, de nuevo, al escenario del Ideal el <strong>domingo 25 de octubre, a las 19:00 horas<\/strong>,&nbsp;<strong>para<\/strong> presentar&nbsp;<strong>\u2018<em>A la luz de las velas\u2019<\/em><\/strong>. Piano y voz se unir\u00e1n en un espect\u00e1culo dedicado a la m\u00fasica mexicana, con rancheras y un homenaje a figuras como Chavela Vargas. El artista alfare\u00f1o aportar\u00e1 un aire flamenco a las canciones en un formato \u00edntimo, acompa\u00f1ado por un piano de cola y cientos de velas.<\/p>\n\n\n\n<p class=\"wp-block-paragraph\">Octubre se despedir\u00e1con&nbsp;\u2018<em><strong>Madness\u2019<\/strong><\/em>, una propuesta fruto de la colaboraci\u00f3n entre&nbsp;<strong>Yllana y Primital Brothers<\/strong>, el<strong>s\u00e1bado 31, a las 20:00 horas<\/strong>. El show une humor y canto a capela para ofrecer una mirada disparatada sobre la tecnolog\u00eda, la vida cotidiana y las contradicciones del mundo actual.<\/p>\n\n\n\n<p class=\"wp-block-paragraph\">El humor tambi\u00e9n estar\u00e1 presente en diciembre con el <strong>mon\u00f3logo&nbsp;\u2018<em>\u00bfNos damos un viaje?\u2019<\/em><\/strong><em>,<\/em> de&nbsp;<strong>Santi Rodr\u00edguez<\/strong>, el&nbsp;<strong>s\u00e1bado 19 de diciembre, a las 20:00 horas<\/strong>. El humorista, actor y monologuista repasar\u00e1 con su particular sentido del humor las experiencias, an\u00e9cdotas y decepciones relacionadas con los viajes y los destinos tur\u00edsticos.<\/p>\n\n\n\n<p class=\"wp-block-paragraph\"><strong>Descuentos y venta de entradas<\/strong><\/p>\n\n\n\n<p class=\"wp-block-paragraph\">Las entradas estar\u00e1n disponibles el d\u00eda 3 de septiembre a las 12:00 horas en la taquilla del teatro y a partir de las 14:00 horas online en <a href=\"http:\/\/www.citylok.com\/teatroideal\">www.citylok.com\/teatroideal<\/a>.<\/p>\n\n\n\n<p class=\"wp-block-paragraph\">Adem\u00e1s, la taquilla del Ideal abrir\u00e1 en septiembre el 10, 17 y 24 y en octubre el 1, 8, 15, 22 y 29. Tambi\u00e9n todos los d\u00edas de funci\u00f3n, desde dos horas antes del comienzo de la misma.<\/p>\n\n\n\n<p class=\"wp-block-paragraph\">Como siempre habr\u00e1 diferentes de descuentos en las funciones organizadas por el Ayuntamiento.<\/p>\n\n\n\n<p class=\"wp-block-paragraph\">Los&nbsp;<strong>menores de 30 a\u00f1os<\/strong>&nbsp;podr\u00e1n acceder con la entrada joven por&nbsp;<strong>4 euros en el segundo anfiteatro<\/strong>. Las personas&nbsp;<strong>mayores de 60 a\u00f1os y quienes dispongan de carn\u00e9 joven<\/strong>tendr\u00e1n un&nbsp;<strong>20 % de descuento<\/strong>, mientras que las personas desempleadas podr\u00e1n beneficiarse de un&nbsp;<strong>50 % de descuento<\/strong>, previa presentaci\u00f3n de la tarjeta acreditativa.<\/p>\n\n\n\n<p class=\"wp-block-paragraph\">Las personas en silla de ruedas podr\u00e1n acceder a las plateas al&nbsp;<strong>precio general m\u00e1s econ\u00f3mico del espect\u00e1culo<\/strong>, con un m\u00e1ximo de dos entradas por persona con discapacidad.<\/p>\n\n\n\n<p class=\"wp-block-paragraph\">Los descuentos <strong>no son acumulables<\/strong>&nbsp;y las personas que hayan adquirido entradas con descuento deber\u00e1n presentar la documentaci\u00f3n acreditativa correspondiente en la entrada del teatro.<\/p>\n\n\n\n<p class=\"wp-block-paragraph\"><\/p>\n","protected":false},"excerpt":{"rendered":"","protected":false},"author":1,"featured_media":151071,"comment_status":"open","ping_status":"open","sticky":false,"template":"","format":"standard","meta":{"colormag_page_container_layout":"default_layout","colormag_page_sidebar_layout":"default_layout","om_disable_all_campaigns":false,"_monsterinsights_skip_tracking":false,"_monsterinsights_sitenote_active":false,"_monsterinsights_sitenote_note":"","_monsterinsights_sitenote_category":0,"footnotes":""},"categories":[4],"tags":[16,69,12,1037,893,575],"class_list":["post-151070","post","type-post","status-publish","format-standard","has-post-thumbnail","hentry","category-calahorra","tag-calahorra","tag-diciembre","tag-escaparate","tag-ideal","tag-programacion","tag-septiembre"],"aioseo_notices":[],"aioseo_head":"\n\t\t<!-- All in One SEO 4.9.10 - aioseo.com -->\n\t<meta name=\"description\" content=\"El teatro Ideal finalizar\u00e1 este 2026 con una programaci\u00f3n que re\u00fane teatro, m\u00fasica, humor, espect\u00e1culos familiares, galas y propuestas solidarias. \u201cEst\u00e1 pensada para ofrecer a los calagurritanos y visitantes una amplia variedad de propuestas culturales durante los pr\u00f3ximos meses. El teatro Ideal volver\u00e1 a ser un punto de encuentro para disfrutar del teatro, la m\u00fasica,\" \/>\n\t<meta name=\"robots\" content=\"max-image-preview:large\" \/>\n\t<meta name=\"author\" content=\"Escaparate\"\/>\n\t<meta name=\"google-site-verification\" content=\"OQV8mvJF6pBZ9RiZ8C9O86ahYB3C05wO-omz3Nejrsc\" \/>\n\t<link rel=\"canonical\" href=\"https:\/\/www.yoleoescaparate.com\/?p=151070\" \/>\n\t<meta name=\"generator\" content=\"All in One SEO (AIOSEO) 4.9.10\" \/>\n\t\t<meta property=\"og:locale\" content=\"es_ES\" \/>\n\t\t<meta property=\"og:site_name\" content=\"Escaparate \u2022 Informaci\u00f3n | Noticias | Actualidad\" \/>\n\t\t<meta property=\"og:type\" content=\"article\" \/>\n\t\t<meta property=\"og:title\" content=\"El Teatro Ideal incluye en su programaci\u00f3n de septiembre a diciembre teatro, humor y m\u00fasica \u2022 Escaparate\" \/>\n\t\t<meta property=\"og:description\" content=\"El teatro Ideal finalizar\u00e1 este 2026 con una programaci\u00f3n que re\u00fane teatro, m\u00fasica, humor, espect\u00e1culos familiares, galas y propuestas solidarias. \u201cEst\u00e1 pensada para ofrecer a los calagurritanos y visitantes una amplia variedad de propuestas culturales durante los pr\u00f3ximos meses. El teatro Ideal volver\u00e1 a ser un punto de encuentro para disfrutar del teatro, la m\u00fasica,\" \/>\n\t\t<meta property=\"og:url\" content=\"https:\/\/www.yoleoescaparate.com\/?p=151070\" \/>\n\t\t<meta property=\"og:image\" content=\"https:\/\/www.yoleoescaparate.com\/wp-content\/uploads\/ideal.jpg\" \/>\n\t\t<meta property=\"og:image:secure_url\" content=\"https:\/\/www.yoleoescaparate.com\/wp-content\/uploads\/ideal.jpg\" \/>\n\t\t<meta property=\"og:image:width\" content=\"1200\" \/>\n\t\t<meta property=\"og:image:height\" content=\"675\" \/>\n\t\t<meta property=\"article:published_time\" content=\"2026-09-02T12:07:49+00:00\" \/>\n\t\t<meta property=\"article:modified_time\" content=\"2026-09-02T12:07:53+00:00\" \/>\n\t\t<meta property=\"article:publisher\" content=\"https:\/\/www.facebook.com\/revescaparate\" \/>\n\t\t<meta name=\"twitter:card\" content=\"summary_large_image\" \/>\n\t\t<meta name=\"twitter:site\" content=\"@rev_escaparate\" \/>\n\t\t<meta name=\"twitter:title\" content=\"El Teatro Ideal incluye en su programaci\u00f3n de septiembre a diciembre teatro, humor y m\u00fasica \u2022 Escaparate\" \/>\n\t\t<meta name=\"twitter:description\" content=\"El teatro Ideal finalizar\u00e1 este 2026 con una programaci\u00f3n que re\u00fane teatro, m\u00fasica, humor, espect\u00e1culos familiares, galas y propuestas solidarias. \u201cEst\u00e1 pensada para ofrecer a los calagurritanos y visitantes una amplia variedad de propuestas culturales durante los pr\u00f3ximos meses. El teatro Ideal volver\u00e1 a ser un punto de encuentro para disfrutar del teatro, la m\u00fasica,\" \/>\n\t\t<meta name=\"twitter:creator\" content=\"@rev_escaparate\" \/>\n\t\t<meta name=\"twitter:image\" content=\"https:\/\/www.yoleoescaparate.com\/wp-content\/uploads\/ideal.jpg\" \/>\n\t\t<script type=\"application\/ld+json\" class=\"aioseo-schema\">\n\t\t\t{\"@context\":\"https:\\\/\\\/schema.org\",\"@graph\":[{\"@type\":\"BlogPosting\",\"@id\":\"https:\\\/\\\/www.yoleoescaparate.com\\\/?p=151070#blogposting\",\"name\":\"El Teatro Ideal incluye en su programaci\\u00f3n de septiembre a diciembre teatro, humor y m\\u00fasica \\u2022 Escaparate\",\"headline\":\"El Teatro Ideal incluye en su programaci\\u00f3n de septiembre a diciembre teatro, humor y m\\u00fasica\",\"author\":{\"@id\":\"https:\\\/\\\/www.yoleoescaparate.com\\\/?author=1#author\"},\"publisher\":{\"@id\":\"https:\\\/\\\/www.yoleoescaparate.com\\\/#organization\"},\"image\":{\"@type\":\"ImageObject\",\"url\":\"https:\\\/\\\/www.yoleoescaparate.com\\\/wp-content\\\/uploads\\\/ideal.jpg\",\"width\":1200,\"height\":675},\"datePublished\":\"2026-09-02T14:07:49+02:00\",\"dateModified\":\"2026-09-02T14:07:53+02:00\",\"inLanguage\":\"es-ES\",\"mainEntityOfPage\":{\"@id\":\"https:\\\/\\\/www.yoleoescaparate.com\\\/?p=151070#webpage\"},\"isPartOf\":{\"@id\":\"https:\\\/\\\/www.yoleoescaparate.com\\\/?p=151070#webpage\"},\"articleSection\":\"Calahorra, Calahorra, diciembre, Escaparate, Ideal, Programaci\\u00f3n, septiembre\"},{\"@type\":\"BreadcrumbList\",\"@id\":\"https:\\\/\\\/www.yoleoescaparate.com\\\/?p=151070#breadcrumblist\",\"itemListElement\":[{\"@type\":\"ListItem\",\"@id\":\"https:\\\/\\\/www.yoleoescaparate.com#listItem\",\"position\":1,\"name\":\"Home\",\"item\":\"https:\\\/\\\/www.yoleoescaparate.com\",\"nextItem\":{\"@type\":\"ListItem\",\"@id\":\"https:\\\/\\\/www.yoleoescaparate.com\\\/?cat=4#listItem\",\"name\":\"Calahorra\"}},{\"@type\":\"ListItem\",\"@id\":\"https:\\\/\\\/www.yoleoescaparate.com\\\/?cat=4#listItem\",\"position\":2,\"name\":\"Calahorra\",\"item\":\"https:\\\/\\\/www.yoleoescaparate.com\\\/?cat=4\",\"nextItem\":{\"@type\":\"ListItem\",\"@id\":\"https:\\\/\\\/www.yoleoescaparate.com\\\/?p=151070#listItem\",\"name\":\"El Teatro Ideal incluye en su programaci\\u00f3n de septiembre a diciembre teatro, humor y m\\u00fasica\"},\"previousItem\":{\"@type\":\"ListItem\",\"@id\":\"https:\\\/\\\/www.yoleoescaparate.com#listItem\",\"name\":\"Home\"}},{\"@type\":\"ListItem\",\"@id\":\"https:\\\/\\\/www.yoleoescaparate.com\\\/?p=151070#listItem\",\"position\":3,\"name\":\"El Teatro Ideal incluye en su programaci\\u00f3n de septiembre a diciembre teatro, humor y m\\u00fasica\",\"previousItem\":{\"@type\":\"ListItem\",\"@id\":\"https:\\\/\\\/www.yoleoescaparate.com\\\/?cat=4#listItem\",\"name\":\"Calahorra\"}}]},{\"@type\":\"Organization\",\"@id\":\"https:\\\/\\\/www.yoleoescaparate.com\\\/#organization\",\"name\":\"Escaparate\",\"description\":\"Informaci\\u00f3n | Noticias | Actualidad\",\"url\":\"https:\\\/\\\/www.yoleoescaparate.com\\\/\",\"logo\":{\"@type\":\"ImageObject\",\"url\":\"https:\\\/\\\/www.yoleoescaparate.com\\\/wp-content\\\/uploads\\\/2022\\\/02\\\/logoF.jpg\",\"@id\":\"https:\\\/\\\/www.yoleoescaparate.com\\\/?p=151070\\\/#organizationLogo\",\"width\":350,\"height\":360},\"image\":{\"@id\":\"https:\\\/\\\/www.yoleoescaparate.com\\\/?p=151070\\\/#organizationLogo\"},\"sameAs\":[\"https:\\\/\\\/www.facebook.com\\\/revescaparate\",\"https:\\\/\\\/twitter.com\\\/rev_escaparate\",\"https:\\\/\\\/www.instagram.com\\\/yoleoescaparate\\\/\",\"https:\\\/\\\/www.youtube.com\\\/channel\\\/UCj1lDjkqSzCH14bZmq-kWsQ\"]},{\"@type\":\"Person\",\"@id\":\"https:\\\/\\\/www.yoleoescaparate.com\\\/?author=1#author\",\"url\":\"https:\\\/\\\/www.yoleoescaparate.com\\\/?author=1\",\"name\":\"Escaparate\",\"image\":{\"@type\":\"ImageObject\",\"@id\":\"https:\\\/\\\/www.yoleoescaparate.com\\\/?p=151070#authorImage\",\"url\":\"https:\\\/\\\/secure.gravatar.com\\\/avatar\\\/d4681a657e3ba11aa052dc7c62193f217364db55960ea15739662b6564b2dafb?s=96&d=mm&r=g\",\"width\":96,\"height\":96,\"caption\":\"Escaparate\"}},{\"@type\":\"WebPage\",\"@id\":\"https:\\\/\\\/www.yoleoescaparate.com\\\/?p=151070#webpage\",\"url\":\"https:\\\/\\\/www.yoleoescaparate.com\\\/?p=151070\",\"name\":\"El Teatro Ideal incluye en su programaci\\u00f3n de septiembre a diciembre teatro, humor y m\\u00fasica \\u2022 Escaparate\",\"description\":\"El teatro Ideal finalizar\\u00e1 este 2026 con una programaci\\u00f3n que re\\u00fane teatro, m\\u00fasica, humor, espect\\u00e1culos familiares, galas y propuestas solidarias. \\u201cEst\\u00e1 pensada para ofrecer a los calagurritanos y visitantes una amplia variedad de propuestas culturales durante los pr\\u00f3ximos meses. El teatro Ideal volver\\u00e1 a ser un punto de encuentro para disfrutar del teatro, la m\\u00fasica,\",\"inLanguage\":\"es-ES\",\"isPartOf\":{\"@id\":\"https:\\\/\\\/www.yoleoescaparate.com\\\/#website\"},\"breadcrumb\":{\"@id\":\"https:\\\/\\\/www.yoleoescaparate.com\\\/?p=151070#breadcrumblist\"},\"author\":{\"@id\":\"https:\\\/\\\/www.yoleoescaparate.com\\\/?author=1#author\"},\"creator\":{\"@id\":\"https:\\\/\\\/www.yoleoescaparate.com\\\/?author=1#author\"},\"image\":{\"@type\":\"ImageObject\",\"url\":\"https:\\\/\\\/www.yoleoescaparate.com\\\/wp-content\\\/uploads\\\/ideal.jpg\",\"@id\":\"https:\\\/\\\/www.yoleoescaparate.com\\\/?p=151070\\\/#mainImage\",\"width\":1200,\"height\":675},\"primaryImageOfPage\":{\"@id\":\"https:\\\/\\\/www.yoleoescaparate.com\\\/?p=151070#mainImage\"},\"datePublished\":\"2026-09-02T14:07:49+02:00\",\"dateModified\":\"2026-09-02T14:07:53+02:00\"},{\"@type\":\"WebSite\",\"@id\":\"https:\\\/\\\/www.yoleoescaparate.com\\\/#website\",\"url\":\"https:\\\/\\\/www.yoleoescaparate.com\\\/\",\"name\":\"Escaparate\",\"description\":\"Informaci\\u00f3n | Noticias | Actualidad\",\"inLanguage\":\"es-ES\",\"publisher\":{\"@id\":\"https:\\\/\\\/www.yoleoescaparate.com\\\/#organization\"}}]}\n\t\t<\/script>\n\t\t<!-- All in One SEO -->\n\n","aioseo_head_json":{"title":"El Teatro Ideal incluye en su programaci\u00f3n de septiembre a diciembre teatro, humor y m\u00fasica \u2022 Escaparate","description":"El teatro Ideal finalizar\u00e1 este 2026 con una programaci\u00f3n que re\u00fane teatro, m\u00fasica, humor, espect\u00e1culos familiares, galas y propuestas solidarias. \u201cEst\u00e1 pensada para ofrecer a los calagurritanos y visitantes una amplia variedad de propuestas culturales durante los pr\u00f3ximos meses. El teatro Ideal volver\u00e1 a ser un punto de encuentro para disfrutar del teatro, la m\u00fasica,","canonical_url":"https:\/\/www.yoleoescaparate.com\/?p=151070","robots":"max-image-preview:large","keywords":"","webmasterTools":{"google-site-verification":"OQV8mvJF6pBZ9RiZ8C9O86ahYB3C05wO-omz3Nejrsc","miscellaneous":""},"schema":{"@context":"https:\/\/schema.org","@graph":[{"@type":"BlogPosting","@id":"https:\/\/www.yoleoescaparate.com\/?p=151070#blogposting","name":"El Teatro Ideal incluye en su programaci\u00f3n de septiembre a diciembre teatro, humor y m\u00fasica \u2022 Escaparate","headline":"El Teatro Ideal incluye en su programaci\u00f3n de septiembre a diciembre teatro, humor y m\u00fasica","author":{"@id":"https:\/\/www.yoleoescaparate.com\/?author=1#author"},"publisher":{"@id":"https:\/\/www.yoleoescaparate.com\/#organization"},"image":{"@type":"ImageObject","url":"https:\/\/www.yoleoescaparate.com\/wp-content\/uploads\/ideal.jpg","width":1200,"height":675},"datePublished":"2026-09-02T14:07:49+02:00","dateModified":"2026-09-02T14:07:53+02:00","inLanguage":"es-ES","mainEntityOfPage":{"@id":"https:\/\/www.yoleoescaparate.com\/?p=151070#webpage"},"isPartOf":{"@id":"https:\/\/www.yoleoescaparate.com\/?p=151070#webpage"},"articleSection":"Calahorra, Calahorra, diciembre, Escaparate, Ideal, Programaci\u00f3n, septiembre"},{"@type":"BreadcrumbList","@id":"https:\/\/www.yoleoescaparate.com\/?p=151070#breadcrumblist","itemListElement":[{"@type":"ListItem","@id":"https:\/\/www.yoleoescaparate.com#listItem","position":1,"name":"Home","item":"https:\/\/www.yoleoescaparate.com","nextItem":{"@type":"ListItem","@id":"https:\/\/www.yoleoescaparate.com\/?cat=4#listItem","name":"Calahorra"}},{"@type":"ListItem","@id":"https:\/\/www.yoleoescaparate.com\/?cat=4#listItem","position":2,"name":"Calahorra","item":"https:\/\/www.yoleoescaparate.com\/?cat=4","nextItem":{"@type":"ListItem","@id":"https:\/\/www.yoleoescaparate.com\/?p=151070#listItem","name":"El Teatro Ideal incluye en su programaci\u00f3n de septiembre a diciembre teatro, humor y m\u00fasica"},"previousItem":{"@type":"ListItem","@id":"https:\/\/www.yoleoescaparate.com#listItem","name":"Home"}},{"@type":"ListItem","@id":"https:\/\/www.yoleoescaparate.com\/?p=151070#listItem","position":3,"name":"El Teatro Ideal incluye en su programaci\u00f3n de septiembre a diciembre teatro, humor y m\u00fasica","previousItem":{"@type":"ListItem","@id":"https:\/\/www.yoleoescaparate.com\/?cat=4#listItem","name":"Calahorra"}}]},{"@type":"Organization","@id":"https:\/\/www.yoleoescaparate.com\/#organization","name":"Escaparate","description":"Informaci\u00f3n | Noticias | Actualidad","url":"https:\/\/www.yoleoescaparate.com\/","logo":{"@type":"ImageObject","url":"https:\/\/www.yoleoescaparate.com\/wp-content\/uploads\/2022\/02\/logoF.jpg","@id":"https:\/\/www.yoleoescaparate.com\/?p=151070\/#organizationLogo","width":350,"height":360},"image":{"@id":"https:\/\/www.yoleoescaparate.com\/?p=151070\/#organizationLogo"},"sameAs":["https:\/\/www.facebook.com\/revescaparate","https:\/\/twitter.com\/rev_escaparate","https:\/\/www.instagram.com\/yoleoescaparate\/","https:\/\/www.youtube.com\/channel\/UCj1lDjkqSzCH14bZmq-kWsQ"]},{"@type":"Person","@id":"https:\/\/www.yoleoescaparate.com\/?author=1#author","url":"https:\/\/www.yoleoescaparate.com\/?author=1","name":"Escaparate","image":{"@type":"ImageObject","@id":"https:\/\/www.yoleoescaparate.com\/?p=151070#authorImage","url":"https:\/\/secure.gravatar.com\/avatar\/d4681a657e3ba11aa052dc7c62193f217364db55960ea15739662b6564b2dafb?s=96&d=mm&r=g","width":96,"height":96,"caption":"Escaparate"}},{"@type":"WebPage","@id":"https:\/\/www.yoleoescaparate.com\/?p=151070#webpage","url":"https:\/\/www.yoleoescaparate.com\/?p=151070","name":"El Teatro Ideal incluye en su programaci\u00f3n de septiembre a diciembre teatro, humor y m\u00fasica \u2022 Escaparate","description":"El teatro Ideal finalizar\u00e1 este 2026 con una programaci\u00f3n que re\u00fane teatro, m\u00fasica, humor, espect\u00e1culos familiares, galas y propuestas solidarias. \u201cEst\u00e1 pensada para ofrecer a los calagurritanos y visitantes una amplia variedad de propuestas culturales durante los pr\u00f3ximos meses. El teatro Ideal volver\u00e1 a ser un punto de encuentro para disfrutar del teatro, la m\u00fasica,","inLanguage":"es-ES","isPartOf":{"@id":"https:\/\/www.yoleoescaparate.com\/#website"},"breadcrumb":{"@id":"https:\/\/www.yoleoescaparate.com\/?p=151070#breadcrumblist"},"author":{"@id":"https:\/\/www.yoleoescaparate.com\/?author=1#author"},"creator":{"@id":"https:\/\/www.yoleoescaparate.com\/?author=1#author"},"image":{"@type":"ImageObject","url":"https:\/\/www.yoleoescaparate.com\/wp-content\/uploads\/ideal.jpg","@id":"https:\/\/www.yoleoescaparate.com\/?p=151070\/#mainImage","width":1200,"height":675},"primaryImageOfPage":{"@id":"https:\/\/www.yoleoescaparate.com\/?p=151070#mainImage"},"datePublished":"2026-09-02T14:07:49+02:00","dateModified":"2026-09-02T14:07:53+02:00"},{"@type":"WebSite","@id":"https:\/\/www.yoleoescaparate.com\/#website","url":"https:\/\/www.yoleoescaparate.com\/","name":"Escaparate","description":"Informaci\u00f3n | Noticias | Actualidad","inLanguage":"es-ES","publisher":{"@id":"https:\/\/www.yoleoescaparate.com\/#organization"}}]},"og:locale":"es_ES","og:site_name":"Escaparate \u2022 Informaci\u00f3n | Noticias | Actualidad","og:type":"article","og:title":"El Teatro Ideal incluye en su programaci\u00f3n de septiembre a diciembre teatro, humor y m\u00fasica \u2022 Escaparate","og:description":"El teatro Ideal finalizar\u00e1 este 2026 con una programaci\u00f3n que re\u00fane teatro, m\u00fasica, humor, espect\u00e1culos familiares, galas y propuestas solidarias. \u201cEst\u00e1 pensada para ofrecer a los calagurritanos y visitantes una amplia variedad de propuestas culturales durante los pr\u00f3ximos meses. El teatro Ideal volver\u00e1 a ser un punto de encuentro para disfrutar del teatro, la m\u00fasica,","og:url":"https:\/\/www.yoleoescaparate.com\/?p=151070","og:image":"https:\/\/www.yoleoescaparate.com\/wp-content\/uploads\/ideal.jpg","og:image:secure_url":"https:\/\/www.yoleoescaparate.com\/wp-content\/uploads\/ideal.jpg","og:image:width":1200,"og:image:height":675,"article:published_time":"2026-09-02T12:07:49+00:00","article:modified_time":"2026-09-02T12:07:53+00:00","article:publisher":"https:\/\/www.facebook.com\/revescaparate","twitter:card":"summary_large_image","twitter:site":"@rev_escaparate","twitter:title":"El Teatro Ideal incluye en su programaci\u00f3n de septiembre a diciembre teatro, humor y m\u00fasica \u2022 Escaparate","twitter:description":"El teatro Ideal finalizar\u00e1 este 2026 con una programaci\u00f3n que re\u00fane teatro, m\u00fasica, humor, espect\u00e1culos familiares, galas y propuestas solidarias. \u201cEst\u00e1 pensada para ofrecer a los calagurritanos y visitantes una amplia variedad de propuestas culturales durante los pr\u00f3ximos meses. El teatro Ideal volver\u00e1 a ser un punto de encuentro para disfrutar del teatro, la m\u00fasica,","twitter:creator":"@rev_escaparate","twitter:image":"https:\/\/www.yoleoescaparate.com\/wp-content\/uploads\/ideal.jpg"},"aioseo_meta_data":{"post_id":"151070","title":null,"description":null,"keywords":null,"keyphrases":{"focus":{"keyphrase":"","score":0,"analysis":{"keyphraseInTitle":{"score":0,"maxScore":9,"error":1}}},"additional":[]},"primary_term":null,"canonical_url":null,"og_title":null,"og_description":null,"og_object_type":"default","og_image_type":"default","og_image_url":null,"og_image_width":null,"og_image_height":null,"og_image_custom_url":null,"og_image_custom_fields":null,"og_video":"","og_custom_url":null,"og_article_section":null,"og_article_tags":null,"twitter_use_og":true,"twitter_card":"default","twitter_image_type":"default","twitter_image_url":null,"twitter_image_custom_url":null,"twitter_image_custom_fields":null,"twitter_title":null,"twitter_description":null,"schema":{"blockGraphs":[],"customGraphs":[],"default":{"data":{"Article":[],"Course":[],"Dataset":[],"FAQPage":[],"Movie":[],"Person":[],"Product":[],"ProductReview":[],"Car":[],"Recipe":[],"Service":[],"SoftwareApplication":[],"WebPage":[]},"graphName":"BlogPosting","isEnabled":true},"graphs":[]},"schema_type":"default","schema_type_options":null,"pillar_content":false,"robots_default":true,"robots_noindex":false,"robots_noarchive":false,"robots_nosnippet":false,"robots_nofollow":false,"robots_noimageindex":false,"robots_noodp":false,"robots_notranslate":false,"robots_max_snippet":"-1","robots_max_videopreview":"-1","robots_max_imagepreview":"large","priority":null,"frequency":"default","local_seo":null,"breadcrumb_settings":null,"limit_modified_date":false,"ai":{"faqs":[],"keyPoints":[],"schemas":[],"titles":[],"descriptions":[],"socialPosts":{"email":{"subject":"","preview":"","content":""},"linkedin":[],"twitter":[],"facebook":[],"instagram":[]}},"created":"2026-09-02 12:07:50","updated":"2026-09-02 12:08:51","seo_analyzer_scan_date":null},"aioseo_breadcrumb":"<div class=\"aioseo-breadcrumbs\"><span class=\"aioseo-breadcrumb\">\n\t\t\t<a href=\"https:\/\/www.yoleoescaparate.com\" title=\"Home\">Home<\/a>\n\t\t<\/span><span class=\"aioseo-breadcrumb-separator\">&raquo;<\/span><span class=\"aioseo-breadcrumb\">\n\t\t\t<a href=\"https:\/\/www.yoleoescaparate.com\/?cat=4\" title=\"Calahorra\">Calahorra<\/a>\n\t\t<\/span><span class=\"aioseo-breadcrumb-separator\">&raquo;<\/span><span class=\"aioseo-breadcrumb\">\n\t\t\tEl Teatro Ideal incluye en su programaci\u00f3n de septiembre a diciembre teatro, humor y m\u00fasica\n\t\t<\/span><\/div>","aioseo_breadcrumb_json":[{"label":"Home","link":"https:\/\/www.yoleoescaparate.com"},{"label":"Calahorra","link":"https:\/\/www.yoleoescaparate.com\/?cat=4"},{"label":"El Teatro Ideal incluye en su programaci\u00f3n de septiembre a diciembre teatro, humor y m\u00fasica","link":"https:\/\/www.yoleoescaparate.com\/?p=151070"}],"_links":{"self":[{"href":"https:\/\/www.yoleoescaparate.com\/index.php?rest_route=\/wp\/v2\/posts\/151070","targetHints":{"allow":["GET"]}}],"collection":[{"href":"https:\/\/www.yoleoescaparate.com\/index.php?rest_route=\/wp\/v2\/posts"}],"about":[{"href":"https:\/\/www.yoleoescaparate.com\/index.php?rest_route=\/wp\/v2\/types\/post"}],"author":[{"embeddable":true,"href":"https:\/\/www.yoleoescaparate.com\/index.php?rest_route=\/wp\/v2\/users\/1"}],"replies":[{"embeddable":true,"href":"https:\/\/www.yoleoescaparate.com\/index.php?rest_route=%2Fwp%2Fv2%2Fcomments&post=151070"}],"version-history":[{"count":1,"href":"https:\/\/www.yoleoescaparate.com\/index.php?rest_route=\/wp\/v2\/posts\/151070\/revisions"}],"predecessor-version":[{"id":151072,"href":"https:\/\/www.yoleoescaparate.com\/index.php?rest_route=\/wp\/v2\/posts\/151070\/revisions\/151072"}],"wp:featuredmedia":[{"embeddable":true,"href":"https:\/\/www.yoleoescaparate.com\/index.php?rest_route=\/wp\/v2\/media\/151071"}],"wp:attachment":[{"href":"https:\/\/www.yoleoescaparate.com\/index.php?rest_route=%2Fwp%2Fv2%2Fmedia&parent=151070"}],"wp:term":[{"taxonomy":"category","embeddable":true,"href":"https:\/\/www.yoleoescaparate.com\/index.php?rest_route=%2Fwp%2Fv2%2Fcategories&post=151070"},{"taxonomy":"post_tag","embeddable":true,"href":"https:\/\/www.yoleoescaparate.com\/index.php?rest_route=%2Fwp%2Fv2%2Ftags&post=151070"}],"curies":[{"name":"wp","href":"https:\/\/api.w.org\/{rel}","templated":true}]}}