{"id":151074,"date":"2026-09-02T14:16:59","date_gmt":"2026-09-02T12:16:59","guid":{"rendered":"https:\/\/www.yoleoescaparate.com\/?p=151074"},"modified":"2026-09-02T14:17:03","modified_gmt":"2026-09-02T12:17:03","slug":"san-adrian-ya-tiene-todo-listo-para-celebrar-sus-fiestas-pequenas-2026","status":"publish","type":"post","link":"https:\/\/www.yoleoescaparate.com\/?p=151074","title":{"rendered":"San Adri\u00e1n ya tiene todo listo para celebrar sus Fiestas \u201cpeque\u00f1as\u201d 2026"},"content":{"rendered":"\n<!--more-->\n\n\n\n<p class=\"wp-block-paragraph\">San Adri\u00e1n se prepara para vivir sus <strong>Fiestas Patronales 2026<\/strong>, que se desarrollar\u00e1n los d\u00edas <strong>5, 6, 7, 8 y 9 de septiembre<\/strong> con un programa que combina tradici\u00f3n, m\u00fasica, espect\u00e1culos y numerosas propuestas para todos los p\u00fablicos.<\/p>\n\n\n\n<p class=\"wp-block-paragraph\">Los actos comenzar\u00e1n el <strong>s\u00e1bado 5 de septiembre<\/strong>, a las 19:00 horas, con el lanzamiento del <strong>\u00abCohete 2026\u00bb por los Quintos<\/strong> desde los jardines del Ayuntamiento. A continuaci\u00f3n, un disco-carro con \u00abEl hijo del Rubio\u00bb recorrer\u00e1 las calles acompa\u00f1ado por los cabezudos hasta El Rebote. La jornada continuar\u00e1 con un encierro de reses bravas de la <strong>Ganader\u00eda Adri\u00e1n Dom\u00ednguez<\/strong>, a las 20:30 horas, y m\u00fasica con <strong>Di Vicent<\/strong> desde las 22:00 horas.<\/p>\n\n\n\n<p class=\"wp-block-paragraph\">El <strong>domingo 6 de septiembre<\/strong> estar\u00e1 marcado por la m\u00fasica y los festejos taurinos. A las 20:00 horas tendr\u00e1 lugar un concierto de zarzuela a cargo de la <strong>Banda de M\u00fasica y el Orfe\u00f3n Adrian\u00e9s<\/strong>, en los jardines del Ayuntamiento, mientras que a las 22:00 horas se celebrar\u00e1 un encierro de reses bravas de la <strong>Ganader\u00eda Bretos Fern\u00e1ndez<\/strong>.<\/p>\n\n\n\n<p class=\"wp-block-paragraph\"><strong>Tradici\u00f3n y ambiente festivo<\/strong><\/p>\n\n\n\n<p class=\"wp-block-paragraph\">El <strong>lunes 7 de septiembre<\/strong> comenzar\u00e1 con la concentraci\u00f3n en el Ayuntamiento para acudir a la misa y Salve en honor a <strong>Nuestra Se\u00f1ora Virgen de la Palma<\/strong>, a las 19:15 horas. La celebraci\u00f3n religiosa tendr\u00e1 lugar a las 19:30 horas, acompa\u00f1ada por el Orfe\u00f3n Adrian\u00e9s, la banda de m\u00fasica y los gaiteros de San Adri\u00e1n.<\/p>\n\n\n\n<p class=\"wp-block-paragraph\">Posteriormente, El Rebote acoger\u00e1 la tradicional <strong>hoguera<\/strong>, con patatas asadas amenizadas por el grupo <strong>Generaci\u00f3n Bemol<\/strong>, adem\u00e1s del tradicional bingo de los Quintos.<\/p>\n\n\n\n<p class=\"wp-block-paragraph\">El <strong>martes 8 de septiembre<\/strong> concentrar\u00e1 buena parte de la programaci\u00f3n festiva, con una jornada dedicada especialmente a la fantas\u00eda y las actividades familiares. Desde primera hora se suceder\u00e1n los <strong>Auroros, las dianas con los Gaiteros de San Adri\u00e1n y la apertura de un mercado de fantas\u00eda medieval<\/strong>.<\/p>\n\n\n\n<p class=\"wp-block-paragraph\">El programa incluye tambi\u00e9n teatro de calle, procesi\u00f3n de la Virgen de la Palma, talleres de m\u00e1scaras y tiaras medievales, visitas guiadas a la exposici\u00f3n sobre las curanderas en la Edad Media, teatro infantil participativo, m\u00fasica y danzas, la llegada de los seres del bosque, una batalla infantil y una sesi\u00f3n de cuentos.<\/p>\n\n\n\n<p class=\"wp-block-paragraph\">La jornada concluir\u00e1 a las <strong>20:00 horas<\/strong> con un <strong>desfile con antorchas y espect\u00e1culo de fuego de despedida<\/strong>, poniendo el broche final a una intensa jornada festiva.<\/p>\n\n\n\n<p class=\"wp-block-paragraph\">Finalmente, el <strong>mi\u00e9rcoles 9 de septiembre<\/strong>, a las 19:00 horas, se celebrar\u00e1 la <strong>procesi\u00f3n y misa en honor a San Adri\u00e1n<\/strong>, completando as\u00ed el programa de las fiestas patronales de la localidad navarra.<\/p>\n\n\n\n<p class=\"wp-block-paragraph\">Con esta programaci\u00f3n, <strong>San Adri\u00e1n se prepara para varios d\u00edas de celebraci\u00f3n en los que la tradici\u00f3n, la cultura popular y las actividades para todas las edades ser\u00e1n protagonistas<\/strong>.<\/p>\n","protected":false},"excerpt":{"rendered":"","protected":false},"author":1,"featured_media":151075,"comment_status":"open","ping_status":"open","sticky":false,"template":"","format":"standard","meta":{"colormag_page_container_layout":"default_layout","colormag_page_sidebar_layout":"default_layout","om_disable_all_campaigns":false,"_monsterinsights_skip_tracking":false,"_monsterinsights_sitenote_active":false,"_monsterinsights_sitenote_note":"","_monsterinsights_sitenote_category":0,"footnotes":""},"categories":[11],"tags":[12,200,4140,22],"class_list":["post-151074","post","type-post","status-publish","format-standard","has-post-thumbnail","hentry","category-san-adrian","tag-escaparate","tag-fiestas","tag-pequenas","tag-san-adrian"],"aioseo_notices":[],"aioseo_head":"\n\t\t<!-- All in One SEO 4.9.10 - aioseo.com -->\n\t<meta name=\"description\" content=\"San Adri\u00e1n se prepara para vivir sus Fiestas Patronales 2026, que se desarrollar\u00e1n los d\u00edas 5, 6, 7, 8 y 9 de septiembre con un programa que combina tradici\u00f3n, m\u00fasica, espect\u00e1culos y numerosas propuestas para todos los p\u00fablicos. Los actos comenzar\u00e1n el s\u00e1bado 5 de septiembre, a las 19:00 horas, con el lanzamiento del \u00abCohete\" \/>\n\t<meta name=\"robots\" content=\"max-image-preview:large\" \/>\n\t<meta name=\"author\" content=\"Escaparate\"\/>\n\t<meta name=\"google-site-verification\" content=\"OQV8mvJF6pBZ9RiZ8C9O86ahYB3C05wO-omz3Nejrsc\" \/>\n\t<link rel=\"canonical\" href=\"https:\/\/www.yoleoescaparate.com\/?p=151074\" \/>\n\t<meta name=\"generator\" content=\"All in One SEO (AIOSEO) 4.9.10\" \/>\n\t\t<meta property=\"og:locale\" content=\"es_ES\" \/>\n\t\t<meta property=\"og:site_name\" content=\"Escaparate \u2022 Informaci\u00f3n | Noticias | Actualidad\" \/>\n\t\t<meta property=\"og:type\" content=\"article\" \/>\n\t\t<meta property=\"og:title\" content=\"San Adri\u00e1n ya tiene todo listo para celebrar sus Fiestas \u201cpeque\u00f1as\u201d 2026 \u2022 Escaparate\" \/>\n\t\t<meta property=\"og:description\" content=\"San Adri\u00e1n se prepara para vivir sus Fiestas Patronales 2026, que se desarrollar\u00e1n los d\u00edas 5, 6, 7, 8 y 9 de septiembre con un programa que combina tradici\u00f3n, m\u00fasica, espect\u00e1culos y numerosas propuestas para todos los p\u00fablicos. Los actos comenzar\u00e1n el s\u00e1bado 5 de septiembre, a las 19:00 horas, con el lanzamiento del \u00abCohete\" \/>\n\t\t<meta property=\"og:url\" content=\"https:\/\/www.yoleoescaparate.com\/?p=151074\" \/>\n\t\t<meta property=\"og:image\" content=\"https:\/\/www.yoleoescaparate.com\/wp-content\/uploads\/fiestassall.jpg\" \/>\n\t\t<meta property=\"og:image:secure_url\" content=\"https:\/\/www.yoleoescaparate.com\/wp-content\/uploads\/fiestassall.jpg\" \/>\n\t\t<meta property=\"og:image:width\" content=\"1200\" \/>\n\t\t<meta property=\"og:image:height\" content=\"675\" \/>\n\t\t<meta property=\"article:published_time\" content=\"2026-09-02T12:16:59+00:00\" \/>\n\t\t<meta property=\"article:modified_time\" content=\"2026-09-02T12:17:03+00:00\" \/>\n\t\t<meta property=\"article:publisher\" content=\"https:\/\/www.facebook.com\/revescaparate\" \/>\n\t\t<meta name=\"twitter:card\" content=\"summary_large_image\" \/>\n\t\t<meta name=\"twitter:site\" content=\"@rev_escaparate\" \/>\n\t\t<meta name=\"twitter:title\" content=\"San Adri\u00e1n ya tiene todo listo para celebrar sus Fiestas \u201cpeque\u00f1as\u201d 2026 \u2022 Escaparate\" \/>\n\t\t<meta name=\"twitter:description\" content=\"San Adri\u00e1n se prepara para vivir sus Fiestas Patronales 2026, que se desarrollar\u00e1n los d\u00edas 5, 6, 7, 8 y 9 de septiembre con un programa que combina tradici\u00f3n, m\u00fasica, espect\u00e1culos y numerosas propuestas para todos los p\u00fablicos. Los actos comenzar\u00e1n el s\u00e1bado 5 de septiembre, a las 19:00 horas, con el lanzamiento del \u00abCohete\" \/>\n\t\t<meta name=\"twitter:creator\" content=\"@rev_escaparate\" \/>\n\t\t<meta name=\"twitter:image\" content=\"https:\/\/www.yoleoescaparate.com\/wp-content\/uploads\/fiestassall.jpg\" \/>\n\t\t<script type=\"application\/ld+json\" class=\"aioseo-schema\">\n\t\t\t{\"@context\":\"https:\\\/\\\/schema.org\",\"@graph\":[{\"@type\":\"BlogPosting\",\"@id\":\"https:\\\/\\\/www.yoleoescaparate.com\\\/?p=151074#blogposting\",\"name\":\"San Adri\\u00e1n ya tiene todo listo para celebrar sus Fiestas \\u201cpeque\\u00f1as\\u201d 2026 \\u2022 Escaparate\",\"headline\":\"San Adri\\u00e1n ya tiene todo listo para celebrar sus Fiestas \\u201cpeque\\u00f1as\\u201d 2026\",\"author\":{\"@id\":\"https:\\\/\\\/www.yoleoescaparate.com\\\/?author=1#author\"},\"publisher\":{\"@id\":\"https:\\\/\\\/www.yoleoescaparate.com\\\/#organization\"},\"image\":{\"@type\":\"ImageObject\",\"url\":\"https:\\\/\\\/www.yoleoescaparate.com\\\/wp-content\\\/uploads\\\/fiestassall.jpg\",\"width\":1200,\"height\":675},\"datePublished\":\"2026-09-02T14:16:59+02:00\",\"dateModified\":\"2026-09-02T14:17:03+02:00\",\"inLanguage\":\"es-ES\",\"mainEntityOfPage\":{\"@id\":\"https:\\\/\\\/www.yoleoescaparate.com\\\/?p=151074#webpage\"},\"isPartOf\":{\"@id\":\"https:\\\/\\\/www.yoleoescaparate.com\\\/?p=151074#webpage\"},\"articleSection\":\"San Adri\\u00e1n, Escaparate, fiestas, peque\\u00f1as, San Adri\\u00e1n\"},{\"@type\":\"BreadcrumbList\",\"@id\":\"https:\\\/\\\/www.yoleoescaparate.com\\\/?p=151074#breadcrumblist\",\"itemListElement\":[{\"@type\":\"ListItem\",\"@id\":\"https:\\\/\\\/www.yoleoescaparate.com#listItem\",\"position\":1,\"name\":\"Home\",\"item\":\"https:\\\/\\\/www.yoleoescaparate.com\",\"nextItem\":{\"@type\":\"ListItem\",\"@id\":\"https:\\\/\\\/www.yoleoescaparate.com\\\/?cat=11#listItem\",\"name\":\"San Adri\\u00e1n\"}},{\"@type\":\"ListItem\",\"@id\":\"https:\\\/\\\/www.yoleoescaparate.com\\\/?cat=11#listItem\",\"position\":2,\"name\":\"San Adri\\u00e1n\",\"item\":\"https:\\\/\\\/www.yoleoescaparate.com\\\/?cat=11\",\"nextItem\":{\"@type\":\"ListItem\",\"@id\":\"https:\\\/\\\/www.yoleoescaparate.com\\\/?p=151074#listItem\",\"name\":\"San Adri\\u00e1n ya tiene todo listo para celebrar sus Fiestas \\u201cpeque\\u00f1as\\u201d 2026\"},\"previousItem\":{\"@type\":\"ListItem\",\"@id\":\"https:\\\/\\\/www.yoleoescaparate.com#listItem\",\"name\":\"Home\"}},{\"@type\":\"ListItem\",\"@id\":\"https:\\\/\\\/www.yoleoescaparate.com\\\/?p=151074#listItem\",\"position\":3,\"name\":\"San Adri\\u00e1n ya tiene todo listo para celebrar sus Fiestas \\u201cpeque\\u00f1as\\u201d 2026\",\"previousItem\":{\"@type\":\"ListItem\",\"@id\":\"https:\\\/\\\/www.yoleoescaparate.com\\\/?cat=11#listItem\",\"name\":\"San Adri\\u00e1n\"}}]},{\"@type\":\"Organization\",\"@id\":\"https:\\\/\\\/www.yoleoescaparate.com\\\/#organization\",\"name\":\"Escaparate\",\"description\":\"Informaci\\u00f3n | Noticias | Actualidad\",\"url\":\"https:\\\/\\\/www.yoleoescaparate.com\\\/\",\"logo\":{\"@type\":\"ImageObject\",\"url\":\"https:\\\/\\\/www.yoleoescaparate.com\\\/wp-content\\\/uploads\\\/2022\\\/02\\\/logoF.jpg\",\"@id\":\"https:\\\/\\\/www.yoleoescaparate.com\\\/?p=151074\\\/#organizationLogo\",\"width\":350,\"height\":360},\"image\":{\"@id\":\"https:\\\/\\\/www.yoleoescaparate.com\\\/?p=151074\\\/#organizationLogo\"},\"sameAs\":[\"https:\\\/\\\/www.facebook.com\\\/revescaparate\",\"https:\\\/\\\/twitter.com\\\/rev_escaparate\",\"https:\\\/\\\/www.instagram.com\\\/yoleoescaparate\\\/\",\"https:\\\/\\\/www.youtube.com\\\/channel\\\/UCj1lDjkqSzCH14bZmq-kWsQ\"]},{\"@type\":\"Person\",\"@id\":\"https:\\\/\\\/www.yoleoescaparate.com\\\/?author=1#author\",\"url\":\"https:\\\/\\\/www.yoleoescaparate.com\\\/?author=1\",\"name\":\"Escaparate\",\"image\":{\"@type\":\"ImageObject\",\"@id\":\"https:\\\/\\\/www.yoleoescaparate.com\\\/?p=151074#authorImage\",\"url\":\"https:\\\/\\\/secure.gravatar.com\\\/avatar\\\/d4681a657e3ba11aa052dc7c62193f217364db55960ea15739662b6564b2dafb?s=96&d=mm&r=g\",\"width\":96,\"height\":96,\"caption\":\"Escaparate\"}},{\"@type\":\"WebPage\",\"@id\":\"https:\\\/\\\/www.yoleoescaparate.com\\\/?p=151074#webpage\",\"url\":\"https:\\\/\\\/www.yoleoescaparate.com\\\/?p=151074\",\"name\":\"San Adri\\u00e1n ya tiene todo listo para celebrar sus Fiestas \\u201cpeque\\u00f1as\\u201d 2026 \\u2022 Escaparate\",\"description\":\"San Adri\\u00e1n se prepara para vivir sus Fiestas Patronales 2026, que se desarrollar\\u00e1n los d\\u00edas 5, 6, 7, 8 y 9 de septiembre con un programa que combina tradici\\u00f3n, m\\u00fasica, espect\\u00e1culos y numerosas propuestas para todos los p\\u00fablicos. Los actos comenzar\\u00e1n el s\\u00e1bado 5 de septiembre, a las 19:00 horas, con el lanzamiento del \\u00abCohete\",\"inLanguage\":\"es-ES\",\"isPartOf\":{\"@id\":\"https:\\\/\\\/www.yoleoescaparate.com\\\/#website\"},\"breadcrumb\":{\"@id\":\"https:\\\/\\\/www.yoleoescaparate.com\\\/?p=151074#breadcrumblist\"},\"author\":{\"@id\":\"https:\\\/\\\/www.yoleoescaparate.com\\\/?author=1#author\"},\"creator\":{\"@id\":\"https:\\\/\\\/www.yoleoescaparate.com\\\/?author=1#author\"},\"image\":{\"@type\":\"ImageObject\",\"url\":\"https:\\\/\\\/www.yoleoescaparate.com\\\/wp-content\\\/uploads\\\/fiestassall.jpg\",\"@id\":\"https:\\\/\\\/www.yoleoescaparate.com\\\/?p=151074\\\/#mainImage\",\"width\":1200,\"height\":675},\"primaryImageOfPage\":{\"@id\":\"https:\\\/\\\/www.yoleoescaparate.com\\\/?p=151074#mainImage\"},\"datePublished\":\"2026-09-02T14:16:59+02:00\",\"dateModified\":\"2026-09-02T14:17:03+02:00\"},{\"@type\":\"WebSite\",\"@id\":\"https:\\\/\\\/www.yoleoescaparate.com\\\/#website\",\"url\":\"https:\\\/\\\/www.yoleoescaparate.com\\\/\",\"name\":\"Escaparate\",\"description\":\"Informaci\\u00f3n | Noticias | Actualidad\",\"inLanguage\":\"es-ES\",\"publisher\":{\"@id\":\"https:\\\/\\\/www.yoleoescaparate.com\\\/#organization\"}}]}\n\t\t<\/script>\n\t\t<!-- All in One SEO -->\n\n","aioseo_head_json":{"title":"San Adri\u00e1n ya tiene todo listo para celebrar sus Fiestas \u201cpeque\u00f1as\u201d 2026 \u2022 Escaparate","description":"San Adri\u00e1n se prepara para vivir sus Fiestas Patronales 2026, que se desarrollar\u00e1n los d\u00edas 5, 6, 7, 8 y 9 de septiembre con un programa que combina tradici\u00f3n, m\u00fasica, espect\u00e1culos y numerosas propuestas para todos los p\u00fablicos. Los actos comenzar\u00e1n el s\u00e1bado 5 de septiembre, a las 19:00 horas, con el lanzamiento del \u00abCohete","canonical_url":"https:\/\/www.yoleoescaparate.com\/?p=151074","robots":"max-image-preview:large","keywords":"","webmasterTools":{"google-site-verification":"OQV8mvJF6pBZ9RiZ8C9O86ahYB3C05wO-omz3Nejrsc","miscellaneous":""},"schema":{"@context":"https:\/\/schema.org","@graph":[{"@type":"BlogPosting","@id":"https:\/\/www.yoleoescaparate.com\/?p=151074#blogposting","name":"San Adri\u00e1n ya tiene todo listo para celebrar sus Fiestas \u201cpeque\u00f1as\u201d 2026 \u2022 Escaparate","headline":"San Adri\u00e1n ya tiene todo listo para celebrar sus Fiestas \u201cpeque\u00f1as\u201d 2026","author":{"@id":"https:\/\/www.yoleoescaparate.com\/?author=1#author"},"publisher":{"@id":"https:\/\/www.yoleoescaparate.com\/#organization"},"image":{"@type":"ImageObject","url":"https:\/\/www.yoleoescaparate.com\/wp-content\/uploads\/fiestassall.jpg","width":1200,"height":675},"datePublished":"2026-09-02T14:16:59+02:00","dateModified":"2026-09-02T14:17:03+02:00","inLanguage":"es-ES","mainEntityOfPage":{"@id":"https:\/\/www.yoleoescaparate.com\/?p=151074#webpage"},"isPartOf":{"@id":"https:\/\/www.yoleoescaparate.com\/?p=151074#webpage"},"articleSection":"San Adri\u00e1n, Escaparate, fiestas, peque\u00f1as, San Adri\u00e1n"},{"@type":"BreadcrumbList","@id":"https:\/\/www.yoleoescaparate.com\/?p=151074#breadcrumblist","itemListElement":[{"@type":"ListItem","@id":"https:\/\/www.yoleoescaparate.com#listItem","position":1,"name":"Home","item":"https:\/\/www.yoleoescaparate.com","nextItem":{"@type":"ListItem","@id":"https:\/\/www.yoleoescaparate.com\/?cat=11#listItem","name":"San Adri\u00e1n"}},{"@type":"ListItem","@id":"https:\/\/www.yoleoescaparate.com\/?cat=11#listItem","position":2,"name":"San Adri\u00e1n","item":"https:\/\/www.yoleoescaparate.com\/?cat=11","nextItem":{"@type":"ListItem","@id":"https:\/\/www.yoleoescaparate.com\/?p=151074#listItem","name":"San Adri\u00e1n ya tiene todo listo para celebrar sus Fiestas \u201cpeque\u00f1as\u201d 2026"},"previousItem":{"@type":"ListItem","@id":"https:\/\/www.yoleoescaparate.com#listItem","name":"Home"}},{"@type":"ListItem","@id":"https:\/\/www.yoleoescaparate.com\/?p=151074#listItem","position":3,"name":"San Adri\u00e1n ya tiene todo listo para celebrar sus Fiestas \u201cpeque\u00f1as\u201d 2026","previousItem":{"@type":"ListItem","@id":"https:\/\/www.yoleoescaparate.com\/?cat=11#listItem","name":"San Adri\u00e1n"}}]},{"@type":"Organization","@id":"https:\/\/www.yoleoescaparate.com\/#organization","name":"Escaparate","description":"Informaci\u00f3n | Noticias | Actualidad","url":"https:\/\/www.yoleoescaparate.com\/","logo":{"@type":"ImageObject","url":"https:\/\/www.yoleoescaparate.com\/wp-content\/uploads\/2022\/02\/logoF.jpg","@id":"https:\/\/www.yoleoescaparate.com\/?p=151074\/#organizationLogo","width":350,"height":360},"image":{"@id":"https:\/\/www.yoleoescaparate.com\/?p=151074\/#organizationLogo"},"sameAs":["https:\/\/www.facebook.com\/revescaparate","https:\/\/twitter.com\/rev_escaparate","https:\/\/www.instagram.com\/yoleoescaparate\/","https:\/\/www.youtube.com\/channel\/UCj1lDjkqSzCH14bZmq-kWsQ"]},{"@type":"Person","@id":"https:\/\/www.yoleoescaparate.com\/?author=1#author","url":"https:\/\/www.yoleoescaparate.com\/?author=1","name":"Escaparate","image":{"@type":"ImageObject","@id":"https:\/\/www.yoleoescaparate.com\/?p=151074#authorImage","url":"https:\/\/secure.gravatar.com\/avatar\/d4681a657e3ba11aa052dc7c62193f217364db55960ea15739662b6564b2dafb?s=96&d=mm&r=g","width":96,"height":96,"caption":"Escaparate"}},{"@type":"WebPage","@id":"https:\/\/www.yoleoescaparate.com\/?p=151074#webpage","url":"https:\/\/www.yoleoescaparate.com\/?p=151074","name":"San Adri\u00e1n ya tiene todo listo para celebrar sus Fiestas \u201cpeque\u00f1as\u201d 2026 \u2022 Escaparate","description":"San Adri\u00e1n se prepara para vivir sus Fiestas Patronales 2026, que se desarrollar\u00e1n los d\u00edas 5, 6, 7, 8 y 9 de septiembre con un programa que combina tradici\u00f3n, m\u00fasica, espect\u00e1culos y numerosas propuestas para todos los p\u00fablicos. Los actos comenzar\u00e1n el s\u00e1bado 5 de septiembre, a las 19:00 horas, con el lanzamiento del \u00abCohete","inLanguage":"es-ES","isPartOf":{"@id":"https:\/\/www.yoleoescaparate.com\/#website"},"breadcrumb":{"@id":"https:\/\/www.yoleoescaparate.com\/?p=151074#breadcrumblist"},"author":{"@id":"https:\/\/www.yoleoescaparate.com\/?author=1#author"},"creator":{"@id":"https:\/\/www.yoleoescaparate.com\/?author=1#author"},"image":{"@type":"ImageObject","url":"https:\/\/www.yoleoescaparate.com\/wp-content\/uploads\/fiestassall.jpg","@id":"https:\/\/www.yoleoescaparate.com\/?p=151074\/#mainImage","width":1200,"height":675},"primaryImageOfPage":{"@id":"https:\/\/www.yoleoescaparate.com\/?p=151074#mainImage"},"datePublished":"2026-09-02T14:16:59+02:00","dateModified":"2026-09-02T14:17:03+02:00"},{"@type":"WebSite","@id":"https:\/\/www.yoleoescaparate.com\/#website","url":"https:\/\/www.yoleoescaparate.com\/","name":"Escaparate","description":"Informaci\u00f3n | Noticias | Actualidad","inLanguage":"es-ES","publisher":{"@id":"https:\/\/www.yoleoescaparate.com\/#organization"}}]},"og:locale":"es_ES","og:site_name":"Escaparate \u2022 Informaci\u00f3n | Noticias | Actualidad","og:type":"article","og:title":"San Adri\u00e1n ya tiene todo listo para celebrar sus Fiestas \u201cpeque\u00f1as\u201d 2026 \u2022 Escaparate","og:description":"San Adri\u00e1n se prepara para vivir sus Fiestas Patronales 2026, que se desarrollar\u00e1n los d\u00edas 5, 6, 7, 8 y 9 de septiembre con un programa que combina tradici\u00f3n, m\u00fasica, espect\u00e1culos y numerosas propuestas para todos los p\u00fablicos. Los actos comenzar\u00e1n el s\u00e1bado 5 de septiembre, a las 19:00 horas, con el lanzamiento del \u00abCohete","og:url":"https:\/\/www.yoleoescaparate.com\/?p=151074","og:image":"https:\/\/www.yoleoescaparate.com\/wp-content\/uploads\/fiestassall.jpg","og:image:secure_url":"https:\/\/www.yoleoescaparate.com\/wp-content\/uploads\/fiestassall.jpg","og:image:width":1200,"og:image:height":675,"article:published_time":"2026-09-02T12:16:59+00:00","article:modified_time":"2026-09-02T12:17:03+00:00","article:publisher":"https:\/\/www.facebook.com\/revescaparate","twitter:card":"summary_large_image","twitter:site":"@rev_escaparate","twitter:title":"San Adri\u00e1n ya tiene todo listo para celebrar sus Fiestas \u201cpeque\u00f1as\u201d 2026 \u2022 Escaparate","twitter:description":"San Adri\u00e1n se prepara para vivir sus Fiestas Patronales 2026, que se desarrollar\u00e1n los d\u00edas 5, 6, 7, 8 y 9 de septiembre con un programa que combina tradici\u00f3n, m\u00fasica, espect\u00e1culos y numerosas propuestas para todos los p\u00fablicos. Los actos comenzar\u00e1n el s\u00e1bado 5 de septiembre, a las 19:00 horas, con el lanzamiento del \u00abCohete","twitter:creator":"@rev_escaparate","twitter:image":"https:\/\/www.yoleoescaparate.com\/wp-content\/uploads\/fiestassall.jpg"},"aioseo_meta_data":{"post_id":"151074","title":null,"description":null,"keywords":null,"keyphrases":{"focus":{"keyphrase":"","score":0,"analysis":{"keyphraseInTitle":{"score":0,"maxScore":9,"error":1}}},"additional":[]},"primary_term":null,"canonical_url":null,"og_title":null,"og_description":null,"og_object_type":"default","og_image_type":"default","og_image_url":null,"og_image_width":null,"og_image_height":null,"og_image_custom_url":null,"og_image_custom_fields":null,"og_video":"","og_custom_url":null,"og_article_section":null,"og_article_tags":null,"twitter_use_og":true,"twitter_card":"default","twitter_image_type":"default","twitter_image_url":null,"twitter_image_custom_url":null,"twitter_image_custom_fields":null,"twitter_title":null,"twitter_description":null,"schema":{"blockGraphs":[],"customGraphs":[],"default":{"data":{"Article":[],"Course":[],"Dataset":[],"FAQPage":[],"Movie":[],"Person":[],"Product":[],"ProductReview":[],"Car":[],"Recipe":[],"Service":[],"SoftwareApplication":[],"WebPage":[]},"graphName":"BlogPosting","isEnabled":true},"graphs":[]},"schema_type":"default","schema_type_options":null,"pillar_content":false,"robots_default":true,"robots_noindex":false,"robots_noarchive":false,"robots_nosnippet":false,"robots_nofollow":false,"robots_noimageindex":false,"robots_noodp":false,"robots_notranslate":false,"robots_max_snippet":"-1","robots_max_videopreview":"-1","robots_max_imagepreview":"large","priority":null,"frequency":"default","local_seo":null,"breadcrumb_settings":null,"limit_modified_date":false,"ai":{"faqs":[],"keyPoints":[],"schemas":[],"titles":[],"descriptions":[],"socialPosts":{"email":{"subject":"","preview":"","content":""},"linkedin":[],"twitter":[],"facebook":[],"instagram":[]}},"created":"2026-09-02 12:17:03","updated":"2026-09-02 12:17:07","seo_analyzer_scan_date":null},"aioseo_breadcrumb":"<div class=\"aioseo-breadcrumbs\"><span class=\"aioseo-breadcrumb\">\n\t\t\t<a href=\"https:\/\/www.yoleoescaparate.com\" title=\"Home\">Home<\/a>\n\t\t<\/span><span class=\"aioseo-breadcrumb-separator\">&raquo;<\/span><span class=\"aioseo-breadcrumb\">\n\t\t\t<a href=\"https:\/\/www.yoleoescaparate.com\/?cat=11\" title=\"San Adri\u00e1n\">San Adri\u00e1n<\/a>\n\t\t<\/span><span class=\"aioseo-breadcrumb-separator\">&raquo;<\/span><span class=\"aioseo-breadcrumb\">\n\t\t\tSan Adri\u00e1n ya tiene todo listo para celebrar sus Fiestas \u201cpeque\u00f1as\u201d 2026\n\t\t<\/span><\/div>","aioseo_breadcrumb_json":[{"label":"Home","link":"https:\/\/www.yoleoescaparate.com"},{"label":"San Adri\u00e1n","link":"https:\/\/www.yoleoescaparate.com\/?cat=11"},{"label":"San Adri\u00e1n ya tiene todo listo para celebrar sus Fiestas \u201cpeque\u00f1as\u201d 2026","link":"https:\/\/www.yoleoescaparate.com\/?p=151074"}],"_links":{"self":[{"href":"https:\/\/www.yoleoescaparate.com\/index.php?rest_route=\/wp\/v2\/posts\/151074","targetHints":{"allow":["GET"]}}],"collection":[{"href":"https:\/\/www.yoleoescaparate.com\/index.php?rest_route=\/wp\/v2\/posts"}],"about":[{"href":"https:\/\/www.yoleoescaparate.com\/index.php?rest_route=\/wp\/v2\/types\/post"}],"author":[{"embeddable":true,"href":"https:\/\/www.yoleoescaparate.com\/index.php?rest_route=\/wp\/v2\/users\/1"}],"replies":[{"embeddable":true,"href":"https:\/\/www.yoleoescaparate.com\/index.php?rest_route=%2Fwp%2Fv2%2Fcomments&post=151074"}],"version-history":[{"count":1,"href":"https:\/\/www.yoleoescaparate.com\/index.php?rest_route=\/wp\/v2\/posts\/151074\/revisions"}],"predecessor-version":[{"id":151076,"href":"https:\/\/www.yoleoescaparate.com\/index.php?rest_route=\/wp\/v2\/posts\/151074\/revisions\/151076"}],"wp:featuredmedia":[{"embeddable":true,"href":"https:\/\/www.yoleoescaparate.com\/index.php?rest_route=\/wp\/v2\/media\/151075"}],"wp:attachment":[{"href":"https:\/\/www.yoleoescaparate.com\/index.php?rest_route=%2Fwp%2Fv2%2Fmedia&parent=151074"}],"wp:term":[{"taxonomy":"category","embeddable":true,"href":"https:\/\/www.yoleoescaparate.com\/index.php?rest_route=%2Fwp%2Fv2%2Fcategories&post=151074"},{"taxonomy":"post_tag","embeddable":true,"href":"https:\/\/www.yoleoescaparate.com\/index.php?rest_route=%2Fwp%2Fv2%2Ftags&post=151074"}],"curies":[{"name":"wp","href":"https:\/\/api.w.org\/{rel}","templated":true}]}}