{"id":151077,"date":"2026-09-02T14:22:51","date_gmt":"2026-09-02T12:22:51","guid":{"rendered":"https:\/\/www.yoleoescaparate.com\/?p=151077"},"modified":"2026-09-02T14:22:55","modified_gmt":"2026-09-02T12:22:55","slug":"el-servicio-de-transporte-urbano-de-calahorra-se-amplia-a-los-fines-de-semana-a-partir-del-5-de-septiembre","status":"publish","type":"post","link":"https:\/\/www.yoleoescaparate.com\/?p=151077","title":{"rendered":"El servicio de transporte urbano de Calahorra se ampl\u00eda a los fines de semana a partir del 5 de septiembre"},"content":{"rendered":"\n<!--more-->\n\n\n\n<p class=\"wp-block-paragraph\">A partir de este s\u00e1bado 5 de septiembre, el autob\u00fas urbano prestar\u00e1 servicio tambi\u00e9n durante los fines de semana.<\/p>\n\n\n\n<p class=\"wp-block-paragraph\">Con esta medida, el Ayuntamiento de Calahorra refuerza su apuesta por un&nbsp;<strong>transporte p\u00fablico accesible, c\u00f3modo y sostenible<\/strong>, atendiendo las necesidades de la ciudadan\u00eda y mejorando la movilidad de vecinos y visitantes.<\/p>\n\n\n\n<p class=\"wp-block-paragraph\">La ampliaci\u00f3n del servicio de transporte urbano beneficiar\u00e1 especialmente a las personas que necesitan desplazarse durante el fin de semana por motivos laborales, familiares, comerciales, sanitarios o de ocio, as\u00ed como a aquellas que no disponen de veh\u00edculo privado.<\/p>\n\n\n\n<p class=\"wp-block-paragraph\">Los nuevos horarios y recorridos de los s\u00e1bado y domingos, que se pueden consultar en la p\u00e1gina web del Ayuntamiento de Calahorra (<a href=\"http:\/\/www.calahorra.es\">www.calahorra.es<\/a>) y pronto tambi\u00e9n en las marquesinas de las paradas, son los siguientes:<\/p>\n\n\n\n<p class=\"wp-block-paragraph\">-Horario de verano, del 12 de junio al 30 de septiembre:<\/p>\n\n\n\n<figure class=\"wp-block-image size-full is-resized\"><img loading=\"lazy\" decoding=\"async\" width=\"567\" height=\"186\" src=\"https:\/\/www.yoleoescaparate.com\/wp-content\/uploads\/image-26.png\" alt=\"\" class=\"wp-image-151079\" style=\"aspect-ratio:3.0483870967741935;width:567px;height:auto\" srcset=\"https:\/\/www.yoleoescaparate.com\/wp-content\/uploads\/image-26.png 567w, https:\/\/www.yoleoescaparate.com\/wp-content\/uploads\/image-26-300x98.png 300w\" sizes=\"auto, (max-width: 567px) 100vw, 567px\" \/><\/figure>\n\n\n\n<p class=\"wp-block-paragraph\">-Horario de invierno, desde el 1 de octubre hasta el 11 de junio:<\/p>\n\n\n\n<figure class=\"wp-block-image size-full is-resized\"><img loading=\"lazy\" decoding=\"async\" width=\"567\" height=\"186\" src=\"https:\/\/www.yoleoescaparate.com\/wp-content\/uploads\/image-26.png\" alt=\"\" class=\"wp-image-151078\" style=\"aspect-ratio:2.6952380952380954;width:566px;height:auto\"\/><\/figure>\n\n\n\n<p class=\"wp-block-paragraph\"><strong>Modificaci\u00f3n del contrato para mejorar el servicio<\/strong><\/p>\n\n\n\n<p class=\"wp-block-paragraph\">El pasado 10 de agosto el pleno aprob\u00f3 la modificaci\u00f3n del contrato de concesi\u00f3n del servicio p\u00fablico de transporte colectivo y urbano de viajeros, adjudicado a Autobuses Jim\u00e9nez S.L., con los votos favorables de los concejales del Partido Popular, Vox e Izquierda Unida.<\/p>\n\n\n\n<p class=\"wp-block-paragraph\">Esta modificaci\u00f3n, que supone un incremento del canon anual de 38.323,76 euros, permite ampliar la prestaci\u00f3n del servicio de transporte urbano a todos los d\u00edas de la semana.<\/p>\n\n\n\n<p class=\"wp-block-paragraph\">Con esta actuaci\u00f3n, el Ayuntamiento de&nbsp;<strong>Calahorra<\/strong>&nbsp;contin\u00faa ampliando y mejorando los servicios p\u00fablicos y trabajando para avanzar hacia un modelo de movilidad urbana m\u00e1s accesible para toda la ciudadan\u00eda.<\/p>\n\n\n\n<p class=\"wp-block-paragraph\">Adem\u00e1s, el autob\u00fas urbano seguir\u00e1 ofreciendo el servicio de transporte hasta el cementerio municipal \u2018San L\u00e1zaro\u2019 los \u00faltimos mi\u00e9rcoles de cada mes. La salida tendr\u00e1 lugar desde el Ayuntamiento a las 16:30 horas y el regreso desde el cementerio a las 17:30 horas.<\/p>\n\n\n\n<p class=\"wp-block-paragraph\">Tambi\u00e9n prestar\u00e1 servicio especial el 1 de noviembre con motivo de la festividad de Todos los Santos.<\/p>\n\n\n\n<p class=\"wp-block-paragraph\"><strong>Precios y descuentos<\/strong><\/p>\n\n\n\n<p class=\"wp-block-paragraph\">El precio de un billete sencillo se mantiene en 0,75 euros cada viaje y el bono bus de 10 viajes tiene un coste de 5 euros.<\/p>\n\n\n\n<p class=\"wp-block-paragraph\">Asimismo, hay un bono reducido de 10 viajes con un precio de 2,5 euros para personas con diversidad funcional, j\u00f3venes con Carn\u00e9 Joven de La Rioja y para las personas mayores de 65 a\u00f1os.<\/p>\n\n\n\n<p class=\"wp-block-paragraph\">Por su parte, los ni\u00f1os menores de 6 a\u00f1os pueden utilizar el autob\u00fas urbano gratis y los que tienen edades comprendidas entre los 6 y los 14 a\u00f1os tambi\u00e9n con el abono infantil.<\/p>\n\n\n\n<p class=\"wp-block-paragraph\"><\/p>\n","protected":false},"excerpt":{"rendered":"","protected":false},"author":1,"featured_media":151080,"comment_status":"open","ping_status":"open","sticky":false,"template":"","format":"standard","meta":{"colormag_page_container_layout":"default_layout","colormag_page_sidebar_layout":"default_layout","om_disable_all_campaigns":false,"_monsterinsights_skip_tracking":false,"_monsterinsights_sitenote_active":false,"_monsterinsights_sitenote_note":"","_monsterinsights_sitenote_category":0,"footnotes":""},"categories":[4],"tags":[202,16,12,4141,575,1560],"class_list":["post-151077","post","type-post","status-publish","format-standard","has-post-thumbnail","hentry","category-calahorra","tag-autobus-urbano","tag-calahorra","tag-escaparate","tag-fines-de-semana","tag-septiembre","tag-servicio"],"aioseo_notices":[],"aioseo_head":"\n\t\t<!-- All in One SEO 4.9.10 - aioseo.com -->\n\t<meta name=\"description\" content=\"A partir de este s\u00e1bado 5 de septiembre, el autob\u00fas urbano prestar\u00e1 servicio tambi\u00e9n durante los fines de semana. Con esta medida, el Ayuntamiento de Calahorra refuerza su apuesta por un transporte p\u00fablico accesible, c\u00f3modo y sostenible, atendiendo las necesidades de la ciudadan\u00eda y mejorando la movilidad de vecinos y visitantes. La ampliaci\u00f3n del servicio de\" \/>\n\t<meta name=\"robots\" content=\"max-image-preview:large\" \/>\n\t<meta name=\"author\" content=\"Escaparate\"\/>\n\t<meta name=\"google-site-verification\" content=\"OQV8mvJF6pBZ9RiZ8C9O86ahYB3C05wO-omz3Nejrsc\" \/>\n\t<link rel=\"canonical\" href=\"https:\/\/www.yoleoescaparate.com\/?p=151077\" \/>\n\t<meta name=\"generator\" content=\"All in One SEO (AIOSEO) 4.9.10\" \/>\n\t\t<meta property=\"og:locale\" content=\"es_ES\" \/>\n\t\t<meta property=\"og:site_name\" content=\"Escaparate \u2022 Informaci\u00f3n | Noticias | Actualidad\" \/>\n\t\t<meta property=\"og:type\" content=\"article\" \/>\n\t\t<meta property=\"og:title\" content=\"El servicio de transporte urbano de Calahorra se ampl\u00eda a los fines de semana a partir del 5 de septiembre \u2022 Escaparate\" \/>\n\t\t<meta property=\"og:description\" content=\"A partir de este s\u00e1bado 5 de septiembre, el autob\u00fas urbano prestar\u00e1 servicio tambi\u00e9n durante los fines de semana. Con esta medida, el Ayuntamiento de Calahorra refuerza su apuesta por un transporte p\u00fablico accesible, c\u00f3modo y sostenible, atendiendo las necesidades de la ciudadan\u00eda y mejorando la movilidad de vecinos y visitantes. La ampliaci\u00f3n del servicio de\" \/>\n\t\t<meta property=\"og:url\" content=\"https:\/\/www.yoleoescaparate.com\/?p=151077\" \/>\n\t\t<meta property=\"og:image\" content=\"https:\/\/www.yoleoescaparate.com\/wp-content\/uploads\/bus-3.jpg\" \/>\n\t\t<meta property=\"og:image:secure_url\" content=\"https:\/\/www.yoleoescaparate.com\/wp-content\/uploads\/bus-3.jpg\" \/>\n\t\t<meta property=\"og:image:width\" content=\"1200\" \/>\n\t\t<meta property=\"og:image:height\" content=\"675\" \/>\n\t\t<meta property=\"article:published_time\" content=\"2026-09-02T12:22:51+00:00\" \/>\n\t\t<meta property=\"article:modified_time\" content=\"2026-09-02T12:22:55+00:00\" \/>\n\t\t<meta property=\"article:publisher\" content=\"https:\/\/www.facebook.com\/revescaparate\" \/>\n\t\t<meta name=\"twitter:card\" content=\"summary_large_image\" \/>\n\t\t<meta name=\"twitter:site\" content=\"@rev_escaparate\" \/>\n\t\t<meta name=\"twitter:title\" content=\"El servicio de transporte urbano de Calahorra se ampl\u00eda a los fines de semana a partir del 5 de septiembre \u2022 Escaparate\" \/>\n\t\t<meta name=\"twitter:description\" content=\"A partir de este s\u00e1bado 5 de septiembre, el autob\u00fas urbano prestar\u00e1 servicio tambi\u00e9n durante los fines de semana. Con esta medida, el Ayuntamiento de Calahorra refuerza su apuesta por un transporte p\u00fablico accesible, c\u00f3modo y sostenible, atendiendo las necesidades de la ciudadan\u00eda y mejorando la movilidad de vecinos y visitantes. La ampliaci\u00f3n del servicio de\" \/>\n\t\t<meta name=\"twitter:creator\" content=\"@rev_escaparate\" \/>\n\t\t<meta name=\"twitter:image\" content=\"https:\/\/www.yoleoescaparate.com\/wp-content\/uploads\/bus-3.jpg\" \/>\n\t\t<script type=\"application\/ld+json\" class=\"aioseo-schema\">\n\t\t\t{\"@context\":\"https:\\\/\\\/schema.org\",\"@graph\":[{\"@type\":\"BlogPosting\",\"@id\":\"https:\\\/\\\/www.yoleoescaparate.com\\\/?p=151077#blogposting\",\"name\":\"El servicio de transporte urbano de Calahorra se ampl\\u00eda a los fines de semana a partir del 5 de septiembre \\u2022 Escaparate\",\"headline\":\"El servicio de transporte urbano de Calahorra se ampl\\u00eda a los fines de semana a partir del 5 de septiembre\",\"author\":{\"@id\":\"https:\\\/\\\/www.yoleoescaparate.com\\\/?author=1#author\"},\"publisher\":{\"@id\":\"https:\\\/\\\/www.yoleoescaparate.com\\\/#organization\"},\"image\":{\"@type\":\"ImageObject\",\"url\":\"https:\\\/\\\/www.yoleoescaparate.com\\\/wp-content\\\/uploads\\\/bus-3.jpg\",\"width\":1200,\"height\":675},\"datePublished\":\"2026-09-02T14:22:51+02:00\",\"dateModified\":\"2026-09-02T14:22:55+02:00\",\"inLanguage\":\"es-ES\",\"mainEntityOfPage\":{\"@id\":\"https:\\\/\\\/www.yoleoescaparate.com\\\/?p=151077#webpage\"},\"isPartOf\":{\"@id\":\"https:\\\/\\\/www.yoleoescaparate.com\\\/?p=151077#webpage\"},\"articleSection\":\"Calahorra, autobus urbano, Calahorra, Escaparate, Fines de semana, septiembre, Servicio\"},{\"@type\":\"BreadcrumbList\",\"@id\":\"https:\\\/\\\/www.yoleoescaparate.com\\\/?p=151077#breadcrumblist\",\"itemListElement\":[{\"@type\":\"ListItem\",\"@id\":\"https:\\\/\\\/www.yoleoescaparate.com#listItem\",\"position\":1,\"name\":\"Home\",\"item\":\"https:\\\/\\\/www.yoleoescaparate.com\",\"nextItem\":{\"@type\":\"ListItem\",\"@id\":\"https:\\\/\\\/www.yoleoescaparate.com\\\/?cat=4#listItem\",\"name\":\"Calahorra\"}},{\"@type\":\"ListItem\",\"@id\":\"https:\\\/\\\/www.yoleoescaparate.com\\\/?cat=4#listItem\",\"position\":2,\"name\":\"Calahorra\",\"item\":\"https:\\\/\\\/www.yoleoescaparate.com\\\/?cat=4\",\"nextItem\":{\"@type\":\"ListItem\",\"@id\":\"https:\\\/\\\/www.yoleoescaparate.com\\\/?p=151077#listItem\",\"name\":\"El servicio de transporte urbano de Calahorra se ampl\\u00eda a los fines de semana a partir del 5 de septiembre\"},\"previousItem\":{\"@type\":\"ListItem\",\"@id\":\"https:\\\/\\\/www.yoleoescaparate.com#listItem\",\"name\":\"Home\"}},{\"@type\":\"ListItem\",\"@id\":\"https:\\\/\\\/www.yoleoescaparate.com\\\/?p=151077#listItem\",\"position\":3,\"name\":\"El servicio de transporte urbano de Calahorra se ampl\\u00eda a los fines de semana a partir del 5 de septiembre\",\"previousItem\":{\"@type\":\"ListItem\",\"@id\":\"https:\\\/\\\/www.yoleoescaparate.com\\\/?cat=4#listItem\",\"name\":\"Calahorra\"}}]},{\"@type\":\"Organization\",\"@id\":\"https:\\\/\\\/www.yoleoescaparate.com\\\/#organization\",\"name\":\"Escaparate\",\"description\":\"Informaci\\u00f3n | Noticias | Actualidad\",\"url\":\"https:\\\/\\\/www.yoleoescaparate.com\\\/\",\"logo\":{\"@type\":\"ImageObject\",\"url\":\"https:\\\/\\\/www.yoleoescaparate.com\\\/wp-content\\\/uploads\\\/2022\\\/02\\\/logoF.jpg\",\"@id\":\"https:\\\/\\\/www.yoleoescaparate.com\\\/?p=151077\\\/#organizationLogo\",\"width\":350,\"height\":360},\"image\":{\"@id\":\"https:\\\/\\\/www.yoleoescaparate.com\\\/?p=151077\\\/#organizationLogo\"},\"sameAs\":[\"https:\\\/\\\/www.facebook.com\\\/revescaparate\",\"https:\\\/\\\/twitter.com\\\/rev_escaparate\",\"https:\\\/\\\/www.instagram.com\\\/yoleoescaparate\\\/\",\"https:\\\/\\\/www.youtube.com\\\/channel\\\/UCj1lDjkqSzCH14bZmq-kWsQ\"]},{\"@type\":\"Person\",\"@id\":\"https:\\\/\\\/www.yoleoescaparate.com\\\/?author=1#author\",\"url\":\"https:\\\/\\\/www.yoleoescaparate.com\\\/?author=1\",\"name\":\"Escaparate\",\"image\":{\"@type\":\"ImageObject\",\"@id\":\"https:\\\/\\\/www.yoleoescaparate.com\\\/?p=151077#authorImage\",\"url\":\"https:\\\/\\\/secure.gravatar.com\\\/avatar\\\/d4681a657e3ba11aa052dc7c62193f217364db55960ea15739662b6564b2dafb?s=96&d=mm&r=g\",\"width\":96,\"height\":96,\"caption\":\"Escaparate\"}},{\"@type\":\"WebPage\",\"@id\":\"https:\\\/\\\/www.yoleoescaparate.com\\\/?p=151077#webpage\",\"url\":\"https:\\\/\\\/www.yoleoescaparate.com\\\/?p=151077\",\"name\":\"El servicio de transporte urbano de Calahorra se ampl\\u00eda a los fines de semana a partir del 5 de septiembre \\u2022 Escaparate\",\"description\":\"A partir de este s\\u00e1bado 5 de septiembre, el autob\\u00fas urbano prestar\\u00e1 servicio tambi\\u00e9n durante los fines de semana. Con esta medida, el Ayuntamiento de Calahorra refuerza su apuesta por un transporte p\\u00fablico accesible, c\\u00f3modo y sostenible, atendiendo las necesidades de la ciudadan\\u00eda y mejorando la movilidad de vecinos y visitantes. La ampliaci\\u00f3n del servicio de\",\"inLanguage\":\"es-ES\",\"isPartOf\":{\"@id\":\"https:\\\/\\\/www.yoleoescaparate.com\\\/#website\"},\"breadcrumb\":{\"@id\":\"https:\\\/\\\/www.yoleoescaparate.com\\\/?p=151077#breadcrumblist\"},\"author\":{\"@id\":\"https:\\\/\\\/www.yoleoescaparate.com\\\/?author=1#author\"},\"creator\":{\"@id\":\"https:\\\/\\\/www.yoleoescaparate.com\\\/?author=1#author\"},\"image\":{\"@type\":\"ImageObject\",\"url\":\"https:\\\/\\\/www.yoleoescaparate.com\\\/wp-content\\\/uploads\\\/bus-3.jpg\",\"@id\":\"https:\\\/\\\/www.yoleoescaparate.com\\\/?p=151077\\\/#mainImage\",\"width\":1200,\"height\":675},\"primaryImageOfPage\":{\"@id\":\"https:\\\/\\\/www.yoleoescaparate.com\\\/?p=151077#mainImage\"},\"datePublished\":\"2026-09-02T14:22:51+02:00\",\"dateModified\":\"2026-09-02T14:22:55+02:00\"},{\"@type\":\"WebSite\",\"@id\":\"https:\\\/\\\/www.yoleoescaparate.com\\\/#website\",\"url\":\"https:\\\/\\\/www.yoleoescaparate.com\\\/\",\"name\":\"Escaparate\",\"description\":\"Informaci\\u00f3n | Noticias | Actualidad\",\"inLanguage\":\"es-ES\",\"publisher\":{\"@id\":\"https:\\\/\\\/www.yoleoescaparate.com\\\/#organization\"}}]}\n\t\t<\/script>\n\t\t<!-- All in One SEO -->\n\n","aioseo_head_json":{"title":"El servicio de transporte urbano de Calahorra se ampl\u00eda a los fines de semana a partir del 5 de septiembre \u2022 Escaparate","description":"A partir de este s\u00e1bado 5 de septiembre, el autob\u00fas urbano prestar\u00e1 servicio tambi\u00e9n durante los fines de semana. Con esta medida, el Ayuntamiento de Calahorra refuerza su apuesta por un transporte p\u00fablico accesible, c\u00f3modo y sostenible, atendiendo las necesidades de la ciudadan\u00eda y mejorando la movilidad de vecinos y visitantes. La ampliaci\u00f3n del servicio de","canonical_url":"https:\/\/www.yoleoescaparate.com\/?p=151077","robots":"max-image-preview:large","keywords":"","webmasterTools":{"google-site-verification":"OQV8mvJF6pBZ9RiZ8C9O86ahYB3C05wO-omz3Nejrsc","miscellaneous":""},"schema":{"@context":"https:\/\/schema.org","@graph":[{"@type":"BlogPosting","@id":"https:\/\/www.yoleoescaparate.com\/?p=151077#blogposting","name":"El servicio de transporte urbano de Calahorra se ampl\u00eda a los fines de semana a partir del 5 de septiembre \u2022 Escaparate","headline":"El servicio de transporte urbano de Calahorra se ampl\u00eda a los fines de semana a partir del 5 de septiembre","author":{"@id":"https:\/\/www.yoleoescaparate.com\/?author=1#author"},"publisher":{"@id":"https:\/\/www.yoleoescaparate.com\/#organization"},"image":{"@type":"ImageObject","url":"https:\/\/www.yoleoescaparate.com\/wp-content\/uploads\/bus-3.jpg","width":1200,"height":675},"datePublished":"2026-09-02T14:22:51+02:00","dateModified":"2026-09-02T14:22:55+02:00","inLanguage":"es-ES","mainEntityOfPage":{"@id":"https:\/\/www.yoleoescaparate.com\/?p=151077#webpage"},"isPartOf":{"@id":"https:\/\/www.yoleoescaparate.com\/?p=151077#webpage"},"articleSection":"Calahorra, autobus urbano, Calahorra, Escaparate, Fines de semana, septiembre, Servicio"},{"@type":"BreadcrumbList","@id":"https:\/\/www.yoleoescaparate.com\/?p=151077#breadcrumblist","itemListElement":[{"@type":"ListItem","@id":"https:\/\/www.yoleoescaparate.com#listItem","position":1,"name":"Home","item":"https:\/\/www.yoleoescaparate.com","nextItem":{"@type":"ListItem","@id":"https:\/\/www.yoleoescaparate.com\/?cat=4#listItem","name":"Calahorra"}},{"@type":"ListItem","@id":"https:\/\/www.yoleoescaparate.com\/?cat=4#listItem","position":2,"name":"Calahorra","item":"https:\/\/www.yoleoescaparate.com\/?cat=4","nextItem":{"@type":"ListItem","@id":"https:\/\/www.yoleoescaparate.com\/?p=151077#listItem","name":"El servicio de transporte urbano de Calahorra se ampl\u00eda a los fines de semana a partir del 5 de septiembre"},"previousItem":{"@type":"ListItem","@id":"https:\/\/www.yoleoescaparate.com#listItem","name":"Home"}},{"@type":"ListItem","@id":"https:\/\/www.yoleoescaparate.com\/?p=151077#listItem","position":3,"name":"El servicio de transporte urbano de Calahorra se ampl\u00eda a los fines de semana a partir del 5 de septiembre","previousItem":{"@type":"ListItem","@id":"https:\/\/www.yoleoescaparate.com\/?cat=4#listItem","name":"Calahorra"}}]},{"@type":"Organization","@id":"https:\/\/www.yoleoescaparate.com\/#organization","name":"Escaparate","description":"Informaci\u00f3n | Noticias | Actualidad","url":"https:\/\/www.yoleoescaparate.com\/","logo":{"@type":"ImageObject","url":"https:\/\/www.yoleoescaparate.com\/wp-content\/uploads\/2022\/02\/logoF.jpg","@id":"https:\/\/www.yoleoescaparate.com\/?p=151077\/#organizationLogo","width":350,"height":360},"image":{"@id":"https:\/\/www.yoleoescaparate.com\/?p=151077\/#organizationLogo"},"sameAs":["https:\/\/www.facebook.com\/revescaparate","https:\/\/twitter.com\/rev_escaparate","https:\/\/www.instagram.com\/yoleoescaparate\/","https:\/\/www.youtube.com\/channel\/UCj1lDjkqSzCH14bZmq-kWsQ"]},{"@type":"Person","@id":"https:\/\/www.yoleoescaparate.com\/?author=1#author","url":"https:\/\/www.yoleoescaparate.com\/?author=1","name":"Escaparate","image":{"@type":"ImageObject","@id":"https:\/\/www.yoleoescaparate.com\/?p=151077#authorImage","url":"https:\/\/secure.gravatar.com\/avatar\/d4681a657e3ba11aa052dc7c62193f217364db55960ea15739662b6564b2dafb?s=96&d=mm&r=g","width":96,"height":96,"caption":"Escaparate"}},{"@type":"WebPage","@id":"https:\/\/www.yoleoescaparate.com\/?p=151077#webpage","url":"https:\/\/www.yoleoescaparate.com\/?p=151077","name":"El servicio de transporte urbano de Calahorra se ampl\u00eda a los fines de semana a partir del 5 de septiembre \u2022 Escaparate","description":"A partir de este s\u00e1bado 5 de septiembre, el autob\u00fas urbano prestar\u00e1 servicio tambi\u00e9n durante los fines de semana. Con esta medida, el Ayuntamiento de Calahorra refuerza su apuesta por un transporte p\u00fablico accesible, c\u00f3modo y sostenible, atendiendo las necesidades de la ciudadan\u00eda y mejorando la movilidad de vecinos y visitantes. La ampliaci\u00f3n del servicio de","inLanguage":"es-ES","isPartOf":{"@id":"https:\/\/www.yoleoescaparate.com\/#website"},"breadcrumb":{"@id":"https:\/\/www.yoleoescaparate.com\/?p=151077#breadcrumblist"},"author":{"@id":"https:\/\/www.yoleoescaparate.com\/?author=1#author"},"creator":{"@id":"https:\/\/www.yoleoescaparate.com\/?author=1#author"},"image":{"@type":"ImageObject","url":"https:\/\/www.yoleoescaparate.com\/wp-content\/uploads\/bus-3.jpg","@id":"https:\/\/www.yoleoescaparate.com\/?p=151077\/#mainImage","width":1200,"height":675},"primaryImageOfPage":{"@id":"https:\/\/www.yoleoescaparate.com\/?p=151077#mainImage"},"datePublished":"2026-09-02T14:22:51+02:00","dateModified":"2026-09-02T14:22:55+02:00"},{"@type":"WebSite","@id":"https:\/\/www.yoleoescaparate.com\/#website","url":"https:\/\/www.yoleoescaparate.com\/","name":"Escaparate","description":"Informaci\u00f3n | Noticias | Actualidad","inLanguage":"es-ES","publisher":{"@id":"https:\/\/www.yoleoescaparate.com\/#organization"}}]},"og:locale":"es_ES","og:site_name":"Escaparate \u2022 Informaci\u00f3n | Noticias | Actualidad","og:type":"article","og:title":"El servicio de transporte urbano de Calahorra se ampl\u00eda a los fines de semana a partir del 5 de septiembre \u2022 Escaparate","og:description":"A partir de este s\u00e1bado 5 de septiembre, el autob\u00fas urbano prestar\u00e1 servicio tambi\u00e9n durante los fines de semana. Con esta medida, el Ayuntamiento de Calahorra refuerza su apuesta por un transporte p\u00fablico accesible, c\u00f3modo y sostenible, atendiendo las necesidades de la ciudadan\u00eda y mejorando la movilidad de vecinos y visitantes. La ampliaci\u00f3n del servicio de","og:url":"https:\/\/www.yoleoescaparate.com\/?p=151077","og:image":"https:\/\/www.yoleoescaparate.com\/wp-content\/uploads\/bus-3.jpg","og:image:secure_url":"https:\/\/www.yoleoescaparate.com\/wp-content\/uploads\/bus-3.jpg","og:image:width":1200,"og:image:height":675,"article:published_time":"2026-09-02T12:22:51+00:00","article:modified_time":"2026-09-02T12:22:55+00:00","article:publisher":"https:\/\/www.facebook.com\/revescaparate","twitter:card":"summary_large_image","twitter:site":"@rev_escaparate","twitter:title":"El servicio de transporte urbano de Calahorra se ampl\u00eda a los fines de semana a partir del 5 de septiembre \u2022 Escaparate","twitter:description":"A partir de este s\u00e1bado 5 de septiembre, el autob\u00fas urbano prestar\u00e1 servicio tambi\u00e9n durante los fines de semana. Con esta medida, el Ayuntamiento de Calahorra refuerza su apuesta por un transporte p\u00fablico accesible, c\u00f3modo y sostenible, atendiendo las necesidades de la ciudadan\u00eda y mejorando la movilidad de vecinos y visitantes. La ampliaci\u00f3n del servicio de","twitter:creator":"@rev_escaparate","twitter:image":"https:\/\/www.yoleoescaparate.com\/wp-content\/uploads\/bus-3.jpg"},"aioseo_meta_data":{"post_id":"151077","title":null,"description":null,"keywords":null,"keyphrases":{"focus":{"keyphrase":"","score":0,"analysis":{"keyphraseInTitle":{"score":0,"maxScore":9,"error":1}}},"additional":[]},"primary_term":null,"canonical_url":null,"og_title":null,"og_description":null,"og_object_type":"default","og_image_type":"default","og_image_url":null,"og_image_width":null,"og_image_height":null,"og_image_custom_url":null,"og_image_custom_fields":null,"og_video":"","og_custom_url":null,"og_article_section":null,"og_article_tags":null,"twitter_use_og":true,"twitter_card":"default","twitter_image_type":"default","twitter_image_url":null,"twitter_image_custom_url":null,"twitter_image_custom_fields":null,"twitter_title":null,"twitter_description":null,"schema":{"blockGraphs":[],"customGraphs":[],"default":{"data":{"Article":[],"Course":[],"Dataset":[],"FAQPage":[],"Movie":[],"Person":[],"Product":[],"ProductReview":[],"Car":[],"Recipe":[],"Service":[],"SoftwareApplication":[],"WebPage":[]},"graphName":"BlogPosting","isEnabled":true},"graphs":[]},"schema_type":"default","schema_type_options":null,"pillar_content":false,"robots_default":true,"robots_noindex":false,"robots_noarchive":false,"robots_nosnippet":false,"robots_nofollow":false,"robots_noimageindex":false,"robots_noodp":false,"robots_notranslate":false,"robots_max_snippet":"-1","robots_max_videopreview":"-1","robots_max_imagepreview":"large","priority":null,"frequency":"default","local_seo":null,"breadcrumb_settings":null,"limit_modified_date":false,"ai":{"faqs":[],"keyPoints":[],"schemas":[],"titles":[],"descriptions":[],"socialPosts":{"email":{"subject":"","preview":"","content":""},"linkedin":[],"twitter":[],"facebook":[],"instagram":[]}},"created":"2026-09-02 12:22:55","updated":"2026-09-02 12:23:19","seo_analyzer_scan_date":null},"aioseo_breadcrumb":"<div class=\"aioseo-breadcrumbs\"><span class=\"aioseo-breadcrumb\">\n\t\t\t<a href=\"https:\/\/www.yoleoescaparate.com\" title=\"Home\">Home<\/a>\n\t\t<\/span><span class=\"aioseo-breadcrumb-separator\">&raquo;<\/span><span class=\"aioseo-breadcrumb\">\n\t\t\t<a href=\"https:\/\/www.yoleoescaparate.com\/?cat=4\" title=\"Calahorra\">Calahorra<\/a>\n\t\t<\/span><span class=\"aioseo-breadcrumb-separator\">&raquo;<\/span><span class=\"aioseo-breadcrumb\">\n\t\t\tEl servicio de transporte urbano de Calahorra se ampl\u00eda a los fines de semana a partir del 5 de septiembre\n\t\t<\/span><\/div>","aioseo_breadcrumb_json":[{"label":"Home","link":"https:\/\/www.yoleoescaparate.com"},{"label":"Calahorra","link":"https:\/\/www.yoleoescaparate.com\/?cat=4"},{"label":"El servicio de transporte urbano de Calahorra se ampl\u00eda a los fines de semana a partir del 5 de septiembre","link":"https:\/\/www.yoleoescaparate.com\/?p=151077"}],"_links":{"self":[{"href":"https:\/\/www.yoleoescaparate.com\/index.php?rest_route=\/wp\/v2\/posts\/151077","targetHints":{"allow":["GET"]}}],"collection":[{"href":"https:\/\/www.yoleoescaparate.com\/index.php?rest_route=\/wp\/v2\/posts"}],"about":[{"href":"https:\/\/www.yoleoescaparate.com\/index.php?rest_route=\/wp\/v2\/types\/post"}],"author":[{"embeddable":true,"href":"https:\/\/www.yoleoescaparate.com\/index.php?rest_route=\/wp\/v2\/users\/1"}],"replies":[{"embeddable":true,"href":"https:\/\/www.yoleoescaparate.com\/index.php?rest_route=%2Fwp%2Fv2%2Fcomments&post=151077"}],"version-history":[{"count":1,"href":"https:\/\/www.yoleoescaparate.com\/index.php?rest_route=\/wp\/v2\/posts\/151077\/revisions"}],"predecessor-version":[{"id":151081,"href":"https:\/\/www.yoleoescaparate.com\/index.php?rest_route=\/wp\/v2\/posts\/151077\/revisions\/151081"}],"wp:featuredmedia":[{"embeddable":true,"href":"https:\/\/www.yoleoescaparate.com\/index.php?rest_route=\/wp\/v2\/media\/151080"}],"wp:attachment":[{"href":"https:\/\/www.yoleoescaparate.com\/index.php?rest_route=%2Fwp%2Fv2%2Fmedia&parent=151077"}],"wp:term":[{"taxonomy":"category","embeddable":true,"href":"https:\/\/www.yoleoescaparate.com\/index.php?rest_route=%2Fwp%2Fv2%2Fcategories&post=151077"},{"taxonomy":"post_tag","embeddable":true,"href":"https:\/\/www.yoleoescaparate.com\/index.php?rest_route=%2Fwp%2Fv2%2Ftags&post=151077"}],"curies":[{"name":"wp","href":"https:\/\/api.w.org\/{rel}","templated":true}]}}