{"id":151082,"date":"2026-09-02T14:33:21","date_gmt":"2026-09-02T12:33:21","guid":{"rendered":"https:\/\/www.yoleoescaparate.com\/?p=151082"},"modified":"2026-09-02T14:33:26","modified_gmt":"2026-09-02T12:33:26","slug":"la-diocesis-agradece-a-los-calagurritanos-su-compromiso-con-el-cuidado-y-la-conservacion-del-patrimonio-religioso-de-calahorra","status":"publish","type":"post","link":"https:\/\/www.yoleoescaparate.com\/?p=151082","title":{"rendered":"La Di\u00f3cesis agradece a los calagurritanos su compromiso con el cuidado y la conservaci\u00f3n del patrimonio religioso de Calahorra"},"content":{"rendered":"\n<!--more-->\n\n\n\n<p class=\"wp-block-paragraph\">Con motivo de la celebraci\u00f3n de la fiesta de los Santos M\u00e1rtires Emeterio y Celedonio, la Di\u00f3cesis de Calahorra y La Calzada-Logro\u00f1o quiere expresar p\u00fablicamente su agradecimiento a los calagurritanos por su implicaci\u00f3n constante en el cuidado, mantenimiento y conservaci\u00f3n del importante patrimonio religioso que la Di\u00f3cesis custodia en la ciudad.<br>El obispo de la Di\u00f3cesis quiere reconocer de manera especial el compromiso de vecinos, asociaciones e instituciones que colaboran en la protecci\u00f3n de unos templos y bienes que forman parte de la historia, la fe y la identidad de Calahorra. Esta implicaci\u00f3n permite afrontar distintas actuaciones destinadas a preservar el patrimonio hist\u00f3rico-art\u00edstico y garantizar su transmisi\u00f3n a las generaciones futuras.<br>En los \u00faltimos tiempos son numerosas las intervenciones desarrolladas, impulsadas o previstas en distintos templos de la ciudad. Entre ellas se encuentra la restauraci\u00f3n del retablo de la Iglesia de Santiago, as\u00ed como la pr\u00f3xima actuaci\u00f3n sobre los muros y la cubierta del crucero. A estas iniciativas se suma la intervenci\u00f3n relacionada con las volumetr\u00edas de la iglesia de San Andr\u00e9s.<br>Tambi\u00e9n la Catedral de Calahorra est\u00e1 siendo escenario de diferentes actuaciones de conservaci\u00f3n y restauraci\u00f3n. Entre ellas destacan las realizadas en la Capilla del Cristo de la Pelota y en la Capilla del Ni\u00f1o Jes\u00fas, esta \u00faltima pendiente de su inauguraci\u00f3n antes de finalizar el a\u00f1o. Ambas actuaciones han contado con el impulso de la Asociaci\u00f3n Amigos de la Catedral, cuya colaboraci\u00f3n y dedicaci\u00f3n al cuidado del templo catedralicio quiere agradecer expresamente la Di\u00f3cesis.<br>Asimismo, la Di\u00f3cesis quiere reconocer la implicaci\u00f3n de la Cofrad\u00eda de la Virgen del Carmen y de los devotos que acuden al Santuario, que han colaborado recientemente en el acondicionamiento y pintura del claustro y del camar\u00edn de la Virgen. Esta iniciativa se suma al compromiso de asociaciones, cofrad\u00edas y fieles de Calahorra con el cuidado cotidiano de los espacios religiosos y con la conservaci\u00f3n de un patrimonio estrechamente vinculado a la vida devocional y comunitaria de la ciudad.<br>Una colaboraci\u00f3n que hace posible conservar el patrimonio<br>La Di\u00f3cesis quiere hacer extensivo este reconocimiento a todas aquellas personas y entidades que, desde distintos \u00e1mbitos, contribuyen a mantener vivo el patrimonio religioso de Calahorra. La conservaci\u00f3n de iglesias, ermitas, retablos, capillas y otros bienes requiere una labor continuada, desarrollada conforme a criterios t\u00e9cnicos y con la colaboraci\u00f3n de las instituciones y de la sociedad civil.<br>En este contexto, la Di\u00f3cesis agradece especialmente la reciente donaci\u00f3n de 10.000 euros realizada por la Asociaci\u00f3n Amigos de Murillo de Calahorra, una aportaci\u00f3n que se destinar\u00e1 al mantenimiento de la ermita y a la restauraci\u00f3n de su espada\u00f1a. Esta colaboraci\u00f3n constituye un nuevo ejemplo del compromiso de los calagurritanos con la conservaci\u00f3n responsable de su patrimonio religioso.<br>Coincidiendo con una celebraci\u00f3n tan arraigada en la historia de la ciudad como la fiesta de los Santos M\u00e1rtires, la Di\u00f3cesis desea reconocer esta sensibilidad compartida hac\u00eda unos bienes que, adem\u00e1s de su dimensi\u00f3n religiosa, poseen un destacado valor hist\u00f3rico, art\u00edstico y cultural para Calahorra y para el conjunto de La Rioja.<br>La Di\u00f3cesis de Calahorra y La Calzada-Logro\u00f1o reitera as\u00ed su compromiso de seguir trabajando, junto con las instituciones, asociaciones, comunidades parroquiales y ciudadanos, por el mantenimiento y restauraci\u00f3n del patrimonio religioso de Calahorra, conforme a criterios t\u00e9cnicos y a la normativa aplicable.<\/p>\n\n\n\n<p class=\"wp-block-paragraph\"><\/p>\n","protected":false},"excerpt":{"rendered":"","protected":false},"author":1,"featured_media":151083,"comment_status":"open","ping_status":"open","sticky":false,"template":"","format":"standard","meta":{"colormag_page_container_layout":"default_layout","colormag_page_sidebar_layout":"default_layout","om_disable_all_campaigns":false,"_monsterinsights_skip_tracking":false,"_monsterinsights_sitenote_active":false,"_monsterinsights_sitenote_note":"","_monsterinsights_sitenote_category":0,"footnotes":""},"categories":[4],"tags":[1917,16,4143,4142,12,3143],"class_list":["post-151082","post","type-post","status-publish","format-standard","has-post-thumbnail","hentry","category-calahorra","tag-agradecimiento","tag-calahorra","tag-conservacion","tag-diocesis-2","tag-escaparate","tag-patrimonio"],"aioseo_notices":[],"aioseo_head":"\n\t\t<!-- All in One SEO 4.9.10 - aioseo.com -->\n\t<meta name=\"description\" content=\"Con motivo de la celebraci\u00f3n de la fiesta de los Santos M\u00e1rtires Emeterio y Celedonio, la Di\u00f3cesis de Calahorra y La Calzada-Logro\u00f1o quiere expresar p\u00fablicamente su agradecimiento a los calagurritanos por su implicaci\u00f3n constante en el cuidado, mantenimiento y conservaci\u00f3n del importante patrimonio religioso que la Di\u00f3cesis custodia en la ciudad.El obispo de la Di\u00f3cesis\" \/>\n\t<meta name=\"robots\" content=\"max-image-preview:large\" \/>\n\t<meta name=\"author\" content=\"Escaparate\"\/>\n\t<meta name=\"google-site-verification\" content=\"OQV8mvJF6pBZ9RiZ8C9O86ahYB3C05wO-omz3Nejrsc\" \/>\n\t<link rel=\"canonical\" href=\"https:\/\/www.yoleoescaparate.com\/?p=151082\" \/>\n\t<meta name=\"generator\" content=\"All in One SEO (AIOSEO) 4.9.10\" \/>\n\t\t<meta property=\"og:locale\" content=\"es_ES\" \/>\n\t\t<meta property=\"og:site_name\" content=\"Escaparate \u2022 Informaci\u00f3n | Noticias | Actualidad\" \/>\n\t\t<meta property=\"og:type\" content=\"article\" \/>\n\t\t<meta property=\"og:title\" content=\"La Di\u00f3cesis agradece a los calagurritanos su compromiso con el cuidado y la conservaci\u00f3n del patrimonio religioso de Calahorra \u2022 Escaparate\" \/>\n\t\t<meta property=\"og:description\" content=\"Con motivo de la celebraci\u00f3n de la fiesta de los Santos M\u00e1rtires Emeterio y Celedonio, la Di\u00f3cesis de Calahorra y La Calzada-Logro\u00f1o quiere expresar p\u00fablicamente su agradecimiento a los calagurritanos por su implicaci\u00f3n constante en el cuidado, mantenimiento y conservaci\u00f3n del importante patrimonio religioso que la Di\u00f3cesis custodia en la ciudad.El obispo de la Di\u00f3cesis\" \/>\n\t\t<meta property=\"og:url\" content=\"https:\/\/www.yoleoescaparate.com\/?p=151082\" \/>\n\t\t<meta property=\"og:image\" content=\"https:\/\/www.yoleoescaparate.com\/wp-content\/uploads\/santos.jpg\" \/>\n\t\t<meta property=\"og:image:secure_url\" content=\"https:\/\/www.yoleoescaparate.com\/wp-content\/uploads\/santos.jpg\" \/>\n\t\t<meta property=\"og:image:width\" content=\"1200\" \/>\n\t\t<meta property=\"og:image:height\" content=\"675\" \/>\n\t\t<meta property=\"article:published_time\" content=\"2026-09-02T12:33:21+00:00\" \/>\n\t\t<meta property=\"article:modified_time\" content=\"2026-09-02T12:33:26+00:00\" \/>\n\t\t<meta property=\"article:publisher\" content=\"https:\/\/www.facebook.com\/revescaparate\" \/>\n\t\t<meta name=\"twitter:card\" content=\"summary_large_image\" \/>\n\t\t<meta name=\"twitter:site\" content=\"@rev_escaparate\" \/>\n\t\t<meta name=\"twitter:title\" content=\"La Di\u00f3cesis agradece a los calagurritanos su compromiso con el cuidado y la conservaci\u00f3n del patrimonio religioso de Calahorra \u2022 Escaparate\" \/>\n\t\t<meta name=\"twitter:description\" content=\"Con motivo de la celebraci\u00f3n de la fiesta de los Santos M\u00e1rtires Emeterio y Celedonio, la Di\u00f3cesis de Calahorra y La Calzada-Logro\u00f1o quiere expresar p\u00fablicamente su agradecimiento a los calagurritanos por su implicaci\u00f3n constante en el cuidado, mantenimiento y conservaci\u00f3n del importante patrimonio religioso que la Di\u00f3cesis custodia en la ciudad.El obispo de la Di\u00f3cesis\" \/>\n\t\t<meta name=\"twitter:creator\" content=\"@rev_escaparate\" \/>\n\t\t<meta name=\"twitter:image\" content=\"https:\/\/www.yoleoescaparate.com\/wp-content\/uploads\/santos.jpg\" \/>\n\t\t<script type=\"application\/ld+json\" class=\"aioseo-schema\">\n\t\t\t{\"@context\":\"https:\\\/\\\/schema.org\",\"@graph\":[{\"@type\":\"BlogPosting\",\"@id\":\"https:\\\/\\\/www.yoleoescaparate.com\\\/?p=151082#blogposting\",\"name\":\"La Di\\u00f3cesis agradece a los calagurritanos su compromiso con el cuidado y la conservaci\\u00f3n del patrimonio religioso de Calahorra \\u2022 Escaparate\",\"headline\":\"La Di\\u00f3cesis agradece a los calagurritanos su compromiso con el cuidado y la conservaci\\u00f3n del patrimonio religioso de Calahorra\",\"author\":{\"@id\":\"https:\\\/\\\/www.yoleoescaparate.com\\\/?author=1#author\"},\"publisher\":{\"@id\":\"https:\\\/\\\/www.yoleoescaparate.com\\\/#organization\"},\"image\":{\"@type\":\"ImageObject\",\"url\":\"https:\\\/\\\/www.yoleoescaparate.com\\\/wp-content\\\/uploads\\\/santos.jpg\",\"width\":1200,\"height\":675},\"datePublished\":\"2026-09-02T14:33:21+02:00\",\"dateModified\":\"2026-09-02T14:33:26+02:00\",\"inLanguage\":\"es-ES\",\"mainEntityOfPage\":{\"@id\":\"https:\\\/\\\/www.yoleoescaparate.com\\\/?p=151082#webpage\"},\"isPartOf\":{\"@id\":\"https:\\\/\\\/www.yoleoescaparate.com\\\/?p=151082#webpage\"},\"articleSection\":\"Calahorra, Agradecimiento, Calahorra, Conservaci\\u00f3n, Diocesis, Escaparate, Patrimonio\"},{\"@type\":\"BreadcrumbList\",\"@id\":\"https:\\\/\\\/www.yoleoescaparate.com\\\/?p=151082#breadcrumblist\",\"itemListElement\":[{\"@type\":\"ListItem\",\"@id\":\"https:\\\/\\\/www.yoleoescaparate.com#listItem\",\"position\":1,\"name\":\"Home\",\"item\":\"https:\\\/\\\/www.yoleoescaparate.com\",\"nextItem\":{\"@type\":\"ListItem\",\"@id\":\"https:\\\/\\\/www.yoleoescaparate.com\\\/?cat=4#listItem\",\"name\":\"Calahorra\"}},{\"@type\":\"ListItem\",\"@id\":\"https:\\\/\\\/www.yoleoescaparate.com\\\/?cat=4#listItem\",\"position\":2,\"name\":\"Calahorra\",\"item\":\"https:\\\/\\\/www.yoleoescaparate.com\\\/?cat=4\",\"nextItem\":{\"@type\":\"ListItem\",\"@id\":\"https:\\\/\\\/www.yoleoescaparate.com\\\/?p=151082#listItem\",\"name\":\"La Di\\u00f3cesis agradece a los calagurritanos su compromiso con el cuidado y la conservaci\\u00f3n del patrimonio religioso de Calahorra\"},\"previousItem\":{\"@type\":\"ListItem\",\"@id\":\"https:\\\/\\\/www.yoleoescaparate.com#listItem\",\"name\":\"Home\"}},{\"@type\":\"ListItem\",\"@id\":\"https:\\\/\\\/www.yoleoescaparate.com\\\/?p=151082#listItem\",\"position\":3,\"name\":\"La Di\\u00f3cesis agradece a los calagurritanos su compromiso con el cuidado y la conservaci\\u00f3n del patrimonio religioso de Calahorra\",\"previousItem\":{\"@type\":\"ListItem\",\"@id\":\"https:\\\/\\\/www.yoleoescaparate.com\\\/?cat=4#listItem\",\"name\":\"Calahorra\"}}]},{\"@type\":\"Organization\",\"@id\":\"https:\\\/\\\/www.yoleoescaparate.com\\\/#organization\",\"name\":\"Escaparate\",\"description\":\"Informaci\\u00f3n | Noticias | Actualidad\",\"url\":\"https:\\\/\\\/www.yoleoescaparate.com\\\/\",\"logo\":{\"@type\":\"ImageObject\",\"url\":\"https:\\\/\\\/www.yoleoescaparate.com\\\/wp-content\\\/uploads\\\/2022\\\/02\\\/logoF.jpg\",\"@id\":\"https:\\\/\\\/www.yoleoescaparate.com\\\/?p=151082\\\/#organizationLogo\",\"width\":350,\"height\":360},\"image\":{\"@id\":\"https:\\\/\\\/www.yoleoescaparate.com\\\/?p=151082\\\/#organizationLogo\"},\"sameAs\":[\"https:\\\/\\\/www.facebook.com\\\/revescaparate\",\"https:\\\/\\\/twitter.com\\\/rev_escaparate\",\"https:\\\/\\\/www.instagram.com\\\/yoleoescaparate\\\/\",\"https:\\\/\\\/www.youtube.com\\\/channel\\\/UCj1lDjkqSzCH14bZmq-kWsQ\"]},{\"@type\":\"Person\",\"@id\":\"https:\\\/\\\/www.yoleoescaparate.com\\\/?author=1#author\",\"url\":\"https:\\\/\\\/www.yoleoescaparate.com\\\/?author=1\",\"name\":\"Escaparate\",\"image\":{\"@type\":\"ImageObject\",\"@id\":\"https:\\\/\\\/www.yoleoescaparate.com\\\/?p=151082#authorImage\",\"url\":\"https:\\\/\\\/secure.gravatar.com\\\/avatar\\\/d4681a657e3ba11aa052dc7c62193f217364db55960ea15739662b6564b2dafb?s=96&d=mm&r=g\",\"width\":96,\"height\":96,\"caption\":\"Escaparate\"}},{\"@type\":\"WebPage\",\"@id\":\"https:\\\/\\\/www.yoleoescaparate.com\\\/?p=151082#webpage\",\"url\":\"https:\\\/\\\/www.yoleoescaparate.com\\\/?p=151082\",\"name\":\"La Di\\u00f3cesis agradece a los calagurritanos su compromiso con el cuidado y la conservaci\\u00f3n del patrimonio religioso de Calahorra \\u2022 Escaparate\",\"description\":\"Con motivo de la celebraci\\u00f3n de la fiesta de los Santos M\\u00e1rtires Emeterio y Celedonio, la Di\\u00f3cesis de Calahorra y La Calzada-Logro\\u00f1o quiere expresar p\\u00fablicamente su agradecimiento a los calagurritanos por su implicaci\\u00f3n constante en el cuidado, mantenimiento y conservaci\\u00f3n del importante patrimonio religioso que la Di\\u00f3cesis custodia en la ciudad.El obispo de la Di\\u00f3cesis\",\"inLanguage\":\"es-ES\",\"isPartOf\":{\"@id\":\"https:\\\/\\\/www.yoleoescaparate.com\\\/#website\"},\"breadcrumb\":{\"@id\":\"https:\\\/\\\/www.yoleoescaparate.com\\\/?p=151082#breadcrumblist\"},\"author\":{\"@id\":\"https:\\\/\\\/www.yoleoescaparate.com\\\/?author=1#author\"},\"creator\":{\"@id\":\"https:\\\/\\\/www.yoleoescaparate.com\\\/?author=1#author\"},\"image\":{\"@type\":\"ImageObject\",\"url\":\"https:\\\/\\\/www.yoleoescaparate.com\\\/wp-content\\\/uploads\\\/santos.jpg\",\"@id\":\"https:\\\/\\\/www.yoleoescaparate.com\\\/?p=151082\\\/#mainImage\",\"width\":1200,\"height\":675},\"primaryImageOfPage\":{\"@id\":\"https:\\\/\\\/www.yoleoescaparate.com\\\/?p=151082#mainImage\"},\"datePublished\":\"2026-09-02T14:33:21+02:00\",\"dateModified\":\"2026-09-02T14:33:26+02:00\"},{\"@type\":\"WebSite\",\"@id\":\"https:\\\/\\\/www.yoleoescaparate.com\\\/#website\",\"url\":\"https:\\\/\\\/www.yoleoescaparate.com\\\/\",\"name\":\"Escaparate\",\"description\":\"Informaci\\u00f3n | Noticias | Actualidad\",\"inLanguage\":\"es-ES\",\"publisher\":{\"@id\":\"https:\\\/\\\/www.yoleoescaparate.com\\\/#organization\"}}]}\n\t\t<\/script>\n\t\t<!-- All in One SEO -->\n\n","aioseo_head_json":{"title":"La Di\u00f3cesis agradece a los calagurritanos su compromiso con el cuidado y la conservaci\u00f3n del patrimonio religioso de Calahorra \u2022 Escaparate","description":"Con motivo de la celebraci\u00f3n de la fiesta de los Santos M\u00e1rtires Emeterio y Celedonio, la Di\u00f3cesis de Calahorra y La Calzada-Logro\u00f1o quiere expresar p\u00fablicamente su agradecimiento a los calagurritanos por su implicaci\u00f3n constante en el cuidado, mantenimiento y conservaci\u00f3n del importante patrimonio religioso que la Di\u00f3cesis custodia en la ciudad.El obispo de la Di\u00f3cesis","canonical_url":"https:\/\/www.yoleoescaparate.com\/?p=151082","robots":"max-image-preview:large","keywords":"","webmasterTools":{"google-site-verification":"OQV8mvJF6pBZ9RiZ8C9O86ahYB3C05wO-omz3Nejrsc","miscellaneous":""},"schema":{"@context":"https:\/\/schema.org","@graph":[{"@type":"BlogPosting","@id":"https:\/\/www.yoleoescaparate.com\/?p=151082#blogposting","name":"La Di\u00f3cesis agradece a los calagurritanos su compromiso con el cuidado y la conservaci\u00f3n del patrimonio religioso de Calahorra \u2022 Escaparate","headline":"La Di\u00f3cesis agradece a los calagurritanos su compromiso con el cuidado y la conservaci\u00f3n del patrimonio religioso de Calahorra","author":{"@id":"https:\/\/www.yoleoescaparate.com\/?author=1#author"},"publisher":{"@id":"https:\/\/www.yoleoescaparate.com\/#organization"},"image":{"@type":"ImageObject","url":"https:\/\/www.yoleoescaparate.com\/wp-content\/uploads\/santos.jpg","width":1200,"height":675},"datePublished":"2026-09-02T14:33:21+02:00","dateModified":"2026-09-02T14:33:26+02:00","inLanguage":"es-ES","mainEntityOfPage":{"@id":"https:\/\/www.yoleoescaparate.com\/?p=151082#webpage"},"isPartOf":{"@id":"https:\/\/www.yoleoescaparate.com\/?p=151082#webpage"},"articleSection":"Calahorra, Agradecimiento, Calahorra, Conservaci\u00f3n, Diocesis, Escaparate, Patrimonio"},{"@type":"BreadcrumbList","@id":"https:\/\/www.yoleoescaparate.com\/?p=151082#breadcrumblist","itemListElement":[{"@type":"ListItem","@id":"https:\/\/www.yoleoescaparate.com#listItem","position":1,"name":"Home","item":"https:\/\/www.yoleoescaparate.com","nextItem":{"@type":"ListItem","@id":"https:\/\/www.yoleoescaparate.com\/?cat=4#listItem","name":"Calahorra"}},{"@type":"ListItem","@id":"https:\/\/www.yoleoescaparate.com\/?cat=4#listItem","position":2,"name":"Calahorra","item":"https:\/\/www.yoleoescaparate.com\/?cat=4","nextItem":{"@type":"ListItem","@id":"https:\/\/www.yoleoescaparate.com\/?p=151082#listItem","name":"La Di\u00f3cesis agradece a los calagurritanos su compromiso con el cuidado y la conservaci\u00f3n del patrimonio religioso de Calahorra"},"previousItem":{"@type":"ListItem","@id":"https:\/\/www.yoleoescaparate.com#listItem","name":"Home"}},{"@type":"ListItem","@id":"https:\/\/www.yoleoescaparate.com\/?p=151082#listItem","position":3,"name":"La Di\u00f3cesis agradece a los calagurritanos su compromiso con el cuidado y la conservaci\u00f3n del patrimonio religioso de Calahorra","previousItem":{"@type":"ListItem","@id":"https:\/\/www.yoleoescaparate.com\/?cat=4#listItem","name":"Calahorra"}}]},{"@type":"Organization","@id":"https:\/\/www.yoleoescaparate.com\/#organization","name":"Escaparate","description":"Informaci\u00f3n | Noticias | Actualidad","url":"https:\/\/www.yoleoescaparate.com\/","logo":{"@type":"ImageObject","url":"https:\/\/www.yoleoescaparate.com\/wp-content\/uploads\/2022\/02\/logoF.jpg","@id":"https:\/\/www.yoleoescaparate.com\/?p=151082\/#organizationLogo","width":350,"height":360},"image":{"@id":"https:\/\/www.yoleoescaparate.com\/?p=151082\/#organizationLogo"},"sameAs":["https:\/\/www.facebook.com\/revescaparate","https:\/\/twitter.com\/rev_escaparate","https:\/\/www.instagram.com\/yoleoescaparate\/","https:\/\/www.youtube.com\/channel\/UCj1lDjkqSzCH14bZmq-kWsQ"]},{"@type":"Person","@id":"https:\/\/www.yoleoescaparate.com\/?author=1#author","url":"https:\/\/www.yoleoescaparate.com\/?author=1","name":"Escaparate","image":{"@type":"ImageObject","@id":"https:\/\/www.yoleoescaparate.com\/?p=151082#authorImage","url":"https:\/\/secure.gravatar.com\/avatar\/d4681a657e3ba11aa052dc7c62193f217364db55960ea15739662b6564b2dafb?s=96&d=mm&r=g","width":96,"height":96,"caption":"Escaparate"}},{"@type":"WebPage","@id":"https:\/\/www.yoleoescaparate.com\/?p=151082#webpage","url":"https:\/\/www.yoleoescaparate.com\/?p=151082","name":"La Di\u00f3cesis agradece a los calagurritanos su compromiso con el cuidado y la conservaci\u00f3n del patrimonio religioso de Calahorra \u2022 Escaparate","description":"Con motivo de la celebraci\u00f3n de la fiesta de los Santos M\u00e1rtires Emeterio y Celedonio, la Di\u00f3cesis de Calahorra y La Calzada-Logro\u00f1o quiere expresar p\u00fablicamente su agradecimiento a los calagurritanos por su implicaci\u00f3n constante en el cuidado, mantenimiento y conservaci\u00f3n del importante patrimonio religioso que la Di\u00f3cesis custodia en la ciudad.El obispo de la Di\u00f3cesis","inLanguage":"es-ES","isPartOf":{"@id":"https:\/\/www.yoleoescaparate.com\/#website"},"breadcrumb":{"@id":"https:\/\/www.yoleoescaparate.com\/?p=151082#breadcrumblist"},"author":{"@id":"https:\/\/www.yoleoescaparate.com\/?author=1#author"},"creator":{"@id":"https:\/\/www.yoleoescaparate.com\/?author=1#author"},"image":{"@type":"ImageObject","url":"https:\/\/www.yoleoescaparate.com\/wp-content\/uploads\/santos.jpg","@id":"https:\/\/www.yoleoescaparate.com\/?p=151082\/#mainImage","width":1200,"height":675},"primaryImageOfPage":{"@id":"https:\/\/www.yoleoescaparate.com\/?p=151082#mainImage"},"datePublished":"2026-09-02T14:33:21+02:00","dateModified":"2026-09-02T14:33:26+02:00"},{"@type":"WebSite","@id":"https:\/\/www.yoleoescaparate.com\/#website","url":"https:\/\/www.yoleoescaparate.com\/","name":"Escaparate","description":"Informaci\u00f3n | Noticias | Actualidad","inLanguage":"es-ES","publisher":{"@id":"https:\/\/www.yoleoescaparate.com\/#organization"}}]},"og:locale":"es_ES","og:site_name":"Escaparate \u2022 Informaci\u00f3n | Noticias | Actualidad","og:type":"article","og:title":"La Di\u00f3cesis agradece a los calagurritanos su compromiso con el cuidado y la conservaci\u00f3n del patrimonio religioso de Calahorra \u2022 Escaparate","og:description":"Con motivo de la celebraci\u00f3n de la fiesta de los Santos M\u00e1rtires Emeterio y Celedonio, la Di\u00f3cesis de Calahorra y La Calzada-Logro\u00f1o quiere expresar p\u00fablicamente su agradecimiento a los calagurritanos por su implicaci\u00f3n constante en el cuidado, mantenimiento y conservaci\u00f3n del importante patrimonio religioso que la Di\u00f3cesis custodia en la ciudad.El obispo de la Di\u00f3cesis","og:url":"https:\/\/www.yoleoescaparate.com\/?p=151082","og:image":"https:\/\/www.yoleoescaparate.com\/wp-content\/uploads\/santos.jpg","og:image:secure_url":"https:\/\/www.yoleoescaparate.com\/wp-content\/uploads\/santos.jpg","og:image:width":1200,"og:image:height":675,"article:published_time":"2026-09-02T12:33:21+00:00","article:modified_time":"2026-09-02T12:33:26+00:00","article:publisher":"https:\/\/www.facebook.com\/revescaparate","twitter:card":"summary_large_image","twitter:site":"@rev_escaparate","twitter:title":"La Di\u00f3cesis agradece a los calagurritanos su compromiso con el cuidado y la conservaci\u00f3n del patrimonio religioso de Calahorra \u2022 Escaparate","twitter:description":"Con motivo de la celebraci\u00f3n de la fiesta de los Santos M\u00e1rtires Emeterio y Celedonio, la Di\u00f3cesis de Calahorra y La Calzada-Logro\u00f1o quiere expresar p\u00fablicamente su agradecimiento a los calagurritanos por su implicaci\u00f3n constante en el cuidado, mantenimiento y conservaci\u00f3n del importante patrimonio religioso que la Di\u00f3cesis custodia en la ciudad.El obispo de la Di\u00f3cesis","twitter:creator":"@rev_escaparate","twitter:image":"https:\/\/www.yoleoescaparate.com\/wp-content\/uploads\/santos.jpg"},"aioseo_meta_data":{"post_id":"151082","title":null,"description":null,"keywords":null,"keyphrases":{"focus":{"keyphrase":"","score":0,"analysis":{"keyphraseInTitle":{"score":0,"maxScore":9,"error":1}}},"additional":[]},"primary_term":null,"canonical_url":null,"og_title":null,"og_description":null,"og_object_type":"default","og_image_type":"default","og_image_url":null,"og_image_width":null,"og_image_height":null,"og_image_custom_url":null,"og_image_custom_fields":null,"og_video":"","og_custom_url":null,"og_article_section":null,"og_article_tags":null,"twitter_use_og":true,"twitter_card":"default","twitter_image_type":"default","twitter_image_url":null,"twitter_image_custom_url":null,"twitter_image_custom_fields":null,"twitter_title":null,"twitter_description":null,"schema":{"blockGraphs":[],"customGraphs":[],"default":{"data":{"Article":[],"Course":[],"Dataset":[],"FAQPage":[],"Movie":[],"Person":[],"Product":[],"ProductReview":[],"Car":[],"Recipe":[],"Service":[],"SoftwareApplication":[],"WebPage":[]},"graphName":"BlogPosting","isEnabled":true},"graphs":[]},"schema_type":"default","schema_type_options":null,"pillar_content":false,"robots_default":true,"robots_noindex":false,"robots_noarchive":false,"robots_nosnippet":false,"robots_nofollow":false,"robots_noimageindex":false,"robots_noodp":false,"robots_notranslate":false,"robots_max_snippet":"-1","robots_max_videopreview":"-1","robots_max_imagepreview":"large","priority":null,"frequency":"default","local_seo":null,"breadcrumb_settings":null,"limit_modified_date":false,"ai":{"faqs":[],"keyPoints":[],"schemas":[],"titles":[],"descriptions":[],"socialPosts":{"email":{"subject":"","preview":"","content":""},"linkedin":[],"twitter":[],"facebook":[],"instagram":[]}},"created":"2026-09-02 12:33:26","updated":"2026-09-02 12:33:37","seo_analyzer_scan_date":null},"aioseo_breadcrumb":"<div class=\"aioseo-breadcrumbs\"><span class=\"aioseo-breadcrumb\">\n\t\t\t<a href=\"https:\/\/www.yoleoescaparate.com\" title=\"Home\">Home<\/a>\n\t\t<\/span><span class=\"aioseo-breadcrumb-separator\">&raquo;<\/span><span class=\"aioseo-breadcrumb\">\n\t\t\t<a href=\"https:\/\/www.yoleoescaparate.com\/?cat=4\" title=\"Calahorra\">Calahorra<\/a>\n\t\t<\/span><span class=\"aioseo-breadcrumb-separator\">&raquo;<\/span><span class=\"aioseo-breadcrumb\">\n\t\t\tLa Di\u00f3cesis agradece a los calagurritanos su compromiso con el cuidado y la conservaci\u00f3n del patrimonio religioso de Calahorra\n\t\t<\/span><\/div>","aioseo_breadcrumb_json":[{"label":"Home","link":"https:\/\/www.yoleoescaparate.com"},{"label":"Calahorra","link":"https:\/\/www.yoleoescaparate.com\/?cat=4"},{"label":"La Di\u00f3cesis agradece a los calagurritanos su compromiso con el cuidado y la conservaci\u00f3n del patrimonio religioso de Calahorra","link":"https:\/\/www.yoleoescaparate.com\/?p=151082"}],"_links":{"self":[{"href":"https:\/\/www.yoleoescaparate.com\/index.php?rest_route=\/wp\/v2\/posts\/151082","targetHints":{"allow":["GET"]}}],"collection":[{"href":"https:\/\/www.yoleoescaparate.com\/index.php?rest_route=\/wp\/v2\/posts"}],"about":[{"href":"https:\/\/www.yoleoescaparate.com\/index.php?rest_route=\/wp\/v2\/types\/post"}],"author":[{"embeddable":true,"href":"https:\/\/www.yoleoescaparate.com\/index.php?rest_route=\/wp\/v2\/users\/1"}],"replies":[{"embeddable":true,"href":"https:\/\/www.yoleoescaparate.com\/index.php?rest_route=%2Fwp%2Fv2%2Fcomments&post=151082"}],"version-history":[{"count":1,"href":"https:\/\/www.yoleoescaparate.com\/index.php?rest_route=\/wp\/v2\/posts\/151082\/revisions"}],"predecessor-version":[{"id":151084,"href":"https:\/\/www.yoleoescaparate.com\/index.php?rest_route=\/wp\/v2\/posts\/151082\/revisions\/151084"}],"wp:featuredmedia":[{"embeddable":true,"href":"https:\/\/www.yoleoescaparate.com\/index.php?rest_route=\/wp\/v2\/media\/151083"}],"wp:attachment":[{"href":"https:\/\/www.yoleoescaparate.com\/index.php?rest_route=%2Fwp%2Fv2%2Fmedia&parent=151082"}],"wp:term":[{"taxonomy":"category","embeddable":true,"href":"https:\/\/www.yoleoescaparate.com\/index.php?rest_route=%2Fwp%2Fv2%2Fcategories&post=151082"},{"taxonomy":"post_tag","embeddable":true,"href":"https:\/\/www.yoleoescaparate.com\/index.php?rest_route=%2Fwp%2Fv2%2Ftags&post=151082"}],"curies":[{"name":"wp","href":"https:\/\/api.w.org\/{rel}","templated":true}]}}