{"id":151091,"date":"2026-09-02T16:02:11","date_gmt":"2026-09-02T14:02:11","guid":{"rendered":"https:\/\/www.yoleoescaparate.com\/?p=151091"},"modified":"2026-09-02T20:04:37","modified_gmt":"2026-09-02T18:04:37","slug":"alfaro-vive-ya-las-fiestas-de-la-virgen-del-burgo","status":"publish","type":"post","link":"https:\/\/www.yoleoescaparate.com\/?p=151091","title":{"rendered":"Alfaro vive ya las fiestas de la Virgen del Burgo"},"content":{"rendered":"\n<!--more-->\n\n\n\n<p class=\"wp-block-paragraph\">Hasta el 7 de septiembre Alfaro va a disfrutar de las fiestas en honor de la Virgen del Burgo.<\/p>\n\n\n\n<p class=\"wp-block-paragraph\">HASTA EL 7 DE SEPTIEMBRE<\/p>\n\n\n\n<p class=\"wp-block-paragraph\">SOLEMNE NOVENA A SANTA MAR\u00cdA DEL BURGO<br>10:00 Misa (La novena se har\u00e1 de forma m\u00e1s breve) <\/p>\n\n\n\n<p class=\"wp-block-paragraph\">19:30 Rosario y Gozosa La Virgen. <\/p>\n\n\n\n<p class=\"wp-block-paragraph\">20:00 Eucarist\u00eda y Novena Solemne. <\/p>\n\n\n\n<p class=\"wp-block-paragraph\">(En las eucarist\u00edas de Las 20,00 horas encomienda a los difuntos de la Cofrad\u00eda de la Virgen del Burgo)<br>Durante La Novena, se recoger\u00e1n donativos para Caritas Parroquial se dejar\u00e1n en una mesa a los pies de La Virgen.<\/p>\n\n\n\n<p class=\"wp-block-paragraph\">VIERNES 4 DE SEPTIEMBRE<br>21:00 VAYA NOCHECITA<br>Lugar: Plaza Esperanza.<br>Inscripciones: Desde Las 20:00 h.<br>Participantes: A partir de 11 a\u00f1os (nacidos en 2015). Grupos m\u00e1ximode 10 personas.<br>Premio a los 3 primeros equipos clasificados.<br>Colaboran: Asociacionesjuvenilesy deportivas.<br>21:30 ACTUACI\u00d3N ASOCIACI\u00d3N AMIGOS DE LA JOTA dirigida por Diego Urmeneta.<br>Lugar: El Trinquete.<br><\/p>\n\n\n\n<p class=\"wp-block-paragraph\">S\u00c1BADO 5 DE SEPTIEMBRE \/ NUEVA TEMPORADA DE LA LUDOTECA MUNICIPAL<br>Temporada 2026-2027<br>Fecha deapertura: S\u00e1bado 5 de septiembre.<br>Horarios: S\u00e1bados de17:00 a 22:00 h; domingos y festivos de 17:00 a 20:30 h.<br>Lugar: Plaza Esperanza.<br>Dirigido a ni\u00f1os\/as entre 8 y 12 a\u00f1os.<br>Cuota: 20euros\/a\u00f1o. Inscripciones: En la OAC del Ayuntamiento de Alfaro.<br>18:00 A 19:30 ENCIERRO RESES BRAVAS.<br>Ganader\u00eda Enrique Dom\u00ednguez. Recorrido habitual del Burgo.<br>19:30 VAYATARDECITA.<br>Lugar: Plaza Esperanza.<br>Inscripciones: Desde las18:30 h.<br>Participantes: Ni\u00f1os\/as entre 8 y 10 a\u00f1os (nacidos en 2016, 2017 y 2018).<br>Premio a los 3 primeros equipos clasificados.<br>Colaboran: Asociaciones juvenilesy deportivas.<br>De 19:30 a 22:00 Fiesta con Dj Numak en la Pe\u00f1a del Real Madrid.<br>Organiza: Pe\u00f1a Real Madrid Alfaro.<br>Colabora: Cafeter\u00eda El Cielo.<br>ACTUACION DE \u00abLORD BYRON\u00bb VERSIONES POPROCK. De 22:00 a 00:30 horas. Lugar: PlazaTrinquete.<\/p>\n\n\n\n<p class=\"wp-block-paragraph\">DOMINGO 6 DE SEPTIEMBRE<br>11:30 a 13:00 SUELTA DE RESES BRAVAS.<br>Ganader\u00eda Pablo Rodr\u00edguez. Recorrido habitual del Burgo.<br>19:00 TRASHUMANCIA de BUEYES. Recorrido de calle Tejer\u00edas hasta cruce puerta Tudela con calle Trasmuro.<br>21:00 ACTUACION MUSICAL DE &#8216;JESUSES AND MORE\u00bb<br>Lugar: El Trinquete.<\/p>\n\n\n\n<p class=\"wp-block-paragraph\">LUNES 7 DE SEPTIEMBRE<\/p>\n\n\n\n<p class=\"wp-block-paragraph\">22:00 &#8216;ACTUACION MUSICAL DI-VERSIONES by ENAY\u00bb<\/p>\n\n\n\n<p class=\"wp-block-paragraph\">Lugar: El Trinquete.<\/p>\n\n\n\n<p class=\"wp-block-paragraph\">MARTES 8 DE SEPTIEMBRE<\/p>\n\n\n\n<p class=\"wp-block-paragraph\">05:00 AURORA DE LA VIRGEN DEL BURGO.<br>(Salida desde la iglesia de Santa Mar\u00eda del Burgo).<br>Al concluir la Aurora se iniciar\u00e1 el Rosario hasta llegara la burgo para terminarlo ante la Virgen<br>10:00 Santa Misa en el Burgo.<br>OFRENDA de flores a La Virgen en la iglesia del Burgo de 11:00 a14:30 y de17:00 a19:30. <\/p>\n\n\n\n<p class=\"wp-block-paragraph\">11:30 a 13:00 h. SUELTA DE RESES BRAVAS.<br>Ganader\u00eda Pablo Rodr\u00edguez. Recorrido habitual del Burgo.<br>13:15 TRASHUMANCIA de BUEYES. Recorrido de calle Tejer\u00edas hasta cruce puerta Tudela con calleTrasmuro. <\/p>\n\n\n\n<p class=\"wp-block-paragraph\">19:30 Salida del Burgo en Procesi\u00f3n con la Virgen a la Colegiata de San Miguel.<\/p>\n\n\n\n<p class=\"wp-block-paragraph\">20:00 Eucarist\u00eda Solemne en la iglesia de San Miguel (Presidida por el Excmo. Y Rvdmo. Sr. Obispo D. Santos Montoya Torres). Seguidamente vuelta en procesi\u00f3n a la Iglesia del Burgo a colocar a la Virgen en el Camar\u00edn y cantarle la salve.<br><\/p>\n\n\n\n<p class=\"wp-block-paragraph\">DOMINGO 13 DE SEPTIEMBRE<br>OPEN DE OTO\u00d1O TROFEO CIUDAD DE ALFARO<br>09:45 h. Escuelas. <\/p>\n\n\n\n<p class=\"wp-block-paragraph\">12:00 h Resto de categor\u00edas.<br>Lugar: Campo de F\u00fatbol La Molineta.<br>Organiza: Club Ciclista Gracus.<br><\/p>\n\n\n\n<p class=\"wp-block-paragraph\">18:00 PRIMER PARTIDO DE F\u00daTBOL DE LA TEMPORADA 2026 \/ 2027<br>C.D. ALFARO-C.F. YAG\u00dcE<br>Lugar: Anexo Campo de F\u00fatbol La Molineta.<\/p>\n\n\n\n<p class=\"wp-block-paragraph\">El Ayuntamiento de Alfaro nos informa de alguna actividades preparadas para este mes de septiembre.<\/p>\n\n\n\n<p class=\"wp-block-paragraph\">S\u00e1bado 19 de septiembre<br>1:00 Eoloshybrid Alfaro<br>Lugar: Plaza de Toros.<br>Inscripciones: En <a href=\"http:\/\/www.deporticket.com\">www.deporticket.com<\/a>.<\/p>\n\n\n\n<p class=\"wp-block-paragraph\">Domingo 20 de septiembre<br>10:00 Ruta Jacobea del Ebro<br>Salida: Rinc\u00f3n de Soto.<br>Llegada: Plaza Espa\u00f1a &#8211; Aliara.<\/p>\n\n\n\n<p class=\"wp-block-paragraph\">S\u00e1bado 26 de septiembre<br>Voy y vengo-Corella<br>Servicio de autob\u00fas para asistir a fiestas de Corella. Imprescindible compra anticipada de<br>tickets en alfarocultura.sacatuentrada.es o en e l t\u00f3tem del Ayuntamiento.<br>Horarios de salida: 22:30,23:15,00:00 y 01:00 de La noche.<br>Horarios de regreso: 04:00,05:00,06:00 y 07:00 de la ma\u00f1ana.<br>Precio: 5 \u20ac.<\/p>\n\n\n\n<p class=\"wp-block-paragraph\">S\u00e1bado 26 y domingo 27 de septiembre<br>Festival Artencalle<\/p>\n","protected":false},"excerpt":{"rendered":"","protected":false},"author":1,"featured_media":151092,"comment_status":"open","ping_status":"open","sticky":false,"template":"","format":"standard","meta":{"colormag_page_container_layout":"default_layout","colormag_page_sidebar_layout":"default_layout","om_disable_all_campaigns":false,"_monsterinsights_skip_tracking":false,"_monsterinsights_sitenote_active":false,"_monsterinsights_sitenote_note":"","_monsterinsights_sitenote_category":0,"footnotes":""},"categories":[5],"tags":[72,12,200,797],"class_list":["post-151091","post","type-post","status-publish","format-standard","has-post-thumbnail","hentry","category-alfaro","tag-alfaro","tag-escaparate","tag-fiestas","tag-virgen-del-burgo"],"aioseo_notices":[],"aioseo_head":"\n\t\t<!-- All in One SEO 4.9.10 - aioseo.com -->\n\t<meta name=\"description\" content=\"Hasta el 7 de septiembre Alfaro va a disfrutar de las fiestas en honor de la Virgen del Burgo. HASTA EL 7 DE SEPTIEMBRE SOLEMNE NOVENA A SANTA MAR\u00cdA DEL BURGO10:00 Misa (La novena se har\u00e1 de forma m\u00e1s breve) 19:30 Rosario y Gozosa La Virgen. 20:00 Eucarist\u00eda y Novena Solemne. (En las eucarist\u00edas de\" \/>\n\t<meta name=\"robots\" content=\"max-image-preview:large\" \/>\n\t<meta name=\"author\" content=\"Escaparate\"\/>\n\t<meta name=\"google-site-verification\" content=\"OQV8mvJF6pBZ9RiZ8C9O86ahYB3C05wO-omz3Nejrsc\" \/>\n\t<link rel=\"canonical\" href=\"https:\/\/www.yoleoescaparate.com\/?p=151091\" \/>\n\t<meta name=\"generator\" content=\"All in One SEO (AIOSEO) 4.9.10\" \/>\n\t\t<meta property=\"og:locale\" content=\"es_ES\" \/>\n\t\t<meta property=\"og:site_name\" content=\"Escaparate \u2022 Informaci\u00f3n | Noticias | Actualidad\" \/>\n\t\t<meta property=\"og:type\" content=\"article\" \/>\n\t\t<meta property=\"og:title\" content=\"Alfaro vive ya las fiestas de la Virgen del Burgo \u2022 Escaparate\" \/>\n\t\t<meta property=\"og:description\" content=\"Hasta el 7 de septiembre Alfaro va a disfrutar de las fiestas en honor de la Virgen del Burgo. HASTA EL 7 DE SEPTIEMBRE SOLEMNE NOVENA A SANTA MAR\u00cdA DEL BURGO10:00 Misa (La novena se har\u00e1 de forma m\u00e1s breve) 19:30 Rosario y Gozosa La Virgen. 20:00 Eucarist\u00eda y Novena Solemne. (En las eucarist\u00edas de\" \/>\n\t\t<meta property=\"og:url\" content=\"https:\/\/www.yoleoescaparate.com\/?p=151091\" \/>\n\t\t<meta property=\"og:image\" content=\"https:\/\/www.yoleoescaparate.com\/wp-content\/uploads\/burgo-1.jpg\" \/>\n\t\t<meta property=\"og:image:secure_url\" content=\"https:\/\/www.yoleoescaparate.com\/wp-content\/uploads\/burgo-1.jpg\" \/>\n\t\t<meta property=\"og:image:width\" content=\"1200\" \/>\n\t\t<meta property=\"og:image:height\" content=\"675\" \/>\n\t\t<meta property=\"article:published_time\" content=\"2026-09-02T14:02:11+00:00\" \/>\n\t\t<meta property=\"article:modified_time\" content=\"2026-09-02T18:04:37+00:00\" \/>\n\t\t<meta property=\"article:publisher\" content=\"https:\/\/www.facebook.com\/revescaparate\" \/>\n\t\t<meta name=\"twitter:card\" content=\"summary_large_image\" \/>\n\t\t<meta name=\"twitter:site\" content=\"@rev_escaparate\" \/>\n\t\t<meta name=\"twitter:title\" content=\"Alfaro vive ya las fiestas de la Virgen del Burgo \u2022 Escaparate\" \/>\n\t\t<meta name=\"twitter:description\" content=\"Hasta el 7 de septiembre Alfaro va a disfrutar de las fiestas en honor de la Virgen del Burgo. HASTA EL 7 DE SEPTIEMBRE SOLEMNE NOVENA A SANTA MAR\u00cdA DEL BURGO10:00 Misa (La novena se har\u00e1 de forma m\u00e1s breve) 19:30 Rosario y Gozosa La Virgen. 20:00 Eucarist\u00eda y Novena Solemne. (En las eucarist\u00edas de\" \/>\n\t\t<meta name=\"twitter:creator\" content=\"@rev_escaparate\" \/>\n\t\t<meta name=\"twitter:image\" content=\"https:\/\/www.yoleoescaparate.com\/wp-content\/uploads\/burgo-1.jpg\" \/>\n\t\t<script type=\"application\/ld+json\" class=\"aioseo-schema\">\n\t\t\t{\"@context\":\"https:\\\/\\\/schema.org\",\"@graph\":[{\"@type\":\"BlogPosting\",\"@id\":\"https:\\\/\\\/www.yoleoescaparate.com\\\/?p=151091#blogposting\",\"name\":\"Alfaro vive ya las fiestas de la Virgen del Burgo \\u2022 Escaparate\",\"headline\":\"Alfaro vive ya las fiestas de la Virgen del Burgo\",\"author\":{\"@id\":\"https:\\\/\\\/www.yoleoescaparate.com\\\/?author=1#author\"},\"publisher\":{\"@id\":\"https:\\\/\\\/www.yoleoescaparate.com\\\/#organization\"},\"image\":{\"@type\":\"ImageObject\",\"url\":\"https:\\\/\\\/www.yoleoescaparate.com\\\/wp-content\\\/uploads\\\/burgo-1.jpg\",\"width\":1200,\"height\":675},\"datePublished\":\"2026-09-02T16:02:11+02:00\",\"dateModified\":\"2026-09-02T20:04:37+02:00\",\"inLanguage\":\"es-ES\",\"mainEntityOfPage\":{\"@id\":\"https:\\\/\\\/www.yoleoescaparate.com\\\/?p=151091#webpage\"},\"isPartOf\":{\"@id\":\"https:\\\/\\\/www.yoleoescaparate.com\\\/?p=151091#webpage\"},\"articleSection\":\"Alfaro, Alfaro, Escaparate, fiestas, Virgen del Burgo\"},{\"@type\":\"BreadcrumbList\",\"@id\":\"https:\\\/\\\/www.yoleoescaparate.com\\\/?p=151091#breadcrumblist\",\"itemListElement\":[{\"@type\":\"ListItem\",\"@id\":\"https:\\\/\\\/www.yoleoescaparate.com#listItem\",\"position\":1,\"name\":\"Home\",\"item\":\"https:\\\/\\\/www.yoleoescaparate.com\",\"nextItem\":{\"@type\":\"ListItem\",\"@id\":\"https:\\\/\\\/www.yoleoescaparate.com\\\/?cat=5#listItem\",\"name\":\"Alfaro\"}},{\"@type\":\"ListItem\",\"@id\":\"https:\\\/\\\/www.yoleoescaparate.com\\\/?cat=5#listItem\",\"position\":2,\"name\":\"Alfaro\",\"item\":\"https:\\\/\\\/www.yoleoescaparate.com\\\/?cat=5\",\"nextItem\":{\"@type\":\"ListItem\",\"@id\":\"https:\\\/\\\/www.yoleoescaparate.com\\\/?p=151091#listItem\",\"name\":\"Alfaro vive ya las fiestas de la Virgen del Burgo\"},\"previousItem\":{\"@type\":\"ListItem\",\"@id\":\"https:\\\/\\\/www.yoleoescaparate.com#listItem\",\"name\":\"Home\"}},{\"@type\":\"ListItem\",\"@id\":\"https:\\\/\\\/www.yoleoescaparate.com\\\/?p=151091#listItem\",\"position\":3,\"name\":\"Alfaro vive ya las fiestas de la Virgen del Burgo\",\"previousItem\":{\"@type\":\"ListItem\",\"@id\":\"https:\\\/\\\/www.yoleoescaparate.com\\\/?cat=5#listItem\",\"name\":\"Alfaro\"}}]},{\"@type\":\"Organization\",\"@id\":\"https:\\\/\\\/www.yoleoescaparate.com\\\/#organization\",\"name\":\"Escaparate\",\"description\":\"Informaci\\u00f3n | Noticias | Actualidad\",\"url\":\"https:\\\/\\\/www.yoleoescaparate.com\\\/\",\"logo\":{\"@type\":\"ImageObject\",\"url\":\"https:\\\/\\\/www.yoleoescaparate.com\\\/wp-content\\\/uploads\\\/2022\\\/02\\\/logoF.jpg\",\"@id\":\"https:\\\/\\\/www.yoleoescaparate.com\\\/?p=151091\\\/#organizationLogo\",\"width\":350,\"height\":360},\"image\":{\"@id\":\"https:\\\/\\\/www.yoleoescaparate.com\\\/?p=151091\\\/#organizationLogo\"},\"sameAs\":[\"https:\\\/\\\/www.facebook.com\\\/revescaparate\",\"https:\\\/\\\/twitter.com\\\/rev_escaparate\",\"https:\\\/\\\/www.instagram.com\\\/yoleoescaparate\\\/\",\"https:\\\/\\\/www.youtube.com\\\/channel\\\/UCj1lDjkqSzCH14bZmq-kWsQ\"]},{\"@type\":\"Person\",\"@id\":\"https:\\\/\\\/www.yoleoescaparate.com\\\/?author=1#author\",\"url\":\"https:\\\/\\\/www.yoleoescaparate.com\\\/?author=1\",\"name\":\"Escaparate\",\"image\":{\"@type\":\"ImageObject\",\"@id\":\"https:\\\/\\\/www.yoleoescaparate.com\\\/?p=151091#authorImage\",\"url\":\"https:\\\/\\\/secure.gravatar.com\\\/avatar\\\/d4681a657e3ba11aa052dc7c62193f217364db55960ea15739662b6564b2dafb?s=96&d=mm&r=g\",\"width\":96,\"height\":96,\"caption\":\"Escaparate\"}},{\"@type\":\"WebPage\",\"@id\":\"https:\\\/\\\/www.yoleoescaparate.com\\\/?p=151091#webpage\",\"url\":\"https:\\\/\\\/www.yoleoescaparate.com\\\/?p=151091\",\"name\":\"Alfaro vive ya las fiestas de la Virgen del Burgo \\u2022 Escaparate\",\"description\":\"Hasta el 7 de septiembre Alfaro va a disfrutar de las fiestas en honor de la Virgen del Burgo. HASTA EL 7 DE SEPTIEMBRE SOLEMNE NOVENA A SANTA MAR\\u00cdA DEL BURGO10:00 Misa (La novena se har\\u00e1 de forma m\\u00e1s breve) 19:30 Rosario y Gozosa La Virgen. 20:00 Eucarist\\u00eda y Novena Solemne. (En las eucarist\\u00edas de\",\"inLanguage\":\"es-ES\",\"isPartOf\":{\"@id\":\"https:\\\/\\\/www.yoleoescaparate.com\\\/#website\"},\"breadcrumb\":{\"@id\":\"https:\\\/\\\/www.yoleoescaparate.com\\\/?p=151091#breadcrumblist\"},\"author\":{\"@id\":\"https:\\\/\\\/www.yoleoescaparate.com\\\/?author=1#author\"},\"creator\":{\"@id\":\"https:\\\/\\\/www.yoleoescaparate.com\\\/?author=1#author\"},\"image\":{\"@type\":\"ImageObject\",\"url\":\"https:\\\/\\\/www.yoleoescaparate.com\\\/wp-content\\\/uploads\\\/burgo-1.jpg\",\"@id\":\"https:\\\/\\\/www.yoleoescaparate.com\\\/?p=151091\\\/#mainImage\",\"width\":1200,\"height\":675},\"primaryImageOfPage\":{\"@id\":\"https:\\\/\\\/www.yoleoescaparate.com\\\/?p=151091#mainImage\"},\"datePublished\":\"2026-09-02T16:02:11+02:00\",\"dateModified\":\"2026-09-02T20:04:37+02:00\"},{\"@type\":\"WebSite\",\"@id\":\"https:\\\/\\\/www.yoleoescaparate.com\\\/#website\",\"url\":\"https:\\\/\\\/www.yoleoescaparate.com\\\/\",\"name\":\"Escaparate\",\"description\":\"Informaci\\u00f3n | Noticias | Actualidad\",\"inLanguage\":\"es-ES\",\"publisher\":{\"@id\":\"https:\\\/\\\/www.yoleoescaparate.com\\\/#organization\"}}]}\n\t\t<\/script>\n\t\t<!-- All in One SEO -->\n\n","aioseo_head_json":{"title":"Alfaro vive ya las fiestas de la Virgen del Burgo \u2022 Escaparate","description":"Hasta el 7 de septiembre Alfaro va a disfrutar de las fiestas en honor de la Virgen del Burgo. HASTA EL 7 DE SEPTIEMBRE SOLEMNE NOVENA A SANTA MAR\u00cdA DEL BURGO10:00 Misa (La novena se har\u00e1 de forma m\u00e1s breve) 19:30 Rosario y Gozosa La Virgen. 20:00 Eucarist\u00eda y Novena Solemne. (En las eucarist\u00edas de","canonical_url":"https:\/\/www.yoleoescaparate.com\/?p=151091","robots":"max-image-preview:large","keywords":"","webmasterTools":{"google-site-verification":"OQV8mvJF6pBZ9RiZ8C9O86ahYB3C05wO-omz3Nejrsc","miscellaneous":""},"schema":{"@context":"https:\/\/schema.org","@graph":[{"@type":"BlogPosting","@id":"https:\/\/www.yoleoescaparate.com\/?p=151091#blogposting","name":"Alfaro vive ya las fiestas de la Virgen del Burgo \u2022 Escaparate","headline":"Alfaro vive ya las fiestas de la Virgen del Burgo","author":{"@id":"https:\/\/www.yoleoescaparate.com\/?author=1#author"},"publisher":{"@id":"https:\/\/www.yoleoescaparate.com\/#organization"},"image":{"@type":"ImageObject","url":"https:\/\/www.yoleoescaparate.com\/wp-content\/uploads\/burgo-1.jpg","width":1200,"height":675},"datePublished":"2026-09-02T16:02:11+02:00","dateModified":"2026-09-02T20:04:37+02:00","inLanguage":"es-ES","mainEntityOfPage":{"@id":"https:\/\/www.yoleoescaparate.com\/?p=151091#webpage"},"isPartOf":{"@id":"https:\/\/www.yoleoescaparate.com\/?p=151091#webpage"},"articleSection":"Alfaro, Alfaro, Escaparate, fiestas, Virgen del Burgo"},{"@type":"BreadcrumbList","@id":"https:\/\/www.yoleoescaparate.com\/?p=151091#breadcrumblist","itemListElement":[{"@type":"ListItem","@id":"https:\/\/www.yoleoescaparate.com#listItem","position":1,"name":"Home","item":"https:\/\/www.yoleoescaparate.com","nextItem":{"@type":"ListItem","@id":"https:\/\/www.yoleoescaparate.com\/?cat=5#listItem","name":"Alfaro"}},{"@type":"ListItem","@id":"https:\/\/www.yoleoescaparate.com\/?cat=5#listItem","position":2,"name":"Alfaro","item":"https:\/\/www.yoleoescaparate.com\/?cat=5","nextItem":{"@type":"ListItem","@id":"https:\/\/www.yoleoescaparate.com\/?p=151091#listItem","name":"Alfaro vive ya las fiestas de la Virgen del Burgo"},"previousItem":{"@type":"ListItem","@id":"https:\/\/www.yoleoescaparate.com#listItem","name":"Home"}},{"@type":"ListItem","@id":"https:\/\/www.yoleoescaparate.com\/?p=151091#listItem","position":3,"name":"Alfaro vive ya las fiestas de la Virgen del Burgo","previousItem":{"@type":"ListItem","@id":"https:\/\/www.yoleoescaparate.com\/?cat=5#listItem","name":"Alfaro"}}]},{"@type":"Organization","@id":"https:\/\/www.yoleoescaparate.com\/#organization","name":"Escaparate","description":"Informaci\u00f3n | Noticias | Actualidad","url":"https:\/\/www.yoleoescaparate.com\/","logo":{"@type":"ImageObject","url":"https:\/\/www.yoleoescaparate.com\/wp-content\/uploads\/2022\/02\/logoF.jpg","@id":"https:\/\/www.yoleoescaparate.com\/?p=151091\/#organizationLogo","width":350,"height":360},"image":{"@id":"https:\/\/www.yoleoescaparate.com\/?p=151091\/#organizationLogo"},"sameAs":["https:\/\/www.facebook.com\/revescaparate","https:\/\/twitter.com\/rev_escaparate","https:\/\/www.instagram.com\/yoleoescaparate\/","https:\/\/www.youtube.com\/channel\/UCj1lDjkqSzCH14bZmq-kWsQ"]},{"@type":"Person","@id":"https:\/\/www.yoleoescaparate.com\/?author=1#author","url":"https:\/\/www.yoleoescaparate.com\/?author=1","name":"Escaparate","image":{"@type":"ImageObject","@id":"https:\/\/www.yoleoescaparate.com\/?p=151091#authorImage","url":"https:\/\/secure.gravatar.com\/avatar\/d4681a657e3ba11aa052dc7c62193f217364db55960ea15739662b6564b2dafb?s=96&d=mm&r=g","width":96,"height":96,"caption":"Escaparate"}},{"@type":"WebPage","@id":"https:\/\/www.yoleoescaparate.com\/?p=151091#webpage","url":"https:\/\/www.yoleoescaparate.com\/?p=151091","name":"Alfaro vive ya las fiestas de la Virgen del Burgo \u2022 Escaparate","description":"Hasta el 7 de septiembre Alfaro va a disfrutar de las fiestas en honor de la Virgen del Burgo. HASTA EL 7 DE SEPTIEMBRE SOLEMNE NOVENA A SANTA MAR\u00cdA DEL BURGO10:00 Misa (La novena se har\u00e1 de forma m\u00e1s breve) 19:30 Rosario y Gozosa La Virgen. 20:00 Eucarist\u00eda y Novena Solemne. (En las eucarist\u00edas de","inLanguage":"es-ES","isPartOf":{"@id":"https:\/\/www.yoleoescaparate.com\/#website"},"breadcrumb":{"@id":"https:\/\/www.yoleoescaparate.com\/?p=151091#breadcrumblist"},"author":{"@id":"https:\/\/www.yoleoescaparate.com\/?author=1#author"},"creator":{"@id":"https:\/\/www.yoleoescaparate.com\/?author=1#author"},"image":{"@type":"ImageObject","url":"https:\/\/www.yoleoescaparate.com\/wp-content\/uploads\/burgo-1.jpg","@id":"https:\/\/www.yoleoescaparate.com\/?p=151091\/#mainImage","width":1200,"height":675},"primaryImageOfPage":{"@id":"https:\/\/www.yoleoescaparate.com\/?p=151091#mainImage"},"datePublished":"2026-09-02T16:02:11+02:00","dateModified":"2026-09-02T20:04:37+02:00"},{"@type":"WebSite","@id":"https:\/\/www.yoleoescaparate.com\/#website","url":"https:\/\/www.yoleoescaparate.com\/","name":"Escaparate","description":"Informaci\u00f3n | Noticias | Actualidad","inLanguage":"es-ES","publisher":{"@id":"https:\/\/www.yoleoescaparate.com\/#organization"}}]},"og:locale":"es_ES","og:site_name":"Escaparate \u2022 Informaci\u00f3n | Noticias | Actualidad","og:type":"article","og:title":"Alfaro vive ya las fiestas de la Virgen del Burgo \u2022 Escaparate","og:description":"Hasta el 7 de septiembre Alfaro va a disfrutar de las fiestas en honor de la Virgen del Burgo. HASTA EL 7 DE SEPTIEMBRE SOLEMNE NOVENA A SANTA MAR\u00cdA DEL BURGO10:00 Misa (La novena se har\u00e1 de forma m\u00e1s breve) 19:30 Rosario y Gozosa La Virgen. 20:00 Eucarist\u00eda y Novena Solemne. (En las eucarist\u00edas de","og:url":"https:\/\/www.yoleoescaparate.com\/?p=151091","og:image":"https:\/\/www.yoleoescaparate.com\/wp-content\/uploads\/burgo-1.jpg","og:image:secure_url":"https:\/\/www.yoleoescaparate.com\/wp-content\/uploads\/burgo-1.jpg","og:image:width":1200,"og:image:height":675,"article:published_time":"2026-09-02T14:02:11+00:00","article:modified_time":"2026-09-02T18:04:37+00:00","article:publisher":"https:\/\/www.facebook.com\/revescaparate","twitter:card":"summary_large_image","twitter:site":"@rev_escaparate","twitter:title":"Alfaro vive ya las fiestas de la Virgen del Burgo \u2022 Escaparate","twitter:description":"Hasta el 7 de septiembre Alfaro va a disfrutar de las fiestas en honor de la Virgen del Burgo. HASTA EL 7 DE SEPTIEMBRE SOLEMNE NOVENA A SANTA MAR\u00cdA DEL BURGO10:00 Misa (La novena se har\u00e1 de forma m\u00e1s breve) 19:30 Rosario y Gozosa La Virgen. 20:00 Eucarist\u00eda y Novena Solemne. (En las eucarist\u00edas de","twitter:creator":"@rev_escaparate","twitter:image":"https:\/\/www.yoleoescaparate.com\/wp-content\/uploads\/burgo-1.jpg"},"aioseo_meta_data":{"post_id":"151091","title":null,"description":null,"keywords":null,"keyphrases":{"focus":{"keyphrase":"","score":0,"analysis":{"keyphraseInTitle":{"score":0,"maxScore":9,"error":1}}},"additional":[]},"primary_term":null,"canonical_url":null,"og_title":null,"og_description":null,"og_object_type":"default","og_image_type":"default","og_image_url":null,"og_image_width":null,"og_image_height":null,"og_image_custom_url":null,"og_image_custom_fields":null,"og_video":"","og_custom_url":null,"og_article_section":null,"og_article_tags":null,"twitter_use_og":true,"twitter_card":"default","twitter_image_type":"default","twitter_image_url":null,"twitter_image_custom_url":null,"twitter_image_custom_fields":null,"twitter_title":null,"twitter_description":null,"schema":{"blockGraphs":[],"customGraphs":[],"default":{"data":{"Article":[],"Course":[],"Dataset":[],"FAQPage":[],"Movie":[],"Person":[],"Product":[],"ProductReview":[],"Car":[],"Recipe":[],"Service":[],"SoftwareApplication":[],"WebPage":[]},"graphName":"BlogPosting","isEnabled":true},"graphs":[]},"schema_type":"default","schema_type_options":null,"pillar_content":false,"robots_default":true,"robots_noindex":false,"robots_noarchive":false,"robots_nosnippet":false,"robots_nofollow":false,"robots_noimageindex":false,"robots_noodp":false,"robots_notranslate":false,"robots_max_snippet":"-1","robots_max_videopreview":"-1","robots_max_imagepreview":"large","priority":null,"frequency":"default","local_seo":null,"breadcrumb_settings":null,"limit_modified_date":false,"ai":{"faqs":[],"keyPoints":[],"schemas":[],"titles":[],"descriptions":[],"socialPosts":{"email":{"subject":"","preview":"","content":""},"linkedin":[],"twitter":[],"facebook":[],"instagram":[]}},"created":"2026-09-02 14:02:16","updated":"2026-09-02 18:04:41","seo_analyzer_scan_date":null},"aioseo_breadcrumb":"<div class=\"aioseo-breadcrumbs\"><span class=\"aioseo-breadcrumb\">\n\t\t\t<a href=\"https:\/\/www.yoleoescaparate.com\" title=\"Home\">Home<\/a>\n\t\t<\/span><span class=\"aioseo-breadcrumb-separator\">&raquo;<\/span><span class=\"aioseo-breadcrumb\">\n\t\t\t<a href=\"https:\/\/www.yoleoescaparate.com\/?cat=5\" title=\"Alfaro\">Alfaro<\/a>\n\t\t<\/span><span class=\"aioseo-breadcrumb-separator\">&raquo;<\/span><span class=\"aioseo-breadcrumb\">\n\t\t\tAlfaro vive ya las fiestas de la Virgen del Burgo\n\t\t<\/span><\/div>","aioseo_breadcrumb_json":[{"label":"Home","link":"https:\/\/www.yoleoescaparate.com"},{"label":"Alfaro","link":"https:\/\/www.yoleoescaparate.com\/?cat=5"},{"label":"Alfaro vive ya las fiestas de la Virgen del Burgo","link":"https:\/\/www.yoleoescaparate.com\/?p=151091"}],"_links":{"self":[{"href":"https:\/\/www.yoleoescaparate.com\/index.php?rest_route=\/wp\/v2\/posts\/151091","targetHints":{"allow":["GET"]}}],"collection":[{"href":"https:\/\/www.yoleoescaparate.com\/index.php?rest_route=\/wp\/v2\/posts"}],"about":[{"href":"https:\/\/www.yoleoescaparate.com\/index.php?rest_route=\/wp\/v2\/types\/post"}],"author":[{"embeddable":true,"href":"https:\/\/www.yoleoescaparate.com\/index.php?rest_route=\/wp\/v2\/users\/1"}],"replies":[{"embeddable":true,"href":"https:\/\/www.yoleoescaparate.com\/index.php?rest_route=%2Fwp%2Fv2%2Fcomments&post=151091"}],"version-history":[{"count":4,"href":"https:\/\/www.yoleoescaparate.com\/index.php?rest_route=\/wp\/v2\/posts\/151091\/revisions"}],"predecessor-version":[{"id":151111,"href":"https:\/\/www.yoleoescaparate.com\/index.php?rest_route=\/wp\/v2\/posts\/151091\/revisions\/151111"}],"wp:featuredmedia":[{"embeddable":true,"href":"https:\/\/www.yoleoescaparate.com\/index.php?rest_route=\/wp\/v2\/media\/151092"}],"wp:attachment":[{"href":"https:\/\/www.yoleoescaparate.com\/index.php?rest_route=%2Fwp%2Fv2%2Fmedia&parent=151091"}],"wp:term":[{"taxonomy":"category","embeddable":true,"href":"https:\/\/www.yoleoescaparate.com\/index.php?rest_route=%2Fwp%2Fv2%2Fcategories&post=151091"},{"taxonomy":"post_tag","embeddable":true,"href":"https:\/\/www.yoleoescaparate.com\/index.php?rest_route=%2Fwp%2Fv2%2Ftags&post=151091"}],"curies":[{"name":"wp","href":"https:\/\/api.w.org\/{rel}","templated":true}]}}