{"id":151104,"date":"2026-09-02T19:46:32","date_gmt":"2026-09-02T17:46:32","guid":{"rendered":"https:\/\/www.yoleoescaparate.com\/?p=151104"},"modified":"2026-09-02T19:46:37","modified_gmt":"2026-09-02T17:46:37","slug":"opinion-el-clasicismo-no-entiende-de-tiempos","status":"publish","type":"post","link":"https:\/\/www.yoleoescaparate.com\/?p=151104","title":{"rendered":"Opini\u00f3n. \u00abEl clasicismo no entiende de tiempos\u00bb"},"content":{"rendered":"\n<!--more-->\n\n\n\n<p class=\"wp-block-paragraph\">Tras algunos meses de revuelo e incertidumbre con el cartel de la feria taurina de Alfaro, la ciudad volv\u00eda a tener toros. Un festejo mixto de m\u00e1ximo inter\u00e9s confeccionado por el joven aragon\u00e9s Aar\u00f3n Palacio, el rejoneador navarro Roberto Armend\u00e1riz y nuestro paisano Fabio Jim\u00e9nez, frente a un encierro de la ganader\u00eda de \u00c1ngel G\u00f3mez N\u00fa\u00f1ez.<br>Llevaba tiempo sin vestirse de luces Fabio. Meses de silencio en los que cualquiera podr\u00eda pensar que el par\u00f3n mermar\u00eda las capacidades de un torero de alternativa tan reciente. Sin embargo, sobre el albero alfare\u00f1o demostr\u00f3 exactamente lo contrario: el toreo caro, como el buen vino de nuestra tierra, no pierde fuelle con la espera; reposa, gana cuerpo y envejece con mejor sabor.<br>Abri\u00f3 plaza Fabio con un saludo capotero sin excesivas opciones de lucimiento, tratando de estirarse a la ver\u00f3nica con ese ajuste y pureza a los que nos tiene acostumbrados. El astado acus\u00f3 escasas fuerzas desde los primeros compases, condicionando cualquier planteamiento de faena. Pero fue ah\u00ed donde la despaciosidad del alfare\u00f1o vino a rescatar la condici\u00f3n de un toro que, si bien tuvo nobleza, anduvo hu\u00e9rfano de raza.<br>Volvi\u00f3 a mostrar esa tauromaquia en peligro de extinci\u00f3n: la del toreo despacio, caro, parando y sometiendo al astado a los tiempos de su muleta, porque \u2014recordemos\u2014 de eso se trata el toreo. Ofreciendo el pecho y lanzando los vuelos adelante para vaciar la embestida all\u00ed donde pocos son capaces de llevarla. El culmen de la faena lleg\u00f3 con la mano izquierda: seis naturales de hondura infinita, acoplado con las arremetidas del animal y con un sabor de toreo antiguo, que tristemente quedaron emborronados por una serie de pinchazos en buen sitio que privaron al riojano del premio.<br>No obstante, el premio llegar\u00eda en el cuarto de la tarde. Tras una faena del compa\u00f1ero aragon\u00e9s premiada con dos orejas, Fabio demostr\u00f3 el toreo con poso y much\u00edsima verdad.<br>Sali\u00f3 el cuarto de la tarde; el alfare\u00f1o mec\u00eda su capote y templaba la embestida del animal. Este manejaba algo m\u00e1s de fuerza y fijeza que sus hermanos, permitiendo a Jim\u00e9nez asentar las zapatillas y regalar un recibo capotero de pura suavidad y comp\u00e1s. En la muleta estructur\u00f3 una obra con los mismos c\u00e1nones que la anterior: toreo al ralent\u00ed, muletazos de un trazo y profundidad infinita, con la banda acompa\u00f1\u00e1ndole con el precioso pasodoble dedicado al diestro alfare\u00f1o.<br>Par\u00f3 los relojes, pero para hacerlo se ci\u00f1\u00f3 con el animal; muestra de ello es cualquier reportaje fotogr\u00e1fico de la tarde, que evidencia d\u00f3nde reside el valor aut\u00e9ntico de esta profesi\u00f3n. Esta vez la espada dejar\u00eda perplejo a m\u00e1s de uno: una ejecuci\u00f3n sublime del volapi\u00e9, dejando la tizona en todo lo alto, otorgaba a Fabio las dos orejas de ley.<br>Hay veces que el toreo cl\u00e1sico necesita espera, necesita tiempos, pero nunca debemos confundir la entrega con la rauda velocidad de torear. Fabio demostr\u00f3 valor y ganas de seguir en una profesi\u00f3n que tiene una esencia muy clara: ralentizar la embestida que el torero impone y vaciar los muletazos detr\u00e1s de los ri\u00f1ones; de eso va esto.<br>La pr\u00f3xima cita de nuestro diestro ser\u00e1 en Logro\u00f1o el martes 22 de septiembre, en la feria de San Mateo, donde compartir\u00e1 cartel con dos figuras del toreo como Morante de la Puebla y Alejandro Talavante; es un desaf\u00edo ganadero, de m\u00e1ximo inter\u00e9s.<br><strong>Javier Cepeda<\/strong><\/p>\n\n\n\n<figure class=\"wp-block-image size-large\"><img loading=\"lazy\" decoding=\"async\" width=\"996\" height=\"1024\" src=\"https:\/\/www.yoleoescaparate.com\/wp-content\/uploads\/WhatsApp-Image-2026-08-27-at-15.10.55-996x1024.jpeg\" alt=\"\" class=\"wp-image-151106\" srcset=\"https:\/\/www.yoleoescaparate.com\/wp-content\/uploads\/WhatsApp-Image-2026-08-27-at-15.10.55-996x1024.jpeg 996w, https:\/\/www.yoleoescaparate.com\/wp-content\/uploads\/WhatsApp-Image-2026-08-27-at-15.10.55-292x300.jpeg 292w, https:\/\/www.yoleoescaparate.com\/wp-content\/uploads\/WhatsApp-Image-2026-08-27-at-15.10.55-768x789.jpeg 768w, https:\/\/www.yoleoescaparate.com\/wp-content\/uploads\/WhatsApp-Image-2026-08-27-at-15.10.55-1495x1536.jpeg 1495w, https:\/\/www.yoleoescaparate.com\/wp-content\/uploads\/WhatsApp-Image-2026-08-27-at-15.10.55.jpeg 1557w\" sizes=\"auto, (max-width: 996px) 100vw, 996px\" \/><\/figure>\n\n\n\n<figure class=\"wp-block-image size-large\"><img loading=\"lazy\" decoding=\"async\" width=\"1024\" height=\"1024\" src=\"https:\/\/www.yoleoescaparate.com\/wp-content\/uploads\/WhatsApp-Image-2026-08-27-at-15.10.55-1-1024x1024.jpeg\" alt=\"\" class=\"wp-image-151105\" srcset=\"https:\/\/www.yoleoescaparate.com\/wp-content\/uploads\/WhatsApp-Image-2026-08-27-at-15.10.55-1-1024x1024.jpeg 1024w, https:\/\/www.yoleoescaparate.com\/wp-content\/uploads\/WhatsApp-Image-2026-08-27-at-15.10.55-1-300x300.jpeg 300w, https:\/\/www.yoleoescaparate.com\/wp-content\/uploads\/WhatsApp-Image-2026-08-27-at-15.10.55-1-768x768.jpeg 768w, https:\/\/www.yoleoescaparate.com\/wp-content\/uploads\/WhatsApp-Image-2026-08-27-at-15.10.55-1-1536x1536.jpeg 1536w, https:\/\/www.yoleoescaparate.com\/wp-content\/uploads\/WhatsApp-Image-2026-08-27-at-15.10.55-1.jpeg 1600w\" sizes=\"auto, (max-width: 1024px) 100vw, 1024px\" \/><\/figure>\n","protected":false},"excerpt":{"rendered":"","protected":false},"author":1,"featured_media":151107,"comment_status":"open","ping_status":"open","sticky":false,"template":"","format":"standard","meta":{"colormag_page_container_layout":"default_layout","colormag_page_sidebar_layout":"default_layout","om_disable_all_campaigns":false,"_monsterinsights_skip_tracking":false,"_monsterinsights_sitenote_active":false,"_monsterinsights_sitenote_note":"","_monsterinsights_sitenote_category":0,"footnotes":""},"categories":[5],"tags":[72,12,4150,4151,4149,553],"class_list":["post-151104","post","type-post","status-publish","format-standard","has-post-thumbnail","hentry","category-alfaro","tag-alfaro","tag-escaparate","tag-fabio-jimenez","tag-javier-cepeda","tag-opinion","tag-toros"],"aioseo_notices":[],"aioseo_head":"\n\t\t<!-- All in One SEO 4.9.10 - aioseo.com -->\n\t<meta name=\"description\" content=\"Tras algunos meses de revuelo e incertidumbre con el cartel de la feria taurina de Alfaro, la ciudad volv\u00eda a tener toros. Un festejo mixto de m\u00e1ximo inter\u00e9s confeccionado por el joven aragon\u00e9s Aar\u00f3n Palacio, el rejoneador navarro Roberto Armend\u00e1riz y nuestro paisano Fabio Jim\u00e9nez, frente a un encierro de la ganader\u00eda de \u00c1ngel G\u00f3mez\" \/>\n\t<meta name=\"robots\" content=\"max-image-preview:large\" \/>\n\t<meta name=\"author\" content=\"Escaparate\"\/>\n\t<meta name=\"google-site-verification\" content=\"OQV8mvJF6pBZ9RiZ8C9O86ahYB3C05wO-omz3Nejrsc\" \/>\n\t<link rel=\"canonical\" href=\"https:\/\/www.yoleoescaparate.com\/?p=151104\" \/>\n\t<meta name=\"generator\" content=\"All in One SEO (AIOSEO) 4.9.10\" \/>\n\t\t<meta property=\"og:locale\" content=\"es_ES\" \/>\n\t\t<meta property=\"og:site_name\" content=\"Escaparate \u2022 Informaci\u00f3n | Noticias | Actualidad\" \/>\n\t\t<meta property=\"og:type\" content=\"article\" \/>\n\t\t<meta property=\"og:title\" content=\"Opini\u00f3n. \u00abEl clasicismo no entiende de tiempos\u00bb \u2022 Escaparate\" \/>\n\t\t<meta property=\"og:description\" content=\"Tras algunos meses de revuelo e incertidumbre con el cartel de la feria taurina de Alfaro, la ciudad volv\u00eda a tener toros. Un festejo mixto de m\u00e1ximo inter\u00e9s confeccionado por el joven aragon\u00e9s Aar\u00f3n Palacio, el rejoneador navarro Roberto Armend\u00e1riz y nuestro paisano Fabio Jim\u00e9nez, frente a un encierro de la ganader\u00eda de \u00c1ngel G\u00f3mez\" \/>\n\t\t<meta property=\"og:url\" content=\"https:\/\/www.yoleoescaparate.com\/?p=151104\" \/>\n\t\t<meta property=\"og:image\" content=\"https:\/\/www.yoleoescaparate.com\/wp-content\/uploads\/fabio-1.jpg\" \/>\n\t\t<meta property=\"og:image:secure_url\" content=\"https:\/\/www.yoleoescaparate.com\/wp-content\/uploads\/fabio-1.jpg\" \/>\n\t\t<meta property=\"og:image:width\" content=\"1200\" \/>\n\t\t<meta property=\"og:image:height\" content=\"675\" \/>\n\t\t<meta property=\"article:published_time\" content=\"2026-09-02T17:46:32+00:00\" \/>\n\t\t<meta property=\"article:modified_time\" content=\"2026-09-02T17:46:37+00:00\" \/>\n\t\t<meta property=\"article:publisher\" content=\"https:\/\/www.facebook.com\/revescaparate\" \/>\n\t\t<meta name=\"twitter:card\" content=\"summary_large_image\" \/>\n\t\t<meta name=\"twitter:site\" content=\"@rev_escaparate\" \/>\n\t\t<meta name=\"twitter:title\" content=\"Opini\u00f3n. \u00abEl clasicismo no entiende de tiempos\u00bb \u2022 Escaparate\" \/>\n\t\t<meta name=\"twitter:description\" content=\"Tras algunos meses de revuelo e incertidumbre con el cartel de la feria taurina de Alfaro, la ciudad volv\u00eda a tener toros. Un festejo mixto de m\u00e1ximo inter\u00e9s confeccionado por el joven aragon\u00e9s Aar\u00f3n Palacio, el rejoneador navarro Roberto Armend\u00e1riz y nuestro paisano Fabio Jim\u00e9nez, frente a un encierro de la ganader\u00eda de \u00c1ngel G\u00f3mez\" \/>\n\t\t<meta name=\"twitter:creator\" content=\"@rev_escaparate\" \/>\n\t\t<meta name=\"twitter:image\" content=\"https:\/\/www.yoleoescaparate.com\/wp-content\/uploads\/fabio-1.jpg\" \/>\n\t\t<script type=\"application\/ld+json\" class=\"aioseo-schema\">\n\t\t\t{\"@context\":\"https:\\\/\\\/schema.org\",\"@graph\":[{\"@type\":\"BlogPosting\",\"@id\":\"https:\\\/\\\/www.yoleoescaparate.com\\\/?p=151104#blogposting\",\"name\":\"Opini\\u00f3n. \\u00abEl clasicismo no entiende de tiempos\\u00bb \\u2022 Escaparate\",\"headline\":\"Opini\\u00f3n. \\u00abEl clasicismo no entiende de tiempos\\u00bb\",\"author\":{\"@id\":\"https:\\\/\\\/www.yoleoescaparate.com\\\/?author=1#author\"},\"publisher\":{\"@id\":\"https:\\\/\\\/www.yoleoescaparate.com\\\/#organization\"},\"image\":{\"@type\":\"ImageObject\",\"url\":\"https:\\\/\\\/www.yoleoescaparate.com\\\/wp-content\\\/uploads\\\/fabio-1.jpg\",\"width\":1200,\"height\":675},\"datePublished\":\"2026-09-02T19:46:32+02:00\",\"dateModified\":\"2026-09-02T19:46:37+02:00\",\"inLanguage\":\"es-ES\",\"mainEntityOfPage\":{\"@id\":\"https:\\\/\\\/www.yoleoescaparate.com\\\/?p=151104#webpage\"},\"isPartOf\":{\"@id\":\"https:\\\/\\\/www.yoleoescaparate.com\\\/?p=151104#webpage\"},\"articleSection\":\"Alfaro, Alfaro, Escaparate, Fabio Jim\\u00e9nez, Javier Cepeda, Opini\\u00f3n, toros\"},{\"@type\":\"BreadcrumbList\",\"@id\":\"https:\\\/\\\/www.yoleoescaparate.com\\\/?p=151104#breadcrumblist\",\"itemListElement\":[{\"@type\":\"ListItem\",\"@id\":\"https:\\\/\\\/www.yoleoescaparate.com#listItem\",\"position\":1,\"name\":\"Home\",\"item\":\"https:\\\/\\\/www.yoleoescaparate.com\",\"nextItem\":{\"@type\":\"ListItem\",\"@id\":\"https:\\\/\\\/www.yoleoescaparate.com\\\/?cat=5#listItem\",\"name\":\"Alfaro\"}},{\"@type\":\"ListItem\",\"@id\":\"https:\\\/\\\/www.yoleoescaparate.com\\\/?cat=5#listItem\",\"position\":2,\"name\":\"Alfaro\",\"item\":\"https:\\\/\\\/www.yoleoescaparate.com\\\/?cat=5\",\"nextItem\":{\"@type\":\"ListItem\",\"@id\":\"https:\\\/\\\/www.yoleoescaparate.com\\\/?p=151104#listItem\",\"name\":\"Opini\\u00f3n. \\u00abEl clasicismo no entiende de tiempos\\u00bb\"},\"previousItem\":{\"@type\":\"ListItem\",\"@id\":\"https:\\\/\\\/www.yoleoescaparate.com#listItem\",\"name\":\"Home\"}},{\"@type\":\"ListItem\",\"@id\":\"https:\\\/\\\/www.yoleoescaparate.com\\\/?p=151104#listItem\",\"position\":3,\"name\":\"Opini\\u00f3n. \\u00abEl clasicismo no entiende de tiempos\\u00bb\",\"previousItem\":{\"@type\":\"ListItem\",\"@id\":\"https:\\\/\\\/www.yoleoescaparate.com\\\/?cat=5#listItem\",\"name\":\"Alfaro\"}}]},{\"@type\":\"Organization\",\"@id\":\"https:\\\/\\\/www.yoleoescaparate.com\\\/#organization\",\"name\":\"Escaparate\",\"description\":\"Informaci\\u00f3n | Noticias | Actualidad\",\"url\":\"https:\\\/\\\/www.yoleoescaparate.com\\\/\",\"logo\":{\"@type\":\"ImageObject\",\"url\":\"https:\\\/\\\/www.yoleoescaparate.com\\\/wp-content\\\/uploads\\\/2022\\\/02\\\/logoF.jpg\",\"@id\":\"https:\\\/\\\/www.yoleoescaparate.com\\\/?p=151104\\\/#organizationLogo\",\"width\":350,\"height\":360},\"image\":{\"@id\":\"https:\\\/\\\/www.yoleoescaparate.com\\\/?p=151104\\\/#organizationLogo\"},\"sameAs\":[\"https:\\\/\\\/www.facebook.com\\\/revescaparate\",\"https:\\\/\\\/twitter.com\\\/rev_escaparate\",\"https:\\\/\\\/www.instagram.com\\\/yoleoescaparate\\\/\",\"https:\\\/\\\/www.youtube.com\\\/channel\\\/UCj1lDjkqSzCH14bZmq-kWsQ\"]},{\"@type\":\"Person\",\"@id\":\"https:\\\/\\\/www.yoleoescaparate.com\\\/?author=1#author\",\"url\":\"https:\\\/\\\/www.yoleoescaparate.com\\\/?author=1\",\"name\":\"Escaparate\",\"image\":{\"@type\":\"ImageObject\",\"@id\":\"https:\\\/\\\/www.yoleoescaparate.com\\\/?p=151104#authorImage\",\"url\":\"https:\\\/\\\/secure.gravatar.com\\\/avatar\\\/d4681a657e3ba11aa052dc7c62193f217364db55960ea15739662b6564b2dafb?s=96&d=mm&r=g\",\"width\":96,\"height\":96,\"caption\":\"Escaparate\"}},{\"@type\":\"WebPage\",\"@id\":\"https:\\\/\\\/www.yoleoescaparate.com\\\/?p=151104#webpage\",\"url\":\"https:\\\/\\\/www.yoleoescaparate.com\\\/?p=151104\",\"name\":\"Opini\\u00f3n. \\u00abEl clasicismo no entiende de tiempos\\u00bb \\u2022 Escaparate\",\"description\":\"Tras algunos meses de revuelo e incertidumbre con el cartel de la feria taurina de Alfaro, la ciudad volv\\u00eda a tener toros. Un festejo mixto de m\\u00e1ximo inter\\u00e9s confeccionado por el joven aragon\\u00e9s Aar\\u00f3n Palacio, el rejoneador navarro Roberto Armend\\u00e1riz y nuestro paisano Fabio Jim\\u00e9nez, frente a un encierro de la ganader\\u00eda de \\u00c1ngel G\\u00f3mez\",\"inLanguage\":\"es-ES\",\"isPartOf\":{\"@id\":\"https:\\\/\\\/www.yoleoescaparate.com\\\/#website\"},\"breadcrumb\":{\"@id\":\"https:\\\/\\\/www.yoleoescaparate.com\\\/?p=151104#breadcrumblist\"},\"author\":{\"@id\":\"https:\\\/\\\/www.yoleoescaparate.com\\\/?author=1#author\"},\"creator\":{\"@id\":\"https:\\\/\\\/www.yoleoescaparate.com\\\/?author=1#author\"},\"image\":{\"@type\":\"ImageObject\",\"url\":\"https:\\\/\\\/www.yoleoescaparate.com\\\/wp-content\\\/uploads\\\/fabio-1.jpg\",\"@id\":\"https:\\\/\\\/www.yoleoescaparate.com\\\/?p=151104\\\/#mainImage\",\"width\":1200,\"height\":675},\"primaryImageOfPage\":{\"@id\":\"https:\\\/\\\/www.yoleoescaparate.com\\\/?p=151104#mainImage\"},\"datePublished\":\"2026-09-02T19:46:32+02:00\",\"dateModified\":\"2026-09-02T19:46:37+02:00\"},{\"@type\":\"WebSite\",\"@id\":\"https:\\\/\\\/www.yoleoescaparate.com\\\/#website\",\"url\":\"https:\\\/\\\/www.yoleoescaparate.com\\\/\",\"name\":\"Escaparate\",\"description\":\"Informaci\\u00f3n | Noticias | Actualidad\",\"inLanguage\":\"es-ES\",\"publisher\":{\"@id\":\"https:\\\/\\\/www.yoleoescaparate.com\\\/#organization\"}}]}\n\t\t<\/script>\n\t\t<!-- All in One SEO -->\n\n","aioseo_head_json":{"title":"Opini\u00f3n. \u00abEl clasicismo no entiende de tiempos\u00bb \u2022 Escaparate","description":"Tras algunos meses de revuelo e incertidumbre con el cartel de la feria taurina de Alfaro, la ciudad volv\u00eda a tener toros. Un festejo mixto de m\u00e1ximo inter\u00e9s confeccionado por el joven aragon\u00e9s Aar\u00f3n Palacio, el rejoneador navarro Roberto Armend\u00e1riz y nuestro paisano Fabio Jim\u00e9nez, frente a un encierro de la ganader\u00eda de \u00c1ngel G\u00f3mez","canonical_url":"https:\/\/www.yoleoescaparate.com\/?p=151104","robots":"max-image-preview:large","keywords":"","webmasterTools":{"google-site-verification":"OQV8mvJF6pBZ9RiZ8C9O86ahYB3C05wO-omz3Nejrsc","miscellaneous":""},"schema":{"@context":"https:\/\/schema.org","@graph":[{"@type":"BlogPosting","@id":"https:\/\/www.yoleoescaparate.com\/?p=151104#blogposting","name":"Opini\u00f3n. \u00abEl clasicismo no entiende de tiempos\u00bb \u2022 Escaparate","headline":"Opini\u00f3n. \u00abEl clasicismo no entiende de tiempos\u00bb","author":{"@id":"https:\/\/www.yoleoescaparate.com\/?author=1#author"},"publisher":{"@id":"https:\/\/www.yoleoescaparate.com\/#organization"},"image":{"@type":"ImageObject","url":"https:\/\/www.yoleoescaparate.com\/wp-content\/uploads\/fabio-1.jpg","width":1200,"height":675},"datePublished":"2026-09-02T19:46:32+02:00","dateModified":"2026-09-02T19:46:37+02:00","inLanguage":"es-ES","mainEntityOfPage":{"@id":"https:\/\/www.yoleoescaparate.com\/?p=151104#webpage"},"isPartOf":{"@id":"https:\/\/www.yoleoescaparate.com\/?p=151104#webpage"},"articleSection":"Alfaro, Alfaro, Escaparate, Fabio Jim\u00e9nez, Javier Cepeda, Opini\u00f3n, toros"},{"@type":"BreadcrumbList","@id":"https:\/\/www.yoleoescaparate.com\/?p=151104#breadcrumblist","itemListElement":[{"@type":"ListItem","@id":"https:\/\/www.yoleoescaparate.com#listItem","position":1,"name":"Home","item":"https:\/\/www.yoleoescaparate.com","nextItem":{"@type":"ListItem","@id":"https:\/\/www.yoleoescaparate.com\/?cat=5#listItem","name":"Alfaro"}},{"@type":"ListItem","@id":"https:\/\/www.yoleoescaparate.com\/?cat=5#listItem","position":2,"name":"Alfaro","item":"https:\/\/www.yoleoescaparate.com\/?cat=5","nextItem":{"@type":"ListItem","@id":"https:\/\/www.yoleoescaparate.com\/?p=151104#listItem","name":"Opini\u00f3n. \u00abEl clasicismo no entiende de tiempos\u00bb"},"previousItem":{"@type":"ListItem","@id":"https:\/\/www.yoleoescaparate.com#listItem","name":"Home"}},{"@type":"ListItem","@id":"https:\/\/www.yoleoescaparate.com\/?p=151104#listItem","position":3,"name":"Opini\u00f3n. \u00abEl clasicismo no entiende de tiempos\u00bb","previousItem":{"@type":"ListItem","@id":"https:\/\/www.yoleoescaparate.com\/?cat=5#listItem","name":"Alfaro"}}]},{"@type":"Organization","@id":"https:\/\/www.yoleoescaparate.com\/#organization","name":"Escaparate","description":"Informaci\u00f3n | Noticias | Actualidad","url":"https:\/\/www.yoleoescaparate.com\/","logo":{"@type":"ImageObject","url":"https:\/\/www.yoleoescaparate.com\/wp-content\/uploads\/2022\/02\/logoF.jpg","@id":"https:\/\/www.yoleoescaparate.com\/?p=151104\/#organizationLogo","width":350,"height":360},"image":{"@id":"https:\/\/www.yoleoescaparate.com\/?p=151104\/#organizationLogo"},"sameAs":["https:\/\/www.facebook.com\/revescaparate","https:\/\/twitter.com\/rev_escaparate","https:\/\/www.instagram.com\/yoleoescaparate\/","https:\/\/www.youtube.com\/channel\/UCj1lDjkqSzCH14bZmq-kWsQ"]},{"@type":"Person","@id":"https:\/\/www.yoleoescaparate.com\/?author=1#author","url":"https:\/\/www.yoleoescaparate.com\/?author=1","name":"Escaparate","image":{"@type":"ImageObject","@id":"https:\/\/www.yoleoescaparate.com\/?p=151104#authorImage","url":"https:\/\/secure.gravatar.com\/avatar\/d4681a657e3ba11aa052dc7c62193f217364db55960ea15739662b6564b2dafb?s=96&d=mm&r=g","width":96,"height":96,"caption":"Escaparate"}},{"@type":"WebPage","@id":"https:\/\/www.yoleoescaparate.com\/?p=151104#webpage","url":"https:\/\/www.yoleoescaparate.com\/?p=151104","name":"Opini\u00f3n. \u00abEl clasicismo no entiende de tiempos\u00bb \u2022 Escaparate","description":"Tras algunos meses de revuelo e incertidumbre con el cartel de la feria taurina de Alfaro, la ciudad volv\u00eda a tener toros. Un festejo mixto de m\u00e1ximo inter\u00e9s confeccionado por el joven aragon\u00e9s Aar\u00f3n Palacio, el rejoneador navarro Roberto Armend\u00e1riz y nuestro paisano Fabio Jim\u00e9nez, frente a un encierro de la ganader\u00eda de \u00c1ngel G\u00f3mez","inLanguage":"es-ES","isPartOf":{"@id":"https:\/\/www.yoleoescaparate.com\/#website"},"breadcrumb":{"@id":"https:\/\/www.yoleoescaparate.com\/?p=151104#breadcrumblist"},"author":{"@id":"https:\/\/www.yoleoescaparate.com\/?author=1#author"},"creator":{"@id":"https:\/\/www.yoleoescaparate.com\/?author=1#author"},"image":{"@type":"ImageObject","url":"https:\/\/www.yoleoescaparate.com\/wp-content\/uploads\/fabio-1.jpg","@id":"https:\/\/www.yoleoescaparate.com\/?p=151104\/#mainImage","width":1200,"height":675},"primaryImageOfPage":{"@id":"https:\/\/www.yoleoescaparate.com\/?p=151104#mainImage"},"datePublished":"2026-09-02T19:46:32+02:00","dateModified":"2026-09-02T19:46:37+02:00"},{"@type":"WebSite","@id":"https:\/\/www.yoleoescaparate.com\/#website","url":"https:\/\/www.yoleoescaparate.com\/","name":"Escaparate","description":"Informaci\u00f3n | Noticias | Actualidad","inLanguage":"es-ES","publisher":{"@id":"https:\/\/www.yoleoescaparate.com\/#organization"}}]},"og:locale":"es_ES","og:site_name":"Escaparate \u2022 Informaci\u00f3n | Noticias | Actualidad","og:type":"article","og:title":"Opini\u00f3n. \u00abEl clasicismo no entiende de tiempos\u00bb \u2022 Escaparate","og:description":"Tras algunos meses de revuelo e incertidumbre con el cartel de la feria taurina de Alfaro, la ciudad volv\u00eda a tener toros. Un festejo mixto de m\u00e1ximo inter\u00e9s confeccionado por el joven aragon\u00e9s Aar\u00f3n Palacio, el rejoneador navarro Roberto Armend\u00e1riz y nuestro paisano Fabio Jim\u00e9nez, frente a un encierro de la ganader\u00eda de \u00c1ngel G\u00f3mez","og:url":"https:\/\/www.yoleoescaparate.com\/?p=151104","og:image":"https:\/\/www.yoleoescaparate.com\/wp-content\/uploads\/fabio-1.jpg","og:image:secure_url":"https:\/\/www.yoleoescaparate.com\/wp-content\/uploads\/fabio-1.jpg","og:image:width":1200,"og:image:height":675,"article:published_time":"2026-09-02T17:46:32+00:00","article:modified_time":"2026-09-02T17:46:37+00:00","article:publisher":"https:\/\/www.facebook.com\/revescaparate","twitter:card":"summary_large_image","twitter:site":"@rev_escaparate","twitter:title":"Opini\u00f3n. \u00abEl clasicismo no entiende de tiempos\u00bb \u2022 Escaparate","twitter:description":"Tras algunos meses de revuelo e incertidumbre con el cartel de la feria taurina de Alfaro, la ciudad volv\u00eda a tener toros. Un festejo mixto de m\u00e1ximo inter\u00e9s confeccionado por el joven aragon\u00e9s Aar\u00f3n Palacio, el rejoneador navarro Roberto Armend\u00e1riz y nuestro paisano Fabio Jim\u00e9nez, frente a un encierro de la ganader\u00eda de \u00c1ngel G\u00f3mez","twitter:creator":"@rev_escaparate","twitter:image":"https:\/\/www.yoleoescaparate.com\/wp-content\/uploads\/fabio-1.jpg"},"aioseo_meta_data":{"post_id":"151104","title":null,"description":null,"keywords":null,"keyphrases":{"focus":{"keyphrase":"","score":0,"analysis":{"keyphraseInTitle":{"score":0,"maxScore":9,"error":1}}},"additional":[]},"primary_term":null,"canonical_url":null,"og_title":null,"og_description":null,"og_object_type":"default","og_image_type":"default","og_image_url":null,"og_image_width":null,"og_image_height":null,"og_image_custom_url":null,"og_image_custom_fields":null,"og_video":"","og_custom_url":null,"og_article_section":null,"og_article_tags":null,"twitter_use_og":true,"twitter_card":"default","twitter_image_type":"default","twitter_image_url":null,"twitter_image_custom_url":null,"twitter_image_custom_fields":null,"twitter_title":null,"twitter_description":null,"schema":{"blockGraphs":[],"customGraphs":[],"default":{"data":{"Article":[],"Course":[],"Dataset":[],"FAQPage":[],"Movie":[],"Person":[],"Product":[],"ProductReview":[],"Car":[],"Recipe":[],"Service":[],"SoftwareApplication":[],"WebPage":[]},"graphName":"BlogPosting","isEnabled":true},"graphs":[]},"schema_type":"default","schema_type_options":null,"pillar_content":false,"robots_default":true,"robots_noindex":false,"robots_noarchive":false,"robots_nosnippet":false,"robots_nofollow":false,"robots_noimageindex":false,"robots_noodp":false,"robots_notranslate":false,"robots_max_snippet":"-1","robots_max_videopreview":"-1","robots_max_imagepreview":"large","priority":null,"frequency":"default","local_seo":null,"breadcrumb_settings":null,"limit_modified_date":false,"ai":{"faqs":[],"keyPoints":[],"schemas":[],"titles":[],"descriptions":[],"socialPosts":{"email":{"subject":"","preview":"","content":""},"linkedin":[],"twitter":[],"facebook":[],"instagram":[]}},"created":"2026-09-02 17:46:37","updated":"2026-09-02 17:46:52","seo_analyzer_scan_date":null},"aioseo_breadcrumb":"<div class=\"aioseo-breadcrumbs\"><span class=\"aioseo-breadcrumb\">\n\t\t\t<a href=\"https:\/\/www.yoleoescaparate.com\" title=\"Home\">Home<\/a>\n\t\t<\/span><span class=\"aioseo-breadcrumb-separator\">&raquo;<\/span><span class=\"aioseo-breadcrumb\">\n\t\t\t<a href=\"https:\/\/www.yoleoescaparate.com\/?cat=5\" title=\"Alfaro\">Alfaro<\/a>\n\t\t<\/span><span class=\"aioseo-breadcrumb-separator\">&raquo;<\/span><span class=\"aioseo-breadcrumb\">\n\t\t\tOpini\u00f3n. \u00abEl clasicismo no entiende de tiempos\u00bb\n\t\t<\/span><\/div>","aioseo_breadcrumb_json":[{"label":"Home","link":"https:\/\/www.yoleoescaparate.com"},{"label":"Alfaro","link":"https:\/\/www.yoleoescaparate.com\/?cat=5"},{"label":"Opini\u00f3n. \u00abEl clasicismo no entiende de tiempos\u00bb","link":"https:\/\/www.yoleoescaparate.com\/?p=151104"}],"_links":{"self":[{"href":"https:\/\/www.yoleoescaparate.com\/index.php?rest_route=\/wp\/v2\/posts\/151104","targetHints":{"allow":["GET"]}}],"collection":[{"href":"https:\/\/www.yoleoescaparate.com\/index.php?rest_route=\/wp\/v2\/posts"}],"about":[{"href":"https:\/\/www.yoleoescaparate.com\/index.php?rest_route=\/wp\/v2\/types\/post"}],"author":[{"embeddable":true,"href":"https:\/\/www.yoleoescaparate.com\/index.php?rest_route=\/wp\/v2\/users\/1"}],"replies":[{"embeddable":true,"href":"https:\/\/www.yoleoescaparate.com\/index.php?rest_route=%2Fwp%2Fv2%2Fcomments&post=151104"}],"version-history":[{"count":1,"href":"https:\/\/www.yoleoescaparate.com\/index.php?rest_route=\/wp\/v2\/posts\/151104\/revisions"}],"predecessor-version":[{"id":151108,"href":"https:\/\/www.yoleoescaparate.com\/index.php?rest_route=\/wp\/v2\/posts\/151104\/revisions\/151108"}],"wp:featuredmedia":[{"embeddable":true,"href":"https:\/\/www.yoleoescaparate.com\/index.php?rest_route=\/wp\/v2\/media\/151107"}],"wp:attachment":[{"href":"https:\/\/www.yoleoescaparate.com\/index.php?rest_route=%2Fwp%2Fv2%2Fmedia&parent=151104"}],"wp:term":[{"taxonomy":"category","embeddable":true,"href":"https:\/\/www.yoleoescaparate.com\/index.php?rest_route=%2Fwp%2Fv2%2Fcategories&post=151104"},{"taxonomy":"post_tag","embeddable":true,"href":"https:\/\/www.yoleoescaparate.com\/index.php?rest_route=%2Fwp%2Fv2%2Ftags&post=151104"}],"curies":[{"name":"wp","href":"https:\/\/api.w.org\/{rel}","templated":true}]}}