{"id":151141,"date":"2026-09-03T11:47:24","date_gmt":"2026-09-03T09:47:24","guid":{"rendered":"https:\/\/www.yoleoescaparate.com\/?p=151141"},"modified":"2026-09-03T11:47:28","modified_gmt":"2026-09-03T09:47:28","slug":"fundacion-caja-rioja-organiza-en-calahorra-unas-jornadas-sobre-migracion-formadas-por-charlas-proyecciones-de-cortos-y-actividades-para-escolares","status":"publish","type":"post","link":"https:\/\/www.yoleoescaparate.com\/?p=151141","title":{"rendered":"Fundaci\u00f3n Caja Rioja organiza en Calahorra unas jornadas sobre migraci\u00f3n formadas por charlas, proyecciones de cortos y actividades para escolares"},"content":{"rendered":"\n<!--more-->\n\n\n\n<p class=\"wp-block-paragraph\">Fundaci\u00f3n Caja Rioja organiza en su Centro Cultural de Calahorra las jornadas \u201cPensar la migraci\u00f3n\u201d, formadas por charlas, proyecciones de cortos y actividades para escolares. Comenzar\u00e1n el pr\u00f3ximo martes, 8 de septiembre, y concluir\u00e1n el d\u00eda 29. Se realizan en colaboraci\u00f3n con el Ayuntamiento de Calahorra a trav\u00e9s de la convocatoria social e intercultural.<br>La conferencia Migraciones forzadas. Cuando el hogar deja de ser un lugar seguro, a cargo de Yanitza Torres Guill\u00e9n, periodista experta en migraciones, inaugura las jornadas el martes 8 de septiembre a partir de las 19:30 horas.<br>Al d\u00eda siguiente tendr\u00e1 lugar la mesa redonda Cambiar de pa\u00eds: educaci\u00f3n y cultura en la di\u00e1spora, con Paola Peregrino, Fares Khader, Wakas Akram y Natalia Abou-Garat Soto, y moderada por Fundaci\u00f3n Caja Rioja. Tambi\u00e9n tendr\u00e1 lugar a las 19:30 horas.<br>El viernes ser\u00e1 el turno de mirar la realidad de la migraci\u00f3n a trav\u00e9s del cine con una sesi\u00f3n de cortometrajes que coordina Octubre Corto a las 19:30 horas. En total, se proyectar\u00e1n cinco cortometrajes; se trata de Mar nuestro, Uno, Xiao Xiam, Kuruf y Abimbow\u00e9.<br>Las jornadas concluir\u00e1n el d\u00eda 29 de septiembre con unos talleres para escolares titulados Inmigraci\u00f3n y bulos, a cargo de la asociaci\u00f3n Rioja Acoge.<br>El objetivo de Fundaci\u00f3n Caja Rioja es, seg\u00fan explica su gerente Carlos Fuentes, \u201cponer el foco en una realidad global; la inmigraci\u00f3n es un fen\u00f3meno social y una realidad compleja que, dependiendo del contexto y la gesti\u00f3n, puede convertirse en un desaf\u00edo o problema estructural. Creemos que es preciso reflexionar sobre ella, crear espacios de conversaci\u00f3n y proponer soluciones que pasen por la convivencia y la interculturalidad, el conocimiento de las diferentes culturas y sociedades\u201d.<\/p>\n\n\n\n<p class=\"wp-block-paragraph\">Carlos Fuentes, adem\u00e1s, insiste en la necesidad de \u201ccomprender las diferentes realidades, huir de los titulares urgentes y dotarnos de herramientas que nos hagan entender qu\u00e9 pasa en el mundo y por qu\u00e9 la geopol\u00edtica y las relaciones internacionales nos deben importar para ayudarnos a entender mejor el mundo que habitamos\u201d.<br>Las jornadas est\u00e1n abiertas al p\u00fablico general, salvo la sesi\u00f3n para escolares que se desarrollar\u00e1 en colaboraci\u00f3n con los centros educativos.<br>Programa<br>Martes, 8 de septiembre. 19:30 horas<br>Migraciones forzadas. Cuando el hogar deja de ser un lugar seguro. Con Yanitza Torres Guill\u00e9n, periodista experta en migraciones<br>Mi\u00e9rcoles, 9 de septiembre; 19:30 horas<br>Cambiar de pa\u00eds: educaci\u00f3n y cultura en la di\u00e1spora. Mesa redonda con Paola Peregrino, Fares Khader, Wakas Akram y Natalia Abou-Garat Soto<br>Viernes, 11 de septiembre; 19:00 horas<br>Proyecci\u00f3n de cortometrajes sobre migraci\u00f3n. Coordina: Octubre Corto<br>Mar nuestro. Comunidad Valenciana, 2021. 23\u2019. Direcci\u00f3n: \u00c1lvaro L\u00f3pez Soriano y Franz Blanco. Documental<br>Uno. Andalucia, 2018. 10\u2019. Direcci\u00f3n: Javier Marco. Ficci\u00f3n.<br>Xiao Xiam. Madrid, 2019. 17\u2019. Direcci\u00f3n: Jiajie Yu. Ficci\u00f3n.<br>Kuruf. Euskadi, 2019. 14\u2019. Direcci\u00f3n: Kepa Sojo. Ficci\u00f3n.<br>Abimbow\u00e9. Comunidad Valenciana, 2008. 4\u2019. Direcci\u00f3n: \u00c1lex Montoya. Ficci\u00f3n.<br>Martes, 29 de septiembre. Horario escolar<br>Inmigraci\u00f3n y bulos. Talleres para escolares sobre inmigraci\u00f3n con la colaboraci\u00f3n de la Plataforma Bienvenidos Refugiados<\/p>\n","protected":false},"excerpt":{"rendered":"","protected":false},"author":1,"featured_media":151143,"comment_status":"open","ping_status":"open","sticky":false,"template":"","format":"standard","meta":{"colormag_page_container_layout":"default_layout","colormag_page_sidebar_layout":"default_layout","om_disable_all_campaigns":false,"_monsterinsights_skip_tracking":false,"_monsterinsights_sitenote_active":false,"_monsterinsights_sitenote_note":"","_monsterinsights_sitenote_category":0,"footnotes":""},"categories":[4],"tags":[16,1165,12,1263,806,4156],"class_list":["post-151141","post","type-post","status-publish","format-standard","has-post-thumbnail","hentry","category-calahorra","tag-calahorra","tag-charlas","tag-escaparate","tag-fundacion-caja-rioja","tag-jornadas","tag-migracion"],"aioseo_notices":[],"aioseo_head":"\n\t\t<!-- All in One SEO 4.9.10 - aioseo.com -->\n\t<meta name=\"description\" content=\"Fundaci\u00f3n Caja Rioja organiza en su Centro Cultural de Calahorra las jornadas \u201cPensar la migraci\u00f3n\u201d, formadas por charlas, proyecciones de cortos y actividades para escolares. Comenzar\u00e1n el pr\u00f3ximo martes, 8 de septiembre, y concluir\u00e1n el d\u00eda 29. Se realizan en colaboraci\u00f3n con el Ayuntamiento de Calahorra a trav\u00e9s de la convocatoria social e intercultural.La conferencia\" \/>\n\t<meta name=\"robots\" content=\"max-image-preview:large\" \/>\n\t<meta name=\"author\" content=\"Escaparate\"\/>\n\t<meta name=\"google-site-verification\" content=\"OQV8mvJF6pBZ9RiZ8C9O86ahYB3C05wO-omz3Nejrsc\" \/>\n\t<link rel=\"canonical\" href=\"https:\/\/www.yoleoescaparate.com\/?p=151141\" \/>\n\t<meta name=\"generator\" content=\"All in One SEO (AIOSEO) 4.9.10\" \/>\n\t\t<meta property=\"og:locale\" content=\"es_ES\" \/>\n\t\t<meta property=\"og:site_name\" content=\"Escaparate \u2022 Informaci\u00f3n | Noticias | Actualidad\" \/>\n\t\t<meta property=\"og:type\" content=\"article\" \/>\n\t\t<meta property=\"og:title\" content=\"Fundaci\u00f3n Caja Rioja organiza en Calahorra unas jornadas sobre migraci\u00f3n formadas por charlas, proyecciones de cortos y actividades para escolares \u2022 Escaparate\" \/>\n\t\t<meta property=\"og:description\" content=\"Fundaci\u00f3n Caja Rioja organiza en su Centro Cultural de Calahorra las jornadas \u201cPensar la migraci\u00f3n\u201d, formadas por charlas, proyecciones de cortos y actividades para escolares. Comenzar\u00e1n el pr\u00f3ximo martes, 8 de septiembre, y concluir\u00e1n el d\u00eda 29. Se realizan en colaboraci\u00f3n con el Ayuntamiento de Calahorra a trav\u00e9s de la convocatoria social e intercultural.La conferencia\" \/>\n\t\t<meta property=\"og:url\" content=\"https:\/\/www.yoleoescaparate.com\/?p=151141\" \/>\n\t\t<meta property=\"og:image\" content=\"https:\/\/www.yoleoescaparate.com\/wp-content\/uploads\/migracion.jpg\" \/>\n\t\t<meta property=\"og:image:secure_url\" content=\"https:\/\/www.yoleoescaparate.com\/wp-content\/uploads\/migracion.jpg\" \/>\n\t\t<meta property=\"og:image:width\" content=\"1200\" \/>\n\t\t<meta property=\"og:image:height\" content=\"675\" \/>\n\t\t<meta property=\"article:published_time\" content=\"2026-09-03T09:47:24+00:00\" \/>\n\t\t<meta property=\"article:modified_time\" content=\"2026-09-03T09:47:28+00:00\" \/>\n\t\t<meta property=\"article:publisher\" content=\"https:\/\/www.facebook.com\/revescaparate\" \/>\n\t\t<meta name=\"twitter:card\" content=\"summary_large_image\" \/>\n\t\t<meta name=\"twitter:site\" content=\"@rev_escaparate\" \/>\n\t\t<meta name=\"twitter:title\" content=\"Fundaci\u00f3n Caja Rioja organiza en Calahorra unas jornadas sobre migraci\u00f3n formadas por charlas, proyecciones de cortos y actividades para escolares \u2022 Escaparate\" \/>\n\t\t<meta name=\"twitter:description\" content=\"Fundaci\u00f3n Caja Rioja organiza en su Centro Cultural de Calahorra las jornadas \u201cPensar la migraci\u00f3n\u201d, formadas por charlas, proyecciones de cortos y actividades para escolares. Comenzar\u00e1n el pr\u00f3ximo martes, 8 de septiembre, y concluir\u00e1n el d\u00eda 29. Se realizan en colaboraci\u00f3n con el Ayuntamiento de Calahorra a trav\u00e9s de la convocatoria social e intercultural.La conferencia\" \/>\n\t\t<meta name=\"twitter:creator\" content=\"@rev_escaparate\" \/>\n\t\t<meta name=\"twitter:image\" content=\"https:\/\/www.yoleoescaparate.com\/wp-content\/uploads\/migracion.jpg\" \/>\n\t\t<script type=\"application\/ld+json\" class=\"aioseo-schema\">\n\t\t\t{\"@context\":\"https:\\\/\\\/schema.org\",\"@graph\":[{\"@type\":\"BlogPosting\",\"@id\":\"https:\\\/\\\/www.yoleoescaparate.com\\\/?p=151141#blogposting\",\"name\":\"Fundaci\\u00f3n Caja Rioja organiza en Calahorra unas jornadas sobre migraci\\u00f3n formadas por charlas, proyecciones de cortos y actividades para escolares \\u2022 Escaparate\",\"headline\":\"Fundaci\\u00f3n Caja Rioja organiza en Calahorra unas jornadas sobre migraci\\u00f3n formadas por charlas, proyecciones de cortos y actividades para escolares\",\"author\":{\"@id\":\"https:\\\/\\\/www.yoleoescaparate.com\\\/?author=1#author\"},\"publisher\":{\"@id\":\"https:\\\/\\\/www.yoleoescaparate.com\\\/#organization\"},\"image\":{\"@type\":\"ImageObject\",\"url\":\"https:\\\/\\\/www.yoleoescaparate.com\\\/wp-content\\\/uploads\\\/migracion.jpg\",\"width\":1200,\"height\":675},\"datePublished\":\"2026-09-03T11:47:24+02:00\",\"dateModified\":\"2026-09-03T11:47:28+02:00\",\"inLanguage\":\"es-ES\",\"mainEntityOfPage\":{\"@id\":\"https:\\\/\\\/www.yoleoescaparate.com\\\/?p=151141#webpage\"},\"isPartOf\":{\"@id\":\"https:\\\/\\\/www.yoleoescaparate.com\\\/?p=151141#webpage\"},\"articleSection\":\"Calahorra, Calahorra, Charlas, Escaparate, Fundaci\\u00f3n Caja Rioja, Jornadas, Migraci\\u00f3n\"},{\"@type\":\"BreadcrumbList\",\"@id\":\"https:\\\/\\\/www.yoleoescaparate.com\\\/?p=151141#breadcrumblist\",\"itemListElement\":[{\"@type\":\"ListItem\",\"@id\":\"https:\\\/\\\/www.yoleoescaparate.com#listItem\",\"position\":1,\"name\":\"Home\",\"item\":\"https:\\\/\\\/www.yoleoescaparate.com\",\"nextItem\":{\"@type\":\"ListItem\",\"@id\":\"https:\\\/\\\/www.yoleoescaparate.com\\\/?cat=4#listItem\",\"name\":\"Calahorra\"}},{\"@type\":\"ListItem\",\"@id\":\"https:\\\/\\\/www.yoleoescaparate.com\\\/?cat=4#listItem\",\"position\":2,\"name\":\"Calahorra\",\"item\":\"https:\\\/\\\/www.yoleoescaparate.com\\\/?cat=4\",\"nextItem\":{\"@type\":\"ListItem\",\"@id\":\"https:\\\/\\\/www.yoleoescaparate.com\\\/?p=151141#listItem\",\"name\":\"Fundaci\\u00f3n Caja Rioja organiza en Calahorra unas jornadas sobre migraci\\u00f3n formadas por charlas, proyecciones de cortos y actividades para escolares\"},\"previousItem\":{\"@type\":\"ListItem\",\"@id\":\"https:\\\/\\\/www.yoleoescaparate.com#listItem\",\"name\":\"Home\"}},{\"@type\":\"ListItem\",\"@id\":\"https:\\\/\\\/www.yoleoescaparate.com\\\/?p=151141#listItem\",\"position\":3,\"name\":\"Fundaci\\u00f3n Caja Rioja organiza en Calahorra unas jornadas sobre migraci\\u00f3n formadas por charlas, proyecciones de cortos y actividades para escolares\",\"previousItem\":{\"@type\":\"ListItem\",\"@id\":\"https:\\\/\\\/www.yoleoescaparate.com\\\/?cat=4#listItem\",\"name\":\"Calahorra\"}}]},{\"@type\":\"Organization\",\"@id\":\"https:\\\/\\\/www.yoleoescaparate.com\\\/#organization\",\"name\":\"Escaparate\",\"description\":\"Informaci\\u00f3n | Noticias | Actualidad\",\"url\":\"https:\\\/\\\/www.yoleoescaparate.com\\\/\",\"logo\":{\"@type\":\"ImageObject\",\"url\":\"https:\\\/\\\/www.yoleoescaparate.com\\\/wp-content\\\/uploads\\\/2022\\\/02\\\/logoF.jpg\",\"@id\":\"https:\\\/\\\/www.yoleoescaparate.com\\\/?p=151141\\\/#organizationLogo\",\"width\":350,\"height\":360},\"image\":{\"@id\":\"https:\\\/\\\/www.yoleoescaparate.com\\\/?p=151141\\\/#organizationLogo\"},\"sameAs\":[\"https:\\\/\\\/www.facebook.com\\\/revescaparate\",\"https:\\\/\\\/twitter.com\\\/rev_escaparate\",\"https:\\\/\\\/www.instagram.com\\\/yoleoescaparate\\\/\",\"https:\\\/\\\/www.youtube.com\\\/channel\\\/UCj1lDjkqSzCH14bZmq-kWsQ\"]},{\"@type\":\"Person\",\"@id\":\"https:\\\/\\\/www.yoleoescaparate.com\\\/?author=1#author\",\"url\":\"https:\\\/\\\/www.yoleoescaparate.com\\\/?author=1\",\"name\":\"Escaparate\",\"image\":{\"@type\":\"ImageObject\",\"@id\":\"https:\\\/\\\/www.yoleoescaparate.com\\\/?p=151141#authorImage\",\"url\":\"https:\\\/\\\/secure.gravatar.com\\\/avatar\\\/d4681a657e3ba11aa052dc7c62193f217364db55960ea15739662b6564b2dafb?s=96&d=mm&r=g\",\"width\":96,\"height\":96,\"caption\":\"Escaparate\"}},{\"@type\":\"WebPage\",\"@id\":\"https:\\\/\\\/www.yoleoescaparate.com\\\/?p=151141#webpage\",\"url\":\"https:\\\/\\\/www.yoleoescaparate.com\\\/?p=151141\",\"name\":\"Fundaci\\u00f3n Caja Rioja organiza en Calahorra unas jornadas sobre migraci\\u00f3n formadas por charlas, proyecciones de cortos y actividades para escolares \\u2022 Escaparate\",\"description\":\"Fundaci\\u00f3n Caja Rioja organiza en su Centro Cultural de Calahorra las jornadas \\u201cPensar la migraci\\u00f3n\\u201d, formadas por charlas, proyecciones de cortos y actividades para escolares. Comenzar\\u00e1n el pr\\u00f3ximo martes, 8 de septiembre, y concluir\\u00e1n el d\\u00eda 29. Se realizan en colaboraci\\u00f3n con el Ayuntamiento de Calahorra a trav\\u00e9s de la convocatoria social e intercultural.La conferencia\",\"inLanguage\":\"es-ES\",\"isPartOf\":{\"@id\":\"https:\\\/\\\/www.yoleoescaparate.com\\\/#website\"},\"breadcrumb\":{\"@id\":\"https:\\\/\\\/www.yoleoescaparate.com\\\/?p=151141#breadcrumblist\"},\"author\":{\"@id\":\"https:\\\/\\\/www.yoleoescaparate.com\\\/?author=1#author\"},\"creator\":{\"@id\":\"https:\\\/\\\/www.yoleoescaparate.com\\\/?author=1#author\"},\"image\":{\"@type\":\"ImageObject\",\"url\":\"https:\\\/\\\/www.yoleoescaparate.com\\\/wp-content\\\/uploads\\\/migracion.jpg\",\"@id\":\"https:\\\/\\\/www.yoleoescaparate.com\\\/?p=151141\\\/#mainImage\",\"width\":1200,\"height\":675},\"primaryImageOfPage\":{\"@id\":\"https:\\\/\\\/www.yoleoescaparate.com\\\/?p=151141#mainImage\"},\"datePublished\":\"2026-09-03T11:47:24+02:00\",\"dateModified\":\"2026-09-03T11:47:28+02:00\"},{\"@type\":\"WebSite\",\"@id\":\"https:\\\/\\\/www.yoleoescaparate.com\\\/#website\",\"url\":\"https:\\\/\\\/www.yoleoescaparate.com\\\/\",\"name\":\"Escaparate\",\"description\":\"Informaci\\u00f3n | Noticias | Actualidad\",\"inLanguage\":\"es-ES\",\"publisher\":{\"@id\":\"https:\\\/\\\/www.yoleoescaparate.com\\\/#organization\"}}]}\n\t\t<\/script>\n\t\t<!-- All in One SEO -->\n\n","aioseo_head_json":{"title":"Fundaci\u00f3n Caja Rioja organiza en Calahorra unas jornadas sobre migraci\u00f3n formadas por charlas, proyecciones de cortos y actividades para escolares \u2022 Escaparate","description":"Fundaci\u00f3n Caja Rioja organiza en su Centro Cultural de Calahorra las jornadas \u201cPensar la migraci\u00f3n\u201d, formadas por charlas, proyecciones de cortos y actividades para escolares. Comenzar\u00e1n el pr\u00f3ximo martes, 8 de septiembre, y concluir\u00e1n el d\u00eda 29. Se realizan en colaboraci\u00f3n con el Ayuntamiento de Calahorra a trav\u00e9s de la convocatoria social e intercultural.La conferencia","canonical_url":"https:\/\/www.yoleoescaparate.com\/?p=151141","robots":"max-image-preview:large","keywords":"","webmasterTools":{"google-site-verification":"OQV8mvJF6pBZ9RiZ8C9O86ahYB3C05wO-omz3Nejrsc","miscellaneous":""},"schema":{"@context":"https:\/\/schema.org","@graph":[{"@type":"BlogPosting","@id":"https:\/\/www.yoleoescaparate.com\/?p=151141#blogposting","name":"Fundaci\u00f3n Caja Rioja organiza en Calahorra unas jornadas sobre migraci\u00f3n formadas por charlas, proyecciones de cortos y actividades para escolares \u2022 Escaparate","headline":"Fundaci\u00f3n Caja Rioja organiza en Calahorra unas jornadas sobre migraci\u00f3n formadas por charlas, proyecciones de cortos y actividades para escolares","author":{"@id":"https:\/\/www.yoleoescaparate.com\/?author=1#author"},"publisher":{"@id":"https:\/\/www.yoleoescaparate.com\/#organization"},"image":{"@type":"ImageObject","url":"https:\/\/www.yoleoescaparate.com\/wp-content\/uploads\/migracion.jpg","width":1200,"height":675},"datePublished":"2026-09-03T11:47:24+02:00","dateModified":"2026-09-03T11:47:28+02:00","inLanguage":"es-ES","mainEntityOfPage":{"@id":"https:\/\/www.yoleoescaparate.com\/?p=151141#webpage"},"isPartOf":{"@id":"https:\/\/www.yoleoescaparate.com\/?p=151141#webpage"},"articleSection":"Calahorra, Calahorra, Charlas, Escaparate, Fundaci\u00f3n Caja Rioja, Jornadas, Migraci\u00f3n"},{"@type":"BreadcrumbList","@id":"https:\/\/www.yoleoescaparate.com\/?p=151141#breadcrumblist","itemListElement":[{"@type":"ListItem","@id":"https:\/\/www.yoleoescaparate.com#listItem","position":1,"name":"Home","item":"https:\/\/www.yoleoescaparate.com","nextItem":{"@type":"ListItem","@id":"https:\/\/www.yoleoescaparate.com\/?cat=4#listItem","name":"Calahorra"}},{"@type":"ListItem","@id":"https:\/\/www.yoleoescaparate.com\/?cat=4#listItem","position":2,"name":"Calahorra","item":"https:\/\/www.yoleoescaparate.com\/?cat=4","nextItem":{"@type":"ListItem","@id":"https:\/\/www.yoleoescaparate.com\/?p=151141#listItem","name":"Fundaci\u00f3n Caja Rioja organiza en Calahorra unas jornadas sobre migraci\u00f3n formadas por charlas, proyecciones de cortos y actividades para escolares"},"previousItem":{"@type":"ListItem","@id":"https:\/\/www.yoleoescaparate.com#listItem","name":"Home"}},{"@type":"ListItem","@id":"https:\/\/www.yoleoescaparate.com\/?p=151141#listItem","position":3,"name":"Fundaci\u00f3n Caja Rioja organiza en Calahorra unas jornadas sobre migraci\u00f3n formadas por charlas, proyecciones de cortos y actividades para escolares","previousItem":{"@type":"ListItem","@id":"https:\/\/www.yoleoescaparate.com\/?cat=4#listItem","name":"Calahorra"}}]},{"@type":"Organization","@id":"https:\/\/www.yoleoescaparate.com\/#organization","name":"Escaparate","description":"Informaci\u00f3n | Noticias | Actualidad","url":"https:\/\/www.yoleoescaparate.com\/","logo":{"@type":"ImageObject","url":"https:\/\/www.yoleoescaparate.com\/wp-content\/uploads\/2022\/02\/logoF.jpg","@id":"https:\/\/www.yoleoescaparate.com\/?p=151141\/#organizationLogo","width":350,"height":360},"image":{"@id":"https:\/\/www.yoleoescaparate.com\/?p=151141\/#organizationLogo"},"sameAs":["https:\/\/www.facebook.com\/revescaparate","https:\/\/twitter.com\/rev_escaparate","https:\/\/www.instagram.com\/yoleoescaparate\/","https:\/\/www.youtube.com\/channel\/UCj1lDjkqSzCH14bZmq-kWsQ"]},{"@type":"Person","@id":"https:\/\/www.yoleoescaparate.com\/?author=1#author","url":"https:\/\/www.yoleoescaparate.com\/?author=1","name":"Escaparate","image":{"@type":"ImageObject","@id":"https:\/\/www.yoleoescaparate.com\/?p=151141#authorImage","url":"https:\/\/secure.gravatar.com\/avatar\/d4681a657e3ba11aa052dc7c62193f217364db55960ea15739662b6564b2dafb?s=96&d=mm&r=g","width":96,"height":96,"caption":"Escaparate"}},{"@type":"WebPage","@id":"https:\/\/www.yoleoescaparate.com\/?p=151141#webpage","url":"https:\/\/www.yoleoescaparate.com\/?p=151141","name":"Fundaci\u00f3n Caja Rioja organiza en Calahorra unas jornadas sobre migraci\u00f3n formadas por charlas, proyecciones de cortos y actividades para escolares \u2022 Escaparate","description":"Fundaci\u00f3n Caja Rioja organiza en su Centro Cultural de Calahorra las jornadas \u201cPensar la migraci\u00f3n\u201d, formadas por charlas, proyecciones de cortos y actividades para escolares. Comenzar\u00e1n el pr\u00f3ximo martes, 8 de septiembre, y concluir\u00e1n el d\u00eda 29. Se realizan en colaboraci\u00f3n con el Ayuntamiento de Calahorra a trav\u00e9s de la convocatoria social e intercultural.La conferencia","inLanguage":"es-ES","isPartOf":{"@id":"https:\/\/www.yoleoescaparate.com\/#website"},"breadcrumb":{"@id":"https:\/\/www.yoleoescaparate.com\/?p=151141#breadcrumblist"},"author":{"@id":"https:\/\/www.yoleoescaparate.com\/?author=1#author"},"creator":{"@id":"https:\/\/www.yoleoescaparate.com\/?author=1#author"},"image":{"@type":"ImageObject","url":"https:\/\/www.yoleoescaparate.com\/wp-content\/uploads\/migracion.jpg","@id":"https:\/\/www.yoleoescaparate.com\/?p=151141\/#mainImage","width":1200,"height":675},"primaryImageOfPage":{"@id":"https:\/\/www.yoleoescaparate.com\/?p=151141#mainImage"},"datePublished":"2026-09-03T11:47:24+02:00","dateModified":"2026-09-03T11:47:28+02:00"},{"@type":"WebSite","@id":"https:\/\/www.yoleoescaparate.com\/#website","url":"https:\/\/www.yoleoescaparate.com\/","name":"Escaparate","description":"Informaci\u00f3n | Noticias | Actualidad","inLanguage":"es-ES","publisher":{"@id":"https:\/\/www.yoleoescaparate.com\/#organization"}}]},"og:locale":"es_ES","og:site_name":"Escaparate \u2022 Informaci\u00f3n | Noticias | Actualidad","og:type":"article","og:title":"Fundaci\u00f3n Caja Rioja organiza en Calahorra unas jornadas sobre migraci\u00f3n formadas por charlas, proyecciones de cortos y actividades para escolares \u2022 Escaparate","og:description":"Fundaci\u00f3n Caja Rioja organiza en su Centro Cultural de Calahorra las jornadas \u201cPensar la migraci\u00f3n\u201d, formadas por charlas, proyecciones de cortos y actividades para escolares. Comenzar\u00e1n el pr\u00f3ximo martes, 8 de septiembre, y concluir\u00e1n el d\u00eda 29. Se realizan en colaboraci\u00f3n con el Ayuntamiento de Calahorra a trav\u00e9s de la convocatoria social e intercultural.La conferencia","og:url":"https:\/\/www.yoleoescaparate.com\/?p=151141","og:image":"https:\/\/www.yoleoescaparate.com\/wp-content\/uploads\/migracion.jpg","og:image:secure_url":"https:\/\/www.yoleoescaparate.com\/wp-content\/uploads\/migracion.jpg","og:image:width":1200,"og:image:height":675,"article:published_time":"2026-09-03T09:47:24+00:00","article:modified_time":"2026-09-03T09:47:28+00:00","article:publisher":"https:\/\/www.facebook.com\/revescaparate","twitter:card":"summary_large_image","twitter:site":"@rev_escaparate","twitter:title":"Fundaci\u00f3n Caja Rioja organiza en Calahorra unas jornadas sobre migraci\u00f3n formadas por charlas, proyecciones de cortos y actividades para escolares \u2022 Escaparate","twitter:description":"Fundaci\u00f3n Caja Rioja organiza en su Centro Cultural de Calahorra las jornadas \u201cPensar la migraci\u00f3n\u201d, formadas por charlas, proyecciones de cortos y actividades para escolares. Comenzar\u00e1n el pr\u00f3ximo martes, 8 de septiembre, y concluir\u00e1n el d\u00eda 29. Se realizan en colaboraci\u00f3n con el Ayuntamiento de Calahorra a trav\u00e9s de la convocatoria social e intercultural.La conferencia","twitter:creator":"@rev_escaparate","twitter:image":"https:\/\/www.yoleoescaparate.com\/wp-content\/uploads\/migracion.jpg"},"aioseo_meta_data":{"post_id":"151141","title":null,"description":null,"keywords":null,"keyphrases":{"focus":{"keyphrase":"","score":0,"analysis":{"keyphraseInTitle":{"score":0,"maxScore":9,"error":1}}},"additional":[]},"primary_term":null,"canonical_url":null,"og_title":null,"og_description":null,"og_object_type":"default","og_image_type":"default","og_image_url":null,"og_image_width":null,"og_image_height":null,"og_image_custom_url":null,"og_image_custom_fields":null,"og_video":"","og_custom_url":null,"og_article_section":null,"og_article_tags":null,"twitter_use_og":true,"twitter_card":"default","twitter_image_type":"default","twitter_image_url":null,"twitter_image_custom_url":null,"twitter_image_custom_fields":null,"twitter_title":null,"twitter_description":null,"schema":{"blockGraphs":[],"customGraphs":[],"default":{"data":{"Article":[],"Course":[],"Dataset":[],"FAQPage":[],"Movie":[],"Person":[],"Product":[],"ProductReview":[],"Car":[],"Recipe":[],"Service":[],"SoftwareApplication":[],"WebPage":[]},"graphName":"BlogPosting","isEnabled":true},"graphs":[]},"schema_type":"default","schema_type_options":null,"pillar_content":false,"robots_default":true,"robots_noindex":false,"robots_noarchive":false,"robots_nosnippet":false,"robots_nofollow":false,"robots_noimageindex":false,"robots_noodp":false,"robots_notranslate":false,"robots_max_snippet":"-1","robots_max_videopreview":"-1","robots_max_imagepreview":"large","priority":null,"frequency":"default","local_seo":null,"breadcrumb_settings":null,"limit_modified_date":false,"ai":{"faqs":[],"keyPoints":[],"schemas":[],"titles":[],"descriptions":[],"socialPosts":{"email":{"subject":"","preview":"","content":""},"linkedin":[],"twitter":[],"facebook":[],"instagram":[]}},"created":"2026-09-03 09:47:29","updated":"2026-09-03 09:48:16","seo_analyzer_scan_date":null},"aioseo_breadcrumb":"<div class=\"aioseo-breadcrumbs\"><span class=\"aioseo-breadcrumb\">\n\t\t\t<a href=\"https:\/\/www.yoleoescaparate.com\" title=\"Home\">Home<\/a>\n\t\t<\/span><span class=\"aioseo-breadcrumb-separator\">&raquo;<\/span><span class=\"aioseo-breadcrumb\">\n\t\t\t<a href=\"https:\/\/www.yoleoescaparate.com\/?cat=4\" title=\"Calahorra\">Calahorra<\/a>\n\t\t<\/span><span class=\"aioseo-breadcrumb-separator\">&raquo;<\/span><span class=\"aioseo-breadcrumb\">\n\t\t\tFundaci\u00f3n Caja Rioja organiza en Calahorra unas jornadas sobre migraci\u00f3n formadas por charlas, proyecciones de cortos y actividades para escolares\n\t\t<\/span><\/div>","aioseo_breadcrumb_json":[{"label":"Home","link":"https:\/\/www.yoleoescaparate.com"},{"label":"Calahorra","link":"https:\/\/www.yoleoescaparate.com\/?cat=4"},{"label":"Fundaci\u00f3n Caja Rioja organiza en Calahorra unas jornadas sobre migraci\u00f3n formadas por charlas, proyecciones de cortos y actividades para escolares","link":"https:\/\/www.yoleoescaparate.com\/?p=151141"}],"_links":{"self":[{"href":"https:\/\/www.yoleoescaparate.com\/index.php?rest_route=\/wp\/v2\/posts\/151141","targetHints":{"allow":["GET"]}}],"collection":[{"href":"https:\/\/www.yoleoescaparate.com\/index.php?rest_route=\/wp\/v2\/posts"}],"about":[{"href":"https:\/\/www.yoleoescaparate.com\/index.php?rest_route=\/wp\/v2\/types\/post"}],"author":[{"embeddable":true,"href":"https:\/\/www.yoleoescaparate.com\/index.php?rest_route=\/wp\/v2\/users\/1"}],"replies":[{"embeddable":true,"href":"https:\/\/www.yoleoescaparate.com\/index.php?rest_route=%2Fwp%2Fv2%2Fcomments&post=151141"}],"version-history":[{"count":1,"href":"https:\/\/www.yoleoescaparate.com\/index.php?rest_route=\/wp\/v2\/posts\/151141\/revisions"}],"predecessor-version":[{"id":151144,"href":"https:\/\/www.yoleoescaparate.com\/index.php?rest_route=\/wp\/v2\/posts\/151141\/revisions\/151144"}],"wp:featuredmedia":[{"embeddable":true,"href":"https:\/\/www.yoleoescaparate.com\/index.php?rest_route=\/wp\/v2\/media\/151143"}],"wp:attachment":[{"href":"https:\/\/www.yoleoescaparate.com\/index.php?rest_route=%2Fwp%2Fv2%2Fmedia&parent=151141"}],"wp:term":[{"taxonomy":"category","embeddable":true,"href":"https:\/\/www.yoleoescaparate.com\/index.php?rest_route=%2Fwp%2Fv2%2Fcategories&post=151141"},{"taxonomy":"post_tag","embeddable":true,"href":"https:\/\/www.yoleoescaparate.com\/index.php?rest_route=%2Fwp%2Fv2%2Ftags&post=151141"}],"curies":[{"name":"wp","href":"https:\/\/api.w.org\/{rel}","templated":true}]}}