{"id":151145,"date":"2026-09-03T12:21:56","date_gmt":"2026-09-03T10:21:56","guid":{"rendered":"https:\/\/www.yoleoescaparate.com\/?p=151145"},"modified":"2026-09-03T12:22:01","modified_gmt":"2026-09-03T10:22:01","slug":"el-consejo-de-la-juventud-comarcal-de-calahorra-impulsa-emancipate","status":"publish","type":"post","link":"https:\/\/www.yoleoescaparate.com\/?p=151145","title":{"rendered":"El Consejo de la Juventud Comarcal de Calahorra impulsa \u201cEMANC\u00cdPATE\u201d"},"content":{"rendered":"\n<!--more-->\n\n\n\n<p class=\"wp-block-paragraph\">El&nbsp;<strong>Consejo de la Juventud Comarcal de Calahorra<\/strong>&nbsp;contin\u00faa desarrollando el proyecto&nbsp;<strong>\u201cEMANC\u00cdPATE\u201d<\/strong>, una iniciativa dirigida a j\u00f3venes de entre&nbsp;<strong>14 y 35 a\u00f1os<\/strong>&nbsp;de Calahorra y su comarca que busca facilitar herramientas, informaci\u00f3n y acompa\u00f1amiento para avanzar en su autonom\u00eda personal, laboral y social.<\/p>\n\n\n\n<p class=\"wp-block-paragraph\">El servicio pretende convertirse en un espacio cercano al que poder acudir para recibir&nbsp;<strong>orientaci\u00f3n sobre empleo, formaci\u00f3n y vivienda<\/strong>, resolver dudas y encontrar recursos \u00fatiles para tomar decisiones sobre el futuro.<\/p>\n\n\n\n<p class=\"wp-block-paragraph\"><strong>EMANC\u00cdPATE comenz\u00f3 ya su andadura durante el mes de agosto<\/strong>, cuando se puso en marcha el servicio de atenci\u00f3n a j\u00f3venes. Desde entonces se ofrece atenci\u00f3n presencial y, mediante cita previa, tambi\u00e9n la posibilidad de adaptar el acompa\u00f1amiento a las necesidades de cada persona, incluyendo atenci\u00f3n telem\u00e1tica cuando resulte necesario.<\/p>\n\n\n\n<p class=\"wp-block-paragraph\">Adem\u00e1s de esta atenci\u00f3n individualizada, el proyecto contempla una vertiente formativa y pr\u00e1ctica. Durante el mes de&nbsp;<strong>octubre<\/strong>&nbsp;se desarrollar\u00e1n tres&nbsp;<strong>talleres gratuitos<\/strong>, en&nbsp;<strong>jueves alternos y en horario de 10:00 a 12:00 horas<\/strong>, en el Centro Joven de Calahorra:<\/p>\n\n\n\n<p class=\"wp-block-paragraph\">\u00b7&nbsp;&nbsp;&nbsp;&nbsp;&nbsp;&nbsp;&nbsp;<strong>Jueves 1 de octubre \u2013 Elaboraci\u00f3n de curr\u00edculums.<\/strong>&nbsp;Se trabajar\u00e1 la estructura y contenido del curr\u00edculum, su dise\u00f1o, personalizaci\u00f3n y redacci\u00f3n, as\u00ed como la carta de presentaci\u00f3n y diferentes ejercicios pr\u00e1cticos.<\/p>\n\n\n\n<p class=\"wp-block-paragraph\">\u00b7&nbsp;&nbsp;&nbsp;&nbsp;&nbsp;&nbsp;&nbsp;<strong>Jueves 15 de octubre \u2013 Competencias digitales para el empleo.<\/strong>&nbsp;La sesi\u00f3n abordar\u00e1 el uso profesional de redes sociales y portales de empleo, la creaci\u00f3n de un perfil digital atractivo y herramientas como Canva, Google Docs, Excel o Trello, junto con aspectos b\u00e1sicos de ciberseguridad y reputaci\u00f3n digital.<\/p>\n\n\n\n<p class=\"wp-block-paragraph\">\u00b7&nbsp;&nbsp;&nbsp;&nbsp;&nbsp;&nbsp;&nbsp;<strong>Jueves 29 de octubre \u2013 B\u00fasqueda de diferentes opciones de vivienda.<\/strong>&nbsp;El taller acercar\u00e1 a las personas j\u00f3venes cuestiones pr\u00e1cticas relacionadas con la b\u00fasqueda de vivienda, contratos de alquiler, fianzas, derechos y obligaciones, gastos asociados y resoluci\u00f3n de posibles problemas.<\/p>\n\n\n\n<p class=\"wp-block-paragraph\">Todas las actividades tendr\u00e1n un enfoque&nbsp;<strong>pr\u00e1ctico y participativo<\/strong>, buscando que quienes asistan puedan adquirir herramientas que despu\u00e9s puedan aplicar directamente a su vida cotidiana, a la b\u00fasqueda de empleo o a sus primeros pasos hacia la emancipaci\u00f3n. El proyecto contempla, adem\u00e1s, acompa\u00f1amiento individualizado para la elaboraci\u00f3n o mejora del curr\u00edculum, preparaci\u00f3n de entrevistas, b\u00fasqueda activa de empleo, orientaci\u00f3n formativa e informaci\u00f3n sobre ayudas y recursos vinculados a la vivienda.<\/p>\n\n\n\n<p class=\"wp-block-paragraph\"><strong>Los talleres son gratuitos y las inscripciones se realizar\u00e1n por WhatsApp en el tel\u00e9fono<\/strong>&nbsp;<strong>667 46 37 91 o presencialmente en la oficina del CJCC.<\/strong><\/p>\n\n\n\n<p class=\"wp-block-paragraph\">Desde el&nbsp;<strong>Consejo de la Juventud Comarcal de Calahorra<\/strong>&nbsp;queremos agradecer especialmente el apoyo y la colaboraci\u00f3n del&nbsp;<strong>Instituto Riojano de la Juventud del Gobierno de La Rioja<\/strong>, cuyo respaldo hace posible el desarrollo de este proyecto y permite seguir poniendo en marcha recursos que acompa\u00f1en a la juventud en \u00e1mbitos tan importantes como el empleo, la formaci\u00f3n y la vivienda.<\/p>\n\n\n\n<p class=\"wp-block-paragraph\">Asimismo, agradecemos la colaboraci\u00f3n del&nbsp;<strong>Ayuntamiento de Calahorra<\/strong>, tanto por su apoyo al trabajo que desarrolla el Consejo como por facilitar espacios y recursos que permiten acercar estas iniciativas a la juventud de nuestra comarca.<\/p>\n\n\n\n<p class=\"wp-block-paragraph\"><\/p>\n","protected":false},"excerpt":{"rendered":"","protected":false},"author":1,"featured_media":151146,"comment_status":"open","ping_status":"open","sticky":false,"template":"","format":"standard","meta":{"colormag_page_container_layout":"default_layout","colormag_page_sidebar_layout":"default_layout","om_disable_all_campaigns":false,"_monsterinsights_skip_tracking":false,"_monsterinsights_sitenote_active":false,"_monsterinsights_sitenote_note":"","_monsterinsights_sitenote_category":0,"footnotes":""},"categories":[4],"tags":[16,2005,577,12],"class_list":["post-151145","post","type-post","status-publish","format-standard","has-post-thumbnail","hentry","category-calahorra","tag-calahorra","tag-cjlc","tag-emancipate","tag-escaparate"],"aioseo_notices":[],"aioseo_head":"\n\t\t<!-- All in One SEO 4.9.10 - aioseo.com -->\n\t<meta name=\"description\" content=\"El Consejo de la Juventud Comarcal de Calahorra contin\u00faa desarrollando el proyecto \u201cEMANC\u00cdPATE\u201d, una iniciativa dirigida a j\u00f3venes de entre 14 y 35 a\u00f1os de Calahorra y su comarca que busca facilitar herramientas, informaci\u00f3n y acompa\u00f1amiento para avanzar en su autonom\u00eda personal, laboral y social. El servicio pretende convertirse en un espacio cercano al que poder acudir para recibir orientaci\u00f3n sobre\" \/>\n\t<meta name=\"robots\" content=\"max-image-preview:large\" \/>\n\t<meta name=\"author\" content=\"Escaparate\"\/>\n\t<meta name=\"google-site-verification\" content=\"OQV8mvJF6pBZ9RiZ8C9O86ahYB3C05wO-omz3Nejrsc\" \/>\n\t<link rel=\"canonical\" href=\"https:\/\/www.yoleoescaparate.com\/?p=151145\" \/>\n\t<meta name=\"generator\" content=\"All in One SEO (AIOSEO) 4.9.10\" \/>\n\t\t<meta property=\"og:locale\" content=\"es_ES\" \/>\n\t\t<meta property=\"og:site_name\" content=\"Escaparate \u2022 Informaci\u00f3n | Noticias | Actualidad\" \/>\n\t\t<meta property=\"og:type\" content=\"article\" \/>\n\t\t<meta property=\"og:title\" content=\"El Consejo de la Juventud Comarcal de Calahorra impulsa \u201cEMANC\u00cdPATE\u201d \u2022 Escaparate\" \/>\n\t\t<meta property=\"og:description\" content=\"El Consejo de la Juventud Comarcal de Calahorra contin\u00faa desarrollando el proyecto \u201cEMANC\u00cdPATE\u201d, una iniciativa dirigida a j\u00f3venes de entre 14 y 35 a\u00f1os de Calahorra y su comarca que busca facilitar herramientas, informaci\u00f3n y acompa\u00f1amiento para avanzar en su autonom\u00eda personal, laboral y social. El servicio pretende convertirse en un espacio cercano al que poder acudir para recibir orientaci\u00f3n sobre\" \/>\n\t\t<meta property=\"og:url\" content=\"https:\/\/www.yoleoescaparate.com\/?p=151145\" \/>\n\t\t<meta property=\"og:image\" content=\"https:\/\/www.yoleoescaparate.com\/wp-content\/uploads\/emancipate-3.jpg\" \/>\n\t\t<meta property=\"og:image:secure_url\" content=\"https:\/\/www.yoleoescaparate.com\/wp-content\/uploads\/emancipate-3.jpg\" \/>\n\t\t<meta property=\"og:image:width\" content=\"1200\" \/>\n\t\t<meta property=\"og:image:height\" content=\"675\" \/>\n\t\t<meta property=\"article:published_time\" content=\"2026-09-03T10:21:56+00:00\" \/>\n\t\t<meta property=\"article:modified_time\" content=\"2026-09-03T10:22:01+00:00\" \/>\n\t\t<meta property=\"article:publisher\" content=\"https:\/\/www.facebook.com\/revescaparate\" \/>\n\t\t<meta name=\"twitter:card\" content=\"summary_large_image\" \/>\n\t\t<meta name=\"twitter:site\" content=\"@rev_escaparate\" \/>\n\t\t<meta name=\"twitter:title\" content=\"El Consejo de la Juventud Comarcal de Calahorra impulsa \u201cEMANC\u00cdPATE\u201d \u2022 Escaparate\" \/>\n\t\t<meta name=\"twitter:description\" content=\"El Consejo de la Juventud Comarcal de Calahorra contin\u00faa desarrollando el proyecto \u201cEMANC\u00cdPATE\u201d, una iniciativa dirigida a j\u00f3venes de entre 14 y 35 a\u00f1os de Calahorra y su comarca que busca facilitar herramientas, informaci\u00f3n y acompa\u00f1amiento para avanzar en su autonom\u00eda personal, laboral y social. El servicio pretende convertirse en un espacio cercano al que poder acudir para recibir orientaci\u00f3n sobre\" \/>\n\t\t<meta name=\"twitter:creator\" content=\"@rev_escaparate\" \/>\n\t\t<meta name=\"twitter:image\" content=\"https:\/\/www.yoleoescaparate.com\/wp-content\/uploads\/emancipate-3.jpg\" \/>\n\t\t<script type=\"application\/ld+json\" class=\"aioseo-schema\">\n\t\t\t{\"@context\":\"https:\\\/\\\/schema.org\",\"@graph\":[{\"@type\":\"BlogPosting\",\"@id\":\"https:\\\/\\\/www.yoleoescaparate.com\\\/?p=151145#blogposting\",\"name\":\"El Consejo de la Juventud Comarcal de Calahorra impulsa \\u201cEMANC\\u00cdPATE\\u201d \\u2022 Escaparate\",\"headline\":\"El Consejo de la Juventud Comarcal de Calahorra impulsa \\u201cEMANC\\u00cdPATE\\u201d\",\"author\":{\"@id\":\"https:\\\/\\\/www.yoleoescaparate.com\\\/?author=1#author\"},\"publisher\":{\"@id\":\"https:\\\/\\\/www.yoleoescaparate.com\\\/#organization\"},\"image\":{\"@type\":\"ImageObject\",\"url\":\"https:\\\/\\\/www.yoleoescaparate.com\\\/wp-content\\\/uploads\\\/emancipate-3.jpg\",\"width\":1200,\"height\":675},\"datePublished\":\"2026-09-03T12:21:56+02:00\",\"dateModified\":\"2026-09-03T12:22:01+02:00\",\"inLanguage\":\"es-ES\",\"mainEntityOfPage\":{\"@id\":\"https:\\\/\\\/www.yoleoescaparate.com\\\/?p=151145#webpage\"},\"isPartOf\":{\"@id\":\"https:\\\/\\\/www.yoleoescaparate.com\\\/?p=151145#webpage\"},\"articleSection\":\"Calahorra, Calahorra, CJLC, emancipate, Escaparate\"},{\"@type\":\"BreadcrumbList\",\"@id\":\"https:\\\/\\\/www.yoleoescaparate.com\\\/?p=151145#breadcrumblist\",\"itemListElement\":[{\"@type\":\"ListItem\",\"@id\":\"https:\\\/\\\/www.yoleoescaparate.com#listItem\",\"position\":1,\"name\":\"Home\",\"item\":\"https:\\\/\\\/www.yoleoescaparate.com\",\"nextItem\":{\"@type\":\"ListItem\",\"@id\":\"https:\\\/\\\/www.yoleoescaparate.com\\\/?cat=4#listItem\",\"name\":\"Calahorra\"}},{\"@type\":\"ListItem\",\"@id\":\"https:\\\/\\\/www.yoleoescaparate.com\\\/?cat=4#listItem\",\"position\":2,\"name\":\"Calahorra\",\"item\":\"https:\\\/\\\/www.yoleoescaparate.com\\\/?cat=4\",\"nextItem\":{\"@type\":\"ListItem\",\"@id\":\"https:\\\/\\\/www.yoleoescaparate.com\\\/?p=151145#listItem\",\"name\":\"El Consejo de la Juventud Comarcal de Calahorra impulsa \\u201cEMANC\\u00cdPATE\\u201d\"},\"previousItem\":{\"@type\":\"ListItem\",\"@id\":\"https:\\\/\\\/www.yoleoescaparate.com#listItem\",\"name\":\"Home\"}},{\"@type\":\"ListItem\",\"@id\":\"https:\\\/\\\/www.yoleoescaparate.com\\\/?p=151145#listItem\",\"position\":3,\"name\":\"El Consejo de la Juventud Comarcal de Calahorra impulsa \\u201cEMANC\\u00cdPATE\\u201d\",\"previousItem\":{\"@type\":\"ListItem\",\"@id\":\"https:\\\/\\\/www.yoleoescaparate.com\\\/?cat=4#listItem\",\"name\":\"Calahorra\"}}]},{\"@type\":\"Organization\",\"@id\":\"https:\\\/\\\/www.yoleoescaparate.com\\\/#organization\",\"name\":\"Escaparate\",\"description\":\"Informaci\\u00f3n | Noticias | Actualidad\",\"url\":\"https:\\\/\\\/www.yoleoescaparate.com\\\/\",\"logo\":{\"@type\":\"ImageObject\",\"url\":\"https:\\\/\\\/www.yoleoescaparate.com\\\/wp-content\\\/uploads\\\/2022\\\/02\\\/logoF.jpg\",\"@id\":\"https:\\\/\\\/www.yoleoescaparate.com\\\/?p=151145\\\/#organizationLogo\",\"width\":350,\"height\":360},\"image\":{\"@id\":\"https:\\\/\\\/www.yoleoescaparate.com\\\/?p=151145\\\/#organizationLogo\"},\"sameAs\":[\"https:\\\/\\\/www.facebook.com\\\/revescaparate\",\"https:\\\/\\\/twitter.com\\\/rev_escaparate\",\"https:\\\/\\\/www.instagram.com\\\/yoleoescaparate\\\/\",\"https:\\\/\\\/www.youtube.com\\\/channel\\\/UCj1lDjkqSzCH14bZmq-kWsQ\"]},{\"@type\":\"Person\",\"@id\":\"https:\\\/\\\/www.yoleoescaparate.com\\\/?author=1#author\",\"url\":\"https:\\\/\\\/www.yoleoescaparate.com\\\/?author=1\",\"name\":\"Escaparate\",\"image\":{\"@type\":\"ImageObject\",\"@id\":\"https:\\\/\\\/www.yoleoescaparate.com\\\/?p=151145#authorImage\",\"url\":\"https:\\\/\\\/secure.gravatar.com\\\/avatar\\\/d4681a657e3ba11aa052dc7c62193f217364db55960ea15739662b6564b2dafb?s=96&d=mm&r=g\",\"width\":96,\"height\":96,\"caption\":\"Escaparate\"}},{\"@type\":\"WebPage\",\"@id\":\"https:\\\/\\\/www.yoleoescaparate.com\\\/?p=151145#webpage\",\"url\":\"https:\\\/\\\/www.yoleoescaparate.com\\\/?p=151145\",\"name\":\"El Consejo de la Juventud Comarcal de Calahorra impulsa \\u201cEMANC\\u00cdPATE\\u201d \\u2022 Escaparate\",\"description\":\"El Consejo de la Juventud Comarcal de Calahorra contin\\u00faa desarrollando el proyecto \\u201cEMANC\\u00cdPATE\\u201d, una iniciativa dirigida a j\\u00f3venes de entre 14 y 35 a\\u00f1os de Calahorra y su comarca que busca facilitar herramientas, informaci\\u00f3n y acompa\\u00f1amiento para avanzar en su autonom\\u00eda personal, laboral y social. El servicio pretende convertirse en un espacio cercano al que poder acudir para recibir orientaci\\u00f3n sobre\",\"inLanguage\":\"es-ES\",\"isPartOf\":{\"@id\":\"https:\\\/\\\/www.yoleoescaparate.com\\\/#website\"},\"breadcrumb\":{\"@id\":\"https:\\\/\\\/www.yoleoescaparate.com\\\/?p=151145#breadcrumblist\"},\"author\":{\"@id\":\"https:\\\/\\\/www.yoleoescaparate.com\\\/?author=1#author\"},\"creator\":{\"@id\":\"https:\\\/\\\/www.yoleoescaparate.com\\\/?author=1#author\"},\"image\":{\"@type\":\"ImageObject\",\"url\":\"https:\\\/\\\/www.yoleoescaparate.com\\\/wp-content\\\/uploads\\\/emancipate-3.jpg\",\"@id\":\"https:\\\/\\\/www.yoleoescaparate.com\\\/?p=151145\\\/#mainImage\",\"width\":1200,\"height\":675},\"primaryImageOfPage\":{\"@id\":\"https:\\\/\\\/www.yoleoescaparate.com\\\/?p=151145#mainImage\"},\"datePublished\":\"2026-09-03T12:21:56+02:00\",\"dateModified\":\"2026-09-03T12:22:01+02:00\"},{\"@type\":\"WebSite\",\"@id\":\"https:\\\/\\\/www.yoleoescaparate.com\\\/#website\",\"url\":\"https:\\\/\\\/www.yoleoescaparate.com\\\/\",\"name\":\"Escaparate\",\"description\":\"Informaci\\u00f3n | Noticias | Actualidad\",\"inLanguage\":\"es-ES\",\"publisher\":{\"@id\":\"https:\\\/\\\/www.yoleoescaparate.com\\\/#organization\"}}]}\n\t\t<\/script>\n\t\t<!-- All in One SEO -->\n\n","aioseo_head_json":{"title":"El Consejo de la Juventud Comarcal de Calahorra impulsa \u201cEMANC\u00cdPATE\u201d \u2022 Escaparate","description":"El Consejo de la Juventud Comarcal de Calahorra contin\u00faa desarrollando el proyecto \u201cEMANC\u00cdPATE\u201d, una iniciativa dirigida a j\u00f3venes de entre 14 y 35 a\u00f1os de Calahorra y su comarca que busca facilitar herramientas, informaci\u00f3n y acompa\u00f1amiento para avanzar en su autonom\u00eda personal, laboral y social. El servicio pretende convertirse en un espacio cercano al que poder acudir para recibir orientaci\u00f3n sobre","canonical_url":"https:\/\/www.yoleoescaparate.com\/?p=151145","robots":"max-image-preview:large","keywords":"","webmasterTools":{"google-site-verification":"OQV8mvJF6pBZ9RiZ8C9O86ahYB3C05wO-omz3Nejrsc","miscellaneous":""},"schema":{"@context":"https:\/\/schema.org","@graph":[{"@type":"BlogPosting","@id":"https:\/\/www.yoleoescaparate.com\/?p=151145#blogposting","name":"El Consejo de la Juventud Comarcal de Calahorra impulsa \u201cEMANC\u00cdPATE\u201d \u2022 Escaparate","headline":"El Consejo de la Juventud Comarcal de Calahorra impulsa \u201cEMANC\u00cdPATE\u201d","author":{"@id":"https:\/\/www.yoleoescaparate.com\/?author=1#author"},"publisher":{"@id":"https:\/\/www.yoleoescaparate.com\/#organization"},"image":{"@type":"ImageObject","url":"https:\/\/www.yoleoescaparate.com\/wp-content\/uploads\/emancipate-3.jpg","width":1200,"height":675},"datePublished":"2026-09-03T12:21:56+02:00","dateModified":"2026-09-03T12:22:01+02:00","inLanguage":"es-ES","mainEntityOfPage":{"@id":"https:\/\/www.yoleoescaparate.com\/?p=151145#webpage"},"isPartOf":{"@id":"https:\/\/www.yoleoescaparate.com\/?p=151145#webpage"},"articleSection":"Calahorra, Calahorra, CJLC, emancipate, Escaparate"},{"@type":"BreadcrumbList","@id":"https:\/\/www.yoleoescaparate.com\/?p=151145#breadcrumblist","itemListElement":[{"@type":"ListItem","@id":"https:\/\/www.yoleoescaparate.com#listItem","position":1,"name":"Home","item":"https:\/\/www.yoleoescaparate.com","nextItem":{"@type":"ListItem","@id":"https:\/\/www.yoleoescaparate.com\/?cat=4#listItem","name":"Calahorra"}},{"@type":"ListItem","@id":"https:\/\/www.yoleoescaparate.com\/?cat=4#listItem","position":2,"name":"Calahorra","item":"https:\/\/www.yoleoescaparate.com\/?cat=4","nextItem":{"@type":"ListItem","@id":"https:\/\/www.yoleoescaparate.com\/?p=151145#listItem","name":"El Consejo de la Juventud Comarcal de Calahorra impulsa \u201cEMANC\u00cdPATE\u201d"},"previousItem":{"@type":"ListItem","@id":"https:\/\/www.yoleoescaparate.com#listItem","name":"Home"}},{"@type":"ListItem","@id":"https:\/\/www.yoleoescaparate.com\/?p=151145#listItem","position":3,"name":"El Consejo de la Juventud Comarcal de Calahorra impulsa \u201cEMANC\u00cdPATE\u201d","previousItem":{"@type":"ListItem","@id":"https:\/\/www.yoleoescaparate.com\/?cat=4#listItem","name":"Calahorra"}}]},{"@type":"Organization","@id":"https:\/\/www.yoleoescaparate.com\/#organization","name":"Escaparate","description":"Informaci\u00f3n | Noticias | Actualidad","url":"https:\/\/www.yoleoescaparate.com\/","logo":{"@type":"ImageObject","url":"https:\/\/www.yoleoescaparate.com\/wp-content\/uploads\/2022\/02\/logoF.jpg","@id":"https:\/\/www.yoleoescaparate.com\/?p=151145\/#organizationLogo","width":350,"height":360},"image":{"@id":"https:\/\/www.yoleoescaparate.com\/?p=151145\/#organizationLogo"},"sameAs":["https:\/\/www.facebook.com\/revescaparate","https:\/\/twitter.com\/rev_escaparate","https:\/\/www.instagram.com\/yoleoescaparate\/","https:\/\/www.youtube.com\/channel\/UCj1lDjkqSzCH14bZmq-kWsQ"]},{"@type":"Person","@id":"https:\/\/www.yoleoescaparate.com\/?author=1#author","url":"https:\/\/www.yoleoescaparate.com\/?author=1","name":"Escaparate","image":{"@type":"ImageObject","@id":"https:\/\/www.yoleoescaparate.com\/?p=151145#authorImage","url":"https:\/\/secure.gravatar.com\/avatar\/d4681a657e3ba11aa052dc7c62193f217364db55960ea15739662b6564b2dafb?s=96&d=mm&r=g","width":96,"height":96,"caption":"Escaparate"}},{"@type":"WebPage","@id":"https:\/\/www.yoleoescaparate.com\/?p=151145#webpage","url":"https:\/\/www.yoleoescaparate.com\/?p=151145","name":"El Consejo de la Juventud Comarcal de Calahorra impulsa \u201cEMANC\u00cdPATE\u201d \u2022 Escaparate","description":"El Consejo de la Juventud Comarcal de Calahorra contin\u00faa desarrollando el proyecto \u201cEMANC\u00cdPATE\u201d, una iniciativa dirigida a j\u00f3venes de entre 14 y 35 a\u00f1os de Calahorra y su comarca que busca facilitar herramientas, informaci\u00f3n y acompa\u00f1amiento para avanzar en su autonom\u00eda personal, laboral y social. El servicio pretende convertirse en un espacio cercano al que poder acudir para recibir orientaci\u00f3n sobre","inLanguage":"es-ES","isPartOf":{"@id":"https:\/\/www.yoleoescaparate.com\/#website"},"breadcrumb":{"@id":"https:\/\/www.yoleoescaparate.com\/?p=151145#breadcrumblist"},"author":{"@id":"https:\/\/www.yoleoescaparate.com\/?author=1#author"},"creator":{"@id":"https:\/\/www.yoleoescaparate.com\/?author=1#author"},"image":{"@type":"ImageObject","url":"https:\/\/www.yoleoescaparate.com\/wp-content\/uploads\/emancipate-3.jpg","@id":"https:\/\/www.yoleoescaparate.com\/?p=151145\/#mainImage","width":1200,"height":675},"primaryImageOfPage":{"@id":"https:\/\/www.yoleoescaparate.com\/?p=151145#mainImage"},"datePublished":"2026-09-03T12:21:56+02:00","dateModified":"2026-09-03T12:22:01+02:00"},{"@type":"WebSite","@id":"https:\/\/www.yoleoescaparate.com\/#website","url":"https:\/\/www.yoleoescaparate.com\/","name":"Escaparate","description":"Informaci\u00f3n | Noticias | Actualidad","inLanguage":"es-ES","publisher":{"@id":"https:\/\/www.yoleoescaparate.com\/#organization"}}]},"og:locale":"es_ES","og:site_name":"Escaparate \u2022 Informaci\u00f3n | Noticias | Actualidad","og:type":"article","og:title":"El Consejo de la Juventud Comarcal de Calahorra impulsa \u201cEMANC\u00cdPATE\u201d \u2022 Escaparate","og:description":"El Consejo de la Juventud Comarcal de Calahorra contin\u00faa desarrollando el proyecto \u201cEMANC\u00cdPATE\u201d, una iniciativa dirigida a j\u00f3venes de entre 14 y 35 a\u00f1os de Calahorra y su comarca que busca facilitar herramientas, informaci\u00f3n y acompa\u00f1amiento para avanzar en su autonom\u00eda personal, laboral y social. El servicio pretende convertirse en un espacio cercano al que poder acudir para recibir orientaci\u00f3n sobre","og:url":"https:\/\/www.yoleoescaparate.com\/?p=151145","og:image":"https:\/\/www.yoleoescaparate.com\/wp-content\/uploads\/emancipate-3.jpg","og:image:secure_url":"https:\/\/www.yoleoescaparate.com\/wp-content\/uploads\/emancipate-3.jpg","og:image:width":1200,"og:image:height":675,"article:published_time":"2026-09-03T10:21:56+00:00","article:modified_time":"2026-09-03T10:22:01+00:00","article:publisher":"https:\/\/www.facebook.com\/revescaparate","twitter:card":"summary_large_image","twitter:site":"@rev_escaparate","twitter:title":"El Consejo de la Juventud Comarcal de Calahorra impulsa \u201cEMANC\u00cdPATE\u201d \u2022 Escaparate","twitter:description":"El Consejo de la Juventud Comarcal de Calahorra contin\u00faa desarrollando el proyecto \u201cEMANC\u00cdPATE\u201d, una iniciativa dirigida a j\u00f3venes de entre 14 y 35 a\u00f1os de Calahorra y su comarca que busca facilitar herramientas, informaci\u00f3n y acompa\u00f1amiento para avanzar en su autonom\u00eda personal, laboral y social. El servicio pretende convertirse en un espacio cercano al que poder acudir para recibir orientaci\u00f3n sobre","twitter:creator":"@rev_escaparate","twitter:image":"https:\/\/www.yoleoescaparate.com\/wp-content\/uploads\/emancipate-3.jpg"},"aioseo_meta_data":{"post_id":"151145","title":null,"description":null,"keywords":null,"keyphrases":{"focus":{"keyphrase":"","score":0,"analysis":{"keyphraseInTitle":{"score":0,"maxScore":9,"error":1}}},"additional":[]},"primary_term":null,"canonical_url":null,"og_title":null,"og_description":null,"og_object_type":"default","og_image_type":"default","og_image_url":null,"og_image_width":null,"og_image_height":null,"og_image_custom_url":null,"og_image_custom_fields":null,"og_video":"","og_custom_url":null,"og_article_section":null,"og_article_tags":null,"twitter_use_og":true,"twitter_card":"default","twitter_image_type":"default","twitter_image_url":null,"twitter_image_custom_url":null,"twitter_image_custom_fields":null,"twitter_title":null,"twitter_description":null,"schema":{"blockGraphs":[],"customGraphs":[],"default":{"data":{"Article":[],"Course":[],"Dataset":[],"FAQPage":[],"Movie":[],"Person":[],"Product":[],"ProductReview":[],"Car":[],"Recipe":[],"Service":[],"SoftwareApplication":[],"WebPage":[]},"graphName":"BlogPosting","isEnabled":true},"graphs":[]},"schema_type":"default","schema_type_options":null,"pillar_content":false,"robots_default":true,"robots_noindex":false,"robots_noarchive":false,"robots_nosnippet":false,"robots_nofollow":false,"robots_noimageindex":false,"robots_noodp":false,"robots_notranslate":false,"robots_max_snippet":"-1","robots_max_videopreview":"-1","robots_max_imagepreview":"large","priority":null,"frequency":"default","local_seo":null,"breadcrumb_settings":null,"limit_modified_date":false,"ai":{"faqs":[],"keyPoints":[],"schemas":[],"titles":[],"descriptions":[],"socialPosts":{"email":{"subject":"","preview":"","content":""},"linkedin":[],"twitter":[],"facebook":[],"instagram":[]}},"created":"2026-09-03 10:22:01","updated":"2026-09-03 10:22:16","seo_analyzer_scan_date":null},"aioseo_breadcrumb":"<div class=\"aioseo-breadcrumbs\"><span class=\"aioseo-breadcrumb\">\n\t\t\t<a href=\"https:\/\/www.yoleoescaparate.com\" title=\"Home\">Home<\/a>\n\t\t<\/span><span class=\"aioseo-breadcrumb-separator\">&raquo;<\/span><span class=\"aioseo-breadcrumb\">\n\t\t\t<a href=\"https:\/\/www.yoleoescaparate.com\/?cat=4\" title=\"Calahorra\">Calahorra<\/a>\n\t\t<\/span><span class=\"aioseo-breadcrumb-separator\">&raquo;<\/span><span class=\"aioseo-breadcrumb\">\n\t\t\tEl Consejo de la Juventud Comarcal de Calahorra impulsa \u201cEMANC\u00cdPATE\u201d\n\t\t<\/span><\/div>","aioseo_breadcrumb_json":[{"label":"Home","link":"https:\/\/www.yoleoescaparate.com"},{"label":"Calahorra","link":"https:\/\/www.yoleoescaparate.com\/?cat=4"},{"label":"El Consejo de la Juventud Comarcal de Calahorra impulsa \u201cEMANC\u00cdPATE\u201d","link":"https:\/\/www.yoleoescaparate.com\/?p=151145"}],"_links":{"self":[{"href":"https:\/\/www.yoleoescaparate.com\/index.php?rest_route=\/wp\/v2\/posts\/151145","targetHints":{"allow":["GET"]}}],"collection":[{"href":"https:\/\/www.yoleoescaparate.com\/index.php?rest_route=\/wp\/v2\/posts"}],"about":[{"href":"https:\/\/www.yoleoescaparate.com\/index.php?rest_route=\/wp\/v2\/types\/post"}],"author":[{"embeddable":true,"href":"https:\/\/www.yoleoescaparate.com\/index.php?rest_route=\/wp\/v2\/users\/1"}],"replies":[{"embeddable":true,"href":"https:\/\/www.yoleoescaparate.com\/index.php?rest_route=%2Fwp%2Fv2%2Fcomments&post=151145"}],"version-history":[{"count":1,"href":"https:\/\/www.yoleoescaparate.com\/index.php?rest_route=\/wp\/v2\/posts\/151145\/revisions"}],"predecessor-version":[{"id":151147,"href":"https:\/\/www.yoleoescaparate.com\/index.php?rest_route=\/wp\/v2\/posts\/151145\/revisions\/151147"}],"wp:featuredmedia":[{"embeddable":true,"href":"https:\/\/www.yoleoescaparate.com\/index.php?rest_route=\/wp\/v2\/media\/151146"}],"wp:attachment":[{"href":"https:\/\/www.yoleoescaparate.com\/index.php?rest_route=%2Fwp%2Fv2%2Fmedia&parent=151145"}],"wp:term":[{"taxonomy":"category","embeddable":true,"href":"https:\/\/www.yoleoescaparate.com\/index.php?rest_route=%2Fwp%2Fv2%2Fcategories&post=151145"},{"taxonomy":"post_tag","embeddable":true,"href":"https:\/\/www.yoleoescaparate.com\/index.php?rest_route=%2Fwp%2Fv2%2Ftags&post=151145"}],"curies":[{"name":"wp","href":"https:\/\/api.w.org\/{rel}","templated":true}]}}