{"id":151148,"date":"2026-09-03T12:30:28","date_gmt":"2026-09-03T10:30:28","guid":{"rendered":"https:\/\/www.yoleoescaparate.com\/?p=151148"},"modified":"2026-09-03T12:30:33","modified_gmt":"2026-09-03T10:30:33","slug":"el-7-de-septiembre-comienza-la-reforma-de-los-vestuarios-de-verano-del-c-d-m-la-planilla","status":"publish","type":"post","link":"https:\/\/www.yoleoescaparate.com\/?p=151148","title":{"rendered":"El 7 de septiembre comienza la reforma de los vestuarios de verano del C.D.M. \u2018La Planilla\u2019"},"content":{"rendered":"\n<!--more-->\n\n\n\n<p class=\"wp-block-paragraph\">El pr\u00f3ximo lunes,&nbsp;<strong>7 de septiembre<\/strong><strong>,<\/strong> comenzar\u00e1n las obras de reforma de la zona de vestuarios de verano del&nbsp;<strong>Complejo Deportivo Municipal \u2018La Planilla\u2019<\/strong>.<\/p>\n\n\n\n<p class=\"wp-block-paragraph\">\u201cUna actuaci\u00f3n que supone un nuevo paso en la apuesta del Ayuntamiento de Calahorra por la mejora de las instalaciones deportivas y por seguir impulsando la pr\u00e1ctica deportiva en la ciudad. Apostamos por el deporte y los deportistas\u201d, ha valorado el concejal de Deportes, David Anto\u00f1anzas.<\/p>\n\n\n\n<p class=\"wp-block-paragraph\">Los trabajos ser\u00e1n ejecutados por la empresa calagurritana&nbsp;<strong>PMG Vea S.L.<\/strong>porun presupuesto de&nbsp;<strong>138.258,58 euros<\/strong> y un plazo de ejecuci\u00f3n de&nbsp;<strong>cuatro meses<\/strong>.<\/p>\n\n\n\n<p class=\"wp-block-paragraph\">Las obras contemplan la reforma de una superficie de&nbsp;<strong>481,25 metros<\/strong> <strong><\/strong><strong>cuadrados<\/strong>, en la que se crear\u00e1n&nbsp;<strong>dos nuevas salas destinadas a actividades deportivas<\/strong>, ampliando y mejorando las posibilidades de uso de este complejo municipal.<\/p>\n\n\n\n<p class=\"wp-block-paragraph\">Esta reforma permitir\u00e1 afrontar en el futuro una&nbsp;<strong>ampliaci\u00f3n del gimnasio en m\u00e1s de 300 metros cuadrados<\/strong>, lo que permitir\u00e1 seguir mejorando el centro deportivo \u2018La Planilla\u2019.<\/p>\n\n\n\n<p class=\"wp-block-paragraph\">Los aseos y el porche se mantendr\u00e1n y se crear\u00e1 un pasillo que conectar\u00e1 este edificio con el front\u00f3n municipal \u2018Barberito I\u2019.<\/p>\n\n\n\n<p class=\"wp-block-paragraph\">Con esta actuaci\u00f3n, el Ayuntamiento de Calahorra&nbsp;contin\u00faa con su revoluci\u00f3n deportiva avanzando en la mejora y modernizaci\u00f3n de sus instalaciones deportivas, con el objetivo de ofrecer a los clubes, deportistas y ciudadanos mejores espacios y adaptados a las necesidades actuales.<\/p>\n\n\n\n<p class=\"wp-block-paragraph\">El objetivo es dar respuesta al crecimiento de la actividad deportiva y favorecer que cada vez m\u00e1s ciudadanos puedan practicar deporte en unas instalaciones municipales de calidad.<\/p>\n\n\n\n<p class=\"wp-block-paragraph\"><strong>Cambio de acceso al front\u00f3n \u2018Barberito I\u2019<\/strong><\/p>\n\n\n\n<p class=\"wp-block-paragraph\">A partir del lunes 7 de septiembre se modificar\u00e1 el acceso al front\u00f3n municipal \u2018Barberito I\u2019 debido al inicio de estas obras de reforma de los vestuarios de verano.<\/p>\n\n\n\n<p class=\"wp-block-paragraph\">As\u00ed, la puerta central de acceso al edificio ser\u00e1 exclusiva para el personal de la obra. Por la puerta derecha solo podr\u00e1n entrar los grupos de entrenamientos reducidos y por las puertas de la izquierda los usuarios del front\u00f3n y del bono activo y los inscritos en las actividades de boxeo y kick boxing, as\u00ed como los alumnos de gimnasia r\u00edtmica y k\u00e1rate.<\/p>\n\n\n\n<p class=\"wp-block-paragraph\">El Ayuntamiento de Calahorra agradece de antemano la comprensi\u00f3n de los usuarios de C.D.M. \u2018La Planilla\u2019 ante las posibles molestias que puedan ocasionarse durante la ejecuci\u00f3n de estas obras.<\/p>\n\n\n\n<p class=\"wp-block-paragraph\"><\/p>\n","protected":false},"excerpt":{"rendered":"","protected":false},"author":1,"featured_media":151149,"comment_status":"open","ping_status":"open","sticky":false,"template":"","format":"standard","meta":{"colormag_page_container_layout":"default_layout","colormag_page_sidebar_layout":"default_layout","om_disable_all_campaigns":false,"_monsterinsights_skip_tracking":false,"_monsterinsights_sitenote_active":false,"_monsterinsights_sitenote_note":"","_monsterinsights_sitenote_category":0,"footnotes":""},"categories":[4],"tags":[3855,16,4104,12,4158,3205,4157],"class_list":["post-151148","post","type-post","status-publish","format-standard","has-post-thumbnail","hentry","category-calahorra","tag-barberito-i","tag-calahorra","tag-cdm-la-planilla","tag-escaparate","tag-fronton","tag-reforma","tag-vestuarios"],"aioseo_notices":[],"aioseo_head":"\n\t\t<!-- All in One SEO 4.9.10 - aioseo.com -->\n\t<meta name=\"description\" content=\"El pr\u00f3ximo lunes, 7 de septiembre, comenzar\u00e1n las obras de reforma de la zona de vestuarios de verano del Complejo Deportivo Municipal \u2018La Planilla\u2019. \u201cUna actuaci\u00f3n que supone un nuevo paso en la apuesta del Ayuntamiento de Calahorra por la mejora de las instalaciones deportivas y por seguir impulsando la pr\u00e1ctica deportiva en la ciudad. Apostamos por\" \/>\n\t<meta name=\"robots\" content=\"max-image-preview:large\" \/>\n\t<meta name=\"author\" content=\"Escaparate\"\/>\n\t<meta name=\"google-site-verification\" content=\"OQV8mvJF6pBZ9RiZ8C9O86ahYB3C05wO-omz3Nejrsc\" \/>\n\t<link rel=\"canonical\" href=\"https:\/\/www.yoleoescaparate.com\/?p=151148\" \/>\n\t<meta name=\"generator\" content=\"All in One SEO (AIOSEO) 4.9.10\" \/>\n\t\t<meta property=\"og:locale\" content=\"es_ES\" \/>\n\t\t<meta property=\"og:site_name\" content=\"Escaparate \u2022 Informaci\u00f3n | Noticias | Actualidad\" \/>\n\t\t<meta property=\"og:type\" content=\"article\" \/>\n\t\t<meta property=\"og:title\" content=\"El 7 de septiembre comienza la reforma de los vestuarios de verano del C.D.M. \u2018La Planilla\u2019 \u2022 Escaparate\" \/>\n\t\t<meta property=\"og:description\" content=\"El pr\u00f3ximo lunes, 7 de septiembre, comenzar\u00e1n las obras de reforma de la zona de vestuarios de verano del Complejo Deportivo Municipal \u2018La Planilla\u2019. \u201cUna actuaci\u00f3n que supone un nuevo paso en la apuesta del Ayuntamiento de Calahorra por la mejora de las instalaciones deportivas y por seguir impulsando la pr\u00e1ctica deportiva en la ciudad. Apostamos por\" \/>\n\t\t<meta property=\"og:url\" content=\"https:\/\/www.yoleoescaparate.com\/?p=151148\" \/>\n\t\t<meta property=\"og:image\" content=\"https:\/\/www.yoleoescaparate.com\/wp-content\/uploads\/vestuario.jpg\" \/>\n\t\t<meta property=\"og:image:secure_url\" content=\"https:\/\/www.yoleoescaparate.com\/wp-content\/uploads\/vestuario.jpg\" \/>\n\t\t<meta property=\"og:image:width\" content=\"1200\" \/>\n\t\t<meta property=\"og:image:height\" content=\"675\" \/>\n\t\t<meta property=\"article:published_time\" content=\"2026-09-03T10:30:28+00:00\" \/>\n\t\t<meta property=\"article:modified_time\" content=\"2026-09-03T10:30:33+00:00\" \/>\n\t\t<meta property=\"article:publisher\" content=\"https:\/\/www.facebook.com\/revescaparate\" \/>\n\t\t<meta name=\"twitter:card\" content=\"summary_large_image\" \/>\n\t\t<meta name=\"twitter:site\" content=\"@rev_escaparate\" \/>\n\t\t<meta name=\"twitter:title\" content=\"El 7 de septiembre comienza la reforma de los vestuarios de verano del C.D.M. \u2018La Planilla\u2019 \u2022 Escaparate\" \/>\n\t\t<meta name=\"twitter:description\" content=\"El pr\u00f3ximo lunes, 7 de septiembre, comenzar\u00e1n las obras de reforma de la zona de vestuarios de verano del Complejo Deportivo Municipal \u2018La Planilla\u2019. \u201cUna actuaci\u00f3n que supone un nuevo paso en la apuesta del Ayuntamiento de Calahorra por la mejora de las instalaciones deportivas y por seguir impulsando la pr\u00e1ctica deportiva en la ciudad. Apostamos por\" \/>\n\t\t<meta name=\"twitter:creator\" content=\"@rev_escaparate\" \/>\n\t\t<meta name=\"twitter:image\" content=\"https:\/\/www.yoleoescaparate.com\/wp-content\/uploads\/vestuario.jpg\" \/>\n\t\t<script type=\"application\/ld+json\" class=\"aioseo-schema\">\n\t\t\t{\"@context\":\"https:\\\/\\\/schema.org\",\"@graph\":[{\"@type\":\"BlogPosting\",\"@id\":\"https:\\\/\\\/www.yoleoescaparate.com\\\/?p=151148#blogposting\",\"name\":\"El 7 de septiembre comienza la reforma de los vestuarios de verano del C.D.M. \\u2018La Planilla\\u2019 \\u2022 Escaparate\",\"headline\":\"El 7 de septiembre comienza la reforma de los vestuarios de verano del C.D.M. \\u2018La Planilla\\u2019\",\"author\":{\"@id\":\"https:\\\/\\\/www.yoleoescaparate.com\\\/?author=1#author\"},\"publisher\":{\"@id\":\"https:\\\/\\\/www.yoleoescaparate.com\\\/#organization\"},\"image\":{\"@type\":\"ImageObject\",\"url\":\"https:\\\/\\\/www.yoleoescaparate.com\\\/wp-content\\\/uploads\\\/vestuario.jpg\",\"width\":1200,\"height\":675},\"datePublished\":\"2026-09-03T12:30:28+02:00\",\"dateModified\":\"2026-09-03T12:30:33+02:00\",\"inLanguage\":\"es-ES\",\"mainEntityOfPage\":{\"@id\":\"https:\\\/\\\/www.yoleoescaparate.com\\\/?p=151148#webpage\"},\"isPartOf\":{\"@id\":\"https:\\\/\\\/www.yoleoescaparate.com\\\/?p=151148#webpage\"},\"articleSection\":\"Calahorra, Barberito I, Calahorra, CDM La Planilla, Escaparate, Front\\u00f3n, Reforma, Vestuarios\"},{\"@type\":\"BreadcrumbList\",\"@id\":\"https:\\\/\\\/www.yoleoescaparate.com\\\/?p=151148#breadcrumblist\",\"itemListElement\":[{\"@type\":\"ListItem\",\"@id\":\"https:\\\/\\\/www.yoleoescaparate.com#listItem\",\"position\":1,\"name\":\"Home\",\"item\":\"https:\\\/\\\/www.yoleoescaparate.com\",\"nextItem\":{\"@type\":\"ListItem\",\"@id\":\"https:\\\/\\\/www.yoleoescaparate.com\\\/?cat=4#listItem\",\"name\":\"Calahorra\"}},{\"@type\":\"ListItem\",\"@id\":\"https:\\\/\\\/www.yoleoescaparate.com\\\/?cat=4#listItem\",\"position\":2,\"name\":\"Calahorra\",\"item\":\"https:\\\/\\\/www.yoleoescaparate.com\\\/?cat=4\",\"nextItem\":{\"@type\":\"ListItem\",\"@id\":\"https:\\\/\\\/www.yoleoescaparate.com\\\/?p=151148#listItem\",\"name\":\"El 7 de septiembre comienza la reforma de los vestuarios de verano del C.D.M. \\u2018La Planilla\\u2019\"},\"previousItem\":{\"@type\":\"ListItem\",\"@id\":\"https:\\\/\\\/www.yoleoescaparate.com#listItem\",\"name\":\"Home\"}},{\"@type\":\"ListItem\",\"@id\":\"https:\\\/\\\/www.yoleoescaparate.com\\\/?p=151148#listItem\",\"position\":3,\"name\":\"El 7 de septiembre comienza la reforma de los vestuarios de verano del C.D.M. \\u2018La Planilla\\u2019\",\"previousItem\":{\"@type\":\"ListItem\",\"@id\":\"https:\\\/\\\/www.yoleoescaparate.com\\\/?cat=4#listItem\",\"name\":\"Calahorra\"}}]},{\"@type\":\"Organization\",\"@id\":\"https:\\\/\\\/www.yoleoescaparate.com\\\/#organization\",\"name\":\"Escaparate\",\"description\":\"Informaci\\u00f3n | Noticias | Actualidad\",\"url\":\"https:\\\/\\\/www.yoleoescaparate.com\\\/\",\"logo\":{\"@type\":\"ImageObject\",\"url\":\"https:\\\/\\\/www.yoleoescaparate.com\\\/wp-content\\\/uploads\\\/2022\\\/02\\\/logoF.jpg\",\"@id\":\"https:\\\/\\\/www.yoleoescaparate.com\\\/?p=151148\\\/#organizationLogo\",\"width\":350,\"height\":360},\"image\":{\"@id\":\"https:\\\/\\\/www.yoleoescaparate.com\\\/?p=151148\\\/#organizationLogo\"},\"sameAs\":[\"https:\\\/\\\/www.facebook.com\\\/revescaparate\",\"https:\\\/\\\/twitter.com\\\/rev_escaparate\",\"https:\\\/\\\/www.instagram.com\\\/yoleoescaparate\\\/\",\"https:\\\/\\\/www.youtube.com\\\/channel\\\/UCj1lDjkqSzCH14bZmq-kWsQ\"]},{\"@type\":\"Person\",\"@id\":\"https:\\\/\\\/www.yoleoescaparate.com\\\/?author=1#author\",\"url\":\"https:\\\/\\\/www.yoleoescaparate.com\\\/?author=1\",\"name\":\"Escaparate\",\"image\":{\"@type\":\"ImageObject\",\"@id\":\"https:\\\/\\\/www.yoleoescaparate.com\\\/?p=151148#authorImage\",\"url\":\"https:\\\/\\\/secure.gravatar.com\\\/avatar\\\/d4681a657e3ba11aa052dc7c62193f217364db55960ea15739662b6564b2dafb?s=96&d=mm&r=g\",\"width\":96,\"height\":96,\"caption\":\"Escaparate\"}},{\"@type\":\"WebPage\",\"@id\":\"https:\\\/\\\/www.yoleoescaparate.com\\\/?p=151148#webpage\",\"url\":\"https:\\\/\\\/www.yoleoescaparate.com\\\/?p=151148\",\"name\":\"El 7 de septiembre comienza la reforma de los vestuarios de verano del C.D.M. \\u2018La Planilla\\u2019 \\u2022 Escaparate\",\"description\":\"El pr\\u00f3ximo lunes, 7 de septiembre, comenzar\\u00e1n las obras de reforma de la zona de vestuarios de verano del Complejo Deportivo Municipal \\u2018La Planilla\\u2019. \\u201cUna actuaci\\u00f3n que supone un nuevo paso en la apuesta del Ayuntamiento de Calahorra por la mejora de las instalaciones deportivas y por seguir impulsando la pr\\u00e1ctica deportiva en la ciudad. Apostamos por\",\"inLanguage\":\"es-ES\",\"isPartOf\":{\"@id\":\"https:\\\/\\\/www.yoleoescaparate.com\\\/#website\"},\"breadcrumb\":{\"@id\":\"https:\\\/\\\/www.yoleoescaparate.com\\\/?p=151148#breadcrumblist\"},\"author\":{\"@id\":\"https:\\\/\\\/www.yoleoescaparate.com\\\/?author=1#author\"},\"creator\":{\"@id\":\"https:\\\/\\\/www.yoleoescaparate.com\\\/?author=1#author\"},\"image\":{\"@type\":\"ImageObject\",\"url\":\"https:\\\/\\\/www.yoleoescaparate.com\\\/wp-content\\\/uploads\\\/vestuario.jpg\",\"@id\":\"https:\\\/\\\/www.yoleoescaparate.com\\\/?p=151148\\\/#mainImage\",\"width\":1200,\"height\":675},\"primaryImageOfPage\":{\"@id\":\"https:\\\/\\\/www.yoleoescaparate.com\\\/?p=151148#mainImage\"},\"datePublished\":\"2026-09-03T12:30:28+02:00\",\"dateModified\":\"2026-09-03T12:30:33+02:00\"},{\"@type\":\"WebSite\",\"@id\":\"https:\\\/\\\/www.yoleoescaparate.com\\\/#website\",\"url\":\"https:\\\/\\\/www.yoleoescaparate.com\\\/\",\"name\":\"Escaparate\",\"description\":\"Informaci\\u00f3n | Noticias | Actualidad\",\"inLanguage\":\"es-ES\",\"publisher\":{\"@id\":\"https:\\\/\\\/www.yoleoescaparate.com\\\/#organization\"}}]}\n\t\t<\/script>\n\t\t<!-- All in One SEO -->\n\n","aioseo_head_json":{"title":"El 7 de septiembre comienza la reforma de los vestuarios de verano del C.D.M. \u2018La Planilla\u2019 \u2022 Escaparate","description":"El pr\u00f3ximo lunes, 7 de septiembre, comenzar\u00e1n las obras de reforma de la zona de vestuarios de verano del Complejo Deportivo Municipal \u2018La Planilla\u2019. \u201cUna actuaci\u00f3n que supone un nuevo paso en la apuesta del Ayuntamiento de Calahorra por la mejora de las instalaciones deportivas y por seguir impulsando la pr\u00e1ctica deportiva en la ciudad. Apostamos por","canonical_url":"https:\/\/www.yoleoescaparate.com\/?p=151148","robots":"max-image-preview:large","keywords":"","webmasterTools":{"google-site-verification":"OQV8mvJF6pBZ9RiZ8C9O86ahYB3C05wO-omz3Nejrsc","miscellaneous":""},"schema":{"@context":"https:\/\/schema.org","@graph":[{"@type":"BlogPosting","@id":"https:\/\/www.yoleoescaparate.com\/?p=151148#blogposting","name":"El 7 de septiembre comienza la reforma de los vestuarios de verano del C.D.M. \u2018La Planilla\u2019 \u2022 Escaparate","headline":"El 7 de septiembre comienza la reforma de los vestuarios de verano del C.D.M. \u2018La Planilla\u2019","author":{"@id":"https:\/\/www.yoleoescaparate.com\/?author=1#author"},"publisher":{"@id":"https:\/\/www.yoleoescaparate.com\/#organization"},"image":{"@type":"ImageObject","url":"https:\/\/www.yoleoescaparate.com\/wp-content\/uploads\/vestuario.jpg","width":1200,"height":675},"datePublished":"2026-09-03T12:30:28+02:00","dateModified":"2026-09-03T12:30:33+02:00","inLanguage":"es-ES","mainEntityOfPage":{"@id":"https:\/\/www.yoleoescaparate.com\/?p=151148#webpage"},"isPartOf":{"@id":"https:\/\/www.yoleoescaparate.com\/?p=151148#webpage"},"articleSection":"Calahorra, Barberito I, Calahorra, CDM La Planilla, Escaparate, Front\u00f3n, Reforma, Vestuarios"},{"@type":"BreadcrumbList","@id":"https:\/\/www.yoleoescaparate.com\/?p=151148#breadcrumblist","itemListElement":[{"@type":"ListItem","@id":"https:\/\/www.yoleoescaparate.com#listItem","position":1,"name":"Home","item":"https:\/\/www.yoleoescaparate.com","nextItem":{"@type":"ListItem","@id":"https:\/\/www.yoleoescaparate.com\/?cat=4#listItem","name":"Calahorra"}},{"@type":"ListItem","@id":"https:\/\/www.yoleoescaparate.com\/?cat=4#listItem","position":2,"name":"Calahorra","item":"https:\/\/www.yoleoescaparate.com\/?cat=4","nextItem":{"@type":"ListItem","@id":"https:\/\/www.yoleoescaparate.com\/?p=151148#listItem","name":"El 7 de septiembre comienza la reforma de los vestuarios de verano del C.D.M. \u2018La Planilla\u2019"},"previousItem":{"@type":"ListItem","@id":"https:\/\/www.yoleoescaparate.com#listItem","name":"Home"}},{"@type":"ListItem","@id":"https:\/\/www.yoleoescaparate.com\/?p=151148#listItem","position":3,"name":"El 7 de septiembre comienza la reforma de los vestuarios de verano del C.D.M. \u2018La Planilla\u2019","previousItem":{"@type":"ListItem","@id":"https:\/\/www.yoleoescaparate.com\/?cat=4#listItem","name":"Calahorra"}}]},{"@type":"Organization","@id":"https:\/\/www.yoleoescaparate.com\/#organization","name":"Escaparate","description":"Informaci\u00f3n | Noticias | Actualidad","url":"https:\/\/www.yoleoescaparate.com\/","logo":{"@type":"ImageObject","url":"https:\/\/www.yoleoescaparate.com\/wp-content\/uploads\/2022\/02\/logoF.jpg","@id":"https:\/\/www.yoleoescaparate.com\/?p=151148\/#organizationLogo","width":350,"height":360},"image":{"@id":"https:\/\/www.yoleoescaparate.com\/?p=151148\/#organizationLogo"},"sameAs":["https:\/\/www.facebook.com\/revescaparate","https:\/\/twitter.com\/rev_escaparate","https:\/\/www.instagram.com\/yoleoescaparate\/","https:\/\/www.youtube.com\/channel\/UCj1lDjkqSzCH14bZmq-kWsQ"]},{"@type":"Person","@id":"https:\/\/www.yoleoescaparate.com\/?author=1#author","url":"https:\/\/www.yoleoescaparate.com\/?author=1","name":"Escaparate","image":{"@type":"ImageObject","@id":"https:\/\/www.yoleoescaparate.com\/?p=151148#authorImage","url":"https:\/\/secure.gravatar.com\/avatar\/d4681a657e3ba11aa052dc7c62193f217364db55960ea15739662b6564b2dafb?s=96&d=mm&r=g","width":96,"height":96,"caption":"Escaparate"}},{"@type":"WebPage","@id":"https:\/\/www.yoleoescaparate.com\/?p=151148#webpage","url":"https:\/\/www.yoleoescaparate.com\/?p=151148","name":"El 7 de septiembre comienza la reforma de los vestuarios de verano del C.D.M. \u2018La Planilla\u2019 \u2022 Escaparate","description":"El pr\u00f3ximo lunes, 7 de septiembre, comenzar\u00e1n las obras de reforma de la zona de vestuarios de verano del Complejo Deportivo Municipal \u2018La Planilla\u2019. \u201cUna actuaci\u00f3n que supone un nuevo paso en la apuesta del Ayuntamiento de Calahorra por la mejora de las instalaciones deportivas y por seguir impulsando la pr\u00e1ctica deportiva en la ciudad. Apostamos por","inLanguage":"es-ES","isPartOf":{"@id":"https:\/\/www.yoleoescaparate.com\/#website"},"breadcrumb":{"@id":"https:\/\/www.yoleoescaparate.com\/?p=151148#breadcrumblist"},"author":{"@id":"https:\/\/www.yoleoescaparate.com\/?author=1#author"},"creator":{"@id":"https:\/\/www.yoleoescaparate.com\/?author=1#author"},"image":{"@type":"ImageObject","url":"https:\/\/www.yoleoescaparate.com\/wp-content\/uploads\/vestuario.jpg","@id":"https:\/\/www.yoleoescaparate.com\/?p=151148\/#mainImage","width":1200,"height":675},"primaryImageOfPage":{"@id":"https:\/\/www.yoleoescaparate.com\/?p=151148#mainImage"},"datePublished":"2026-09-03T12:30:28+02:00","dateModified":"2026-09-03T12:30:33+02:00"},{"@type":"WebSite","@id":"https:\/\/www.yoleoescaparate.com\/#website","url":"https:\/\/www.yoleoescaparate.com\/","name":"Escaparate","description":"Informaci\u00f3n | Noticias | Actualidad","inLanguage":"es-ES","publisher":{"@id":"https:\/\/www.yoleoescaparate.com\/#organization"}}]},"og:locale":"es_ES","og:site_name":"Escaparate \u2022 Informaci\u00f3n | Noticias | Actualidad","og:type":"article","og:title":"El 7 de septiembre comienza la reforma de los vestuarios de verano del C.D.M. \u2018La Planilla\u2019 \u2022 Escaparate","og:description":"El pr\u00f3ximo lunes, 7 de septiembre, comenzar\u00e1n las obras de reforma de la zona de vestuarios de verano del Complejo Deportivo Municipal \u2018La Planilla\u2019. \u201cUna actuaci\u00f3n que supone un nuevo paso en la apuesta del Ayuntamiento de Calahorra por la mejora de las instalaciones deportivas y por seguir impulsando la pr\u00e1ctica deportiva en la ciudad. Apostamos por","og:url":"https:\/\/www.yoleoescaparate.com\/?p=151148","og:image":"https:\/\/www.yoleoescaparate.com\/wp-content\/uploads\/vestuario.jpg","og:image:secure_url":"https:\/\/www.yoleoescaparate.com\/wp-content\/uploads\/vestuario.jpg","og:image:width":1200,"og:image:height":675,"article:published_time":"2026-09-03T10:30:28+00:00","article:modified_time":"2026-09-03T10:30:33+00:00","article:publisher":"https:\/\/www.facebook.com\/revescaparate","twitter:card":"summary_large_image","twitter:site":"@rev_escaparate","twitter:title":"El 7 de septiembre comienza la reforma de los vestuarios de verano del C.D.M. \u2018La Planilla\u2019 \u2022 Escaparate","twitter:description":"El pr\u00f3ximo lunes, 7 de septiembre, comenzar\u00e1n las obras de reforma de la zona de vestuarios de verano del Complejo Deportivo Municipal \u2018La Planilla\u2019. \u201cUna actuaci\u00f3n que supone un nuevo paso en la apuesta del Ayuntamiento de Calahorra por la mejora de las instalaciones deportivas y por seguir impulsando la pr\u00e1ctica deportiva en la ciudad. Apostamos por","twitter:creator":"@rev_escaparate","twitter:image":"https:\/\/www.yoleoescaparate.com\/wp-content\/uploads\/vestuario.jpg"},"aioseo_meta_data":{"post_id":"151148","title":null,"description":null,"keywords":null,"keyphrases":{"focus":{"keyphrase":"","score":0,"analysis":{"keyphraseInTitle":{"score":0,"maxScore":9,"error":1}}},"additional":[]},"primary_term":null,"canonical_url":null,"og_title":null,"og_description":null,"og_object_type":"default","og_image_type":"default","og_image_url":null,"og_image_width":null,"og_image_height":null,"og_image_custom_url":null,"og_image_custom_fields":null,"og_video":"","og_custom_url":null,"og_article_section":null,"og_article_tags":null,"twitter_use_og":true,"twitter_card":"default","twitter_image_type":"default","twitter_image_url":null,"twitter_image_custom_url":null,"twitter_image_custom_fields":null,"twitter_title":null,"twitter_description":null,"schema":{"blockGraphs":[],"customGraphs":[],"default":{"data":{"Article":[],"Course":[],"Dataset":[],"FAQPage":[],"Movie":[],"Person":[],"Product":[],"ProductReview":[],"Car":[],"Recipe":[],"Service":[],"SoftwareApplication":[],"WebPage":[]},"graphName":"BlogPosting","isEnabled":true},"graphs":[]},"schema_type":"default","schema_type_options":null,"pillar_content":false,"robots_default":true,"robots_noindex":false,"robots_noarchive":false,"robots_nosnippet":false,"robots_nofollow":false,"robots_noimageindex":false,"robots_noodp":false,"robots_notranslate":false,"robots_max_snippet":"-1","robots_max_videopreview":"-1","robots_max_imagepreview":"large","priority":null,"frequency":"default","local_seo":null,"breadcrumb_settings":null,"limit_modified_date":false,"ai":{"faqs":[],"keyPoints":[],"schemas":[],"titles":[],"descriptions":[],"socialPosts":{"email":{"subject":"","preview":"","content":""},"linkedin":[],"twitter":[],"facebook":[],"instagram":[]}},"created":"2026-09-03 10:30:33","updated":"2026-09-03 10:31:28","seo_analyzer_scan_date":null},"aioseo_breadcrumb":"<div class=\"aioseo-breadcrumbs\"><span class=\"aioseo-breadcrumb\">\n\t\t\t<a href=\"https:\/\/www.yoleoescaparate.com\" title=\"Home\">Home<\/a>\n\t\t<\/span><span class=\"aioseo-breadcrumb-separator\">&raquo;<\/span><span class=\"aioseo-breadcrumb\">\n\t\t\t<a href=\"https:\/\/www.yoleoescaparate.com\/?cat=4\" title=\"Calahorra\">Calahorra<\/a>\n\t\t<\/span><span class=\"aioseo-breadcrumb-separator\">&raquo;<\/span><span class=\"aioseo-breadcrumb\">\n\t\t\tEl 7 de septiembre comienza la reforma de los vestuarios de verano del C.D.M. \u2018La Planilla\u2019\n\t\t<\/span><\/div>","aioseo_breadcrumb_json":[{"label":"Home","link":"https:\/\/www.yoleoescaparate.com"},{"label":"Calahorra","link":"https:\/\/www.yoleoescaparate.com\/?cat=4"},{"label":"El 7 de septiembre comienza la reforma de los vestuarios de verano del C.D.M. \u2018La Planilla\u2019","link":"https:\/\/www.yoleoescaparate.com\/?p=151148"}],"_links":{"self":[{"href":"https:\/\/www.yoleoescaparate.com\/index.php?rest_route=\/wp\/v2\/posts\/151148","targetHints":{"allow":["GET"]}}],"collection":[{"href":"https:\/\/www.yoleoescaparate.com\/index.php?rest_route=\/wp\/v2\/posts"}],"about":[{"href":"https:\/\/www.yoleoescaparate.com\/index.php?rest_route=\/wp\/v2\/types\/post"}],"author":[{"embeddable":true,"href":"https:\/\/www.yoleoescaparate.com\/index.php?rest_route=\/wp\/v2\/users\/1"}],"replies":[{"embeddable":true,"href":"https:\/\/www.yoleoescaparate.com\/index.php?rest_route=%2Fwp%2Fv2%2Fcomments&post=151148"}],"version-history":[{"count":1,"href":"https:\/\/www.yoleoescaparate.com\/index.php?rest_route=\/wp\/v2\/posts\/151148\/revisions"}],"predecessor-version":[{"id":151150,"href":"https:\/\/www.yoleoescaparate.com\/index.php?rest_route=\/wp\/v2\/posts\/151148\/revisions\/151150"}],"wp:featuredmedia":[{"embeddable":true,"href":"https:\/\/www.yoleoescaparate.com\/index.php?rest_route=\/wp\/v2\/media\/151149"}],"wp:attachment":[{"href":"https:\/\/www.yoleoescaparate.com\/index.php?rest_route=%2Fwp%2Fv2%2Fmedia&parent=151148"}],"wp:term":[{"taxonomy":"category","embeddable":true,"href":"https:\/\/www.yoleoescaparate.com\/index.php?rest_route=%2Fwp%2Fv2%2Fcategories&post=151148"},{"taxonomy":"post_tag","embeddable":true,"href":"https:\/\/www.yoleoescaparate.com\/index.php?rest_route=%2Fwp%2Fv2%2Ftags&post=151148"}],"curies":[{"name":"wp","href":"https:\/\/api.w.org\/{rel}","templated":true}]}}