{"id":151166,"date":"2026-09-03T12:54:16","date_gmt":"2026-09-03T10:54:16","guid":{"rendered":"https:\/\/www.yoleoescaparate.com\/?p=151166"},"modified":"2026-09-03T12:54:20","modified_gmt":"2026-09-03T10:54:20","slug":"autol-acaba-de-estrenar-sus-nuevas-fechas-de-fiestas-patronales-felices-fiestas-programa-completo","status":"publish","type":"post","link":"https:\/\/www.yoleoescaparate.com\/?p=151166","title":{"rendered":"Autol acaba de estrenar sus nuevas fechas de fiestas patronales. FELICES FIESTAS. PROGRAMA COMPLETO"},"content":{"rendered":"\n<!--more-->\n\n\n\n<p class=\"wp-block-paragraph\">Autol ya est\u00e1 disfrutando desde hace unos minutos de sus Fiestas Patronales 2026, las primeras que se celebrar\u00e1n con el nuevo calendario aprobado por el Ayuntamiento.<br>El cambio de fechas responde a una demanda mayoritaria, especialmente entre los j\u00f3venes, con el objetivo de evitar la coincidencia con el inicio del curso escolar y favorecer una mayor participaci\u00f3n. La decisi\u00f3n fue respaldada por unanimidad por la Corporaci\u00f3n municipal tras consultar con pe\u00f1as, colectivos, asociaciones, Consejo Escolar, AMPA, cuadrillas y sector hostelero.<br>A pesar del cambio, el 8 de septiembre continuar\u00e1 siendo el d\u00eda grande de las fiestas, en honor a San Adri\u00e1n y Santa Natalia, patronos de Autol.<br><\/p>\n\n\n\n<figure class=\"wp-block-image size-full\"><img loading=\"lazy\" decoding=\"async\" width=\"728\" height=\"200\" src=\"https:\/\/www.yoleoescaparate.com\/wp-content\/uploads\/BannerWAEscaparate.gif\" alt=\"\" class=\"wp-image-141769\"\/><\/figure>\n\n\n\n<p class=\"wp-block-paragraph\"><strong>Jueves 3 de Septiembre. V\u00edspera<\/strong><br>10:00 h. Almuerzo Popular. Lugar: C\/ Gallarza. Organiza: Pe\u00f1a El Bureo.<br>11:00 h. Imposici\u00f3n del pa\u00f1uelo de fiestas a los ni\u00f1os nacidos en el 2025. Lugar: Plaza de Espa\u00f1a.<br>11:30 h. \u00a1Por un chupinazo limpio para todos! Reparto de pa\u00f1uelos de fiestas. Entre todos llenaremos la plaza de j\u00f3venes y mayores con el pa\u00f1uelo en lo m\u00e1s alto y sin suciedad. Cantaremos \u201cAutol mi pueblo querido\u201d con 4 levantadas de pa\u00f1uelo rojo de fiestas en los 4 vivas.<br>11:50 h. Colocaci\u00f3n de los pa\u00f1uelos de fiestas al Picuezo y la Picueza por la Pe\u00f1a Uni\u00f3n Ara\u00f1uelo y Pe\u00f1a El Bureo. Lugar: Plaza de Espa\u00f1a.<br>12:00 h. CHUPINAZO anunciador de las fiestas desde el balc\u00f3n del Ayuntamiento y a continuaci\u00f3n Ronda con la charanga Wesyke por todo el pueblo hasta terminar en la Traves\u00eda acompa\u00f1ados de los Gigantes y Cabezudos de Autol, bailados por la comparsa de Calahorra y los gaiteros de Calahorra.<br>13.00 h. Fiesta post-chupinazo con Dj Isma Nordic. Lugar: Plaza San Isidro.<br>15:00 h. Hamburguesas para pe\u00f1istas. Organiza: Pe\u00f1a El Bureo. Lugar: Plaza San Isidro.<br>18:30 h. Desfile de Carrozas, amenizado por la charanga Wesyke, los Gigantes y Cabezudos de Autol, bailados por la comparsa de Calahorra y los gaiteros de Calahorra.<br>20:00 h. Apertura del Local. Lugar: Sede de la Pe\u00f1a El Bureo.<br>20:30 h. Bingo con la Pe\u00f1a Uni\u00f3n Ara\u00f1uelo. Lugar: Plaza San Isidro<br>22:00 h. Disco M\u00f3vil Infantil \u201cDISCO ESTILO\u201d. Lugar: C\/ Nuestra Se\u00f1ora de Yerga.<br>23:00 h. Toro de Fuego. Lugar: Traves\u00eda Ezquerro<br>23:30 h. Colecci\u00f3n de Fuegos Artificiales a cargo de la Pirotecnia Tom\u00e1s. Lugar: C\/ Para\u00edso.<br>00:00 h. Colaci\u00f3n del manto al toro acompa\u00f1ados por la charanga Wesyke. Lugar: Plaza de toros. Ganader\u00eda: El Ruise\u00f1or. Colabora: Amigos Taurinos de Autol. Al finalizar, suelta de vaquillas. A continuaci\u00f3n.- Pasacalles con la charanga \u201cWesyke\u201d desde la plaza de toros hasta la Plaza San Isidro.<br>01:30 h. Concierto con el grupo \u201cLa otra oreja\u201d tributo a la Oreja de Van Gogh. Lugar: Plaza San Isidro.<\/p>\n\n\n\n<p class=\"wp-block-paragraph\"><strong>Viernes 4 de Septiembre<br>D\u00eda de los 80\u2019S<\/strong><br>10:30 h. Encierro con S\u00faper Toros \u201cTorofest\u201d. Lugar: Plaza de Espa\u00f1a.<br>12:00 h. Encierro de reses bravas. Ganader\u00eda: Lumbreras.<br>13:30 h. Degustaci\u00f3n de embutido de caza. Lugar: Plaza San Isidro.<br>13:30 h. Degustaci\u00f3n de setas.<br>Lugar: C\/ Nuestra Se\u00f1ora de Yerga.<br>14:30 h. Comida men\u00fa Sidrer\u00eda para todo el pueblo (previa inscripci\u00f3n) en colaboraci\u00f3n de la Pe\u00f1a El Bureo y la Pe\u00f1a Uni\u00f3n Ara\u00f1uelo.<br>Lugar: C\/ Gallarza.<br>17:00 h. Caf\u00e9-Concierto con la charanga \u201cAscape\u201d. Lugar: C\/ Gallarza.<br>18:00 h. Plaza de Toros. \u201cConcurso de ANILLAS\u201d. Ganader\u00eda: Fran Murillo. A continuaci\u00f3n, suelta de vaquillas.<br>19:30 h. Actividades Infantiles. \u201cMe da la risa\u201d payasos-clown. Lugar: Parque La Manzanera junto al Centro Joven<br>20:00 h. Concierto con el grupo \u201cMexico Lindo\u201d. Lugar: Plaza San Isidro.<br>20:00 h. Degustaci\u00f3n de Mojitos.<br>Lugar: Sede de la Pe\u00f1a El Bureo.<br>20:30 h. Fiesta de los 80\u2019s y concurso de disfraces ambientado en la \u00e9poca de los 80. Lugar: C\/Gallarza.<br>22:00 h. Disco M\u00f3vil Infantil \u201cDisco Mikel\u201d. Lugar: C\/ Nuestra Se\u00f1ora de Yerga.<br>23:30 h. Toro de Fuego. Lugar: Traves\u00eda Ezquerro<br>00:00 h. Encierro Nocturno. Ganader\u00eda: Pablo Rodr\u00edguez.<br>01:30 h. Concierto con el grupo \u201cVersopotamia\u201d versiones. Lugar: Plaza San Isidro.<br>04:00 h. Pasacalles con la charanga \u201cAscape\u201d. Salida de la Plaza San Isidro.<\/p>\n\n\n\n<p class=\"wp-block-paragraph\"><strong>S\u00e1bado 5 de Septiembre<br>D\u00eda de las pe\u00f1as<\/strong><br>11:00 h. Paseo en Ponis. Lugar: Parque de la Manzanera.<br>11:00 h. Concurso \u201cLanzamiento de Jam\u00f3n\u201d. Lugar: Parque de la Manzanera.<br>12:00 h. Encierro de reses bravas. Ganader\u00eda: Enrique Dom\u00ednguez.<br>13:00 h. Venta de loter\u00eda y art\u00edculos de la Virgen de Nieva. Lugar: Traves\u00eda Ezquerro.<br>13:00 h. Venta de loter\u00eda A.M.P.A. y venta de cartones de bingo. Lugar: Traves\u00eda Ezquerro. Organiza: A.M.P.A. CEO Villa de Autol.<br>13:00 h. Venta de loter\u00eda de la Pe\u00f1a Uni\u00f3n Ara\u00f1uelo. Lugar: Traves\u00eda Ezquerro.<br>13:00 h. Mesa Cuestaci\u00f3n contra el C\u00e1ncer. Lugar: Traves\u00eda Ezquerro.<br>13:30 h. Degustaci\u00f3n de lechona Colombiana. Lugar: Plaza San Isidro.<br>13:30 h. Pasacalles \u201cLa cuadrilla de la T.I.A.\u201d Lugar: Traves\u00eda Ezquerro.<br>15:00 h. Comida de pe\u00f1as. Lugar: C\/ Gallarza.<br>17:00 h. Caf\u00e9-Concierto con la charanga \u201cAscape\u201d. Lugar: C\/ Gallarza.<br>18:00 h. Plaza de Toros. \u201cSoccer Prix\u201d. Ganader\u00eda: Pablo Rodr\u00edguez. A continuaci\u00f3n, suelta de vaquillas.<br>19:30 h. Actividades Infantiles. \u201cLinaje Show\u201d magia c\u00f3mica. Lugar: Parque La Manzanera junto al Centro Joven<br>20:00 h. Bingo. Lugar: Local de la Pe\u00f1a El Bureo. (Venta de cartones 15min antes del bingo)<br>20:30 h. Tardeo con DJ\u2019s. Lugar: C\/ Gallarza.<br>20:00 h. Concierto con el grupo \u201cNacho de la Rosa y Los Hidalgos\u201d Tributo a los Panchos. Lugar: Plaza San Isidro.<br>22:00 h. Disco M\u00f3vil Infantil \u201cDisco guateque\u201d. Lugar: C\/ Nuestra Se\u00f1ora de Yerga.<br>23:30 h. Toro de Fuego. Lugar: Traves\u00eda Ezquerro<br>00:00 h. Concierto con el grupo \u201cTribalux\u201d Fluor party. Lugar: Plaza San Isidro.<br>05:00 h. Pasacalles con la charanga \u201cAscape\u201d. Salida de Plaza San Isidro.<\/p>\n\n\n\n<p class=\"wp-block-paragraph\"><strong>Domingo 6 de Septiembre<br>D\u00eda de los ranchos y d\u00eda del ni\u00f1o<\/strong><br>11:00 h. Encierro chiqui con carretillas. Lugar: Plaza del ayuntamiento y recorrido por las calles del encierro.<br>12:00 h. Encierro de reses bravas. Ganader\u00eda: Macua.<br>14:30 h. Concurso de Ranchos. Caf\u00e9 gratis cortes\u00eda del CD Autol.<br>Lugar: Polideportivo municipal.<br>17:00 h. Caf\u00e9-Concierto con la charanga \u201cAscape\u201d. Lugar: Front\u00f3n Municipal.<br>18:00 h. Plaza de Toros. \u201cRecortadores\u201d. Ganader\u00eda: \u00c1lvaro y Pablo Lumbreras. A continuaci\u00f3n, suelta de vaquillas.<br>19:30 h. Actividades Infantiles. \u201cTeatro Firulete\u201d Lugar: Parque La Manzanera junto al Centro Joven.<br>19:30 h. Reparto de Chucher\u00edas para los ni\u00f1os. Lugar: Parque de La Manzanera<br>20:00 h. Concurso de lanzamiento de carretilla. Lugar: Plaza de toros.<br>20:00 h. Concurso de Bolos. A los asistentes se les dar\u00e1 palomitas. Lugar: Sede de la Pe\u00f1a Uni\u00f3n Ara\u00f1uelo.<br>20:00 h. Concierto \u201cVoces Riberas\u201d. Lugar: Plaza San Isidro.<br>22:00 h. Disco M\u00f3vil Infantil \u201cDisco Bane\u201d. Lugar: C\/ Nuestra Se\u00f1ora de Yerga.<br>23:30 h. Toro de Fuego. Lugar: Traves\u00eda Ezquerro.<br>00:00 h. Encierro Nocturno. Ganader\u00eda: Fran Murillo.<br>01:30 h. Concierto con el grupo \u201cV\u00e9rtigo revolution\u201d. Lugar: Plaza San Isidro. A continuaci\u00f3n, Pasacalles con la charanga \u201cAscape\u201d. Salida: Plaza San Isidro.<\/p>\n\n\n\n<p class=\"wp-block-paragraph\"><strong>Lunes 7 de Septiembre de 2026<br>D\u00eda de la mujer y d\u00eda de las personas mayores<\/strong><br>10:30 h. Reuni\u00f3n de Mujeres. Ofrenda floral a la Virgen de Nieva acompa\u00f1ados por la charanga \u201cEcos del Cidacos\u201d. Lugar: Pasarela del R\u00edo Cidacos.<br>10:30 h. Encierro de vacas mansas. Lugar: Plaza de Espa\u00f1a.<br>11:00 h. Chocolatada acompa\u00f1ados por la charanga \u201cEcos del Cidacos\u201d. Lugar: Plaza San Isidro.<br>12:00 h. Encierro de reses bravas. Ganader\u00eda: Basarte.<br>13:30 h. Concurso \u201c4 en Raya\u201d. Lugar: C\/ Coronel Lasanta con C\/ Marqu\u00e9s de Reinosa.<br>13:30 h. Degustaci\u00f3n de choricillo.<br>Colabora: Bodegas Coop. Marqu\u00e9s de Reinosa. Lugar: Plaza San Isidro.<br>13:30 h. Degustaci\u00f3n Popular de Migas. Vino donado por Bodegas Fuente Vieja, Vi\u00f1edos Ruiz Jim\u00e9nez, Bodega Cooperativa Marqu\u00e9s de Reinosa y Bodegas Torremaciel y acompa\u00f1ados por la charanga \u201cEcos del Cidacos\u201d. Lugar: Paseo del Cidacos junto al C.P.A. de Personas Mayores.<br>14:30 h. Comida de mujeres.<br>Lugar: Restaurante Asador Donde Siempre.<br>17:00 h. V\u00edsperas en honor a San Adri\u00e1n y Santa Natalia. Acompa\u00f1ados por la charanga \u201cStrapalucio\u201d. Lugar: Parroquia de San Adri\u00e1n y Santa Natalia.<br>17:30 h. Moscatel y pastas para la comitiva de V\u00edsperas. Acompa\u00f1ados por la charanga \u201cStrapalucio\u201d. Lugar: Plaza de Espa\u00f1a.<br>17:30 h. Bajada a la plaza acompa\u00f1ados por la charanga \u201cStra-palucio\u201d.<br>Lugar: Paseo del Cidacos junto a Restaurante Catonia.<br>18:00 h. Plaza de Toros. \u201cEspecial Arriazu\u201d. Ganader\u00eda: Arriazu. A continuaci\u00f3n, suelta de vaquillas.<br>19:30 h. Actividades Infantiles. \u201cLos Rockolas\u201d (animaci\u00f3n). Lugar: Parque La Manzanera junto al Centro Joven.<br>20:00 h. Tardeo con DJ\u2019s. Lugar: C\/Gallarza.<br>20:00 h. Orquesta con el grupo \u201cTitanes Show\u201d. Lugar: Plaza San Isidro.<br>20:00 h. Degustaci\u00f3n de quesos.<br>Lugar: Sede de la Pe\u00f1a El Bureo.<br>21:00 h. Cocina tu pizza por cuadrillas. Lugar: C\/Gallarza.<br>22:00 h. Concurso tu cara me suena cat\u00f3n y t\u00fa chiquillo de qui\u00e9n eres. \u201cKaraoke\u201d. Lugar: C\/ Gallarza.<br>22:00 h. Disco M\u00f3vil Infantil \u201cDisco Las Vegas\u201d. Lugar: C\/ Nuestra Se\u00f1ora de Yerga.<br>23:00 h. Hinchables. Lugar: C\/ Gallarza. Organiza: Pe\u00f1a el Bureo.<br>23:30 h. Toro de Fuego. Lugar: Traves\u00eda Ezquerro.<br>00:00 h. Orquesta con el grupo \u201cTitanes Show\u201d. Lugar: Plaza San Isidro. A continuaci\u00f3n, Pasacalles con la charanga \u201cStrapalucio\u201d. Salida: Plaza San Isidro.<\/p>\n\n\n\n<p class=\"wp-block-paragraph\"><strong>Martes 8 de Septiembre.<br>D\u00eda de los Santos<\/strong><br>11:00 h. Recepci\u00f3n de Autoridades en el Ayuntamiento.<br>11:30 h. Procesi\u00f3n, Pisado de Uvas, Exaltaci\u00f3n y Ofrenda del primer mosto y los primeros champi\u00f1ones a nuestros santos patronos acompa\u00f1ados de los Gigantes de Autol, bailados por la comparsa de Calahorra, los gaiteros de Calahorra y la Escuela de Jotas de Autol. Seguidamente, solemne misa en la parroquia en honor a San Adri\u00e1n y Santa Natalia, cantada por el Coro Parroquial de Autol.<br>13:30 h. Verm\u00fa para pe\u00f1istas. Lugar: Restaurante Oxford. Organiza: Pe\u00f1a El Bureo.<br>14:00 h. Degustaci\u00f3n de champi\u00f1\u00f3n y vino. Lugar: Plaza San Isidro.<br>14:30 h. Comida de hermandad de la Pe\u00f1a Uni\u00f3n Ara\u00f1uelo. Lugar: Restaurante Oxford. Organiza: Pe\u00f1a Uni\u00f3n Ara\u00f1uelo.<br>17:30 h. Encierro de reses bravas. Ganader\u00eda: Merino<br>18:30 h. Actividades Infantiles. \u201cUna de piratas\u201d. Lugar: Parque La Manzanera junto al Centro Joven<br>19:30 h. Concierto con el grupo \u201cRumbo Tijuana\u201d. Lugar: Plaza San Isidro.<br>20:30 h. ENTIERRO DE LA CUBA y Traca final de fiestas con la charanga \u201cStrapalucio\u201d. Lugar: Plaza San Isidro.<\/p>\n\n\n\n<p class=\"wp-block-paragraph\"><\/p>\n\n\n\n<p class=\"wp-block-paragraph\">VIDEO <\/p>\n\n\n\n<figure class=\"wp-block-embed is-type-video is-provider-youtube wp-block-embed-youtube wp-embed-aspect-16-9 wp-has-aspect-ratio\"><div class=\"wp-block-embed__wrapper\">\n<iframe loading=\"lazy\" title=\"Chupinazo Autol 2026\" width=\"800\" height=\"450\" src=\"https:\/\/www.youtube.com\/embed\/GkFRXzkV6eg?feature=oembed\" frameborder=\"0\" allow=\"accelerometer; autoplay; clipboard-write; encrypted-media; gyroscope; picture-in-picture; web-share\" referrerpolicy=\"strict-origin-when-cross-origin\" allowfullscreen><\/iframe>\n<\/div><\/figure>\n\n\n\n<p class=\"wp-block-paragraph\">GALERIA <\/p>\n\n\n\n<p class=\"wp-block-paragraph\"><code><div id=\"envira-gallery-wrap-151151\" class=\"envira-gallery-wrap envira-gallery-theme-base envira-lightbox-theme-base\" itemscope itemtype=\"https:\/\/schema.org\/ImageGallery\"><div data-row-height=\"150\" data-gallery-theme=\"normal\" id=\"envira-gallery-151151\" class=\"envira-gallery-public envira-gallery-justified-public envira-gallery-0-columns envira-clear enviratope envira-gallery-css-animations\" data-envira-columns=\"0\"><div id=\"envira-gallery-item-151165\" class=\"envira-gallery-item enviratope-item envira-gallery-item-1 envira-lazy-load\" style=\"padding-left: 5px; padding-bottom: 10px; padding-right: 5px;\"  itemscope itemtype=\"https:\/\/schema.org\/ImageObject\"><div class=\"envira-gallery-item-inner\"><div class=\"envira-gallery-position-overlay  envira-gallery-top-left\"><\/div><div class=\"envira-gallery-position-overlay  envira-gallery-top-right\"><\/div><div class=\"envira-gallery-position-overlay  envira-gallery-bottom-left\"><\/div><div class=\"envira-gallery-position-overlay  envira-gallery-bottom-right\"><\/div><a href=\"https:\/\/www.yoleoescaparate.com\/wp-content\/uploads\/WhatsApp-Image-2026-09-03-at-12.17.55.jpeg\" class=\"envira-gallery-151151 envira-gallery-link\" rel=\"enviragallery151151\" title=\"Fiestas de Autol 2026\" data-envira-caption=\"Fiestas de Autol 2026\" data-envira-retina=\"\" data-thumbnail=\"\"  itemprop=\"contentUrl\"><img decoding=\"async\" id=\"envira-gallery-image-151165\" class=\"envira-gallery-image envira-gallery-image-1 envira-normal envira-lazy\" data-envira-index=\"1\" src=\"https:\/\/www.yoleoescaparate.com\/wp-content\/uploads\/WhatsApp-Image-2026-09-03-at-12.17.55-1024x576-640x480.jpeg\" data-envira-src=\"https:\/\/www.yoleoescaparate.com\/wp-content\/uploads\/WhatsApp-Image-2026-09-03-at-12.17.55-1024x576-640x480.jpeg\" data-envira-gallery-id=\"151151\" data-envira-item-id=\"151165\" data-envira-caption=\"Fiestas de Autol 2026\" alt=\"\" title=\"Fiestas de Autol 2026\"  itemprop=\"thumbnailUrl\" data-envira-srcset=\"https:\/\/www.yoleoescaparate.com\/wp-content\/uploads\/WhatsApp-Image-2026-09-03-at-12.17.55-1024x576-640x480.jpeg 400w,https:\/\/www.yoleoescaparate.com\/wp-content\/uploads\/WhatsApp-Image-2026-09-03-at-12.17.55-1024x576-640x480.jpeg 2x\" data-envira-width=\"300\" data-envira-height=\"169\" srcset=\"data:image\/gif;base64,R0lGODlhAQABAIAAAP\/\/\/\/\/\/\/yH5BAEKAAEALAAAAAABAAEAAAICTAEAOw==\" data-safe-src=\"data:image\/gif;base64,R0lGODlhAQABAIAAAP\/\/\/\/\/\/\/yH5BAEKAAEALAAAAAABAAEAAAICTAEAOw==\" \/><\/a><\/div><\/div><div id=\"envira-gallery-item-151164\" class=\"envira-gallery-item enviratope-item envira-gallery-item-2 envira-lazy-load\" style=\"padding-left: 5px; padding-bottom: 10px; padding-right: 5px;\"  itemscope itemtype=\"https:\/\/schema.org\/ImageObject\"><div class=\"envira-gallery-item-inner\"><div class=\"envira-gallery-position-overlay  envira-gallery-top-left\"><\/div><div class=\"envira-gallery-position-overlay  envira-gallery-top-right\"><\/div><div class=\"envira-gallery-position-overlay  envira-gallery-bottom-left\"><\/div><div class=\"envira-gallery-position-overlay  envira-gallery-bottom-right\"><\/div><a href=\"https:\/\/www.yoleoescaparate.com\/wp-content\/uploads\/WhatsApp-Image-2026-09-03-at-12.17.55-1.jpeg\" class=\"envira-gallery-151151 envira-gallery-link\" rel=\"enviragallery151151\" title=\"Fiestas de Autol 2026\" data-envira-caption=\"Fiestas de Autol 2026\" data-envira-retina=\"\" data-thumbnail=\"\"  itemprop=\"contentUrl\"><img decoding=\"async\" id=\"envira-gallery-image-151164\" class=\"envira-gallery-image envira-gallery-image-2 envira-normal envira-lazy\" data-envira-index=\"2\" src=\"https:\/\/www.yoleoescaparate.com\/wp-content\/uploads\/WhatsApp-Image-2026-09-03-at-12.17.55-1-1024x576-640x480.jpeg\" data-envira-src=\"https:\/\/www.yoleoescaparate.com\/wp-content\/uploads\/WhatsApp-Image-2026-09-03-at-12.17.55-1-1024x576-640x480.jpeg\" data-envira-gallery-id=\"151151\" data-envira-item-id=\"151164\" data-envira-caption=\"Fiestas de Autol 2026\" alt=\"\" title=\"Fiestas de Autol 2026\"  itemprop=\"thumbnailUrl\" data-envira-srcset=\"https:\/\/www.yoleoescaparate.com\/wp-content\/uploads\/WhatsApp-Image-2026-09-03-at-12.17.55-1-1024x576-640x480.jpeg 400w,https:\/\/www.yoleoescaparate.com\/wp-content\/uploads\/WhatsApp-Image-2026-09-03-at-12.17.55-1-1024x576-640x480.jpeg 2x\" data-envira-width=\"300\" data-envira-height=\"169\" srcset=\"data:image\/gif;base64,R0lGODlhAQABAIAAAP\/\/\/\/\/\/\/yH5BAEKAAEALAAAAAABAAEAAAICTAEAOw==\" data-safe-src=\"data:image\/gif;base64,R0lGODlhAQABAIAAAP\/\/\/\/\/\/\/yH5BAEKAAEALAAAAAABAAEAAAICTAEAOw==\" \/><\/a><\/div><\/div><div id=\"envira-gallery-item-151163\" class=\"envira-gallery-item enviratope-item envira-gallery-item-3 envira-lazy-load\" style=\"padding-left: 5px; padding-bottom: 10px; padding-right: 5px;\"  itemscope itemtype=\"https:\/\/schema.org\/ImageObject\"><div class=\"envira-gallery-item-inner\"><div class=\"envira-gallery-position-overlay  envira-gallery-top-left\"><\/div><div class=\"envira-gallery-position-overlay  envira-gallery-top-right\"><\/div><div class=\"envira-gallery-position-overlay  envira-gallery-bottom-left\"><\/div><div class=\"envira-gallery-position-overlay  envira-gallery-bottom-right\"><\/div><a href=\"https:\/\/www.yoleoescaparate.com\/wp-content\/uploads\/WhatsApp-Image-2026-09-03-at-12.17.54.jpeg\" class=\"envira-gallery-151151 envira-gallery-link\" rel=\"enviragallery151151\" title=\"Fiestas de Autol 2026\" data-envira-caption=\"Fiestas de Autol 2026\" data-envira-retina=\"\" data-thumbnail=\"\"  itemprop=\"contentUrl\"><img decoding=\"async\" id=\"envira-gallery-image-151163\" class=\"envira-gallery-image envira-gallery-image-3 envira-normal envira-lazy\" data-envira-index=\"3\" src=\"https:\/\/www.yoleoescaparate.com\/wp-content\/uploads\/WhatsApp-Image-2026-09-03-at-12.17.54-1024x576-640x480.jpeg\" data-envira-src=\"https:\/\/www.yoleoescaparate.com\/wp-content\/uploads\/WhatsApp-Image-2026-09-03-at-12.17.54-1024x576-640x480.jpeg\" data-envira-gallery-id=\"151151\" data-envira-item-id=\"151163\" data-envira-caption=\"Fiestas de Autol 2026\" alt=\"\" title=\"Fiestas de Autol 2026\"  itemprop=\"thumbnailUrl\" data-envira-srcset=\"https:\/\/www.yoleoescaparate.com\/wp-content\/uploads\/WhatsApp-Image-2026-09-03-at-12.17.54-1024x576-640x480.jpeg 400w,https:\/\/www.yoleoescaparate.com\/wp-content\/uploads\/WhatsApp-Image-2026-09-03-at-12.17.54-1024x576-640x480.jpeg 2x\" data-envira-width=\"300\" data-envira-height=\"169\" srcset=\"data:image\/gif;base64,R0lGODlhAQABAIAAAP\/\/\/\/\/\/\/yH5BAEKAAEALAAAAAABAAEAAAICTAEAOw==\" data-safe-src=\"data:image\/gif;base64,R0lGODlhAQABAIAAAP\/\/\/\/\/\/\/yH5BAEKAAEALAAAAAABAAEAAAICTAEAOw==\" \/><\/a><\/div><\/div><div id=\"envira-gallery-item-151162\" class=\"envira-gallery-item enviratope-item envira-gallery-item-4 envira-lazy-load\" style=\"padding-left: 5px; padding-bottom: 10px; padding-right: 5px;\"  itemscope itemtype=\"https:\/\/schema.org\/ImageObject\"><div class=\"envira-gallery-item-inner\"><div class=\"envira-gallery-position-overlay  envira-gallery-top-left\"><\/div><div class=\"envira-gallery-position-overlay  envira-gallery-top-right\"><\/div><div class=\"envira-gallery-position-overlay  envira-gallery-bottom-left\"><\/div><div class=\"envira-gallery-position-overlay  envira-gallery-bottom-right\"><\/div><a href=\"https:\/\/www.yoleoescaparate.com\/wp-content\/uploads\/WhatsApp-Image-2026-09-03-at-12.17.53.jpeg\" class=\"envira-gallery-151151 envira-gallery-link\" rel=\"enviragallery151151\" title=\"Fiestas de Autol 2026\" data-envira-caption=\"Fiestas de Autol 2026\" data-envira-retina=\"\" data-thumbnail=\"\"  itemprop=\"contentUrl\"><img decoding=\"async\" id=\"envira-gallery-image-151162\" class=\"envira-gallery-image envira-gallery-image-4 envira-normal envira-lazy\" data-envira-index=\"4\" src=\"https:\/\/www.yoleoescaparate.com\/wp-content\/uploads\/WhatsApp-Image-2026-09-03-at-12.17.53-1024x576-640x480.jpeg\" data-envira-src=\"https:\/\/www.yoleoescaparate.com\/wp-content\/uploads\/WhatsApp-Image-2026-09-03-at-12.17.53-1024x576-640x480.jpeg\" data-envira-gallery-id=\"151151\" data-envira-item-id=\"151162\" data-envira-caption=\"Fiestas de Autol 2026\" alt=\"\" title=\"Fiestas de Autol 2026\"  itemprop=\"thumbnailUrl\" data-envira-srcset=\"https:\/\/www.yoleoescaparate.com\/wp-content\/uploads\/WhatsApp-Image-2026-09-03-at-12.17.53-1024x576-640x480.jpeg 400w,https:\/\/www.yoleoescaparate.com\/wp-content\/uploads\/WhatsApp-Image-2026-09-03-at-12.17.53-1024x576-640x480.jpeg 2x\" data-envira-width=\"300\" data-envira-height=\"169\" srcset=\"data:image\/gif;base64,R0lGODlhAQABAIAAAP\/\/\/\/\/\/\/yH5BAEKAAEALAAAAAABAAEAAAICTAEAOw==\" data-safe-src=\"data:image\/gif;base64,R0lGODlhAQABAIAAAP\/\/\/\/\/\/\/yH5BAEKAAEALAAAAAABAAEAAAICTAEAOw==\" \/><\/a><\/div><\/div><div id=\"envira-gallery-item-151161\" class=\"envira-gallery-item enviratope-item envira-gallery-item-5 envira-lazy-load\" style=\"padding-left: 5px; padding-bottom: 10px; padding-right: 5px;\"  itemscope itemtype=\"https:\/\/schema.org\/ImageObject\"><div class=\"envira-gallery-item-inner\"><div class=\"envira-gallery-position-overlay  envira-gallery-top-left\"><\/div><div class=\"envira-gallery-position-overlay  envira-gallery-top-right\"><\/div><div class=\"envira-gallery-position-overlay  envira-gallery-bottom-left\"><\/div><div class=\"envira-gallery-position-overlay  envira-gallery-bottom-right\"><\/div><a href=\"https:\/\/www.yoleoescaparate.com\/wp-content\/uploads\/WhatsApp-Image-2026-09-03-at-12.17.52.jpeg\" class=\"envira-gallery-151151 envira-gallery-link\" rel=\"enviragallery151151\" title=\"Fiestas de Autol 2026\" data-envira-caption=\"Fiestas de Autol 2026\" data-envira-retina=\"\" data-thumbnail=\"\"  itemprop=\"contentUrl\"><img decoding=\"async\" id=\"envira-gallery-image-151161\" class=\"envira-gallery-image envira-gallery-image-5 envira-normal envira-lazy\" data-envira-index=\"5\" src=\"https:\/\/www.yoleoescaparate.com\/wp-content\/uploads\/WhatsApp-Image-2026-09-03-at-12.17.52-1024x576-640x480.jpeg\" data-envira-src=\"https:\/\/www.yoleoescaparate.com\/wp-content\/uploads\/WhatsApp-Image-2026-09-03-at-12.17.52-1024x576-640x480.jpeg\" data-envira-gallery-id=\"151151\" data-envira-item-id=\"151161\" data-envira-caption=\"Fiestas de Autol 2026\" alt=\"\" title=\"Fiestas de Autol 2026\"  itemprop=\"thumbnailUrl\" data-envira-srcset=\"https:\/\/www.yoleoescaparate.com\/wp-content\/uploads\/WhatsApp-Image-2026-09-03-at-12.17.52-1024x576-640x480.jpeg 400w,https:\/\/www.yoleoescaparate.com\/wp-content\/uploads\/WhatsApp-Image-2026-09-03-at-12.17.52-1024x576-640x480.jpeg 2x\" data-envira-width=\"300\" data-envira-height=\"169\" srcset=\"data:image\/gif;base64,R0lGODlhAQABAIAAAP\/\/\/\/\/\/\/yH5BAEKAAEALAAAAAABAAEAAAICTAEAOw==\" data-safe-src=\"data:image\/gif;base64,R0lGODlhAQABAIAAAP\/\/\/\/\/\/\/yH5BAEKAAEALAAAAAABAAEAAAICTAEAOw==\" \/><\/a><\/div><\/div><div id=\"envira-gallery-item-151160\" class=\"envira-gallery-item enviratope-item envira-gallery-item-6 envira-lazy-load\" style=\"padding-left: 5px; padding-bottom: 10px; padding-right: 5px;\"  itemscope itemtype=\"https:\/\/schema.org\/ImageObject\"><div class=\"envira-gallery-item-inner\"><div class=\"envira-gallery-position-overlay  envira-gallery-top-left\"><\/div><div class=\"envira-gallery-position-overlay  envira-gallery-top-right\"><\/div><div class=\"envira-gallery-position-overlay  envira-gallery-bottom-left\"><\/div><div class=\"envira-gallery-position-overlay  envira-gallery-bottom-right\"><\/div><a href=\"https:\/\/www.yoleoescaparate.com\/wp-content\/uploads\/WhatsApp-Image-2026-09-03-at-12.17.52-2.jpeg\" class=\"envira-gallery-151151 envira-gallery-link\" rel=\"enviragallery151151\" title=\"Fiestas de Autol 2026\" data-envira-caption=\"Fiestas de Autol 2026\" data-envira-retina=\"\" data-thumbnail=\"\"  itemprop=\"contentUrl\"><img decoding=\"async\" id=\"envira-gallery-image-151160\" class=\"envira-gallery-image envira-gallery-image-6 envira-normal envira-lazy\" data-envira-index=\"6\" src=\"https:\/\/www.yoleoescaparate.com\/wp-content\/uploads\/WhatsApp-Image-2026-09-03-at-12.17.52-2-1024x576-640x480.jpeg\" data-envira-src=\"https:\/\/www.yoleoescaparate.com\/wp-content\/uploads\/WhatsApp-Image-2026-09-03-at-12.17.52-2-1024x576-640x480.jpeg\" data-envira-gallery-id=\"151151\" data-envira-item-id=\"151160\" data-envira-caption=\"Fiestas de Autol 2026\" alt=\"\" title=\"Fiestas de Autol 2026\"  itemprop=\"thumbnailUrl\" data-envira-srcset=\"https:\/\/www.yoleoescaparate.com\/wp-content\/uploads\/WhatsApp-Image-2026-09-03-at-12.17.52-2-1024x576-640x480.jpeg 400w,https:\/\/www.yoleoescaparate.com\/wp-content\/uploads\/WhatsApp-Image-2026-09-03-at-12.17.52-2-1024x576-640x480.jpeg 2x\" data-envira-width=\"300\" data-envira-height=\"169\" srcset=\"data:image\/gif;base64,R0lGODlhAQABAIAAAP\/\/\/\/\/\/\/yH5BAEKAAEALAAAAAABAAEAAAICTAEAOw==\" data-safe-src=\"data:image\/gif;base64,R0lGODlhAQABAIAAAP\/\/\/\/\/\/\/yH5BAEKAAEALAAAAAABAAEAAAICTAEAOw==\" \/><\/a><\/div><\/div><div id=\"envira-gallery-item-151159\" class=\"envira-gallery-item enviratope-item envira-gallery-item-7 envira-lazy-load\" style=\"padding-left: 5px; padding-bottom: 10px; padding-right: 5px;\"  itemscope itemtype=\"https:\/\/schema.org\/ImageObject\"><div class=\"envira-gallery-item-inner\"><div class=\"envira-gallery-position-overlay  envira-gallery-top-left\"><\/div><div class=\"envira-gallery-position-overlay  envira-gallery-top-right\"><\/div><div class=\"envira-gallery-position-overlay  envira-gallery-bottom-left\"><\/div><div class=\"envira-gallery-position-overlay  envira-gallery-bottom-right\"><\/div><a href=\"https:\/\/www.yoleoescaparate.com\/wp-content\/uploads\/WhatsApp-Image-2026-09-03-at-12.17.46.jpeg\" class=\"envira-gallery-151151 envira-gallery-link\" rel=\"enviragallery151151\" title=\"Fiestas de Autol 2026\" data-envira-caption=\"Fiestas de Autol 2026\" data-envira-retina=\"\" data-thumbnail=\"\"  itemprop=\"contentUrl\"><img decoding=\"async\" id=\"envira-gallery-image-151159\" class=\"envira-gallery-image envira-gallery-image-7 envira-normal envira-lazy\" data-envira-index=\"7\" src=\"https:\/\/www.yoleoescaparate.com\/wp-content\/uploads\/WhatsApp-Image-2026-09-03-at-12.17.46-1024x576-640x480.jpeg\" data-envira-src=\"https:\/\/www.yoleoescaparate.com\/wp-content\/uploads\/WhatsApp-Image-2026-09-03-at-12.17.46-1024x576-640x480.jpeg\" data-envira-gallery-id=\"151151\" data-envira-item-id=\"151159\" data-envira-caption=\"Fiestas de Autol 2026\" alt=\"\" title=\"Fiestas de Autol 2026\"  itemprop=\"thumbnailUrl\" data-envira-srcset=\"https:\/\/www.yoleoescaparate.com\/wp-content\/uploads\/WhatsApp-Image-2026-09-03-at-12.17.46-1024x576-640x480.jpeg 400w,https:\/\/www.yoleoescaparate.com\/wp-content\/uploads\/WhatsApp-Image-2026-09-03-at-12.17.46-1024x576-640x480.jpeg 2x\" data-envira-width=\"300\" data-envira-height=\"169\" srcset=\"data:image\/gif;base64,R0lGODlhAQABAIAAAP\/\/\/\/\/\/\/yH5BAEKAAEALAAAAAABAAEAAAICTAEAOw==\" data-safe-src=\"data:image\/gif;base64,R0lGODlhAQABAIAAAP\/\/\/\/\/\/\/yH5BAEKAAEALAAAAAABAAEAAAICTAEAOw==\" \/><\/a><\/div><\/div><div id=\"envira-gallery-item-151158\" class=\"envira-gallery-item enviratope-item envira-gallery-item-8 envira-lazy-load\" style=\"padding-left: 5px; padding-bottom: 10px; padding-right: 5px;\"  itemscope itemtype=\"https:\/\/schema.org\/ImageObject\"><div class=\"envira-gallery-item-inner\"><div class=\"envira-gallery-position-overlay  envira-gallery-top-left\"><\/div><div class=\"envira-gallery-position-overlay  envira-gallery-top-right\"><\/div><div class=\"envira-gallery-position-overlay  envira-gallery-bottom-left\"><\/div><div class=\"envira-gallery-position-overlay  envira-gallery-bottom-right\"><\/div><a href=\"https:\/\/www.yoleoescaparate.com\/wp-content\/uploads\/WhatsApp-Image-2026-09-03-at-12.12.56.jpeg\" class=\"envira-gallery-151151 envira-gallery-link\" rel=\"enviragallery151151\" title=\"Fiestas de Autol 2026\" data-envira-caption=\"Fiestas de Autol 2026\" data-envira-retina=\"\" data-thumbnail=\"\"  itemprop=\"contentUrl\"><img decoding=\"async\" id=\"envira-gallery-image-151158\" class=\"envira-gallery-image envira-gallery-image-8 envira-normal envira-lazy\" data-envira-index=\"8\" src=\"https:\/\/www.yoleoescaparate.com\/wp-content\/uploads\/WhatsApp-Image-2026-09-03-at-12.12.56-1024x576-640x480.jpeg\" data-envira-src=\"https:\/\/www.yoleoescaparate.com\/wp-content\/uploads\/WhatsApp-Image-2026-09-03-at-12.12.56-1024x576-640x480.jpeg\" data-envira-gallery-id=\"151151\" data-envira-item-id=\"151158\" data-envira-caption=\"Fiestas de Autol 2026\" alt=\"\" title=\"Fiestas de Autol 2026\"  itemprop=\"thumbnailUrl\" data-envira-srcset=\"https:\/\/www.yoleoescaparate.com\/wp-content\/uploads\/WhatsApp-Image-2026-09-03-at-12.12.56-1024x576-640x480.jpeg 400w,https:\/\/www.yoleoescaparate.com\/wp-content\/uploads\/WhatsApp-Image-2026-09-03-at-12.12.56-1024x576-640x480.jpeg 2x\" data-envira-width=\"300\" data-envira-height=\"169\" srcset=\"data:image\/gif;base64,R0lGODlhAQABAIAAAP\/\/\/\/\/\/\/yH5BAEKAAEALAAAAAABAAEAAAICTAEAOw==\" data-safe-src=\"data:image\/gif;base64,R0lGODlhAQABAIAAAP\/\/\/\/\/\/\/yH5BAEKAAEALAAAAAABAAEAAAICTAEAOw==\" \/><\/a><\/div><\/div><div id=\"envira-gallery-item-151157\" class=\"envira-gallery-item enviratope-item envira-gallery-item-9 envira-lazy-load\" style=\"padding-left: 5px; padding-bottom: 10px; padding-right: 5px;\"  itemscope itemtype=\"https:\/\/schema.org\/ImageObject\"><div class=\"envira-gallery-item-inner\"><div class=\"envira-gallery-position-overlay  envira-gallery-top-left\"><\/div><div class=\"envira-gallery-position-overlay  envira-gallery-top-right\"><\/div><div class=\"envira-gallery-position-overlay  envira-gallery-bottom-left\"><\/div><div class=\"envira-gallery-position-overlay  envira-gallery-bottom-right\"><\/div><a href=\"https:\/\/www.yoleoescaparate.com\/wp-content\/uploads\/WhatsApp-Image-2026-09-03-at-12.11.19.jpeg\" class=\"envira-gallery-151151 envira-gallery-link\" rel=\"enviragallery151151\" title=\"Fiestas de Autol 2026\" data-envira-caption=\"Fiestas de Autol 2026\" data-envira-retina=\"\" data-thumbnail=\"\"  itemprop=\"contentUrl\"><img decoding=\"async\" id=\"envira-gallery-image-151157\" class=\"envira-gallery-image envira-gallery-image-9 envira-normal envira-lazy\" data-envira-index=\"9\" src=\"https:\/\/www.yoleoescaparate.com\/wp-content\/uploads\/WhatsApp-Image-2026-09-03-at-12.11.19-1024x768-640x480.jpeg\" data-envira-src=\"https:\/\/www.yoleoescaparate.com\/wp-content\/uploads\/WhatsApp-Image-2026-09-03-at-12.11.19-1024x768-640x480.jpeg\" data-envira-gallery-id=\"151151\" data-envira-item-id=\"151157\" data-envira-caption=\"Fiestas de Autol 2026\" alt=\"\" title=\"Fiestas de Autol 2026\"  itemprop=\"thumbnailUrl\" data-envira-srcset=\"https:\/\/www.yoleoescaparate.com\/wp-content\/uploads\/WhatsApp-Image-2026-09-03-at-12.11.19-1024x768-640x480.jpeg 400w,https:\/\/www.yoleoescaparate.com\/wp-content\/uploads\/WhatsApp-Image-2026-09-03-at-12.11.19-1024x768-640x480.jpeg 2x\" data-envira-width=\"300\" data-envira-height=\"225\" srcset=\"data:image\/gif;base64,R0lGODlhAQABAIAAAP\/\/\/\/\/\/\/yH5BAEKAAEALAAAAAABAAEAAAICTAEAOw==\" data-safe-src=\"data:image\/gif;base64,R0lGODlhAQABAIAAAP\/\/\/\/\/\/\/yH5BAEKAAEALAAAAAABAAEAAAICTAEAOw==\" \/><\/a><\/div><\/div><div id=\"envira-gallery-item-151156\" class=\"envira-gallery-item enviratope-item envira-gallery-item-10 envira-lazy-load\" style=\"padding-left: 5px; padding-bottom: 10px; padding-right: 5px;\"  itemscope itemtype=\"https:\/\/schema.org\/ImageObject\"><div class=\"envira-gallery-item-inner\"><div class=\"envira-gallery-position-overlay  envira-gallery-top-left\"><\/div><div class=\"envira-gallery-position-overlay  envira-gallery-top-right\"><\/div><div class=\"envira-gallery-position-overlay  envira-gallery-bottom-left\"><\/div><div class=\"envira-gallery-position-overlay  envira-gallery-bottom-right\"><\/div><a href=\"https:\/\/www.yoleoescaparate.com\/wp-content\/uploads\/WhatsApp-Image-2026-09-03-at-12.11.19-2.jpeg\" class=\"envira-gallery-151151 envira-gallery-link\" rel=\"enviragallery151151\" title=\"Fiestas de Autol 2026\" data-envira-caption=\"Fiestas de Autol 2026\" data-envira-retina=\"\" data-thumbnail=\"\"  itemprop=\"contentUrl\"><img decoding=\"async\" id=\"envira-gallery-image-151156\" class=\"envira-gallery-image envira-gallery-image-10 envira-normal envira-lazy\" data-envira-index=\"10\" src=\"https:\/\/www.yoleoescaparate.com\/wp-content\/uploads\/WhatsApp-Image-2026-09-03-at-12.11.19-2-768x1024-640x480.jpeg\" data-envira-src=\"https:\/\/www.yoleoescaparate.com\/wp-content\/uploads\/WhatsApp-Image-2026-09-03-at-12.11.19-2-768x1024-640x480.jpeg\" data-envira-gallery-id=\"151151\" data-envira-item-id=\"151156\" data-envira-caption=\"Fiestas de Autol 2026\" alt=\"\" title=\"Fiestas de Autol 2026\"  itemprop=\"thumbnailUrl\" data-envira-srcset=\"https:\/\/www.yoleoescaparate.com\/wp-content\/uploads\/WhatsApp-Image-2026-09-03-at-12.11.19-2-768x1024-640x480.jpeg 400w,https:\/\/www.yoleoescaparate.com\/wp-content\/uploads\/WhatsApp-Image-2026-09-03-at-12.11.19-2-768x1024-640x480.jpeg 2x\" data-envira-width=\"225\" data-envira-height=\"300\" srcset=\"data:image\/gif;base64,R0lGODlhAQABAIAAAP\/\/\/\/\/\/\/yH5BAEKAAEALAAAAAABAAEAAAICTAEAOw==\" data-safe-src=\"data:image\/gif;base64,R0lGODlhAQABAIAAAP\/\/\/\/\/\/\/yH5BAEKAAEALAAAAAABAAEAAAICTAEAOw==\" \/><\/a><\/div><\/div><div id=\"envira-gallery-item-151155\" class=\"envira-gallery-item enviratope-item envira-gallery-item-11 envira-lazy-load\" style=\"padding-left: 5px; padding-bottom: 10px; padding-right: 5px;\"  itemscope itemtype=\"https:\/\/schema.org\/ImageObject\"><div class=\"envira-gallery-item-inner\"><div class=\"envira-gallery-position-overlay  envira-gallery-top-left\"><\/div><div class=\"envira-gallery-position-overlay  envira-gallery-top-right\"><\/div><div class=\"envira-gallery-position-overlay  envira-gallery-bottom-left\"><\/div><div class=\"envira-gallery-position-overlay  envira-gallery-bottom-right\"><\/div><a href=\"https:\/\/www.yoleoescaparate.com\/wp-content\/uploads\/WhatsApp-Image-2026-09-03-at-12.11.18-5.jpeg\" class=\"envira-gallery-151151 envira-gallery-link\" rel=\"enviragallery151151\" title=\"Fiestas de Autol 2026\" data-envira-caption=\"Fiestas de Autol 2026\" data-envira-retina=\"\" data-thumbnail=\"\"  itemprop=\"contentUrl\"><img decoding=\"async\" id=\"envira-gallery-image-151155\" class=\"envira-gallery-image envira-gallery-image-11 envira-normal envira-lazy\" data-envira-index=\"11\" src=\"https:\/\/www.yoleoescaparate.com\/wp-content\/uploads\/WhatsApp-Image-2026-09-03-at-12.11.18-5-1024x768-640x480.jpeg\" data-envira-src=\"https:\/\/www.yoleoescaparate.com\/wp-content\/uploads\/WhatsApp-Image-2026-09-03-at-12.11.18-5-1024x768-640x480.jpeg\" data-envira-gallery-id=\"151151\" data-envira-item-id=\"151155\" data-envira-caption=\"Fiestas de Autol 2026\" alt=\"\" title=\"Fiestas de Autol 2026\"  itemprop=\"thumbnailUrl\" data-envira-srcset=\"https:\/\/www.yoleoescaparate.com\/wp-content\/uploads\/WhatsApp-Image-2026-09-03-at-12.11.18-5-1024x768-640x480.jpeg 400w,https:\/\/www.yoleoescaparate.com\/wp-content\/uploads\/WhatsApp-Image-2026-09-03-at-12.11.18-5-1024x768-640x480.jpeg 2x\" data-envira-width=\"300\" data-envira-height=\"225\" srcset=\"data:image\/gif;base64,R0lGODlhAQABAIAAAP\/\/\/\/\/\/\/yH5BAEKAAEALAAAAAABAAEAAAICTAEAOw==\" data-safe-src=\"data:image\/gif;base64,R0lGODlhAQABAIAAAP\/\/\/\/\/\/\/yH5BAEKAAEALAAAAAABAAEAAAICTAEAOw==\" \/><\/a><\/div><\/div><div id=\"envira-gallery-item-151154\" class=\"envira-gallery-item enviratope-item envira-gallery-item-12 envira-lazy-load\" style=\"padding-left: 5px; padding-bottom: 10px; padding-right: 5px;\"  itemscope itemtype=\"https:\/\/schema.org\/ImageObject\"><div class=\"envira-gallery-item-inner\"><div class=\"envira-gallery-position-overlay  envira-gallery-top-left\"><\/div><div class=\"envira-gallery-position-overlay  envira-gallery-top-right\"><\/div><div class=\"envira-gallery-position-overlay  envira-gallery-bottom-left\"><\/div><div class=\"envira-gallery-position-overlay  envira-gallery-bottom-right\"><\/div><a href=\"https:\/\/www.yoleoescaparate.com\/wp-content\/uploads\/WhatsApp-Image-2026-09-03-at-12.11.18-4.jpeg\" class=\"envira-gallery-151151 envira-gallery-link\" rel=\"enviragallery151151\" title=\"Fiestas de Autol 2026\" data-envira-caption=\"Fiestas de Autol 2026\" data-envira-retina=\"\" data-thumbnail=\"\"  itemprop=\"contentUrl\"><img decoding=\"async\" id=\"envira-gallery-image-151154\" class=\"envira-gallery-image envira-gallery-image-12 envira-normal envira-lazy\" data-envira-index=\"12\" src=\"https:\/\/www.yoleoescaparate.com\/wp-content\/uploads\/WhatsApp-Image-2026-09-03-at-12.11.18-4-1024x768-640x480.jpeg\" data-envira-src=\"https:\/\/www.yoleoescaparate.com\/wp-content\/uploads\/WhatsApp-Image-2026-09-03-at-12.11.18-4-1024x768-640x480.jpeg\" data-envira-gallery-id=\"151151\" data-envira-item-id=\"151154\" data-envira-caption=\"Fiestas de Autol 2026\" alt=\"\" title=\"Fiestas de Autol 2026\"  itemprop=\"thumbnailUrl\" data-envira-srcset=\"https:\/\/www.yoleoescaparate.com\/wp-content\/uploads\/WhatsApp-Image-2026-09-03-at-12.11.18-4-1024x768-640x480.jpeg 400w,https:\/\/www.yoleoescaparate.com\/wp-content\/uploads\/WhatsApp-Image-2026-09-03-at-12.11.18-4-1024x768-640x480.jpeg 2x\" data-envira-width=\"300\" data-envira-height=\"225\" srcset=\"data:image\/gif;base64,R0lGODlhAQABAIAAAP\/\/\/\/\/\/\/yH5BAEKAAEALAAAAAABAAEAAAICTAEAOw==\" data-safe-src=\"data:image\/gif;base64,R0lGODlhAQABAIAAAP\/\/\/\/\/\/\/yH5BAEKAAEALAAAAAABAAEAAAICTAEAOw==\" \/><\/a><\/div><\/div><div id=\"envira-gallery-item-151153\" class=\"envira-gallery-item enviratope-item envira-gallery-item-13 envira-lazy-load\" style=\"padding-left: 5px; padding-bottom: 10px; padding-right: 5px;\"  itemscope itemtype=\"https:\/\/schema.org\/ImageObject\"><div class=\"envira-gallery-item-inner\"><div class=\"envira-gallery-position-overlay  envira-gallery-top-left\"><\/div><div class=\"envira-gallery-position-overlay  envira-gallery-top-right\"><\/div><div class=\"envira-gallery-position-overlay  envira-gallery-bottom-left\"><\/div><div class=\"envira-gallery-position-overlay  envira-gallery-bottom-right\"><\/div><a href=\"https:\/\/www.yoleoescaparate.com\/wp-content\/uploads\/WhatsApp-Image-2026-09-03-at-12.11.18-2.jpeg\" class=\"envira-gallery-151151 envira-gallery-link\" rel=\"enviragallery151151\" title=\"Fiestas de Autol 2026\" data-envira-caption=\"Fiestas de Autol 2026\" data-envira-retina=\"\" data-thumbnail=\"\"  itemprop=\"contentUrl\"><img decoding=\"async\" id=\"envira-gallery-image-151153\" class=\"envira-gallery-image envira-gallery-image-13 envira-normal envira-lazy\" data-envira-index=\"13\" src=\"https:\/\/www.yoleoescaparate.com\/wp-content\/uploads\/WhatsApp-Image-2026-09-03-at-12.11.18-2-1024x768-640x480.jpeg\" data-envira-src=\"https:\/\/www.yoleoescaparate.com\/wp-content\/uploads\/WhatsApp-Image-2026-09-03-at-12.11.18-2-1024x768-640x480.jpeg\" data-envira-gallery-id=\"151151\" data-envira-item-id=\"151153\" data-envira-caption=\"Fiestas de Autol 2026\" alt=\"\" title=\"Fiestas de Autol 2026\"  itemprop=\"thumbnailUrl\" data-envira-srcset=\"https:\/\/www.yoleoescaparate.com\/wp-content\/uploads\/WhatsApp-Image-2026-09-03-at-12.11.18-2-1024x768-640x480.jpeg 400w,https:\/\/www.yoleoescaparate.com\/wp-content\/uploads\/WhatsApp-Image-2026-09-03-at-12.11.18-2-1024x768-640x480.jpeg 2x\" data-envira-width=\"300\" data-envira-height=\"225\" srcset=\"data:image\/gif;base64,R0lGODlhAQABAIAAAP\/\/\/\/\/\/\/yH5BAEKAAEALAAAAAABAAEAAAICTAEAOw==\" data-safe-src=\"data:image\/gif;base64,R0lGODlhAQABAIAAAP\/\/\/\/\/\/\/yH5BAEKAAEALAAAAAABAAEAAAICTAEAOw==\" \/><\/a><\/div><\/div><div id=\"envira-gallery-item-151152\" class=\"envira-gallery-item enviratope-item envira-gallery-item-14 envira-lazy-load\" style=\"padding-left: 5px; padding-bottom: 10px; padding-right: 5px;\"  itemscope itemtype=\"https:\/\/schema.org\/ImageObject\"><div class=\"envira-gallery-item-inner\"><div class=\"envira-gallery-position-overlay  envira-gallery-top-left\"><\/div><div class=\"envira-gallery-position-overlay  envira-gallery-top-right\"><\/div><div class=\"envira-gallery-position-overlay  envira-gallery-bottom-left\"><\/div><div class=\"envira-gallery-position-overlay  envira-gallery-bottom-right\"><\/div><a href=\"https:\/\/www.yoleoescaparate.com\/wp-content\/uploads\/WhatsApp-Image-2026-09-03-at-12.11.18-1.jpeg\" class=\"envira-gallery-151151 envira-gallery-link\" rel=\"enviragallery151151\" title=\"Fiestas de Autol 2026\" data-envira-caption=\"Fiestas de Autol 2026\" data-envira-retina=\"\" data-thumbnail=\"\"  itemprop=\"contentUrl\"><img decoding=\"async\" id=\"envira-gallery-image-151152\" class=\"envira-gallery-image envira-gallery-image-14 envira-normal envira-lazy\" data-envira-index=\"14\" src=\"https:\/\/www.yoleoescaparate.com\/wp-content\/uploads\/WhatsApp-Image-2026-09-03-at-12.11.18-1-1024x768-640x480.jpeg\" data-envira-src=\"https:\/\/www.yoleoescaparate.com\/wp-content\/uploads\/WhatsApp-Image-2026-09-03-at-12.11.18-1-1024x768-640x480.jpeg\" data-envira-gallery-id=\"151151\" data-envira-item-id=\"151152\" data-envira-caption=\"Fiestas de Autol 2026\" alt=\"\" title=\"Fiestas de Autol 2026\"  itemprop=\"thumbnailUrl\" data-envira-srcset=\"https:\/\/www.yoleoescaparate.com\/wp-content\/uploads\/WhatsApp-Image-2026-09-03-at-12.11.18-1-1024x768-640x480.jpeg 400w,https:\/\/www.yoleoescaparate.com\/wp-content\/uploads\/WhatsApp-Image-2026-09-03-at-12.11.18-1-1024x768-640x480.jpeg 2x\" data-envira-width=\"300\" data-envira-height=\"225\" srcset=\"data:image\/gif;base64,R0lGODlhAQABAIAAAP\/\/\/\/\/\/\/yH5BAEKAAEALAAAAAABAAEAAAICTAEAOw==\" data-safe-src=\"data:image\/gif;base64,R0lGODlhAQABAIAAAP\/\/\/\/\/\/\/yH5BAEKAAEALAAAAAABAAEAAAICTAEAOw==\" \/><\/a><\/div><\/div><\/div><\/div><noscript><img decoding=\"async\" src=\"https:\/\/www.yoleoescaparate.com\/wp-content\/uploads\/WhatsApp-Image-2026-09-03-at-12.17.55.jpeg\" alt=\"\" \/><img decoding=\"async\" src=\"https:\/\/www.yoleoescaparate.com\/wp-content\/uploads\/WhatsApp-Image-2026-09-03-at-12.17.55-1.jpeg\" alt=\"\" \/><img decoding=\"async\" src=\"https:\/\/www.yoleoescaparate.com\/wp-content\/uploads\/WhatsApp-Image-2026-09-03-at-12.17.54.jpeg\" alt=\"\" \/><img decoding=\"async\" src=\"https:\/\/www.yoleoescaparate.com\/wp-content\/uploads\/WhatsApp-Image-2026-09-03-at-12.17.53.jpeg\" alt=\"\" \/><img decoding=\"async\" src=\"https:\/\/www.yoleoescaparate.com\/wp-content\/uploads\/WhatsApp-Image-2026-09-03-at-12.17.52.jpeg\" alt=\"\" \/><img decoding=\"async\" src=\"https:\/\/www.yoleoescaparate.com\/wp-content\/uploads\/WhatsApp-Image-2026-09-03-at-12.17.52-2.jpeg\" alt=\"\" \/><img decoding=\"async\" src=\"https:\/\/www.yoleoescaparate.com\/wp-content\/uploads\/WhatsApp-Image-2026-09-03-at-12.17.46.jpeg\" alt=\"\" \/><img decoding=\"async\" src=\"https:\/\/www.yoleoescaparate.com\/wp-content\/uploads\/WhatsApp-Image-2026-09-03-at-12.12.56.jpeg\" alt=\"\" \/><img decoding=\"async\" src=\"https:\/\/www.yoleoescaparate.com\/wp-content\/uploads\/WhatsApp-Image-2026-09-03-at-12.11.19.jpeg\" alt=\"\" \/><img decoding=\"async\" src=\"https:\/\/www.yoleoescaparate.com\/wp-content\/uploads\/WhatsApp-Image-2026-09-03-at-12.11.19-2.jpeg\" alt=\"\" \/><img decoding=\"async\" src=\"https:\/\/www.yoleoescaparate.com\/wp-content\/uploads\/WhatsApp-Image-2026-09-03-at-12.11.18-5.jpeg\" alt=\"\" \/><img decoding=\"async\" src=\"https:\/\/www.yoleoescaparate.com\/wp-content\/uploads\/WhatsApp-Image-2026-09-03-at-12.11.18-4.jpeg\" alt=\"\" \/><img decoding=\"async\" src=\"https:\/\/www.yoleoescaparate.com\/wp-content\/uploads\/WhatsApp-Image-2026-09-03-at-12.11.18-2.jpeg\" alt=\"\" \/><img decoding=\"async\" src=\"https:\/\/www.yoleoescaparate.com\/wp-content\/uploads\/WhatsApp-Image-2026-09-03-at-12.11.18-1.jpeg\" alt=\"\" \/><\/noscript><\/code><\/p>\n","protected":false},"excerpt":{"rendered":"","protected":false},"author":1,"featured_media":151167,"comment_status":"open","ping_status":"open","sticky":false,"template":"","format":"standard","meta":{"colormag_page_container_layout":"default_layout","colormag_page_sidebar_layout":"default_layout","om_disable_all_campaigns":false,"_monsterinsights_skip_tracking":false,"_monsterinsights_sitenote_active":false,"_monsterinsights_sitenote_note":"","_monsterinsights_sitenote_category":0,"footnotes":""},"categories":[7,205,206],"tags":[120,200],"class_list":["post-151166","post","type-post","status-publish","format-standard","has-post-thumbnail","hentry","category-autol","category-imagenes","category-videos","tag-autol","tag-fiestas"],"aioseo_notices":[],"aioseo_head":"\n\t\t<!-- All in One SEO 4.9.10 - aioseo.com -->\n\t<meta name=\"description\" content=\"Autol ya est\u00e1 disfrutando desde hace unos minutos de sus Fiestas Patronales 2026, las primeras que se celebrar\u00e1n con el nuevo calendario aprobado por el Ayuntamiento.El cambio de fechas responde a una demanda mayoritaria, especialmente entre los j\u00f3venes, con el objetivo de evitar la coincidencia con el inicio del curso escolar y favorecer una mayor\" \/>\n\t<meta name=\"robots\" content=\"max-image-preview:large\" \/>\n\t<meta name=\"author\" content=\"Escaparate\"\/>\n\t<meta name=\"google-site-verification\" content=\"OQV8mvJF6pBZ9RiZ8C9O86ahYB3C05wO-omz3Nejrsc\" \/>\n\t<link rel=\"canonical\" href=\"https:\/\/www.yoleoescaparate.com\/?p=151166\" \/>\n\t<meta name=\"generator\" content=\"All in One SEO (AIOSEO) 4.9.10\" \/>\n\t\t<meta property=\"og:locale\" content=\"es_ES\" \/>\n\t\t<meta property=\"og:site_name\" content=\"Escaparate \u2022 Informaci\u00f3n | Noticias | Actualidad\" \/>\n\t\t<meta property=\"og:type\" content=\"article\" \/>\n\t\t<meta property=\"og:title\" content=\"Autol acaba de estrenar sus nuevas fechas de fiestas patronales. FELICES FIESTAS. PROGRAMA COMPLETO \u2022 Escaparate\" \/>\n\t\t<meta property=\"og:description\" content=\"Autol ya est\u00e1 disfrutando desde hace unos minutos de sus Fiestas Patronales 2026, las primeras que se celebrar\u00e1n con el nuevo calendario aprobado por el Ayuntamiento.El cambio de fechas responde a una demanda mayoritaria, especialmente entre los j\u00f3venes, con el objetivo de evitar la coincidencia con el inicio del curso escolar y favorecer una mayor\" \/>\n\t\t<meta property=\"og:url\" content=\"https:\/\/www.yoleoescaparate.com\/?p=151166\" \/>\n\t\t<meta property=\"og:image\" content=\"https:\/\/www.yoleoescaparate.com\/wp-content\/uploads\/FiestasAutol-1.jpg\" \/>\n\t\t<meta property=\"og:image:secure_url\" content=\"https:\/\/www.yoleoescaparate.com\/wp-content\/uploads\/FiestasAutol-1.jpg\" \/>\n\t\t<meta property=\"og:image:width\" content=\"1200\" \/>\n\t\t<meta property=\"og:image:height\" content=\"675\" \/>\n\t\t<meta property=\"article:published_time\" content=\"2026-09-03T10:54:16+00:00\" \/>\n\t\t<meta property=\"article:modified_time\" content=\"2026-09-03T10:54:20+00:00\" \/>\n\t\t<meta property=\"article:publisher\" content=\"https:\/\/www.facebook.com\/revescaparate\" \/>\n\t\t<meta name=\"twitter:card\" content=\"summary_large_image\" \/>\n\t\t<meta name=\"twitter:site\" content=\"@rev_escaparate\" \/>\n\t\t<meta name=\"twitter:title\" content=\"Autol acaba de estrenar sus nuevas fechas de fiestas patronales. FELICES FIESTAS. PROGRAMA COMPLETO \u2022 Escaparate\" \/>\n\t\t<meta name=\"twitter:description\" content=\"Autol ya est\u00e1 disfrutando desde hace unos minutos de sus Fiestas Patronales 2026, las primeras que se celebrar\u00e1n con el nuevo calendario aprobado por el Ayuntamiento.El cambio de fechas responde a una demanda mayoritaria, especialmente entre los j\u00f3venes, con el objetivo de evitar la coincidencia con el inicio del curso escolar y favorecer una mayor\" \/>\n\t\t<meta name=\"twitter:creator\" content=\"@rev_escaparate\" \/>\n\t\t<meta name=\"twitter:image\" content=\"https:\/\/www.yoleoescaparate.com\/wp-content\/uploads\/FiestasAutol-1.jpg\" \/>\n\t\t<script type=\"application\/ld+json\" class=\"aioseo-schema\">\n\t\t\t{\"@context\":\"https:\\\/\\\/schema.org\",\"@graph\":[{\"@type\":\"BlogPosting\",\"@id\":\"https:\\\/\\\/www.yoleoescaparate.com\\\/?p=151166#blogposting\",\"name\":\"Autol acaba de estrenar sus nuevas fechas de fiestas patronales. FELICES FIESTAS. PROGRAMA COMPLETO \\u2022 Escaparate\",\"headline\":\"Autol acaba de estrenar sus nuevas fechas de fiestas patronales. FELICES FIESTAS. PROGRAMA COMPLETO\",\"author\":{\"@id\":\"https:\\\/\\\/www.yoleoescaparate.com\\\/?author=1#author\"},\"publisher\":{\"@id\":\"https:\\\/\\\/www.yoleoescaparate.com\\\/#organization\"},\"image\":{\"@type\":\"ImageObject\",\"url\":\"https:\\\/\\\/www.yoleoescaparate.com\\\/wp-content\\\/uploads\\\/FiestasAutol-1.jpg\",\"width\":1200,\"height\":675},\"datePublished\":\"2026-09-03T12:54:16+02:00\",\"dateModified\":\"2026-09-03T12:54:20+02:00\",\"inLanguage\":\"es-ES\",\"mainEntityOfPage\":{\"@id\":\"https:\\\/\\\/www.yoleoescaparate.com\\\/?p=151166#webpage\"},\"isPartOf\":{\"@id\":\"https:\\\/\\\/www.yoleoescaparate.com\\\/?p=151166#webpage\"},\"articleSection\":\"Autol, Im\\u00e1genes, Videos, Autol, fiestas\"},{\"@type\":\"BreadcrumbList\",\"@id\":\"https:\\\/\\\/www.yoleoescaparate.com\\\/?p=151166#breadcrumblist\",\"itemListElement\":[{\"@type\":\"ListItem\",\"@id\":\"https:\\\/\\\/www.yoleoescaparate.com#listItem\",\"position\":1,\"name\":\"Home\",\"item\":\"https:\\\/\\\/www.yoleoescaparate.com\",\"nextItem\":{\"@type\":\"ListItem\",\"@id\":\"https:\\\/\\\/www.yoleoescaparate.com\\\/?cat=7#listItem\",\"name\":\"Autol\"}},{\"@type\":\"ListItem\",\"@id\":\"https:\\\/\\\/www.yoleoescaparate.com\\\/?cat=7#listItem\",\"position\":2,\"name\":\"Autol\",\"item\":\"https:\\\/\\\/www.yoleoescaparate.com\\\/?cat=7\",\"nextItem\":{\"@type\":\"ListItem\",\"@id\":\"https:\\\/\\\/www.yoleoescaparate.com\\\/?p=151166#listItem\",\"name\":\"Autol acaba de estrenar sus nuevas fechas de fiestas patronales. FELICES FIESTAS. PROGRAMA COMPLETO\"},\"previousItem\":{\"@type\":\"ListItem\",\"@id\":\"https:\\\/\\\/www.yoleoescaparate.com#listItem\",\"name\":\"Home\"}},{\"@type\":\"ListItem\",\"@id\":\"https:\\\/\\\/www.yoleoescaparate.com\\\/?p=151166#listItem\",\"position\":3,\"name\":\"Autol acaba de estrenar sus nuevas fechas de fiestas patronales. FELICES FIESTAS. PROGRAMA COMPLETO\",\"previousItem\":{\"@type\":\"ListItem\",\"@id\":\"https:\\\/\\\/www.yoleoescaparate.com\\\/?cat=7#listItem\",\"name\":\"Autol\"}}]},{\"@type\":\"Organization\",\"@id\":\"https:\\\/\\\/www.yoleoescaparate.com\\\/#organization\",\"name\":\"Escaparate\",\"description\":\"Informaci\\u00f3n | Noticias | Actualidad\",\"url\":\"https:\\\/\\\/www.yoleoescaparate.com\\\/\",\"logo\":{\"@type\":\"ImageObject\",\"url\":\"https:\\\/\\\/www.yoleoescaparate.com\\\/wp-content\\\/uploads\\\/2022\\\/02\\\/logoF.jpg\",\"@id\":\"https:\\\/\\\/www.yoleoescaparate.com\\\/?p=151166\\\/#organizationLogo\",\"width\":350,\"height\":360},\"image\":{\"@id\":\"https:\\\/\\\/www.yoleoescaparate.com\\\/?p=151166\\\/#organizationLogo\"},\"sameAs\":[\"https:\\\/\\\/www.facebook.com\\\/revescaparate\",\"https:\\\/\\\/twitter.com\\\/rev_escaparate\",\"https:\\\/\\\/www.instagram.com\\\/yoleoescaparate\\\/\",\"https:\\\/\\\/www.youtube.com\\\/channel\\\/UCj1lDjkqSzCH14bZmq-kWsQ\"]},{\"@type\":\"Person\",\"@id\":\"https:\\\/\\\/www.yoleoescaparate.com\\\/?author=1#author\",\"url\":\"https:\\\/\\\/www.yoleoescaparate.com\\\/?author=1\",\"name\":\"Escaparate\",\"image\":{\"@type\":\"ImageObject\",\"@id\":\"https:\\\/\\\/www.yoleoescaparate.com\\\/?p=151166#authorImage\",\"url\":\"https:\\\/\\\/secure.gravatar.com\\\/avatar\\\/d4681a657e3ba11aa052dc7c62193f217364db55960ea15739662b6564b2dafb?s=96&d=mm&r=g\",\"width\":96,\"height\":96,\"caption\":\"Escaparate\"}},{\"@type\":\"WebPage\",\"@id\":\"https:\\\/\\\/www.yoleoescaparate.com\\\/?p=151166#webpage\",\"url\":\"https:\\\/\\\/www.yoleoescaparate.com\\\/?p=151166\",\"name\":\"Autol acaba de estrenar sus nuevas fechas de fiestas patronales. FELICES FIESTAS. PROGRAMA COMPLETO \\u2022 Escaparate\",\"description\":\"Autol ya est\\u00e1 disfrutando desde hace unos minutos de sus Fiestas Patronales 2026, las primeras que se celebrar\\u00e1n con el nuevo calendario aprobado por el Ayuntamiento.El cambio de fechas responde a una demanda mayoritaria, especialmente entre los j\\u00f3venes, con el objetivo de evitar la coincidencia con el inicio del curso escolar y favorecer una mayor\",\"inLanguage\":\"es-ES\",\"isPartOf\":{\"@id\":\"https:\\\/\\\/www.yoleoescaparate.com\\\/#website\"},\"breadcrumb\":{\"@id\":\"https:\\\/\\\/www.yoleoescaparate.com\\\/?p=151166#breadcrumblist\"},\"author\":{\"@id\":\"https:\\\/\\\/www.yoleoescaparate.com\\\/?author=1#author\"},\"creator\":{\"@id\":\"https:\\\/\\\/www.yoleoescaparate.com\\\/?author=1#author\"},\"image\":{\"@type\":\"ImageObject\",\"url\":\"https:\\\/\\\/www.yoleoescaparate.com\\\/wp-content\\\/uploads\\\/FiestasAutol-1.jpg\",\"@id\":\"https:\\\/\\\/www.yoleoescaparate.com\\\/?p=151166\\\/#mainImage\",\"width\":1200,\"height\":675},\"primaryImageOfPage\":{\"@id\":\"https:\\\/\\\/www.yoleoescaparate.com\\\/?p=151166#mainImage\"},\"datePublished\":\"2026-09-03T12:54:16+02:00\",\"dateModified\":\"2026-09-03T12:54:20+02:00\"},{\"@type\":\"WebSite\",\"@id\":\"https:\\\/\\\/www.yoleoescaparate.com\\\/#website\",\"url\":\"https:\\\/\\\/www.yoleoescaparate.com\\\/\",\"name\":\"Escaparate\",\"description\":\"Informaci\\u00f3n | Noticias | Actualidad\",\"inLanguage\":\"es-ES\",\"publisher\":{\"@id\":\"https:\\\/\\\/www.yoleoescaparate.com\\\/#organization\"}}]}\n\t\t<\/script>\n\t\t<!-- All in One SEO -->\n\n","aioseo_head_json":{"title":"Autol acaba de estrenar sus nuevas fechas de fiestas patronales. FELICES FIESTAS. PROGRAMA COMPLETO \u2022 Escaparate","description":"Autol ya est\u00e1 disfrutando desde hace unos minutos de sus Fiestas Patronales 2026, las primeras que se celebrar\u00e1n con el nuevo calendario aprobado por el Ayuntamiento.El cambio de fechas responde a una demanda mayoritaria, especialmente entre los j\u00f3venes, con el objetivo de evitar la coincidencia con el inicio del curso escolar y favorecer una mayor","canonical_url":"https:\/\/www.yoleoescaparate.com\/?p=151166","robots":"max-image-preview:large","keywords":"","webmasterTools":{"google-site-verification":"OQV8mvJF6pBZ9RiZ8C9O86ahYB3C05wO-omz3Nejrsc","miscellaneous":""},"schema":{"@context":"https:\/\/schema.org","@graph":[{"@type":"BlogPosting","@id":"https:\/\/www.yoleoescaparate.com\/?p=151166#blogposting","name":"Autol acaba de estrenar sus nuevas fechas de fiestas patronales. FELICES FIESTAS. PROGRAMA COMPLETO \u2022 Escaparate","headline":"Autol acaba de estrenar sus nuevas fechas de fiestas patronales. FELICES FIESTAS. PROGRAMA COMPLETO","author":{"@id":"https:\/\/www.yoleoescaparate.com\/?author=1#author"},"publisher":{"@id":"https:\/\/www.yoleoescaparate.com\/#organization"},"image":{"@type":"ImageObject","url":"https:\/\/www.yoleoescaparate.com\/wp-content\/uploads\/FiestasAutol-1.jpg","width":1200,"height":675},"datePublished":"2026-09-03T12:54:16+02:00","dateModified":"2026-09-03T12:54:20+02:00","inLanguage":"es-ES","mainEntityOfPage":{"@id":"https:\/\/www.yoleoescaparate.com\/?p=151166#webpage"},"isPartOf":{"@id":"https:\/\/www.yoleoescaparate.com\/?p=151166#webpage"},"articleSection":"Autol, Im\u00e1genes, Videos, Autol, fiestas"},{"@type":"BreadcrumbList","@id":"https:\/\/www.yoleoescaparate.com\/?p=151166#breadcrumblist","itemListElement":[{"@type":"ListItem","@id":"https:\/\/www.yoleoescaparate.com#listItem","position":1,"name":"Home","item":"https:\/\/www.yoleoescaparate.com","nextItem":{"@type":"ListItem","@id":"https:\/\/www.yoleoescaparate.com\/?cat=7#listItem","name":"Autol"}},{"@type":"ListItem","@id":"https:\/\/www.yoleoescaparate.com\/?cat=7#listItem","position":2,"name":"Autol","item":"https:\/\/www.yoleoescaparate.com\/?cat=7","nextItem":{"@type":"ListItem","@id":"https:\/\/www.yoleoescaparate.com\/?p=151166#listItem","name":"Autol acaba de estrenar sus nuevas fechas de fiestas patronales. FELICES FIESTAS. PROGRAMA COMPLETO"},"previousItem":{"@type":"ListItem","@id":"https:\/\/www.yoleoescaparate.com#listItem","name":"Home"}},{"@type":"ListItem","@id":"https:\/\/www.yoleoescaparate.com\/?p=151166#listItem","position":3,"name":"Autol acaba de estrenar sus nuevas fechas de fiestas patronales. FELICES FIESTAS. PROGRAMA COMPLETO","previousItem":{"@type":"ListItem","@id":"https:\/\/www.yoleoescaparate.com\/?cat=7#listItem","name":"Autol"}}]},{"@type":"Organization","@id":"https:\/\/www.yoleoescaparate.com\/#organization","name":"Escaparate","description":"Informaci\u00f3n | Noticias | Actualidad","url":"https:\/\/www.yoleoescaparate.com\/","logo":{"@type":"ImageObject","url":"https:\/\/www.yoleoescaparate.com\/wp-content\/uploads\/2022\/02\/logoF.jpg","@id":"https:\/\/www.yoleoescaparate.com\/?p=151166\/#organizationLogo","width":350,"height":360},"image":{"@id":"https:\/\/www.yoleoescaparate.com\/?p=151166\/#organizationLogo"},"sameAs":["https:\/\/www.facebook.com\/revescaparate","https:\/\/twitter.com\/rev_escaparate","https:\/\/www.instagram.com\/yoleoescaparate\/","https:\/\/www.youtube.com\/channel\/UCj1lDjkqSzCH14bZmq-kWsQ"]},{"@type":"Person","@id":"https:\/\/www.yoleoescaparate.com\/?author=1#author","url":"https:\/\/www.yoleoescaparate.com\/?author=1","name":"Escaparate","image":{"@type":"ImageObject","@id":"https:\/\/www.yoleoescaparate.com\/?p=151166#authorImage","url":"https:\/\/secure.gravatar.com\/avatar\/d4681a657e3ba11aa052dc7c62193f217364db55960ea15739662b6564b2dafb?s=96&d=mm&r=g","width":96,"height":96,"caption":"Escaparate"}},{"@type":"WebPage","@id":"https:\/\/www.yoleoescaparate.com\/?p=151166#webpage","url":"https:\/\/www.yoleoescaparate.com\/?p=151166","name":"Autol acaba de estrenar sus nuevas fechas de fiestas patronales. FELICES FIESTAS. PROGRAMA COMPLETO \u2022 Escaparate","description":"Autol ya est\u00e1 disfrutando desde hace unos minutos de sus Fiestas Patronales 2026, las primeras que se celebrar\u00e1n con el nuevo calendario aprobado por el Ayuntamiento.El cambio de fechas responde a una demanda mayoritaria, especialmente entre los j\u00f3venes, con el objetivo de evitar la coincidencia con el inicio del curso escolar y favorecer una mayor","inLanguage":"es-ES","isPartOf":{"@id":"https:\/\/www.yoleoescaparate.com\/#website"},"breadcrumb":{"@id":"https:\/\/www.yoleoescaparate.com\/?p=151166#breadcrumblist"},"author":{"@id":"https:\/\/www.yoleoescaparate.com\/?author=1#author"},"creator":{"@id":"https:\/\/www.yoleoescaparate.com\/?author=1#author"},"image":{"@type":"ImageObject","url":"https:\/\/www.yoleoescaparate.com\/wp-content\/uploads\/FiestasAutol-1.jpg","@id":"https:\/\/www.yoleoescaparate.com\/?p=151166\/#mainImage","width":1200,"height":675},"primaryImageOfPage":{"@id":"https:\/\/www.yoleoescaparate.com\/?p=151166#mainImage"},"datePublished":"2026-09-03T12:54:16+02:00","dateModified":"2026-09-03T12:54:20+02:00"},{"@type":"WebSite","@id":"https:\/\/www.yoleoescaparate.com\/#website","url":"https:\/\/www.yoleoescaparate.com\/","name":"Escaparate","description":"Informaci\u00f3n | Noticias | Actualidad","inLanguage":"es-ES","publisher":{"@id":"https:\/\/www.yoleoescaparate.com\/#organization"}}]},"og:locale":"es_ES","og:site_name":"Escaparate \u2022 Informaci\u00f3n | Noticias | Actualidad","og:type":"article","og:title":"Autol acaba de estrenar sus nuevas fechas de fiestas patronales. FELICES FIESTAS. PROGRAMA COMPLETO \u2022 Escaparate","og:description":"Autol ya est\u00e1 disfrutando desde hace unos minutos de sus Fiestas Patronales 2026, las primeras que se celebrar\u00e1n con el nuevo calendario aprobado por el Ayuntamiento.El cambio de fechas responde a una demanda mayoritaria, especialmente entre los j\u00f3venes, con el objetivo de evitar la coincidencia con el inicio del curso escolar y favorecer una mayor","og:url":"https:\/\/www.yoleoescaparate.com\/?p=151166","og:image":"https:\/\/www.yoleoescaparate.com\/wp-content\/uploads\/FiestasAutol-1.jpg","og:image:secure_url":"https:\/\/www.yoleoescaparate.com\/wp-content\/uploads\/FiestasAutol-1.jpg","og:image:width":1200,"og:image:height":675,"article:published_time":"2026-09-03T10:54:16+00:00","article:modified_time":"2026-09-03T10:54:20+00:00","article:publisher":"https:\/\/www.facebook.com\/revescaparate","twitter:card":"summary_large_image","twitter:site":"@rev_escaparate","twitter:title":"Autol acaba de estrenar sus nuevas fechas de fiestas patronales. FELICES FIESTAS. PROGRAMA COMPLETO \u2022 Escaparate","twitter:description":"Autol ya est\u00e1 disfrutando desde hace unos minutos de sus Fiestas Patronales 2026, las primeras que se celebrar\u00e1n con el nuevo calendario aprobado por el Ayuntamiento.El cambio de fechas responde a una demanda mayoritaria, especialmente entre los j\u00f3venes, con el objetivo de evitar la coincidencia con el inicio del curso escolar y favorecer una mayor","twitter:creator":"@rev_escaparate","twitter:image":"https:\/\/www.yoleoescaparate.com\/wp-content\/uploads\/FiestasAutol-1.jpg"},"aioseo_meta_data":{"post_id":"151166","title":null,"description":null,"keywords":null,"keyphrases":{"focus":{"keyphrase":"","score":0,"analysis":{"keyphraseInTitle":{"score":0,"maxScore":9,"error":1}}},"additional":[]},"primary_term":null,"canonical_url":null,"og_title":null,"og_description":null,"og_object_type":"default","og_image_type":"default","og_image_url":null,"og_image_width":null,"og_image_height":null,"og_image_custom_url":null,"og_image_custom_fields":null,"og_video":"","og_custom_url":null,"og_article_section":null,"og_article_tags":null,"twitter_use_og":true,"twitter_card":"default","twitter_image_type":"default","twitter_image_url":null,"twitter_image_custom_url":null,"twitter_image_custom_fields":null,"twitter_title":null,"twitter_description":null,"schema":{"blockGraphs":[],"customGraphs":[],"default":{"data":{"Article":[],"Course":[],"Dataset":[],"FAQPage":[],"Movie":[],"Person":[],"Product":[],"ProductReview":[],"Car":[],"Recipe":[],"Service":[],"SoftwareApplication":[],"WebPage":[]},"graphName":"BlogPosting","isEnabled":true},"graphs":[]},"schema_type":"default","schema_type_options":null,"pillar_content":false,"robots_default":true,"robots_noindex":false,"robots_noarchive":false,"robots_nosnippet":false,"robots_nofollow":false,"robots_noimageindex":false,"robots_noodp":false,"robots_notranslate":false,"robots_max_snippet":"-1","robots_max_videopreview":"-1","robots_max_imagepreview":"large","priority":null,"frequency":"default","local_seo":null,"breadcrumb_settings":null,"limit_modified_date":false,"ai":{"faqs":[],"keyPoints":[],"schemas":[],"titles":[],"descriptions":[],"socialPosts":{"email":{"subject":"","preview":"","content":""},"linkedin":[],"twitter":[],"facebook":[],"instagram":[]}},"created":"2026-09-03 10:54:21","updated":"2026-09-03 10:55:12","seo_analyzer_scan_date":null},"aioseo_breadcrumb":"<div class=\"aioseo-breadcrumbs\"><span class=\"aioseo-breadcrumb\">\n\t\t\t<a href=\"https:\/\/www.yoleoescaparate.com\" title=\"Home\">Home<\/a>\n\t\t<\/span><span class=\"aioseo-breadcrumb-separator\">&raquo;<\/span><span class=\"aioseo-breadcrumb\">\n\t\t\t<a href=\"https:\/\/www.yoleoescaparate.com\/?cat=7\" title=\"Autol\">Autol<\/a>\n\t\t<\/span><span class=\"aioseo-breadcrumb-separator\">&raquo;<\/span><span class=\"aioseo-breadcrumb\">\n\t\t\tAutol acaba de estrenar sus nuevas fechas de fiestas patronales. FELICES FIESTAS. PROGRAMA COMPLETO\n\t\t<\/span><\/div>","aioseo_breadcrumb_json":[{"label":"Home","link":"https:\/\/www.yoleoescaparate.com"},{"label":"Autol","link":"https:\/\/www.yoleoescaparate.com\/?cat=7"},{"label":"Autol acaba de estrenar sus nuevas fechas de fiestas patronales. FELICES FIESTAS. PROGRAMA COMPLETO","link":"https:\/\/www.yoleoescaparate.com\/?p=151166"}],"_links":{"self":[{"href":"https:\/\/www.yoleoescaparate.com\/index.php?rest_route=\/wp\/v2\/posts\/151166","targetHints":{"allow":["GET"]}}],"collection":[{"href":"https:\/\/www.yoleoescaparate.com\/index.php?rest_route=\/wp\/v2\/posts"}],"about":[{"href":"https:\/\/www.yoleoescaparate.com\/index.php?rest_route=\/wp\/v2\/types\/post"}],"author":[{"embeddable":true,"href":"https:\/\/www.yoleoescaparate.com\/index.php?rest_route=\/wp\/v2\/users\/1"}],"replies":[{"embeddable":true,"href":"https:\/\/www.yoleoescaparate.com\/index.php?rest_route=%2Fwp%2Fv2%2Fcomments&post=151166"}],"version-history":[{"count":1,"href":"https:\/\/www.yoleoescaparate.com\/index.php?rest_route=\/wp\/v2\/posts\/151166\/revisions"}],"predecessor-version":[{"id":151168,"href":"https:\/\/www.yoleoescaparate.com\/index.php?rest_route=\/wp\/v2\/posts\/151166\/revisions\/151168"}],"wp:featuredmedia":[{"embeddable":true,"href":"https:\/\/www.yoleoescaparate.com\/index.php?rest_route=\/wp\/v2\/media\/151167"}],"wp:attachment":[{"href":"https:\/\/www.yoleoescaparate.com\/index.php?rest_route=%2Fwp%2Fv2%2Fmedia&parent=151166"}],"wp:term":[{"taxonomy":"category","embeddable":true,"href":"https:\/\/www.yoleoescaparate.com\/index.php?rest_route=%2Fwp%2Fv2%2Fcategories&post=151166"},{"taxonomy":"post_tag","embeddable":true,"href":"https:\/\/www.yoleoescaparate.com\/index.php?rest_route=%2Fwp%2Fv2%2Ftags&post=151166"}],"curies":[{"name":"wp","href":"https:\/\/api.w.org\/{rel}","templated":true}]}}