{"id":151247,"date":"2026-09-04T15:03:35","date_gmt":"2026-09-04T13:03:35","guid":{"rendered":"https:\/\/www.yoleoescaparate.com\/?p=151247"},"modified":"2026-09-04T15:03:39","modified_gmt":"2026-09-04T13:03:39","slug":"aldeanueva-de-ebro-cuenta-para-este-curso-escolar-con-una-nueva-escuela-infantil-de-74-plazas","status":"publish","type":"post","link":"https:\/\/www.yoleoescaparate.com\/?p=151247","title":{"rendered":"Aldeanueva de Ebro cuenta para este curso escolar con una nueva escuela infantil de 74 plazas"},"content":{"rendered":"\n<!--more-->\n\n\n\n<figure class=\"wp-block-image size-full\"><img loading=\"lazy\" decoding=\"async\" width=\"728\" height=\"200\" src=\"https:\/\/www.yoleoescaparate.com\/wp-content\/uploads\/BannerWAEscaparate.gif\" alt=\"\" class=\"wp-image-141769\"\/><\/figure>\n\n\n\n<p class=\"wp-block-paragraph\">El municipio riojano de vdistribuidas en cinco unidades gracias a la inversi\u00f3n de 2,8 millones de euros acometida por el Gobierno de Espa\u00f1a a trav\u00e9s de los fondos europeos del Mecanismo de Recuperaci\u00f3n y Resiliencia (MRR) en el marco del Componente 21 del Plan de Recuperaci\u00f3n, destinado a la creaci\u00f3n de plazas p\u00fablicas de 0 a 3 a\u00f1os.<br>La delegada del Gobierno en La Rioja, Beatriz Arraiz Nalda, ha visitado este viernes esta nueva escuela donde ha se\u00f1alado que la creaci\u00f3n de la misma y de sus 74 plazas responde a \u201cla prioridad del Gobierno de Espa\u00f1a de garantizar que las familias riojanas puedan acceder a una educaci\u00f3n infantil p\u00fablica desde los primeros a\u00f1os de vida independientemente del municipio en el que residan\u201d.<br>La nueva escuela cuenta con cinco unidades y un total de 74 plazas: una unidad para el alumnado de 0 a 1 a\u00f1os, con 8 plazas; dos unidades de 1 a 2 a\u00f1os, con 26 plazas; y dos unidades de 2 a 3 a\u00f1os, con 40 plazas.<br>El centro cuenta con una superficie construida de m\u00e1s de 1.000 metros cuadrados y dispone de una sala de usos m\u00faltiples, comedor, cocina, sala de educadores y despacho de direcci\u00f3n.<br>Arraiz ha indicado que \u201clos fondos europeos logrados por el Gobierno de Espa\u00f1a\u201d est\u00e1n permitiendo \u201cque La Rioja pueda ampliar la red p\u00fablica de escuelas infantiles\u201d avanzado as\u00ed \u201cen la gratuidad y en la conciliaci\u00f3n de las familias\u201d.<br>Adem\u00e1s, la delegada ha puesto en valor que el programa tenga en cuenta \u201cel principio de ruralidad\u201d ya que se permite que \u201clas inversiones lleguen a los municipios que hasta ahora no dispon\u00edan de este tipo de recursos educativos\u201d.<\/p>\n","protected":false},"excerpt":{"rendered":"","protected":false},"author":1,"featured_media":151248,"comment_status":"open","ping_status":"open","sticky":false,"template":"","format":"standard","meta":{"colormag_page_container_layout":"default_layout","colormag_page_sidebar_layout":"default_layout","om_disable_all_campaigns":false,"_monsterinsights_skip_tracking":false,"_monsterinsights_sitenote_active":false,"_monsterinsights_sitenote_note":"","_monsterinsights_sitenote_category":0,"footnotes":""},"categories":[6],"tags":[119],"class_list":["post-151247","post","type-post","status-publish","format-standard","has-post-thumbnail","hentry","category-aldeanueva-de-ebro","tag-aldeanueva-de-ebro"],"aioseo_notices":[],"aioseo_head":"\n\t\t<!-- All in One SEO 4.9.10 - aioseo.com -->\n\t<meta name=\"description\" content=\"El municipio riojano de vdistribuidas en cinco unidades gracias a la inversi\u00f3n de 2,8 millones de euros acometida por el Gobierno de Espa\u00f1a a trav\u00e9s de los fondos europeos del Mecanismo de Recuperaci\u00f3n y Resiliencia (MRR) en el marco del Componente 21 del Plan de Recuperaci\u00f3n, destinado a la creaci\u00f3n de plazas p\u00fablicas de 0\" \/>\n\t<meta name=\"robots\" content=\"max-image-preview:large\" \/>\n\t<meta name=\"author\" content=\"Escaparate\"\/>\n\t<meta name=\"google-site-verification\" content=\"OQV8mvJF6pBZ9RiZ8C9O86ahYB3C05wO-omz3Nejrsc\" \/>\n\t<link rel=\"canonical\" href=\"https:\/\/www.yoleoescaparate.com\/?p=151247\" \/>\n\t<meta name=\"generator\" content=\"All in One SEO (AIOSEO) 4.9.10\" \/>\n\t\t<meta property=\"og:locale\" content=\"es_ES\" \/>\n\t\t<meta property=\"og:site_name\" content=\"Escaparate \u2022 Informaci\u00f3n | Noticias | Actualidad\" \/>\n\t\t<meta property=\"og:type\" content=\"article\" \/>\n\t\t<meta property=\"og:title\" content=\"Aldeanueva de Ebro cuenta para este curso escolar con una nueva escuela infantil de 74 plazas \u2022 Escaparate\" \/>\n\t\t<meta property=\"og:description\" content=\"El municipio riojano de vdistribuidas en cinco unidades gracias a la inversi\u00f3n de 2,8 millones de euros acometida por el Gobierno de Espa\u00f1a a trav\u00e9s de los fondos europeos del Mecanismo de Recuperaci\u00f3n y Resiliencia (MRR) en el marco del Componente 21 del Plan de Recuperaci\u00f3n, destinado a la creaci\u00f3n de plazas p\u00fablicas de 0\" \/>\n\t\t<meta property=\"og:url\" content=\"https:\/\/www.yoleoescaparate.com\/?p=151247\" \/>\n\t\t<meta property=\"og:image\" content=\"https:\/\/www.yoleoescaparate.com\/wp-content\/uploads\/EI-Aldeanuevadeebro.jpg\" \/>\n\t\t<meta property=\"og:image:secure_url\" content=\"https:\/\/www.yoleoescaparate.com\/wp-content\/uploads\/EI-Aldeanuevadeebro.jpg\" \/>\n\t\t<meta property=\"og:image:width\" content=\"1200\" \/>\n\t\t<meta property=\"og:image:height\" content=\"675\" \/>\n\t\t<meta property=\"article:published_time\" content=\"2026-09-04T13:03:35+00:00\" \/>\n\t\t<meta property=\"article:modified_time\" content=\"2026-09-04T13:03:39+00:00\" \/>\n\t\t<meta property=\"article:publisher\" content=\"https:\/\/www.facebook.com\/revescaparate\" \/>\n\t\t<meta name=\"twitter:card\" content=\"summary_large_image\" \/>\n\t\t<meta name=\"twitter:site\" content=\"@rev_escaparate\" \/>\n\t\t<meta name=\"twitter:title\" content=\"Aldeanueva de Ebro cuenta para este curso escolar con una nueva escuela infantil de 74 plazas \u2022 Escaparate\" \/>\n\t\t<meta name=\"twitter:description\" content=\"El municipio riojano de vdistribuidas en cinco unidades gracias a la inversi\u00f3n de 2,8 millones de euros acometida por el Gobierno de Espa\u00f1a a trav\u00e9s de los fondos europeos del Mecanismo de Recuperaci\u00f3n y Resiliencia (MRR) en el marco del Componente 21 del Plan de Recuperaci\u00f3n, destinado a la creaci\u00f3n de plazas p\u00fablicas de 0\" \/>\n\t\t<meta name=\"twitter:creator\" content=\"@rev_escaparate\" \/>\n\t\t<meta name=\"twitter:image\" content=\"https:\/\/www.yoleoescaparate.com\/wp-content\/uploads\/EI-Aldeanuevadeebro.jpg\" \/>\n\t\t<script type=\"application\/ld+json\" class=\"aioseo-schema\">\n\t\t\t{\"@context\":\"https:\\\/\\\/schema.org\",\"@graph\":[{\"@type\":\"BlogPosting\",\"@id\":\"https:\\\/\\\/www.yoleoescaparate.com\\\/?p=151247#blogposting\",\"name\":\"Aldeanueva de Ebro cuenta para este curso escolar con una nueva escuela infantil de 74 plazas \\u2022 Escaparate\",\"headline\":\"Aldeanueva de Ebro cuenta para este curso escolar con una nueva escuela infantil de 74 plazas\",\"author\":{\"@id\":\"https:\\\/\\\/www.yoleoescaparate.com\\\/?author=1#author\"},\"publisher\":{\"@id\":\"https:\\\/\\\/www.yoleoescaparate.com\\\/#organization\"},\"image\":{\"@type\":\"ImageObject\",\"url\":\"https:\\\/\\\/www.yoleoescaparate.com\\\/wp-content\\\/uploads\\\/EI-Aldeanuevadeebro.jpg\",\"width\":1200,\"height\":675},\"datePublished\":\"2026-09-04T15:03:35+02:00\",\"dateModified\":\"2026-09-04T15:03:39+02:00\",\"inLanguage\":\"es-ES\",\"mainEntityOfPage\":{\"@id\":\"https:\\\/\\\/www.yoleoescaparate.com\\\/?p=151247#webpage\"},\"isPartOf\":{\"@id\":\"https:\\\/\\\/www.yoleoescaparate.com\\\/?p=151247#webpage\"},\"articleSection\":\"Aldeanueva de Ebro, Aldeanueva de Ebro\"},{\"@type\":\"BreadcrumbList\",\"@id\":\"https:\\\/\\\/www.yoleoescaparate.com\\\/?p=151247#breadcrumblist\",\"itemListElement\":[{\"@type\":\"ListItem\",\"@id\":\"https:\\\/\\\/www.yoleoescaparate.com#listItem\",\"position\":1,\"name\":\"Home\",\"item\":\"https:\\\/\\\/www.yoleoescaparate.com\",\"nextItem\":{\"@type\":\"ListItem\",\"@id\":\"https:\\\/\\\/www.yoleoescaparate.com\\\/?cat=6#listItem\",\"name\":\"Aldeanueva de Ebro\"}},{\"@type\":\"ListItem\",\"@id\":\"https:\\\/\\\/www.yoleoescaparate.com\\\/?cat=6#listItem\",\"position\":2,\"name\":\"Aldeanueva de Ebro\",\"item\":\"https:\\\/\\\/www.yoleoescaparate.com\\\/?cat=6\",\"nextItem\":{\"@type\":\"ListItem\",\"@id\":\"https:\\\/\\\/www.yoleoescaparate.com\\\/?p=151247#listItem\",\"name\":\"Aldeanueva de Ebro cuenta para este curso escolar con una nueva escuela infantil de 74 plazas\"},\"previousItem\":{\"@type\":\"ListItem\",\"@id\":\"https:\\\/\\\/www.yoleoescaparate.com#listItem\",\"name\":\"Home\"}},{\"@type\":\"ListItem\",\"@id\":\"https:\\\/\\\/www.yoleoescaparate.com\\\/?p=151247#listItem\",\"position\":3,\"name\":\"Aldeanueva de Ebro cuenta para este curso escolar con una nueva escuela infantil de 74 plazas\",\"previousItem\":{\"@type\":\"ListItem\",\"@id\":\"https:\\\/\\\/www.yoleoescaparate.com\\\/?cat=6#listItem\",\"name\":\"Aldeanueva de Ebro\"}}]},{\"@type\":\"Organization\",\"@id\":\"https:\\\/\\\/www.yoleoescaparate.com\\\/#organization\",\"name\":\"Escaparate\",\"description\":\"Informaci\\u00f3n | Noticias | Actualidad\",\"url\":\"https:\\\/\\\/www.yoleoescaparate.com\\\/\",\"logo\":{\"@type\":\"ImageObject\",\"url\":\"https:\\\/\\\/www.yoleoescaparate.com\\\/wp-content\\\/uploads\\\/2022\\\/02\\\/logoF.jpg\",\"@id\":\"https:\\\/\\\/www.yoleoescaparate.com\\\/?p=151247\\\/#organizationLogo\",\"width\":350,\"height\":360},\"image\":{\"@id\":\"https:\\\/\\\/www.yoleoescaparate.com\\\/?p=151247\\\/#organizationLogo\"},\"sameAs\":[\"https:\\\/\\\/www.facebook.com\\\/revescaparate\",\"https:\\\/\\\/twitter.com\\\/rev_escaparate\",\"https:\\\/\\\/www.instagram.com\\\/yoleoescaparate\\\/\",\"https:\\\/\\\/www.youtube.com\\\/channel\\\/UCj1lDjkqSzCH14bZmq-kWsQ\"]},{\"@type\":\"Person\",\"@id\":\"https:\\\/\\\/www.yoleoescaparate.com\\\/?author=1#author\",\"url\":\"https:\\\/\\\/www.yoleoescaparate.com\\\/?author=1\",\"name\":\"Escaparate\",\"image\":{\"@type\":\"ImageObject\",\"@id\":\"https:\\\/\\\/www.yoleoescaparate.com\\\/?p=151247#authorImage\",\"url\":\"https:\\\/\\\/secure.gravatar.com\\\/avatar\\\/d4681a657e3ba11aa052dc7c62193f217364db55960ea15739662b6564b2dafb?s=96&d=mm&r=g\",\"width\":96,\"height\":96,\"caption\":\"Escaparate\"}},{\"@type\":\"WebPage\",\"@id\":\"https:\\\/\\\/www.yoleoescaparate.com\\\/?p=151247#webpage\",\"url\":\"https:\\\/\\\/www.yoleoescaparate.com\\\/?p=151247\",\"name\":\"Aldeanueva de Ebro cuenta para este curso escolar con una nueva escuela infantil de 74 plazas \\u2022 Escaparate\",\"description\":\"El municipio riojano de vdistribuidas en cinco unidades gracias a la inversi\\u00f3n de 2,8 millones de euros acometida por el Gobierno de Espa\\u00f1a a trav\\u00e9s de los fondos europeos del Mecanismo de Recuperaci\\u00f3n y Resiliencia (MRR) en el marco del Componente 21 del Plan de Recuperaci\\u00f3n, destinado a la creaci\\u00f3n de plazas p\\u00fablicas de 0\",\"inLanguage\":\"es-ES\",\"isPartOf\":{\"@id\":\"https:\\\/\\\/www.yoleoescaparate.com\\\/#website\"},\"breadcrumb\":{\"@id\":\"https:\\\/\\\/www.yoleoescaparate.com\\\/?p=151247#breadcrumblist\"},\"author\":{\"@id\":\"https:\\\/\\\/www.yoleoescaparate.com\\\/?author=1#author\"},\"creator\":{\"@id\":\"https:\\\/\\\/www.yoleoescaparate.com\\\/?author=1#author\"},\"image\":{\"@type\":\"ImageObject\",\"url\":\"https:\\\/\\\/www.yoleoescaparate.com\\\/wp-content\\\/uploads\\\/EI-Aldeanuevadeebro.jpg\",\"@id\":\"https:\\\/\\\/www.yoleoescaparate.com\\\/?p=151247\\\/#mainImage\",\"width\":1200,\"height\":675},\"primaryImageOfPage\":{\"@id\":\"https:\\\/\\\/www.yoleoescaparate.com\\\/?p=151247#mainImage\"},\"datePublished\":\"2026-09-04T15:03:35+02:00\",\"dateModified\":\"2026-09-04T15:03:39+02:00\"},{\"@type\":\"WebSite\",\"@id\":\"https:\\\/\\\/www.yoleoescaparate.com\\\/#website\",\"url\":\"https:\\\/\\\/www.yoleoescaparate.com\\\/\",\"name\":\"Escaparate\",\"description\":\"Informaci\\u00f3n | Noticias | Actualidad\",\"inLanguage\":\"es-ES\",\"publisher\":{\"@id\":\"https:\\\/\\\/www.yoleoescaparate.com\\\/#organization\"}}]}\n\t\t<\/script>\n\t\t<!-- All in One SEO -->\n\n","aioseo_head_json":{"title":"Aldeanueva de Ebro cuenta para este curso escolar con una nueva escuela infantil de 74 plazas \u2022 Escaparate","description":"El municipio riojano de vdistribuidas en cinco unidades gracias a la inversi\u00f3n de 2,8 millones de euros acometida por el Gobierno de Espa\u00f1a a trav\u00e9s de los fondos europeos del Mecanismo de Recuperaci\u00f3n y Resiliencia (MRR) en el marco del Componente 21 del Plan de Recuperaci\u00f3n, destinado a la creaci\u00f3n de plazas p\u00fablicas de 0","canonical_url":"https:\/\/www.yoleoescaparate.com\/?p=151247","robots":"max-image-preview:large","keywords":"","webmasterTools":{"google-site-verification":"OQV8mvJF6pBZ9RiZ8C9O86ahYB3C05wO-omz3Nejrsc","miscellaneous":""},"schema":{"@context":"https:\/\/schema.org","@graph":[{"@type":"BlogPosting","@id":"https:\/\/www.yoleoescaparate.com\/?p=151247#blogposting","name":"Aldeanueva de Ebro cuenta para este curso escolar con una nueva escuela infantil de 74 plazas \u2022 Escaparate","headline":"Aldeanueva de Ebro cuenta para este curso escolar con una nueva escuela infantil de 74 plazas","author":{"@id":"https:\/\/www.yoleoescaparate.com\/?author=1#author"},"publisher":{"@id":"https:\/\/www.yoleoescaparate.com\/#organization"},"image":{"@type":"ImageObject","url":"https:\/\/www.yoleoescaparate.com\/wp-content\/uploads\/EI-Aldeanuevadeebro.jpg","width":1200,"height":675},"datePublished":"2026-09-04T15:03:35+02:00","dateModified":"2026-09-04T15:03:39+02:00","inLanguage":"es-ES","mainEntityOfPage":{"@id":"https:\/\/www.yoleoescaparate.com\/?p=151247#webpage"},"isPartOf":{"@id":"https:\/\/www.yoleoescaparate.com\/?p=151247#webpage"},"articleSection":"Aldeanueva de Ebro, Aldeanueva de Ebro"},{"@type":"BreadcrumbList","@id":"https:\/\/www.yoleoescaparate.com\/?p=151247#breadcrumblist","itemListElement":[{"@type":"ListItem","@id":"https:\/\/www.yoleoescaparate.com#listItem","position":1,"name":"Home","item":"https:\/\/www.yoleoescaparate.com","nextItem":{"@type":"ListItem","@id":"https:\/\/www.yoleoescaparate.com\/?cat=6#listItem","name":"Aldeanueva de Ebro"}},{"@type":"ListItem","@id":"https:\/\/www.yoleoescaparate.com\/?cat=6#listItem","position":2,"name":"Aldeanueva de Ebro","item":"https:\/\/www.yoleoescaparate.com\/?cat=6","nextItem":{"@type":"ListItem","@id":"https:\/\/www.yoleoescaparate.com\/?p=151247#listItem","name":"Aldeanueva de Ebro cuenta para este curso escolar con una nueva escuela infantil de 74 plazas"},"previousItem":{"@type":"ListItem","@id":"https:\/\/www.yoleoescaparate.com#listItem","name":"Home"}},{"@type":"ListItem","@id":"https:\/\/www.yoleoescaparate.com\/?p=151247#listItem","position":3,"name":"Aldeanueva de Ebro cuenta para este curso escolar con una nueva escuela infantil de 74 plazas","previousItem":{"@type":"ListItem","@id":"https:\/\/www.yoleoescaparate.com\/?cat=6#listItem","name":"Aldeanueva de Ebro"}}]},{"@type":"Organization","@id":"https:\/\/www.yoleoescaparate.com\/#organization","name":"Escaparate","description":"Informaci\u00f3n | Noticias | Actualidad","url":"https:\/\/www.yoleoescaparate.com\/","logo":{"@type":"ImageObject","url":"https:\/\/www.yoleoescaparate.com\/wp-content\/uploads\/2022\/02\/logoF.jpg","@id":"https:\/\/www.yoleoescaparate.com\/?p=151247\/#organizationLogo","width":350,"height":360},"image":{"@id":"https:\/\/www.yoleoescaparate.com\/?p=151247\/#organizationLogo"},"sameAs":["https:\/\/www.facebook.com\/revescaparate","https:\/\/twitter.com\/rev_escaparate","https:\/\/www.instagram.com\/yoleoescaparate\/","https:\/\/www.youtube.com\/channel\/UCj1lDjkqSzCH14bZmq-kWsQ"]},{"@type":"Person","@id":"https:\/\/www.yoleoescaparate.com\/?author=1#author","url":"https:\/\/www.yoleoescaparate.com\/?author=1","name":"Escaparate","image":{"@type":"ImageObject","@id":"https:\/\/www.yoleoescaparate.com\/?p=151247#authorImage","url":"https:\/\/secure.gravatar.com\/avatar\/d4681a657e3ba11aa052dc7c62193f217364db55960ea15739662b6564b2dafb?s=96&d=mm&r=g","width":96,"height":96,"caption":"Escaparate"}},{"@type":"WebPage","@id":"https:\/\/www.yoleoescaparate.com\/?p=151247#webpage","url":"https:\/\/www.yoleoescaparate.com\/?p=151247","name":"Aldeanueva de Ebro cuenta para este curso escolar con una nueva escuela infantil de 74 plazas \u2022 Escaparate","description":"El municipio riojano de vdistribuidas en cinco unidades gracias a la inversi\u00f3n de 2,8 millones de euros acometida por el Gobierno de Espa\u00f1a a trav\u00e9s de los fondos europeos del Mecanismo de Recuperaci\u00f3n y Resiliencia (MRR) en el marco del Componente 21 del Plan de Recuperaci\u00f3n, destinado a la creaci\u00f3n de plazas p\u00fablicas de 0","inLanguage":"es-ES","isPartOf":{"@id":"https:\/\/www.yoleoescaparate.com\/#website"},"breadcrumb":{"@id":"https:\/\/www.yoleoescaparate.com\/?p=151247#breadcrumblist"},"author":{"@id":"https:\/\/www.yoleoescaparate.com\/?author=1#author"},"creator":{"@id":"https:\/\/www.yoleoescaparate.com\/?author=1#author"},"image":{"@type":"ImageObject","url":"https:\/\/www.yoleoescaparate.com\/wp-content\/uploads\/EI-Aldeanuevadeebro.jpg","@id":"https:\/\/www.yoleoescaparate.com\/?p=151247\/#mainImage","width":1200,"height":675},"primaryImageOfPage":{"@id":"https:\/\/www.yoleoescaparate.com\/?p=151247#mainImage"},"datePublished":"2026-09-04T15:03:35+02:00","dateModified":"2026-09-04T15:03:39+02:00"},{"@type":"WebSite","@id":"https:\/\/www.yoleoescaparate.com\/#website","url":"https:\/\/www.yoleoescaparate.com\/","name":"Escaparate","description":"Informaci\u00f3n | Noticias | Actualidad","inLanguage":"es-ES","publisher":{"@id":"https:\/\/www.yoleoescaparate.com\/#organization"}}]},"og:locale":"es_ES","og:site_name":"Escaparate \u2022 Informaci\u00f3n | Noticias | Actualidad","og:type":"article","og:title":"Aldeanueva de Ebro cuenta para este curso escolar con una nueva escuela infantil de 74 plazas \u2022 Escaparate","og:description":"El municipio riojano de vdistribuidas en cinco unidades gracias a la inversi\u00f3n de 2,8 millones de euros acometida por el Gobierno de Espa\u00f1a a trav\u00e9s de los fondos europeos del Mecanismo de Recuperaci\u00f3n y Resiliencia (MRR) en el marco del Componente 21 del Plan de Recuperaci\u00f3n, destinado a la creaci\u00f3n de plazas p\u00fablicas de 0","og:url":"https:\/\/www.yoleoescaparate.com\/?p=151247","og:image":"https:\/\/www.yoleoescaparate.com\/wp-content\/uploads\/EI-Aldeanuevadeebro.jpg","og:image:secure_url":"https:\/\/www.yoleoescaparate.com\/wp-content\/uploads\/EI-Aldeanuevadeebro.jpg","og:image:width":1200,"og:image:height":675,"article:published_time":"2026-09-04T13:03:35+00:00","article:modified_time":"2026-09-04T13:03:39+00:00","article:publisher":"https:\/\/www.facebook.com\/revescaparate","twitter:card":"summary_large_image","twitter:site":"@rev_escaparate","twitter:title":"Aldeanueva de Ebro cuenta para este curso escolar con una nueva escuela infantil de 74 plazas \u2022 Escaparate","twitter:description":"El municipio riojano de vdistribuidas en cinco unidades gracias a la inversi\u00f3n de 2,8 millones de euros acometida por el Gobierno de Espa\u00f1a a trav\u00e9s de los fondos europeos del Mecanismo de Recuperaci\u00f3n y Resiliencia (MRR) en el marco del Componente 21 del Plan de Recuperaci\u00f3n, destinado a la creaci\u00f3n de plazas p\u00fablicas de 0","twitter:creator":"@rev_escaparate","twitter:image":"https:\/\/www.yoleoescaparate.com\/wp-content\/uploads\/EI-Aldeanuevadeebro.jpg"},"aioseo_meta_data":{"post_id":"151247","title":null,"description":null,"keywords":null,"keyphrases":{"focus":{"keyphrase":"","score":0,"analysis":{"keyphraseInTitle":{"score":0,"maxScore":9,"error":1}}},"additional":[]},"primary_term":null,"canonical_url":null,"og_title":null,"og_description":null,"og_object_type":"default","og_image_type":"default","og_image_url":null,"og_image_width":null,"og_image_height":null,"og_image_custom_url":null,"og_image_custom_fields":null,"og_video":"","og_custom_url":null,"og_article_section":null,"og_article_tags":null,"twitter_use_og":true,"twitter_card":"default","twitter_image_type":"default","twitter_image_url":null,"twitter_image_custom_url":null,"twitter_image_custom_fields":null,"twitter_title":null,"twitter_description":null,"schema":{"blockGraphs":[],"customGraphs":[],"default":{"data":{"Article":[],"Course":[],"Dataset":[],"FAQPage":[],"Movie":[],"Person":[],"Product":[],"ProductReview":[],"Car":[],"Recipe":[],"Service":[],"SoftwareApplication":[],"WebPage":[]},"graphName":"BlogPosting","isEnabled":true},"graphs":[]},"schema_type":"default","schema_type_options":null,"pillar_content":false,"robots_default":true,"robots_noindex":false,"robots_noarchive":false,"robots_nosnippet":false,"robots_nofollow":false,"robots_noimageindex":false,"robots_noodp":false,"robots_notranslate":false,"robots_max_snippet":"-1","robots_max_videopreview":"-1","robots_max_imagepreview":"large","priority":null,"frequency":"default","local_seo":null,"breadcrumb_settings":null,"limit_modified_date":false,"ai":{"faqs":[],"keyPoints":[],"schemas":[],"titles":[],"descriptions":[],"socialPosts":{"email":{"subject":"","preview":"","content":""},"linkedin":[],"twitter":[],"facebook":[],"instagram":[]}},"created":"2026-09-04 13:03:39","updated":"2026-09-04 13:04:40","seo_analyzer_scan_date":null},"aioseo_breadcrumb":"<div class=\"aioseo-breadcrumbs\"><span class=\"aioseo-breadcrumb\">\n\t\t\t<a href=\"https:\/\/www.yoleoescaparate.com\" title=\"Home\">Home<\/a>\n\t\t<\/span><span class=\"aioseo-breadcrumb-separator\">&raquo;<\/span><span class=\"aioseo-breadcrumb\">\n\t\t\t<a href=\"https:\/\/www.yoleoescaparate.com\/?cat=6\" title=\"Aldeanueva de Ebro\">Aldeanueva de Ebro<\/a>\n\t\t<\/span><span class=\"aioseo-breadcrumb-separator\">&raquo;<\/span><span class=\"aioseo-breadcrumb\">\n\t\t\tAldeanueva de Ebro cuenta para este curso escolar con una nueva escuela infantil de 74 plazas\n\t\t<\/span><\/div>","aioseo_breadcrumb_json":[{"label":"Home","link":"https:\/\/www.yoleoescaparate.com"},{"label":"Aldeanueva de Ebro","link":"https:\/\/www.yoleoescaparate.com\/?cat=6"},{"label":"Aldeanueva de Ebro cuenta para este curso escolar con una nueva escuela infantil de 74 plazas","link":"https:\/\/www.yoleoescaparate.com\/?p=151247"}],"_links":{"self":[{"href":"https:\/\/www.yoleoescaparate.com\/index.php?rest_route=\/wp\/v2\/posts\/151247","targetHints":{"allow":["GET"]}}],"collection":[{"href":"https:\/\/www.yoleoescaparate.com\/index.php?rest_route=\/wp\/v2\/posts"}],"about":[{"href":"https:\/\/www.yoleoescaparate.com\/index.php?rest_route=\/wp\/v2\/types\/post"}],"author":[{"embeddable":true,"href":"https:\/\/www.yoleoescaparate.com\/index.php?rest_route=\/wp\/v2\/users\/1"}],"replies":[{"embeddable":true,"href":"https:\/\/www.yoleoescaparate.com\/index.php?rest_route=%2Fwp%2Fv2%2Fcomments&post=151247"}],"version-history":[{"count":1,"href":"https:\/\/www.yoleoescaparate.com\/index.php?rest_route=\/wp\/v2\/posts\/151247\/revisions"}],"predecessor-version":[{"id":151250,"href":"https:\/\/www.yoleoescaparate.com\/index.php?rest_route=\/wp\/v2\/posts\/151247\/revisions\/151250"}],"wp:featuredmedia":[{"embeddable":true,"href":"https:\/\/www.yoleoescaparate.com\/index.php?rest_route=\/wp\/v2\/media\/151248"}],"wp:attachment":[{"href":"https:\/\/www.yoleoescaparate.com\/index.php?rest_route=%2Fwp%2Fv2%2Fmedia&parent=151247"}],"wp:term":[{"taxonomy":"category","embeddable":true,"href":"https:\/\/www.yoleoescaparate.com\/index.php?rest_route=%2Fwp%2Fv2%2Fcategories&post=151247"},{"taxonomy":"post_tag","embeddable":true,"href":"https:\/\/www.yoleoescaparate.com\/index.php?rest_route=%2Fwp%2Fv2%2Ftags&post=151247"}],"curies":[{"name":"wp","href":"https:\/\/api.w.org\/{rel}","templated":true}]}}