{"id":151259,"date":"2026-09-05T18:50:18","date_gmt":"2026-09-05T16:50:18","guid":{"rendered":"https:\/\/www.yoleoescaparate.com\/?p=151259"},"modified":"2026-09-05T18:50:22","modified_gmt":"2026-09-05T16:50:22","slug":"calahorra-celebra-las-jornadas-europeas-de-la-cultura-judia-del-10-al-13-de-septiembre","status":"publish","type":"post","link":"https:\/\/www.yoleoescaparate.com\/?p=151259","title":{"rendered":"Calahorra celebra las Jornadas Europeas de la Cultura Jud\u00eda del 10 al 13 de septiembre"},"content":{"rendered":"\n<!--more-->\n\n\n\n<p class=\"wp-block-paragraph\">La semana que viene se celebrar\u00e1n en Calahorra las <strong>Jornadas Europeas de la Cultura Jud\u00eda bajo el t\u00edtulo \u2018Love\u2019.<\/strong><\/p>\n\n\n\n<p class=\"wp-block-paragraph\"><strong>Para ello,<\/strong>&nbsp;el Ayuntamiento de Calahorra ha preparado un amplio programa de actividades que se desarrollar\u00e1 del&nbsp;<strong>10 al 13 de septiembre<\/strong>&nbsp;y que permitir\u00e1 acercar la historia, la cultura y el patrimonio de la comunidad jud\u00eda y sefard\u00ed vinculada a la ciudad.<\/p>\n\n\n\n<p class=\"wp-block-paragraph\">Durante cuatro d\u00edas, vecinos y visitantes podr\u00e1n participar en visitas guiadas, conocer documentaci\u00f3n hist\u00f3rica conservada en los archivos, disfrutar de m\u00fasica sefard\u00ed, descubrir la gastronom\u00eda tradicional, visitar una exposici\u00f3n y recorrer el antiguo barrio de la Juder\u00eda a trav\u00e9s de una visita teatralizada.<\/p>\n\n\n\n<p class=\"wp-block-paragraph\">Las actividades comenzar\u00e1n el&nbsp;<strong>jueves 10 y el viernes 11 de septiembre<\/strong><strong>,<\/strong> a las<strong>11:30 horas<\/strong>, con visitas guiadas al&nbsp;<strong>Archivo Municipal<\/strong>, donde se dar\u00e1n a conocer sus instalaciones y fondos documental y se explicar\u00e1 documentaci\u00f3n hallada en el archivo relacionada con la \u00e9poca jud\u00eda de Calahorra.<\/p>\n\n\n\n<p class=\"wp-block-paragraph\">Las visitas requieren<strong>inscripci\u00f3n previa en el tel\u00e9fono 941 10 50 61<\/strong>&nbsp;y los grupos estar\u00e1n formados por un m\u00ednimo de cuatro personas y un m\u00e1ximo de ocho.<\/p>\n\n\n\n<p class=\"wp-block-paragraph\">Tambi\u00e9n el viernes 11, a las&nbsp;<strong>20:00 horas<\/strong>, la asociaci\u00f3n cultural Maladanza presentar\u00e1 su \u00faltimo disco de m\u00fasica sefard\u00ed&nbsp; <strong>\u2018Partensya\u2019<\/strong>.A trav\u00e9s de coplas, canciones y romances transmitidos de generaci\u00f3n en generaci\u00f3n mediante la tradici\u00f3n oral, este grupo calagurritano repasa ritos y tradiciones que conforman la memoria y la identidad sonora y cultural de las comunidades sefard\u00edes.<\/p>\n\n\n\n<p class=\"wp-block-paragraph\">El concierto, organizado por la asociaci\u00f3n cultural Maladanza con la colaboraci\u00f3n del Ayuntamiento de Calahorra, tendr\u00e1 una duraci\u00f3n aproximada de 90 minutos y el precio de las entradas es de&nbsp;<strong>7 euros<\/strong>para todo el aforo.<\/p>\n\n\n\n<p class=\"wp-block-paragraph\">El programa continuar\u00e1 el&nbsp;<strong>s\u00e1bado 12 de septiembre<\/strong>&nbsp;con una&nbsp;<strong>visita guiada y gratuita por la zona hist\u00f3rica de Calahorra<\/strong>, que incluir\u00e1 un paseo por el barrio jud\u00edo de la ciudad. Comenzar\u00e1 a las&nbsp;<strong>10:30 horas<\/strong>&nbsp;desde \u2018La Moza\u2019, en el paseo del Mercadal.<\/p>\n\n\n\n<p class=\"wp-block-paragraph\">A las&nbsp;<strong>12:00 horas<\/strong>&nbsp;en el Aula de Cocina Municipal se celebrar\u00e1 el encuentro participativo<strong>\u2018Cocina sefard\u00ed en casa: tradici\u00f3n y pr\u00e1ctica\u2019<\/strong>, dirigido al p\u00fablico general. La sesi\u00f3n acercar\u00e1 la gastronom\u00eda sefard\u00ed a trav\u00e9s de los libros de la Red de Juder\u00edas de Espa\u00f1a<em>&nbsp;\u2018Sabores de Sefarad\u2019&nbsp;y&nbsp;\u2018Gastrosimbolog\u00eda\u2019<\/em>&nbsp;y contar\u00e1 con la participaci\u00f3n de&nbsp;don <strong>Javier Zafra<\/strong>, director de<em>&nbsp;Sabores de Sefarad&nbsp;<\/em>de la Red de Juder\u00edas.<\/p>\n\n\n\n<p class=\"wp-block-paragraph\">La actividad ser\u00e1 gratuita, aunque ser\u00e1 necesaria la&nbsp;<strong>inscripci\u00f3n previa en el tel\u00e9fono 941 10 50 61<\/strong>, ya que las plazas son limitadas.<\/p>\n\n\n\n<p class=\"wp-block-paragraph\">Por la tarde, a las 18:30 horas, se inaugurar\u00e1 la exposici\u00f3n&nbsp;\u2018Di\u00e1logo\u2019, en la Casa de los Curas.<\/p>\n\n\n\n<p class=\"wp-block-paragraph\">La muestra gira en torno al di\u00e1logo entre textos y religiones y refleja la convivencia y el papel que el mundo jud\u00edo ha tenido a lo largo de los siglos. La exposici\u00f3n procede de la&nbsp;Biblioteca Nacional de Israel, en colaboraci\u00f3n con la&nbsp;Red de Juder\u00edas de Espa\u00f1a \u2013 Caminos de Sefarad.<\/p>\n\n\n\n<p class=\"wp-block-paragraph\">La exposici\u00f3n podr\u00e1 visitarse hasta el&nbsp;18 de octubre, de lunes a viernes, de 9:00 a 13:30 horas; de jueves a s\u00e1bados, de 18:00 a 20:00 horas y domingos y festivos, de 12:00 a 14:00 horas.<\/p>\n\n\n\n<p class=\"wp-block-paragraph\">A las&nbsp;19:00 horas, la Escuela Municipal de M\u00fasica y Artes Esc\u00e9nicas \u2018Maestro Arroyo\u2019 acoger\u00e1 la conferencia&nbsp;\u2018Gastrosimbolog\u00eda: Descifrando el mensaje oculto en la gastronom\u00eda jud\u00eda\u2019, a cargo de&nbsp;don Javier Zafra.<\/p>\n\n\n\n<p class=\"wp-block-paragraph\">Ser\u00e1 una charla divulgativa sobre el simbolismo cultural de los alimentos en la tradici\u00f3n sefard\u00ed. Al finalizar, los asistentes podr\u00e1n disfrutar de una&nbsp;degustaci\u00f3n de dulces al estilo sefard\u00ed.<\/p>\n\n\n\n<p class=\"wp-block-paragraph\">La jornada del s\u00e1bado concluir\u00e1 a las&nbsp;21:00 horas&nbsp;con una&nbsp;visita teatralizada con animaci\u00f3n musical por el barrio de la Juder\u00eda. Para participar ser\u00e1 necesaria la inscripci\u00f3n previa en el tel\u00e9fono&nbsp;941 10 50 61.<\/p>\n\n\n\n<p class=\"wp-block-paragraph\">La conmemoraci\u00f3n de <strong>las Jornadas Europeas de la Cultura Jud\u00eda finalizar\u00e1 en Calahorra<\/strong> el&nbsp;domingo 13 de septiembre&nbsp;con dos actividades centradas en el patrimonio documental sefard\u00ed de la ciudad.<\/p>\n\n\n\n<p class=\"wp-block-paragraph\">A las&nbsp;12:00 horas&nbsp;habr\u00e1 una visita a la documentaci\u00f3n sefard\u00ed del archivo de la iglesia de San Andr\u00e9s, que estar\u00e1 guiada por su p\u00e1rroco don Javier Fern\u00e1ndez. Es gratuita y el punto de encuentro ser\u00e1 el p\u00f3rtico de la iglesia.<\/p>\n\n\n\n<p class=\"wp-block-paragraph\">Y a las 13:00 horas el archivero de la Catedral de Santa Mar\u00eda, don \u00c1ngel Ortega mostrar\u00e1 y explicar\u00e1 el patrimonio documental sefard\u00ed que guarda la Catedral.<\/p>\n\n\n\n<p class=\"wp-block-paragraph\">El Ayuntamiento de Calahorra ha elaborado esta programaci\u00f3n con la colaboraci\u00f3n de la Red de Juder\u00edas de Espa\u00f1a-Caminos de Sefarad, don Javier Zafra, la Catedral de Santa Mar\u00eda, la iglesia de San Andr\u00e9s, el grupo de voluntarias municipales tur\u00edsticas y de la reposter\u00eda Flor y Nata.<\/p>\n\n\n\n<p class=\"wp-block-paragraph\"><\/p>\n","protected":false},"excerpt":{"rendered":"","protected":false},"author":1,"featured_media":151260,"comment_status":"open","ping_status":"open","sticky":false,"template":"","format":"standard","meta":{"colormag_page_container_layout":"default_layout","colormag_page_sidebar_layout":"default_layout","om_disable_all_campaigns":false,"_monsterinsights_skip_tracking":false,"_monsterinsights_sitenote_active":false,"_monsterinsights_sitenote_note":"","_monsterinsights_sitenote_category":0,"footnotes":""},"categories":[4],"tags":[16,805,12,2487,806,3526],"class_list":["post-151259","post","type-post","status-publish","format-standard","has-post-thumbnail","hentry","category-calahorra","tag-calahorra","tag-cultura-judia","tag-escaparate","tag-europeas","tag-jornadas","tag-septiebre"],"aioseo_notices":[],"aioseo_head":"\n\t\t<!-- All in One SEO 4.9.10 - aioseo.com -->\n\t<meta name=\"description\" content=\"La semana que viene se celebrar\u00e1n en Calahorra las Jornadas Europeas de la Cultura Jud\u00eda bajo el t\u00edtulo \u2018Love\u2019. Para ello, el Ayuntamiento de Calahorra ha preparado un amplio programa de actividades que se desarrollar\u00e1 del 10 al 13 de septiembre y que permitir\u00e1 acercar la historia, la cultura y el patrimonio de la comunidad jud\u00eda y sefard\u00ed\" \/>\n\t<meta name=\"robots\" content=\"max-image-preview:large\" \/>\n\t<meta name=\"author\" content=\"Escaparate\"\/>\n\t<meta name=\"google-site-verification\" content=\"OQV8mvJF6pBZ9RiZ8C9O86ahYB3C05wO-omz3Nejrsc\" \/>\n\t<link rel=\"canonical\" href=\"https:\/\/www.yoleoescaparate.com\/?p=151259\" \/>\n\t<meta name=\"generator\" content=\"All in One SEO (AIOSEO) 4.9.10\" \/>\n\t\t<meta property=\"og:locale\" content=\"es_ES\" \/>\n\t\t<meta property=\"og:site_name\" content=\"Escaparate \u2022 Informaci\u00f3n | Noticias | Actualidad\" \/>\n\t\t<meta property=\"og:type\" content=\"article\" \/>\n\t\t<meta property=\"og:title\" content=\"Calahorra celebra las Jornadas Europeas de la Cultura Jud\u00eda del 10 al 13 de septiembre \u2022 Escaparate\" \/>\n\t\t<meta property=\"og:description\" content=\"La semana que viene se celebrar\u00e1n en Calahorra las Jornadas Europeas de la Cultura Jud\u00eda bajo el t\u00edtulo \u2018Love\u2019. Para ello, el Ayuntamiento de Calahorra ha preparado un amplio programa de actividades que se desarrollar\u00e1 del 10 al 13 de septiembre y que permitir\u00e1 acercar la historia, la cultura y el patrimonio de la comunidad jud\u00eda y sefard\u00ed\" \/>\n\t\t<meta property=\"og:url\" content=\"https:\/\/www.yoleoescaparate.com\/?p=151259\" \/>\n\t\t<meta property=\"og:image\" content=\"https:\/\/www.yoleoescaparate.com\/wp-content\/uploads\/judia.jpg\" \/>\n\t\t<meta property=\"og:image:secure_url\" content=\"https:\/\/www.yoleoescaparate.com\/wp-content\/uploads\/judia.jpg\" \/>\n\t\t<meta property=\"og:image:width\" content=\"1200\" \/>\n\t\t<meta property=\"og:image:height\" content=\"675\" \/>\n\t\t<meta property=\"article:published_time\" content=\"2026-09-05T16:50:18+00:00\" \/>\n\t\t<meta property=\"article:modified_time\" content=\"2026-09-05T16:50:22+00:00\" \/>\n\t\t<meta property=\"article:publisher\" content=\"https:\/\/www.facebook.com\/revescaparate\" \/>\n\t\t<meta name=\"twitter:card\" content=\"summary_large_image\" \/>\n\t\t<meta name=\"twitter:site\" content=\"@rev_escaparate\" \/>\n\t\t<meta name=\"twitter:title\" content=\"Calahorra celebra las Jornadas Europeas de la Cultura Jud\u00eda del 10 al 13 de septiembre \u2022 Escaparate\" \/>\n\t\t<meta name=\"twitter:description\" content=\"La semana que viene se celebrar\u00e1n en Calahorra las Jornadas Europeas de la Cultura Jud\u00eda bajo el t\u00edtulo \u2018Love\u2019. Para ello, el Ayuntamiento de Calahorra ha preparado un amplio programa de actividades que se desarrollar\u00e1 del 10 al 13 de septiembre y que permitir\u00e1 acercar la historia, la cultura y el patrimonio de la comunidad jud\u00eda y sefard\u00ed\" \/>\n\t\t<meta name=\"twitter:creator\" content=\"@rev_escaparate\" \/>\n\t\t<meta name=\"twitter:image\" content=\"https:\/\/www.yoleoescaparate.com\/wp-content\/uploads\/judia.jpg\" \/>\n\t\t<script type=\"application\/ld+json\" class=\"aioseo-schema\">\n\t\t\t{\"@context\":\"https:\\\/\\\/schema.org\",\"@graph\":[{\"@type\":\"BlogPosting\",\"@id\":\"https:\\\/\\\/www.yoleoescaparate.com\\\/?p=151259#blogposting\",\"name\":\"Calahorra celebra las Jornadas Europeas de la Cultura Jud\\u00eda del 10 al 13 de septiembre \\u2022 Escaparate\",\"headline\":\"Calahorra celebra las Jornadas Europeas de la Cultura Jud\\u00eda del 10 al 13 de septiembre\",\"author\":{\"@id\":\"https:\\\/\\\/www.yoleoescaparate.com\\\/?author=1#author\"},\"publisher\":{\"@id\":\"https:\\\/\\\/www.yoleoescaparate.com\\\/#organization\"},\"image\":{\"@type\":\"ImageObject\",\"url\":\"https:\\\/\\\/www.yoleoescaparate.com\\\/wp-content\\\/uploads\\\/judia.jpg\",\"width\":1200,\"height\":675},\"datePublished\":\"2026-09-05T18:50:18+02:00\",\"dateModified\":\"2026-09-05T18:50:22+02:00\",\"inLanguage\":\"es-ES\",\"mainEntityOfPage\":{\"@id\":\"https:\\\/\\\/www.yoleoescaparate.com\\\/?p=151259#webpage\"},\"isPartOf\":{\"@id\":\"https:\\\/\\\/www.yoleoescaparate.com\\\/?p=151259#webpage\"},\"articleSection\":\"Calahorra, Calahorra, Cultura Judia, Escaparate, europeas, Jornadas, septiebre\"},{\"@type\":\"BreadcrumbList\",\"@id\":\"https:\\\/\\\/www.yoleoescaparate.com\\\/?p=151259#breadcrumblist\",\"itemListElement\":[{\"@type\":\"ListItem\",\"@id\":\"https:\\\/\\\/www.yoleoescaparate.com#listItem\",\"position\":1,\"name\":\"Home\",\"item\":\"https:\\\/\\\/www.yoleoescaparate.com\",\"nextItem\":{\"@type\":\"ListItem\",\"@id\":\"https:\\\/\\\/www.yoleoescaparate.com\\\/?cat=4#listItem\",\"name\":\"Calahorra\"}},{\"@type\":\"ListItem\",\"@id\":\"https:\\\/\\\/www.yoleoescaparate.com\\\/?cat=4#listItem\",\"position\":2,\"name\":\"Calahorra\",\"item\":\"https:\\\/\\\/www.yoleoescaparate.com\\\/?cat=4\",\"nextItem\":{\"@type\":\"ListItem\",\"@id\":\"https:\\\/\\\/www.yoleoescaparate.com\\\/?p=151259#listItem\",\"name\":\"Calahorra celebra las Jornadas Europeas de la Cultura Jud\\u00eda del 10 al 13 de septiembre\"},\"previousItem\":{\"@type\":\"ListItem\",\"@id\":\"https:\\\/\\\/www.yoleoescaparate.com#listItem\",\"name\":\"Home\"}},{\"@type\":\"ListItem\",\"@id\":\"https:\\\/\\\/www.yoleoescaparate.com\\\/?p=151259#listItem\",\"position\":3,\"name\":\"Calahorra celebra las Jornadas Europeas de la Cultura Jud\\u00eda del 10 al 13 de septiembre\",\"previousItem\":{\"@type\":\"ListItem\",\"@id\":\"https:\\\/\\\/www.yoleoescaparate.com\\\/?cat=4#listItem\",\"name\":\"Calahorra\"}}]},{\"@type\":\"Organization\",\"@id\":\"https:\\\/\\\/www.yoleoescaparate.com\\\/#organization\",\"name\":\"Escaparate\",\"description\":\"Informaci\\u00f3n | Noticias | Actualidad\",\"url\":\"https:\\\/\\\/www.yoleoescaparate.com\\\/\",\"logo\":{\"@type\":\"ImageObject\",\"url\":\"https:\\\/\\\/www.yoleoescaparate.com\\\/wp-content\\\/uploads\\\/2022\\\/02\\\/logoF.jpg\",\"@id\":\"https:\\\/\\\/www.yoleoescaparate.com\\\/?p=151259\\\/#organizationLogo\",\"width\":350,\"height\":360},\"image\":{\"@id\":\"https:\\\/\\\/www.yoleoescaparate.com\\\/?p=151259\\\/#organizationLogo\"},\"sameAs\":[\"https:\\\/\\\/www.facebook.com\\\/revescaparate\",\"https:\\\/\\\/twitter.com\\\/rev_escaparate\",\"https:\\\/\\\/www.instagram.com\\\/yoleoescaparate\\\/\",\"https:\\\/\\\/www.youtube.com\\\/channel\\\/UCj1lDjkqSzCH14bZmq-kWsQ\"]},{\"@type\":\"Person\",\"@id\":\"https:\\\/\\\/www.yoleoescaparate.com\\\/?author=1#author\",\"url\":\"https:\\\/\\\/www.yoleoescaparate.com\\\/?author=1\",\"name\":\"Escaparate\",\"image\":{\"@type\":\"ImageObject\",\"@id\":\"https:\\\/\\\/www.yoleoescaparate.com\\\/?p=151259#authorImage\",\"url\":\"https:\\\/\\\/secure.gravatar.com\\\/avatar\\\/d4681a657e3ba11aa052dc7c62193f217364db55960ea15739662b6564b2dafb?s=96&d=mm&r=g\",\"width\":96,\"height\":96,\"caption\":\"Escaparate\"}},{\"@type\":\"WebPage\",\"@id\":\"https:\\\/\\\/www.yoleoescaparate.com\\\/?p=151259#webpage\",\"url\":\"https:\\\/\\\/www.yoleoescaparate.com\\\/?p=151259\",\"name\":\"Calahorra celebra las Jornadas Europeas de la Cultura Jud\\u00eda del 10 al 13 de septiembre \\u2022 Escaparate\",\"description\":\"La semana que viene se celebrar\\u00e1n en Calahorra las Jornadas Europeas de la Cultura Jud\\u00eda bajo el t\\u00edtulo \\u2018Love\\u2019. Para ello, el Ayuntamiento de Calahorra ha preparado un amplio programa de actividades que se desarrollar\\u00e1 del 10 al 13 de septiembre y que permitir\\u00e1 acercar la historia, la cultura y el patrimonio de la comunidad jud\\u00eda y sefard\\u00ed\",\"inLanguage\":\"es-ES\",\"isPartOf\":{\"@id\":\"https:\\\/\\\/www.yoleoescaparate.com\\\/#website\"},\"breadcrumb\":{\"@id\":\"https:\\\/\\\/www.yoleoescaparate.com\\\/?p=151259#breadcrumblist\"},\"author\":{\"@id\":\"https:\\\/\\\/www.yoleoescaparate.com\\\/?author=1#author\"},\"creator\":{\"@id\":\"https:\\\/\\\/www.yoleoescaparate.com\\\/?author=1#author\"},\"image\":{\"@type\":\"ImageObject\",\"url\":\"https:\\\/\\\/www.yoleoescaparate.com\\\/wp-content\\\/uploads\\\/judia.jpg\",\"@id\":\"https:\\\/\\\/www.yoleoescaparate.com\\\/?p=151259\\\/#mainImage\",\"width\":1200,\"height\":675},\"primaryImageOfPage\":{\"@id\":\"https:\\\/\\\/www.yoleoescaparate.com\\\/?p=151259#mainImage\"},\"datePublished\":\"2026-09-05T18:50:18+02:00\",\"dateModified\":\"2026-09-05T18:50:22+02:00\"},{\"@type\":\"WebSite\",\"@id\":\"https:\\\/\\\/www.yoleoescaparate.com\\\/#website\",\"url\":\"https:\\\/\\\/www.yoleoescaparate.com\\\/\",\"name\":\"Escaparate\",\"description\":\"Informaci\\u00f3n | Noticias | Actualidad\",\"inLanguage\":\"es-ES\",\"publisher\":{\"@id\":\"https:\\\/\\\/www.yoleoescaparate.com\\\/#organization\"}}]}\n\t\t<\/script>\n\t\t<!-- All in One SEO -->\n\n","aioseo_head_json":{"title":"Calahorra celebra las Jornadas Europeas de la Cultura Jud\u00eda del 10 al 13 de septiembre \u2022 Escaparate","description":"La semana que viene se celebrar\u00e1n en Calahorra las Jornadas Europeas de la Cultura Jud\u00eda bajo el t\u00edtulo \u2018Love\u2019. Para ello, el Ayuntamiento de Calahorra ha preparado un amplio programa de actividades que se desarrollar\u00e1 del 10 al 13 de septiembre y que permitir\u00e1 acercar la historia, la cultura y el patrimonio de la comunidad jud\u00eda y sefard\u00ed","canonical_url":"https:\/\/www.yoleoescaparate.com\/?p=151259","robots":"max-image-preview:large","keywords":"","webmasterTools":{"google-site-verification":"OQV8mvJF6pBZ9RiZ8C9O86ahYB3C05wO-omz3Nejrsc","miscellaneous":""},"schema":{"@context":"https:\/\/schema.org","@graph":[{"@type":"BlogPosting","@id":"https:\/\/www.yoleoescaparate.com\/?p=151259#blogposting","name":"Calahorra celebra las Jornadas Europeas de la Cultura Jud\u00eda del 10 al 13 de septiembre \u2022 Escaparate","headline":"Calahorra celebra las Jornadas Europeas de la Cultura Jud\u00eda del 10 al 13 de septiembre","author":{"@id":"https:\/\/www.yoleoescaparate.com\/?author=1#author"},"publisher":{"@id":"https:\/\/www.yoleoescaparate.com\/#organization"},"image":{"@type":"ImageObject","url":"https:\/\/www.yoleoescaparate.com\/wp-content\/uploads\/judia.jpg","width":1200,"height":675},"datePublished":"2026-09-05T18:50:18+02:00","dateModified":"2026-09-05T18:50:22+02:00","inLanguage":"es-ES","mainEntityOfPage":{"@id":"https:\/\/www.yoleoescaparate.com\/?p=151259#webpage"},"isPartOf":{"@id":"https:\/\/www.yoleoescaparate.com\/?p=151259#webpage"},"articleSection":"Calahorra, Calahorra, Cultura Judia, Escaparate, europeas, Jornadas, septiebre"},{"@type":"BreadcrumbList","@id":"https:\/\/www.yoleoescaparate.com\/?p=151259#breadcrumblist","itemListElement":[{"@type":"ListItem","@id":"https:\/\/www.yoleoescaparate.com#listItem","position":1,"name":"Home","item":"https:\/\/www.yoleoescaparate.com","nextItem":{"@type":"ListItem","@id":"https:\/\/www.yoleoescaparate.com\/?cat=4#listItem","name":"Calahorra"}},{"@type":"ListItem","@id":"https:\/\/www.yoleoescaparate.com\/?cat=4#listItem","position":2,"name":"Calahorra","item":"https:\/\/www.yoleoescaparate.com\/?cat=4","nextItem":{"@type":"ListItem","@id":"https:\/\/www.yoleoescaparate.com\/?p=151259#listItem","name":"Calahorra celebra las Jornadas Europeas de la Cultura Jud\u00eda del 10 al 13 de septiembre"},"previousItem":{"@type":"ListItem","@id":"https:\/\/www.yoleoescaparate.com#listItem","name":"Home"}},{"@type":"ListItem","@id":"https:\/\/www.yoleoescaparate.com\/?p=151259#listItem","position":3,"name":"Calahorra celebra las Jornadas Europeas de la Cultura Jud\u00eda del 10 al 13 de septiembre","previousItem":{"@type":"ListItem","@id":"https:\/\/www.yoleoescaparate.com\/?cat=4#listItem","name":"Calahorra"}}]},{"@type":"Organization","@id":"https:\/\/www.yoleoescaparate.com\/#organization","name":"Escaparate","description":"Informaci\u00f3n | Noticias | Actualidad","url":"https:\/\/www.yoleoescaparate.com\/","logo":{"@type":"ImageObject","url":"https:\/\/www.yoleoescaparate.com\/wp-content\/uploads\/2022\/02\/logoF.jpg","@id":"https:\/\/www.yoleoescaparate.com\/?p=151259\/#organizationLogo","width":350,"height":360},"image":{"@id":"https:\/\/www.yoleoescaparate.com\/?p=151259\/#organizationLogo"},"sameAs":["https:\/\/www.facebook.com\/revescaparate","https:\/\/twitter.com\/rev_escaparate","https:\/\/www.instagram.com\/yoleoescaparate\/","https:\/\/www.youtube.com\/channel\/UCj1lDjkqSzCH14bZmq-kWsQ"]},{"@type":"Person","@id":"https:\/\/www.yoleoescaparate.com\/?author=1#author","url":"https:\/\/www.yoleoescaparate.com\/?author=1","name":"Escaparate","image":{"@type":"ImageObject","@id":"https:\/\/www.yoleoescaparate.com\/?p=151259#authorImage","url":"https:\/\/secure.gravatar.com\/avatar\/d4681a657e3ba11aa052dc7c62193f217364db55960ea15739662b6564b2dafb?s=96&d=mm&r=g","width":96,"height":96,"caption":"Escaparate"}},{"@type":"WebPage","@id":"https:\/\/www.yoleoescaparate.com\/?p=151259#webpage","url":"https:\/\/www.yoleoescaparate.com\/?p=151259","name":"Calahorra celebra las Jornadas Europeas de la Cultura Jud\u00eda del 10 al 13 de septiembre \u2022 Escaparate","description":"La semana que viene se celebrar\u00e1n en Calahorra las Jornadas Europeas de la Cultura Jud\u00eda bajo el t\u00edtulo \u2018Love\u2019. Para ello, el Ayuntamiento de Calahorra ha preparado un amplio programa de actividades que se desarrollar\u00e1 del 10 al 13 de septiembre y que permitir\u00e1 acercar la historia, la cultura y el patrimonio de la comunidad jud\u00eda y sefard\u00ed","inLanguage":"es-ES","isPartOf":{"@id":"https:\/\/www.yoleoescaparate.com\/#website"},"breadcrumb":{"@id":"https:\/\/www.yoleoescaparate.com\/?p=151259#breadcrumblist"},"author":{"@id":"https:\/\/www.yoleoescaparate.com\/?author=1#author"},"creator":{"@id":"https:\/\/www.yoleoescaparate.com\/?author=1#author"},"image":{"@type":"ImageObject","url":"https:\/\/www.yoleoescaparate.com\/wp-content\/uploads\/judia.jpg","@id":"https:\/\/www.yoleoescaparate.com\/?p=151259\/#mainImage","width":1200,"height":675},"primaryImageOfPage":{"@id":"https:\/\/www.yoleoescaparate.com\/?p=151259#mainImage"},"datePublished":"2026-09-05T18:50:18+02:00","dateModified":"2026-09-05T18:50:22+02:00"},{"@type":"WebSite","@id":"https:\/\/www.yoleoescaparate.com\/#website","url":"https:\/\/www.yoleoescaparate.com\/","name":"Escaparate","description":"Informaci\u00f3n | Noticias | Actualidad","inLanguage":"es-ES","publisher":{"@id":"https:\/\/www.yoleoescaparate.com\/#organization"}}]},"og:locale":"es_ES","og:site_name":"Escaparate \u2022 Informaci\u00f3n | Noticias | Actualidad","og:type":"article","og:title":"Calahorra celebra las Jornadas Europeas de la Cultura Jud\u00eda del 10 al 13 de septiembre \u2022 Escaparate","og:description":"La semana que viene se celebrar\u00e1n en Calahorra las Jornadas Europeas de la Cultura Jud\u00eda bajo el t\u00edtulo \u2018Love\u2019. Para ello, el Ayuntamiento de Calahorra ha preparado un amplio programa de actividades que se desarrollar\u00e1 del 10 al 13 de septiembre y que permitir\u00e1 acercar la historia, la cultura y el patrimonio de la comunidad jud\u00eda y sefard\u00ed","og:url":"https:\/\/www.yoleoescaparate.com\/?p=151259","og:image":"https:\/\/www.yoleoescaparate.com\/wp-content\/uploads\/judia.jpg","og:image:secure_url":"https:\/\/www.yoleoescaparate.com\/wp-content\/uploads\/judia.jpg","og:image:width":1200,"og:image:height":675,"article:published_time":"2026-09-05T16:50:18+00:00","article:modified_time":"2026-09-05T16:50:22+00:00","article:publisher":"https:\/\/www.facebook.com\/revescaparate","twitter:card":"summary_large_image","twitter:site":"@rev_escaparate","twitter:title":"Calahorra celebra las Jornadas Europeas de la Cultura Jud\u00eda del 10 al 13 de septiembre \u2022 Escaparate","twitter:description":"La semana que viene se celebrar\u00e1n en Calahorra las Jornadas Europeas de la Cultura Jud\u00eda bajo el t\u00edtulo \u2018Love\u2019. Para ello, el Ayuntamiento de Calahorra ha preparado un amplio programa de actividades que se desarrollar\u00e1 del 10 al 13 de septiembre y que permitir\u00e1 acercar la historia, la cultura y el patrimonio de la comunidad jud\u00eda y sefard\u00ed","twitter:creator":"@rev_escaparate","twitter:image":"https:\/\/www.yoleoescaparate.com\/wp-content\/uploads\/judia.jpg"},"aioseo_meta_data":{"post_id":"151259","title":null,"description":null,"keywords":null,"keyphrases":{"focus":{"keyphrase":"","score":0,"analysis":{"keyphraseInTitle":{"score":0,"maxScore":9,"error":1}}},"additional":[]},"primary_term":null,"canonical_url":null,"og_title":null,"og_description":null,"og_object_type":"default","og_image_type":"default","og_image_url":null,"og_image_width":null,"og_image_height":null,"og_image_custom_url":null,"og_image_custom_fields":null,"og_video":"","og_custom_url":null,"og_article_section":null,"og_article_tags":null,"twitter_use_og":true,"twitter_card":"default","twitter_image_type":"default","twitter_image_url":null,"twitter_image_custom_url":null,"twitter_image_custom_fields":null,"twitter_title":null,"twitter_description":null,"schema":{"blockGraphs":[],"customGraphs":[],"default":{"data":{"Article":[],"Course":[],"Dataset":[],"FAQPage":[],"Movie":[],"Person":[],"Product":[],"ProductReview":[],"Car":[],"Recipe":[],"Service":[],"SoftwareApplication":[],"WebPage":[]},"graphName":"BlogPosting","isEnabled":true},"graphs":[]},"schema_type":"default","schema_type_options":null,"pillar_content":false,"robots_default":true,"robots_noindex":false,"robots_noarchive":false,"robots_nosnippet":false,"robots_nofollow":false,"robots_noimageindex":false,"robots_noodp":false,"robots_notranslate":false,"robots_max_snippet":"-1","robots_max_videopreview":"-1","robots_max_imagepreview":"large","priority":null,"frequency":"default","local_seo":null,"breadcrumb_settings":null,"limit_modified_date":false,"ai":{"faqs":[],"keyPoints":[],"schemas":[],"titles":[],"descriptions":[],"socialPosts":{"email":{"subject":"","preview":"","content":""},"linkedin":[],"twitter":[],"facebook":[],"instagram":[]}},"created":"2026-09-05 16:50:22","updated":"2026-09-05 16:50:29","seo_analyzer_scan_date":null},"aioseo_breadcrumb":"<div class=\"aioseo-breadcrumbs\"><span class=\"aioseo-breadcrumb\">\n\t\t\t<a href=\"https:\/\/www.yoleoescaparate.com\" title=\"Home\">Home<\/a>\n\t\t<\/span><span class=\"aioseo-breadcrumb-separator\">&raquo;<\/span><span class=\"aioseo-breadcrumb\">\n\t\t\t<a href=\"https:\/\/www.yoleoescaparate.com\/?cat=4\" title=\"Calahorra\">Calahorra<\/a>\n\t\t<\/span><span class=\"aioseo-breadcrumb-separator\">&raquo;<\/span><span class=\"aioseo-breadcrumb\">\n\t\t\tCalahorra celebra las Jornadas Europeas de la Cultura Jud\u00eda del 10 al 13 de septiembre\n\t\t<\/span><\/div>","aioseo_breadcrumb_json":[{"label":"Home","link":"https:\/\/www.yoleoescaparate.com"},{"label":"Calahorra","link":"https:\/\/www.yoleoescaparate.com\/?cat=4"},{"label":"Calahorra celebra las Jornadas Europeas de la Cultura Jud\u00eda del 10 al 13 de septiembre","link":"https:\/\/www.yoleoescaparate.com\/?p=151259"}],"_links":{"self":[{"href":"https:\/\/www.yoleoescaparate.com\/index.php?rest_route=\/wp\/v2\/posts\/151259","targetHints":{"allow":["GET"]}}],"collection":[{"href":"https:\/\/www.yoleoescaparate.com\/index.php?rest_route=\/wp\/v2\/posts"}],"about":[{"href":"https:\/\/www.yoleoescaparate.com\/index.php?rest_route=\/wp\/v2\/types\/post"}],"author":[{"embeddable":true,"href":"https:\/\/www.yoleoescaparate.com\/index.php?rest_route=\/wp\/v2\/users\/1"}],"replies":[{"embeddable":true,"href":"https:\/\/www.yoleoescaparate.com\/index.php?rest_route=%2Fwp%2Fv2%2Fcomments&post=151259"}],"version-history":[{"count":1,"href":"https:\/\/www.yoleoescaparate.com\/index.php?rest_route=\/wp\/v2\/posts\/151259\/revisions"}],"predecessor-version":[{"id":151261,"href":"https:\/\/www.yoleoescaparate.com\/index.php?rest_route=\/wp\/v2\/posts\/151259\/revisions\/151261"}],"wp:featuredmedia":[{"embeddable":true,"href":"https:\/\/www.yoleoescaparate.com\/index.php?rest_route=\/wp\/v2\/media\/151260"}],"wp:attachment":[{"href":"https:\/\/www.yoleoescaparate.com\/index.php?rest_route=%2Fwp%2Fv2%2Fmedia&parent=151259"}],"wp:term":[{"taxonomy":"category","embeddable":true,"href":"https:\/\/www.yoleoescaparate.com\/index.php?rest_route=%2Fwp%2Fv2%2Fcategories&post=151259"},{"taxonomy":"post_tag","embeddable":true,"href":"https:\/\/www.yoleoescaparate.com\/index.php?rest_route=%2Fwp%2Fv2%2Ftags&post=151259"}],"curies":[{"name":"wp","href":"https:\/\/api.w.org\/{rel}","templated":true}]}}