{"id":84555,"date":"2022-03-11T14:33:11","date_gmt":"2022-03-11T13:33:11","guid":{"rendered":"https:\/\/yoleoescaparate.com\/?p=84555"},"modified":"2022-03-17T14:31:29","modified_gmt":"2022-03-17T13:31:29","slug":"el-26-de-marzo-reabre-sus-puertas-el-centro-de-interpretacion-de-los-sotos-del-ebro-en-alfaro-y-sus-ciguenas","status":"publish","type":"post","link":"https:\/\/www.yoleoescaparate.com\/?p=84555","title":{"rendered":"El 26 de marzo reabre sus puertas el \u2018Centro de Interpretaci\u00f3n de los Sotos del Ebro en Alfaro y sus Cig\u00fce\u00f1as\u2019"},"content":{"rendered":"\n<!--more-->\n\n\n\n<p><strong>A partir de Semana Santa la Direcci\u00f3n General de Biodiversidad ofrecer\u00e1 un programa de actividades de interpretaci\u00f3n ambiental en la Reserva Natural de los Sotos de Alfaro tanto para el p\u00fablico general como para los centros educativos de la regi\u00f3n<\/strong>.<\/p>\n\n\n\n<p>Tras el cierre temporal de las instalaciones para dise\u00f1ar y organizar la futura Red de Centros de Interpretaci\u00f3n de la Naturaleza de La Rioja y su oferta de uso p\u00fablico, educaci\u00f3n ambiental e interpretaci\u00f3n del patrimonio, <strong>el \u2018Centro de Interpretaci\u00f3n de los Sotos del Ebro en Alfaro y sus Cig\u00fce\u00f1as\u2019 abrir\u00e1 de nuevo sus puertas al p\u00fablico el fin de semana del 26 y 27 de marzo en horario de 10:00 a 14:00 horas.<\/strong><\/p>\n\n\n\n<p>A partir de abril se retomar\u00e1 tambi\u00e9n la apertura del centro varios d\u00edas entre semana. Concretamente, del 1 de abril al 30 de octubre el Centro abrir\u00e1 sus puertas de mi\u00e9rcoles a domingo en ese mismo horario. Desde noviembre y hasta marzo, se volver\u00e1 al horario de invierno con apertura s\u00e1bados, domingos y festivos y un refuerzo en determinados periodos con mayor afluencia de visitantes y celebraciones especiales en Alfaro, como los d\u00edas en torno a San Blas y el D\u00eda de la Cig\u00fce\u00f1a, o en festividades como la Semana Santa.<\/p>\n\n\n\n<p>Junto a la posibilidad de visitar el Centro de Interpretaci\u00f3n, sus equipamientos interactivos, el nuevo audiovisual, o disfrutar de las c\u00e1maras que permiten ver de cerca la vida de los nidos de cig\u00fce\u00f1a de la vecina colegiata de San Miguel, a partir de Semana Santa la Direcci\u00f3n General de Biodiversidad ofrecer\u00e1 tambi\u00e9n un programa de actividades de interpretaci\u00f3n ambiental en la Reserva Natural de los Sotos de Alfaro, tanto para p\u00fablico general como para los centros educativos de la regi\u00f3n. El \u2018Centro de Interpretaci\u00f3n de los Sotos del Ebro en Alfaro y sus Cig\u00fce\u00f1as\u2019 ofrece a los visitantes la posibilidad de descubrir la biodiversidad que alberga una Reserva Natural \u00fanica en La Rioja, al tiempo que pone en valor el otro gran recurso educativo y tur\u00edstico de Alfaro, que es su colonia de cig\u00fce\u00f1as, aves que protagonizan adem\u00e1s buena parte de los contenidos y recursos expositivos del centro. De hecho, en la actualidad, y con la colaboraci\u00f3n del Ayuntamiento, el propio Centro y el denominado \u2018Mirador de las cig\u00fce\u00f1as\u2019, ubicado frente a los tejados de la Colegiata de San Miguel, est\u00e1n conectados a trav\u00e9s de varias se\u00f1ales de exterior (en la plaza de Espa\u00f1a, en la calle peatonal de acceso y en el propio mirador), as\u00ed como con un panel interpretativo frente al mirador que informa sobre las cig\u00fce\u00f1as y su vinculaci\u00f3n con la colegiata y los sotos.<\/p>\n\n\n\n<p><strong>Itinerario adaptado para las personas con discapacidad visual<\/strong><\/p>\n\n\n\n<p>En 2020 la Direcci\u00f3n General de Biodiversidad acometi\u00f3 un proyecto de remodelaci\u00f3n del Centro que lo ha convertido en un espacio completamente accesible para personas con discapacidad, en este caso adem\u00e1s haciendo una adaptaci\u00f3n especial para personas con discapacidad visual. Para ello, con la colaboraci\u00f3n y asesoramiento de la ONCE se dot\u00f3 al centro de un itinerario de visita que gu\u00eda a los usuarios mediante placas con lenguaje Braille colocadas en cada uno de los paneles, juegos y monitores. Asimismo, se cre\u00f3 un camino podot\u00e1ctil que, desde el suelo, recorre la instalaci\u00f3n de forma ordenada indicando al visitante con discapacidad visual las paradas a realizar. Igualmente, para mejorar su experiencia durante la visita, el centro dispone de diferentes juegos t\u00e1ctiles que permiten, por ejemplo, descubrir las texturas de elementos que se pueden encontrar en los sotos. Como complemento, existe una app audiogu\u00eda gratuita, que ayudar\u00e1 a personas con discapacidad visual a hacerse una idea completa tanto de lo que ofrece el centro como de los principales valores del espacio protegido.<\/p>\n\n\n\n<p>La app audiogu\u00eda, disponible adem\u00e1s de en espa\u00f1ol en franc\u00e9s e ingl\u00e9s, es un recurso que va a ayudar, asimismo, a potenciar la Reserva Natural y el Centro de Interpretaci\u00f3n como recurso tur\u00edstico para la zona.<\/p>\n\n\n\n<p>El nuevo espacio expositivo del Centro de Interpretaci\u00f3n quiere llamar la atenci\u00f3n de los visitantes sobre los cambios que experimenta la biodiversidad y las amenazas a las que se enfrenta en un espacio vivo y din\u00e1mico como son los Sotos del Ebro, con el paso del tiempo y la acci\u00f3n del ser humano. Para ello, adem\u00e1s de describir sus principales valores naturales, aborda mediante paneles informativos, m\u00f3dulos t\u00e1ctiles, juegos de distinto tipo y maquetas de animales a tama\u00f1o real, cuestiones como la problem\u00e1tica de las especies ex\u00f3ticas invasoras (mejill\u00f3n cebra, siluro, vis\u00f3n americano, cangrejos rojo y se\u00f1al, etc.), o el declive de determinadas especies en este ecosistema (gal\u00e1pago europeo, las n\u00e1yades o el vis\u00f3n europeo) y la reintroducci\u00f3n de otras como el castor. Tambi\u00e9n acoge la mayor exposici\u00f3n fotogr\u00e1fica de toda Europa sobre microorganismos acu\u00e1ticos presentes en estos ecosistemas, gracias a las fotograf\u00edas cedidas por Antonio Guill\u00e9n (investigador, profesor de instituto y coordinador del \u201cProyecto Agua\u201d).<\/p>\n\n\n\n<p>Otro de los atractivos del Centro de Interpretaci\u00f3n es la posibilidad de disfrutar de cuatro audiovisuales nuevos, de unos 10 de minutos de duraci\u00f3n cada uno, que tienen como hilo conductor el paso de las estaciones y su repercusi\u00f3n en la biodiversidad de la Reserva Natural y sus alrededores.<\/p>\n\n\n\n<p><\/p>\n\n\n\n<p>Los Sotos de Alfaro son, adem\u00e1s, una de las zonas que la Consejer\u00eda de Sostenibilidad y Transici\u00f3n Ecol\u00f3gica del Gobierno de La Rioja ha seleccionado para ampliar los espacios protegidos por la figura europea Red Natura 2000, que contar\u00e1 con 90 nuevas hect\u00e1reas en este municipio.<\/p>\n\n\n\n<p><a><\/a><br>La Rioja contar\u00e1 tras esta ampliaci\u00f3n con un 36 por ciento del territorio protegido por esta figura, ampliando en m\u00e1s de 12.000 hect\u00e1reas la superficie previa existente, abarcando ecosistemas tan importantes como nuevos sotos y riberas, el ca\u00f1\u00f3n del Iregua o las sierras de Serradero y Moncalvillo.<br><br><br><\/p>\n","protected":false},"excerpt":{"rendered":"","protected":false},"author":1,"featured_media":84558,"comment_status":"open","ping_status":"open","sticky":false,"template":"","format":"standard","meta":{"colormag_page_container_layout":"default_layout","colormag_page_sidebar_layout":"default_layout","om_disable_all_campaigns":false,"_monsterinsights_skip_tracking":false,"_monsterinsights_sitenote_active":false,"_monsterinsights_sitenote_note":"","_monsterinsights_sitenote_category":0,"footnotes":""},"categories":[5],"tags":[17],"class_list":["post-84555","post","type-post","status-publish","format-standard","has-post-thumbnail","hentry","category-alfaro","tag-noticias"],"aioseo_notices":[],"_links":{"self":[{"href":"https:\/\/www.yoleoescaparate.com\/index.php?rest_route=\/wp\/v2\/posts\/84555","targetHints":{"allow":["GET"]}}],"collection":[{"href":"https:\/\/www.yoleoescaparate.com\/index.php?rest_route=\/wp\/v2\/posts"}],"about":[{"href":"https:\/\/www.yoleoescaparate.com\/index.php?rest_route=\/wp\/v2\/types\/post"}],"author":[{"embeddable":true,"href":"https:\/\/www.yoleoescaparate.com\/index.php?rest_route=\/wp\/v2\/users\/1"}],"replies":[{"embeddable":true,"href":"https:\/\/www.yoleoescaparate.com\/index.php?rest_route=%2Fwp%2Fv2%2Fcomments&post=84555"}],"version-history":[{"count":0,"href":"https:\/\/www.yoleoescaparate.com\/index.php?rest_route=\/wp\/v2\/posts\/84555\/revisions"}],"wp:featuredmedia":[{"embeddable":true,"href":"https:\/\/www.yoleoescaparate.com\/index.php?rest_route=\/"}],"wp:attachment":[{"href":"https:\/\/www.yoleoescaparate.com\/index.php?rest_route=%2Fwp%2Fv2%2Fmedia&parent=84555"}],"wp:term":[{"taxonomy":"category","embeddable":true,"href":"https:\/\/www.yoleoescaparate.com\/index.php?rest_route=%2Fwp%2Fv2%2Fcategories&post=84555"},{"taxonomy":"post_tag","embeddable":true,"href":"https:\/\/www.yoleoescaparate.com\/index.php?rest_route=%2Fwp%2Fv2%2Ftags&post=84555"}],"curies":[{"name":"wp","href":"https:\/\/api.w.org\/{rel}","templated":true}]}}