{"id":85064,"date":"2022-04-07T14:18:43","date_gmt":"2022-04-07T12:18:43","guid":{"rendered":"https:\/\/www.yoleoescaparate.com\/?p=85064"},"modified":"2022-04-07T14:20:34","modified_gmt":"2022-04-07T12:20:34","slug":"pasea-la-rioja-ofertara-itinerarios-y-experiencias-de-la-red-de-centros-de-interpretacion-de-la-rioja","status":"publish","type":"post","link":"https:\/\/www.yoleoescaparate.com\/?p=85064","title":{"rendered":"Pasea La Rioja ofertar\u00e1 itinerarios y experiencias de la Red de Centros de Interpretaci\u00f3n de La Rioja"},"content":{"rendered":"\n<!--more-->\n\n\n\n<p><strong>Desde Semana Santa hasta final de a\u00f1o se ofertar\u00e1n 197 itinerarios de interpretaci\u00f3n socioambiental para todos los p\u00fablicos, 2.950 plazas en itinerarios para escolares as\u00ed como actividades de sensibilizaci\u00f3n ambiental vinculadas a d\u00edas mundiales, entre otras<\/strong><\/p>\n\n\n\n<p>\u201cLa central de reservas Pasea La Rioja nace del empe\u00f1o del Gobierno de La Rioja por acercar el medio natural de la regi\u00f3n y sus valores a la ciudadan\u00eda y visitantes, desde la cual los usuarios podr\u00e1n realizar la reserva de todas las actividades que incluye el programa, a trav\u00e9s del ordenador o del tel\u00e9fono m\u00f3vil\u201d.<\/p>\n\n\n\n<p>La web&nbsp;<a href=\"https:\/\/pasea.larioja.org\/\" target=\"_blank\" rel=\"noreferrer noopener\">pasea.larioja.org<\/a>&nbsp;ofrece la posibilidad de consultar y reservar las actividades de una forma sencilla, segura y disponible las 24 horas del d\u00eda los 7 d\u00edas de la semana. Tan solo hay que seleccionar la actividad que se desea realizar y la fecha elegida, comprobar el n\u00famero de plazas disponibles e introducir el n\u00famero de plazas que se quiere reservar y los datos de los participantes. Una vez se reciba el aviso de confirmaci\u00f3n, la reserva ser\u00e1 efectiva. La gran mayor\u00eda de actividades que se ofrezcan a trav\u00e9s del portal ser\u00e1n gratuitas; de manera excepcional se puede programar alguna actividad que implique un desembolso econ\u00f3mico por parte de los participantes, en cuyo caso se avisar\u00e1 convenientemente a la hora de hacer la reserva.<\/p>\n\n\n\n<p>Junto a la oferta de actividades, la web ofrece tambi\u00e9n informaci\u00f3n de todos los centros de interpretaci\u00f3n con horarios de apertura, datos de contacto, ubicaci\u00f3n, servicios del centro o cercanos al mismo y otros recursos tur\u00edsticos e interpretativos de la zona<\/p>\n\n\n\n<p>El portal incorporar\u00e1 tambi\u00e9n referencia a las actividades de la Reserva de la Biosfera, informaci\u00f3n sobre los \u00c1rboles Singulares de La Rioja y los m\u00e1s de 650 kil\u00f3metros de la Red de Senderos de la comunidad.<\/p>\n\n\n\n<p>La web incluye asimismo un apartado de noticias donde se ir\u00e1 publicando informaci\u00f3n relacionada con los espacios naturales, con la educaci\u00f3n ambiental, as\u00ed como avisos, actualizaciones y noticias de inter\u00e9s para potenciales usuarios del programa; y un apartado de preguntas frecuentes que trata de resolver las dudas que puedan surgir a la hora de reservar actividades.<\/p>\n\n\n\n<p>El programa Pasea La Rioja pone tambi\u00e9n a disposici\u00f3n de los usuarios el tel\u00e9fono 608 33 93 19 que estar\u00e1 disponible todos los d\u00edas de la semana en horario de 8:30 a 15:00 horas, as\u00ed como un correo electr\u00f3nico al que pueden dirigir sus consultas o sugerencias&nbsp;<a href=\"mailto:pasealarioja@larioja.org\">pasealarioja@larioja.org<\/a>, que tambi\u00e9n pueden canalizarse a trav\u00e9s del propio portal de internet.<\/p>\n\n\n\n<p>El programa de interpretaci\u00f3n socioambiental al que se puede acceder a trav\u00e9s de la web pasea.larioja.org arranca con 7 experiencias diferentes, una por cada centro de interpretaci\u00f3n.<\/p>\n\n\n\n<p>Recorridos de corta duraci\u00f3n y escaso requerimiento f\u00edsico en los que se busca que los participantes descubran el significado del territorio, a trav\u00e9s de las huellas que ha dejado en \u00e9l la evoluci\u00f3n y transformaci\u00f3n natural, hist\u00f3rica y socioecon\u00f3mica; y sus valores.<\/p>\n\n\n\n<p>Dentro de este objetivo com\u00fan, cada uno de estos itinerarios interpretativos est\u00e1 vinculado a un centro de interpretaci\u00f3n y gira en torno a una tem\u00e1tica espec\u00edfica que se adivina en sus t\u00edtulos:<\/p>\n\n\n\n<ul class=\"wp-block-list\"><li><strong>\u00bfEbro? \u00a1Presente!:<\/strong>&nbsp;un sencillo paseo siguiendo el ritmo del Ebro a su paso por Alfaro que nos adentra en uno de sus meandros para observar como el cambio de relaci\u00f3n con su cauce nos regala una Reserva Natural \u00fanica en La Rioja.<\/li><li><strong>La sierra con mirada de mujer:<\/strong>&nbsp;en este paseo, en torno al museo etnogr\u00e1fico de San Andr\u00e9s, la mirada femenina nos gu\u00eda por las calles de esta pedan\u00eda serrana y nos traslada a una sierra de subsistencia, despu\u00e9s del declive de la trashumancia, donde huertas y eras, adem\u00e1s de cuidados y alimentos, eran tambi\u00e9n cosas de mujeres.<\/li><li><strong>Ventrosa, \u00bfhacia una nueva primavera?:<\/strong>&nbsp;desde la Casa del Maestro de Ventrosa proponemos un paseo que invita a viajar por la memoria de un paisaje, a ritmo de las cuatro estaciones, para conocer el cambio que la Ventrosa de los pastores trashumantes, rica y floreciente, ha vivido hasta la actual Sierra m\u00e1s c\u00e1lida y silenciosa.<\/li><li><strong>Agua, madera y vida:<\/strong>&nbsp;este paseo alrededor de la ermita de Lomos de Orios, en el Parque Natural de la Sierra de Cebollera, nos lleva a trav\u00e9s de praderas, bosques y dehesas para poner al descubierto los beneficios que nos aporta el cuidado de esta cuenca.<\/li><li><strong>Tejiendo otras lanas:<\/strong>&nbsp;en Brieva de Cameros, este paseo, vinculado al rancho del Esquileo, nos conduce hasta el t\u00e9rmino de la Horca y nos ofrece una mirada m\u00e1s amplia sobre el ritmo que la ganader\u00eda, con espacio, tiempo y cuidado, marca en el territorio.<\/li><li><strong>Arnedillo, a vista de p\u00e1jaro:<\/strong>&nbsp;a ritmo geol\u00f3gico, este recorrido nos transporta a la Tierra de movimientos y fuerzas que formaron las pe\u00f1as de Arnedillo, hogar del buitre y de otras muchas especies rup\u00edcolas que conoceremos en el ascenso hasta un collado sobre el valle del Cidacos.<\/li><li><strong>No hay comunes, sin comunidad:<\/strong><em>&nbsp;<\/em>desde un lugar de paso y encuentro centenario, la Venta de Piqueras, este paseo invita a un viaje de luchas y defensas por lo propio, por lo com\u00fan, para conocer el origen de una alianza, la Hermandad de las 13 Villas, una comunidad de comunidades que mantiene vivo hasta el d\u00eda de hoy el legado recibido.<\/li><\/ul>\n\n\n\n<p>Los siete itinerarios interpretativos tienen una duraci\u00f3n aproximada de dos horas y un recorrido que no excede los dos kil\u00f3metros por lo que son apropiados para todo tipo de p\u00fablico. Se programar\u00e1n en&nbsp; s\u00e1bados, domingos y festivos a lo largo de todo el a\u00f1o alternando actividades y centros de interpretaci\u00f3n para tratar de optimizar la distribuci\u00f3n de la oferta por el territorio riojano.<\/p>\n\n\n\n<p>El d\u00eda que haya actividad programada, y durante el periodo en el que no se lleve a cabo el itinerario interpretativo, los educadores ambientales del Gobierno de La Rioja atender\u00e1n los centros de interpretaci\u00f3n y realizar\u00e1n visitas guiadas a los mismos para que los visitantes puedan completar su experiencia. El resto de d\u00edas que no haya actividad programada, los nuevos centros de la red mantendr\u00e1n, en su caso, el r\u00e9gimen de apertura que tenga estipulado cada Ayuntamiento. Los Centros de Alfaro y Villoslada, por su parte, tendr\u00e1n un horario m\u00e1s amplio de atenci\u00f3n al p\u00fablico.&nbsp;&nbsp;&nbsp;&nbsp;&nbsp;<\/p>\n","protected":false},"excerpt":{"rendered":"","protected":false},"author":1,"featured_media":85066,"comment_status":"open","ping_status":"open","sticky":false,"template":"","format":"standard","meta":{"colormag_page_container_layout":"default_layout","colormag_page_sidebar_layout":"default_layout","om_disable_all_campaigns":false,"_monsterinsights_skip_tracking":false,"_monsterinsights_sitenote_active":false,"_monsterinsights_sitenote_note":"","_monsterinsights_sitenote_category":0,"footnotes":""},"categories":[21],"tags":[64,17,317],"class_list":["post-85064","post","type-post","status-publish","format-standard","has-post-thumbnail","hentry","category-la-rioja","tag-la-rioja","tag-noticias","tag-pasea-la-rioja"],"aioseo_notices":[],"_links":{"self":[{"href":"https:\/\/www.yoleoescaparate.com\/index.php?rest_route=\/wp\/v2\/posts\/85064","targetHints":{"allow":["GET"]}}],"collection":[{"href":"https:\/\/www.yoleoescaparate.com\/index.php?rest_route=\/wp\/v2\/posts"}],"about":[{"href":"https:\/\/www.yoleoescaparate.com\/index.php?rest_route=\/wp\/v2\/types\/post"}],"author":[{"embeddable":true,"href":"https:\/\/www.yoleoescaparate.com\/index.php?rest_route=\/wp\/v2\/users\/1"}],"replies":[{"embeddable":true,"href":"https:\/\/www.yoleoescaparate.com\/index.php?rest_route=%2Fwp%2Fv2%2Fcomments&post=85064"}],"version-history":[{"count":0,"href":"https:\/\/www.yoleoescaparate.com\/index.php?rest_route=\/wp\/v2\/posts\/85064\/revisions"}],"wp:featuredmedia":[{"embeddable":true,"href":"https:\/\/www.yoleoescaparate.com\/index.php?rest_route=\/wp\/v2\/media\/85066"}],"wp:attachment":[{"href":"https:\/\/www.yoleoescaparate.com\/index.php?rest_route=%2Fwp%2Fv2%2Fmedia&parent=85064"}],"wp:term":[{"taxonomy":"category","embeddable":true,"href":"https:\/\/www.yoleoescaparate.com\/index.php?rest_route=%2Fwp%2Fv2%2Fcategories&post=85064"},{"taxonomy":"post_tag","embeddable":true,"href":"https:\/\/www.yoleoescaparate.com\/index.php?rest_route=%2Fwp%2Fv2%2Ftags&post=85064"}],"curies":[{"name":"wp","href":"https:\/\/api.w.org\/{rel}","templated":true}]}}