{"id":85327,"date":"2022-04-15T06:02:19","date_gmt":"2022-04-15T04:02:19","guid":{"rendered":"https:\/\/www.yoleoescaparate.com\/?p=85327"},"modified":"2022-04-15T06:52:29","modified_gmt":"2022-04-15T04:52:29","slug":"viernes-santo-en-calahorra","status":"publish","type":"post","link":"https:\/\/www.yoleoescaparate.com\/?p=85327","title":{"rendered":"Viernes Santo en Calahorra"},"content":{"rendered":"\n<!--more-->\n\n\n\n<figure class=\"wp-block-image size-large\"><img loading=\"lazy\" decoding=\"async\" width=\"1024\" height=\"314\" src=\"https:\/\/www.yoleoescaparate.com\/wp-content\/uploads\/2022\/03\/listanoticiasCH-1024x314.jpg\" alt=\"\" class=\"wp-image-84817\" srcset=\"https:\/\/www.yoleoescaparate.com\/wp-content\/uploads\/2022\/03\/listanoticiasCH-1024x314.jpg 1024w, https:\/\/www.yoleoescaparate.com\/wp-content\/uploads\/2022\/03\/listanoticiasCH-300x92.jpg 300w, https:\/\/www.yoleoescaparate.com\/wp-content\/uploads\/2022\/03\/listanoticiasCH-768x236.jpg 768w, https:\/\/www.yoleoescaparate.com\/wp-content\/uploads\/2022\/03\/listanoticiasCH.jpg 1200w\" sizes=\"auto, (max-width: 1024px) 100vw, 1024px\" \/><\/figure>\n\n\n\n<p>Durante el Viernes Santo tienen lugar dos importantes procesiones:<\/p>\n\n\n\n<h3 class=\"wp-block-heading\"> <\/h3>\n\n\n\n<p><strong>12:00 h.<\/strong> PROCESI\u00d3N DEL SILENCIO<br>Recorrido:<br>Planillo de San Andr\u00e9s, Bellavista, Sol, Grande, Raso, Mayor y Templo de San Francisco<\/p>\n\n\n\n<h3 class=\"wp-block-heading\">PROCESI\u00d3N DEL SILENCIO<\/h3>\n\n\n\n<p><strong>La ma\u00f1ana del Viernes Santo<\/strong>\u00a0tiene lugar la Procesi\u00f3n del Silencio, en la que se procesionan dos pasos:\u00a0<strong>El Cristo de la Vera Cruz<\/strong>\u00a0y\u00a0<strong>La Piedad<\/strong>.<\/p>\n\n\n\n<p>Esta procesi\u00f3n, en la actualidad, sale de la Iglesia de San Andr\u00e9s y llega a la Iglesia de San Francisco. En ella m\u00e1s de 300 hermanos cofrades acompa\u00f1an en el camino a los dos pasos.<\/p>\n\n\n\n<p>La peculiaridad de esta procesi\u00f3n se encuentra en el sonido de unos antiqu\u00edsimos instrumentos tradicionales,\u00a0<strong>las matracas y las carracas.<\/strong><br><strong>La matraca\u00a0<\/strong>es un instrumento idi\u00f3fono de percusi\u00f3n indirecta. El sonido es producido al golpear el mazo o aldaba sobre la tabla a la que va unido, al ser \u00e9sta sacudida o girada, por el ejecutante.<\/p>\n\n\n\n<p><strong>El Cristo de la Vera Cruz\u00a0<\/strong>es una talla sensacional realizada en el a\u00f1o 1560 por Guiot de Beaugrant, y\u00a0<strong>La Piedad<\/strong>, grupo escult\u00f3rico de Miguel Blay y F\u00e1brega, de 1943.<\/p>\n\n\n\n<h3 class=\"wp-block-heading\"><strong>20:30 h. MAGNA PROCESI\u00d3N DEL SANTO ENTIERRO<\/strong><\/h3>\n\n\n\n<p><strong>Recorrido:<\/strong><br>Planillo de San Francisco, De\u00e1n Palacios, Calle San Andr\u00e9s, Calle Pedro Guti\u00e9rrez, Calle de la Enramada, Cuatro Esquinas, Calle Ra\u00f3n, Calle del Sol, Calle Grande, Plaza del Raso, Calle Mayor, Pza. Dr. Garc\u00eda Anto\u00f1anzas, Cuesta de la Catedral, Cuesta San Francisco<\/p>\n\n\n\n<p>Al caer\u00a0<strong>la tarde del\u00a0Viernes Santo<\/strong>\u00a0tiene lugar\u00a0<strong>la procesi\u00f3n m\u00e1s importante\u00a0<\/strong>de la Semana Santa Calagurritana: La Magna Procesi\u00f3n del Santo Entierro.<\/p>\n\n\n\n<p>Se procesionan\u00a0<strong>diecis\u00e9is pasos<\/strong>\u00a0y participan en ella\u00a0<strong>m\u00e1s de dos mil personas<\/strong>. Est\u00e1 considerada una de las mayores del Norte de Espa\u00f1a. La procesi\u00f3n discurre por las calles m\u00e1s emblem\u00e1ticas del Casco Antiguo de Calahorra, con salida y llegada al Templo de San Francisco.<\/p>\n\n\n\n<p>Esta procesi\u00f3n est\u00e1 presidida por el Obispo de la Di\u00f3cesis de Calahorra y La Calzada-Logro\u00f1o, acompa\u00f1ado por la Corporaci\u00f3n Municipal y la Banda Municipal de M\u00fasica. El paso de la\u00a0<em>Entrada de Jes\u00fas en Jerusalem<\/em>\u00a0sale escoltado por la Polic\u00eda Local con traje de gala y el paso del\u00a0<em>Sepulcro<\/em>, es escoltado por la Guardia Civil.<\/p>\n\n\n\n<p>En 2007, RTVE retransmiti\u00f3 esta procesi\u00f3n en directo para toda Espa\u00f1a y a trav\u00e9s del Canal Internacional.<\/p>\n\n\n\n<h5 class=\"wp-block-heading\"><strong>Orden de la Procesi\u00f3n<\/strong>:<\/h5>\n\n\n\n<p>Banda de Tambores y Cornetas, Libro de Actas de la Cofrad\u00eda, Mazas y Cruces en metales nobles.<br>A continuaci\u00f3n, desfilan los siguientes pasos:<\/p>\n\n\n\n<ol class=\"wp-block-list\"><li>Entrada de Jes\u00fas en Jerusal\u00e9n<\/li><li>La \u00daltima Cena<\/li><li>La Oraci\u00f3n del Huerto<\/li><li>La Flagelaci\u00f3n<\/li><li>Ecce Homo<\/li><li>La Sentencia<\/li><li>Cristo de Medinaceli<\/li><li>El Encuentro<\/li><li>El Cirineo<\/li><li>La Ca\u00edda<\/li><li>Cristo Agon\u00eda<\/li><li>Cristo de la Vera Cruz<\/li><li>El Descendimiento<\/li><li>La Piedad<\/li><li>Santo Sepulcro<\/li><li>Virgen Dolorosa<\/li><\/ol>\n\n\n\n<p><strong>Las Tallas<\/strong><\/p>\n\n\n\n<p>Varias tallas son de los<strong>\u00a0siglos XVI y XVII,\u00a0<\/strong>de gran valor art\u00edstico. Destacan el\u00a0<strong>Ecce Homo<\/strong>, de Gregorio Fern\u00e1ndez (Escuela castellana, a\u00f1o 1610),\u00a0 el\u00a0<strong>Cristo de Medinaceli<\/strong>\u00a0(Juan Fern\u00e1ndez de Vallejo, A\u00f1o 1580), el\u00a0<strong>Cristo de la Agon\u00eda<\/strong>\u00a0(Juan Bazcardo, a\u00f1o 1628), el\u00a0<strong>Cristo de la Vera Cruz<\/strong>\u00a0(Guiot de Beaugrant, a\u00f1o 1560) y el\u00a0<strong>Cristo Yacente<\/strong>\u00a0(An\u00f3nimo, a\u00f1o 1630).<\/p>\n\n\n\n<p>El resto de pasos pertenecen en su mayor\u00eda a los siglos\u00a0<strong>XIX y XX<\/strong>, con autores como\u00a0Jos\u00e9 Berga Boix, Celestino Devesa, Manuel Trait\u00e9 i Figueres, Jaime Martrus i Riera, Sabel Costa, Juan Llagostera, Emeterio Velez, Arsenio Bertr\u00e1n i Surroca y Gonzalo Mart\u00ednez,\u00a0<strong>escultores pertenecientes a los talleres de \u201cEl Arte Cristiano\u201d de Olot<\/strong>\u00a0(Vayreda, Bassols, Casab\u00f3 y Cia, S.L.). Son dise\u00f1os realizados en pasta cart\u00f3n madera que tienen la concesi\u00f3n afirmativa por parte de la Sagrada Congregaci\u00f3n de ritus e indulgencias, y por tanto, la consideraci\u00f3n de material noble y venerable.<\/p>\n\n\n\n<p><\/p>\n\n\n\n<p><br><strong>S\u00e1bado 16 de abril.<\/strong><br>11:30 h. Procesi\u00f3n de la Soledad de Mar\u00eda.<br>21:00 h. Santo Oficio Vigilia Pascual en la parroquia de San Andr\u00e9s.<br><strong>Domingo 17 de abril.<\/strong><br>11:00 h. Procesi\u00f3n del Cristo Resucitado y Virgen Gloriosa. A continuaci\u00f3n, Misa de Resurrecci\u00f3n en la parroquia de San Andr\u00e9s con la colaboraci\u00f3n de la Coral de San Andr\u00e9s.<br><strong>Lunes 18 de abril.<\/strong><br>D\u00eda del Cofrade. A partir de las 16:00 horas la Cofrad\u00eda propone una tarde de encuentros y celebraciones para los participantes en la Semana Santa, penitentes, trabadores, tambores, etc.<br>A las 19:00 h. Vino Espa\u00f1ol. Nave de la Cofrad\u00eda<\/p>\n","protected":false},"excerpt":{"rendered":"","protected":false},"author":1,"featured_media":85328,"comment_status":"open","ping_status":"open","sticky":false,"template":"","format":"standard","meta":{"colormag_page_container_layout":"default_layout","colormag_page_sidebar_layout":"default_layout","om_disable_all_campaigns":false,"_monsterinsights_skip_tracking":false,"_monsterinsights_sitenote_active":false,"_monsterinsights_sitenote_note":"","_monsterinsights_sitenote_category":0,"footnotes":""},"categories":[4,212],"tags":[16,298,329],"class_list":["post-85327","post","type-post","status-publish","format-standard","has-post-thumbnail","hentry","category-calahorra","category-planes","tag-calahorra","tag-semana-santa","tag-viernes-santo"],"aioseo_notices":[],"_links":{"self":[{"href":"https:\/\/www.yoleoescaparate.com\/index.php?rest_route=\/wp\/v2\/posts\/85327","targetHints":{"allow":["GET"]}}],"collection":[{"href":"https:\/\/www.yoleoescaparate.com\/index.php?rest_route=\/wp\/v2\/posts"}],"about":[{"href":"https:\/\/www.yoleoescaparate.com\/index.php?rest_route=\/wp\/v2\/types\/post"}],"author":[{"embeddable":true,"href":"https:\/\/www.yoleoescaparate.com\/index.php?rest_route=\/wp\/v2\/users\/1"}],"replies":[{"embeddable":true,"href":"https:\/\/www.yoleoescaparate.com\/index.php?rest_route=%2Fwp%2Fv2%2Fcomments&post=85327"}],"version-history":[{"count":0,"href":"https:\/\/www.yoleoescaparate.com\/index.php?rest_route=\/wp\/v2\/posts\/85327\/revisions"}],"wp:featuredmedia":[{"embeddable":true,"href":"https:\/\/www.yoleoescaparate.com\/index.php?rest_route=\/wp\/v2\/media\/85328"}],"wp:attachment":[{"href":"https:\/\/www.yoleoescaparate.com\/index.php?rest_route=%2Fwp%2Fv2%2Fmedia&parent=85327"}],"wp:term":[{"taxonomy":"category","embeddable":true,"href":"https:\/\/www.yoleoescaparate.com\/index.php?rest_route=%2Fwp%2Fv2%2Fcategories&post=85327"},{"taxonomy":"post_tag","embeddable":true,"href":"https:\/\/www.yoleoescaparate.com\/index.php?rest_route=%2Fwp%2Fv2%2Ftags&post=85327"}],"curies":[{"name":"wp","href":"https:\/\/api.w.org\/{rel}","templated":true}]}}