{"id":85365,"date":"2022-04-14T07:00:00","date_gmt":"2022-04-14T05:00:00","guid":{"rendered":"https:\/\/www.yoleoescaparate.com\/?p=85365"},"modified":"2022-04-13T14:31:02","modified_gmt":"2022-04-13T12:31:02","slug":"jueves-santo-en-la-semana-santa-verde-de-alfaro","status":"publish","type":"post","link":"https:\/\/www.yoleoescaparate.com\/?p=85365","title":{"rendered":"Jueves Santo en la Semana Santa Verde de Alfaro"},"content":{"rendered":"\n<!--more-->\n\n\n\n<p>No todo van a ser procesiones y celebraciones religiosas, as\u00ed Alfaro mezcla en estos d\u00edas gastronom\u00eda y religi\u00f3n en la Semana Santa Verde:<\/p>\n\n\n\n<h2 class=\"wp-block-heading\"><u><strong>JUEVES,&nbsp; 14 &nbsp;&nbsp;DE ABRIL<\/strong><\/u><\/h2>\n\n\n\n<div class=\"wp-block-image\"><figure class=\"aligncenter size-full\"><a href=\"mailto: renaceralfaro@outlook.es\"><img loading=\"lazy\" decoding=\"async\" width=\"680\" height=\"200\" src=\"https:\/\/www.yoleoescaparate.com\/wp-content\/uploads\/2022\/04\/renacerBC.jpg\" alt=\"\" class=\"wp-image-85366\" srcset=\"https:\/\/www.yoleoescaparate.com\/wp-content\/uploads\/2022\/04\/renacerBC.jpg 680w, https:\/\/www.yoleoescaparate.com\/wp-content\/uploads\/2022\/04\/renacerBC-300x88.jpg 300w\" sizes=\"auto, (max-width: 680px) 100vw, 680px\" \/><\/a><\/figure><\/div>\n\n\n\n<h4 class=\"wp-block-heading\">&nbsp;<\/h4>\n\n\n\n<p><strong>TREN TURISTICO EN ALFARO<\/strong><\/p>\n\n\n\n<p>D\u00edas del 14 AL 16&nbsp; DE ABRIL<\/p>\n\n\n\n<p>Salidas Plaza Espa\u00f1a<\/p>\n\n\n\n<p>Ruta natural y urbana<\/p>\n\n\n\n<p>Horario de 11:00 a 14:00. \u00daltimo viaje a las 13:30<\/p>\n\n\n\n<p>De 16:30 a 20:30&nbsp; \u00daltimo viaje a las 20:00<\/p>\n\n\n\n<p>Organiza: Trenes Autol<\/p>\n\n\n\n<p>Colabora: Ayuntamiento de Alfaro<\/p>\n\n\n\n<h4 class=\"wp-block-heading\">&nbsp;<\/h4>\n\n\n\n<p><strong>TALLER DE ARQUEOLOG\u00cdA&nbsp; \u201cArque\u00f3logo por un d\u00eda\u201d<\/strong><\/p>\n\n\n\n<p>Conoce la sala museogr\u00e1fica Graccurris<\/p>\n\n\n\n<p>Hora: 11 de la ma\u00f1ana<\/p>\n\n\n\n<p>Edades: De 5 a 12 a\u00f1os<\/p>\n\n\n\n<p>Gratuito<\/p>\n\n\n\n<p>Plazas: 10<\/p>\n\n\n\n<p>Lugar: Sala museogr\u00e1fica Graccurris<\/p>\n\n\n\n<h4 class=\"wp-block-heading\">Inscripciones: directamente en la Sala ese d\u00eda hasta completar aforo.<\/h4>\n\n\n\n<h4 class=\"wp-block-heading\">&nbsp;<\/h4>\n\n\n\n<p><strong>MASTER CHEF INFANTIL DE VERDURAS<\/strong><\/p>\n\n\n\n<p>El taller de Master Chef contar\u00e1 de dos partes:<\/p>\n\n\n\n<p>Elaboraci\u00f3n y decoraci\u00f3n de gorro y delantal para convertirse en chef.<\/p>\n\n\n\n<p>Taller de Master Chef con verduras frescas en el que podr\u00e1n elaborar un dibujo con todo tipo de verduras en tortitas la cual luego podr\u00e1n cocinar para seguidamente degustar su plato creado.<\/p>\n\n\n\n<p>Edades de 3 a 12 a\u00f1os<\/p>\n\n\n\n<p>Gratuito<\/p>\n\n\n\n<p>Plazas: 50<\/p>\n\n\n\n<p>Lugar: Centro Cultural, Tur\u00edstico y Medio Ambiental en la Plaza Espa\u00f1a<\/p>\n\n\n\n<p>Hora: De 12:15 h a 13:45 h<\/p>\n\n\n\n<h4 class=\"wp-block-heading\">Inscripciones: directamente en la Sala ese d\u00eda hasta completar aforo.<\/h4>\n\n\n\n<h4 class=\"wp-block-heading\">&nbsp;<\/h4>\n\n\n\n<p><strong>CATA Y MARIDAJE DE CERVEZA<\/strong><\/p>\n\n\n\n<p>Cata con maestro cervecero de cuatro clases de cerveza acompa\u00f1adas con algunos de mejores alimentos con los que maridan. Se proceder\u00e1 a explicar todos los procesos en la elaboraci\u00f3n de los diferentes tipos de cerveza.<\/p>\n\n\n\n<p>CERVEZAS (Botellines de 33 ml) MARIDADAS CON IB\u00c9RICOS, QUESOS, TORTILLA DE PATATA CON TOQUE PICANTE Y CULANT DE CHOCOLATE. (UNA TABLA POR PERSONA)<\/p>\n\n\n\n<p><strong>CERVEZA KELER RUBIA<\/strong><\/p>\n\n\n\n<p><strong>CERVEZA ORO BILBAO<\/strong><\/p>\n\n\n\n<p><strong>CERVEZA BOCK NEGRA<\/strong><\/p>\n\n\n\n<p><strong>CERVEZA ROJA MALQUERIDA<\/strong><\/p>\n\n\n\n<p>PRECIO: &nbsp;&nbsp;&nbsp;&nbsp;&nbsp;&nbsp;&nbsp; 12 \u20ac<\/p>\n\n\n\n<p>INSCRIPCIONES enviar un WhatsApp a 666 286984<\/p>\n\n\n\n<p>PLAZAS: 70<\/p>\n\n\n\n<p>Hora:&nbsp;&nbsp; &nbsp;&nbsp;&nbsp;&nbsp;&nbsp;&nbsp;&nbsp;&nbsp;&nbsp;&nbsp; 19:00 h a 20:30 h<\/p>\n\n\n\n<p>Lugar:&nbsp; &nbsp;&nbsp;&nbsp;&nbsp;&nbsp;&nbsp;&nbsp;&nbsp;&nbsp;&nbsp; Iglesia de la Concepci\u00f3n<\/p>\n\n\n\n<p><\/p>\n\n\n\n<p><strong>COCO UN POCO LOCO EL MUSICAL<\/strong><\/p>\n\n\n\n<p>Una historia de emociones, risas y aventuras para disfrutar en familia. Un acontecimiento teatral y musical basado en la famosa pel\u00edcula de COCO.<\/p>\n\n\n\n<p>Precio: 15 \u20ac<\/p>\n\n\n\n<p>Hora: 18:00<\/p>\n\n\n\n<p>Organiza: Programaci\u00f3n y producciones musicales Miguel Villanueva<\/p>\n\n\n\n<p>Lugar: Sala Florida<\/p>\n\n\n\n<p><strong>Entradas en:<\/strong>&nbsp;<a rel=\"noreferrer noopener\" href=\"https:\/\/www.enterticket.es\/eventos\/coco-un-poco-loco-el-musical-en-alfaro-223132\" target=\"_blank\">https:\/\/www.enterticket.es\/eventos\/coco-un-poco-loco-el-musical-en-alfaro-223132<\/a><\/p>\n\n\n\n<p><\/p>\n\n\n\n<p><strong>\u2022 \u201cMisa de la Cena del Se\u00f1or\u201d. Hora: 18:30 h. en Santa Mar\u00eda del Burgo.<\/strong><\/p>\n\n\n\n<p><strong>\u2022 \u201cCustoria al Monumento\u201d. Hora: 20:00 h. en Santa Mar\u00eda del Burgo.<\/strong><\/p>\n\n\n\n<p><strong>\u2022 \u201cHora Santa\u201d. Hora: 22:00 h. en Santa Mar\u00eda del Burgo.<\/strong><\/p>\n\n\n\n<p><\/p>\n\n\n\n<h2 class=\"wp-block-heading\"><strong><u>Actividades tur\u00edsticas durante LA XVI SEMANA SAN<\/u><\/strong>TA VERDE<\/h2>\n","protected":false},"excerpt":{"rendered":"","protected":false},"author":1,"featured_media":85367,"comment_status":"open","ping_status":"open","sticky":false,"template":"","format":"standard","meta":{"colormag_page_container_layout":"default_layout","colormag_page_sidebar_layout":"default_layout","om_disable_all_campaigns":false,"_monsterinsights_skip_tracking":false,"_monsterinsights_sitenote_active":false,"_monsterinsights_sitenote_note":"","_monsterinsights_sitenote_category":0,"footnotes":""},"categories":[5,212],"tags":[72,331,308],"class_list":["post-85365","post","type-post","status-publish","format-standard","has-post-thumbnail","hentry","category-alfaro","category-planes","tag-alfaro","tag-jueves-santo","tag-semana-santa-verde"],"aioseo_notices":[],"_links":{"self":[{"href":"https:\/\/www.yoleoescaparate.com\/index.php?rest_route=\/wp\/v2\/posts\/85365","targetHints":{"allow":["GET"]}}],"collection":[{"href":"https:\/\/www.yoleoescaparate.com\/index.php?rest_route=\/wp\/v2\/posts"}],"about":[{"href":"https:\/\/www.yoleoescaparate.com\/index.php?rest_route=\/wp\/v2\/types\/post"}],"author":[{"embeddable":true,"href":"https:\/\/www.yoleoescaparate.com\/index.php?rest_route=\/wp\/v2\/users\/1"}],"replies":[{"embeddable":true,"href":"https:\/\/www.yoleoescaparate.com\/index.php?rest_route=%2Fwp%2Fv2%2Fcomments&post=85365"}],"version-history":[{"count":0,"href":"https:\/\/www.yoleoescaparate.com\/index.php?rest_route=\/wp\/v2\/posts\/85365\/revisions"}],"wp:featuredmedia":[{"embeddable":true,"href":"https:\/\/www.yoleoescaparate.com\/index.php?rest_route=\/wp\/v2\/media\/85367"}],"wp:attachment":[{"href":"https:\/\/www.yoleoescaparate.com\/index.php?rest_route=%2Fwp%2Fv2%2Fmedia&parent=85365"}],"wp:term":[{"taxonomy":"category","embeddable":true,"href":"https:\/\/www.yoleoescaparate.com\/index.php?rest_route=%2Fwp%2Fv2%2Fcategories&post=85365"},{"taxonomy":"post_tag","embeddable":true,"href":"https:\/\/www.yoleoescaparate.com\/index.php?rest_route=%2Fwp%2Fv2%2Ftags&post=85365"}],"curies":[{"name":"wp","href":"https:\/\/api.w.org\/{rel}","templated":true}]}}