{"id":85505,"date":"2022-04-20T11:32:17","date_gmt":"2022-04-20T09:32:17","guid":{"rendered":"https:\/\/www.yoleoescaparate.com\/?p=85505"},"modified":"2022-04-20T11:32:18","modified_gmt":"2022-04-20T09:32:18","slug":"el-uso-de-las-mascarillas-deja-de-ser-obligatoria-en-espacios-interiores-excepto-en-centros-sanitarios-sociosanitarios-y-medios-de-transporte","status":"publish","type":"post","link":"https:\/\/www.yoleoescaparate.com\/?p=85505","title":{"rendered":"El uso de las mascarillas deja de ser obligatoria en espacios interiores, excepto en centros sanitarios, sociosanitarios y medios de transporte"},"content":{"rendered":"\n<!--more-->\n\n\n\n<figure class=\"wp-block-image size-large\"><img loading=\"lazy\" decoding=\"async\" width=\"1024\" height=\"314\" src=\"https:\/\/www.yoleoescaparate.com\/wp-content\/uploads\/2022\/03\/listanoticiasCH-1024x314.jpg\" alt=\"\" class=\"wp-image-84817\" srcset=\"https:\/\/www.yoleoescaparate.com\/wp-content\/uploads\/2022\/03\/listanoticiasCH-1024x314.jpg 1024w, https:\/\/www.yoleoescaparate.com\/wp-content\/uploads\/2022\/03\/listanoticiasCH-300x92.jpg 300w, https:\/\/www.yoleoescaparate.com\/wp-content\/uploads\/2022\/03\/listanoticiasCH-768x236.jpg 768w, https:\/\/www.yoleoescaparate.com\/wp-content\/uploads\/2022\/03\/listanoticiasCH.jpg 1200w\" sizes=\"auto, (max-width: 1024px) 100vw, 1024px\" \/><\/figure>\n\n\n\n<p><\/p>\n\n\n\n<p>Salud recomienda usar la mascarilla por la poblaci\u00f3n vulnerable de manera general o por cualquier persona en los eventos multitudinarios, en las aglomeraciones y en celebraciones familiares o privadas cuando asista alguna persona vulnerable.<\/p>\n\n\n\n<p>El Consejo de Ministros ha aprobado un\u00a0<a rel=\"noreferrer noopener\" href=\"https:\/\/www.lamoncloa.gob.es\/consejodeministros\/referencias\/Paginas\/2022\/refc20220419.aspx#mascarillas\" target=\"_blank\">Real Decreto<\/a>por el que se modifica la obligatoriedad del uso de mascarillas durante la situaci\u00f3n de crisis sanitaria ocasionada por la COVID-19.<\/p>\n\n\n\n<p>En concreto, desde hoy mi\u00e9rcoles 20 de abril incluido, <strong>el uso de la mascarilla dejar\u00e1 de ser obligatorio en espacios interiores<\/strong>, excepto en centros sanitarios, sociosanitarios y medios de transporte. As\u00ed se desprende del Real Decreto aprobado, que <strong>pone fin a casi dos a\u00f1os de mascarilla obligatoria en espacios cerrados<\/strong>. La medida ser\u00e1 efectiva desde hoy, 20 de abril, tras ser publicada en el Bolet\u00edn Oficial del Estado (BOE).<\/p>\n\n\n\n<p><strong>La mascarilla seguir\u00e1 siendo obligatoria en centros sanitarios<\/strong> <strong>(hospitales, centros de salud, centros de transfusi\u00f3n de sangre o farmacias), sociosanitarios y en todos los medios de transporte sin excepci\u00f3n (transporte a\u00e9reo, por ferrocarril o por cable y en los autobuses, as\u00ed como en los transportes p\u00fablicos de viajeros).<\/strong><\/p>\n\n\n\n<p>La obligatoriedad de las mascarillas tambi\u00e9n finaliza en todos los \u00e1mbitos de los centros educativos. Igualmente, en los eventos multitudinarios, como competiciones deportivas o conciertos, celebrados tanto en interiores como en exteriores tampoco ser\u00e1 obligatorio llevar mascarilla.<\/p>\n\n\n\n<p>No obstante lo anterior, el Departamento de <strong>Salud recomienda el uso responsable de las mascarillas en la poblaci\u00f3n vulnerable,<\/strong> como los mayores de 60 a\u00f1os, las personas inmunodeprimidas, con enfermedades de riesgo o las mujeres embarazadas.<\/p>\n\n\n\n<p>As\u00ed mismo, se recomienda el uso de la mascarilla por cualquier persona en los eventos multitudinarios, en las aglomeraciones y en celebraciones familiares o privadas cuando asista alguna persona vulnerable. Tambi\u00e9n aconseja su uso al profesorado o alumnado con alg\u00fan factor de vulnerabilidad<\/p>\n\n\n\n<p>A nivel laboral no resultar\u00e1 preceptivo el uso de mascarillas de manera general. La evaluaci\u00f3n de riesgos del puesto de trabajo permitir\u00e1 tomar una decisi\u00f3n sobre las medidas preventivas adecuadas que deben implantarse, incluido el posible uso de mascarillas. En la Administraci\u00f3n foral esa evaluaci\u00f3n de riesgos la realizar\u00e1n los correspondientes servicios de prevenci\u00f3n de riesgos laborales (Salud, Educaci\u00f3n y N\u00facleo).<\/p>\n\n\n\n<p><strong>Obligatoria en los espacios con personas vulnerables<\/strong><\/p>\n\n\n\n<p>La mascarilla seguir\u00e1 siendo obligatoria en todos aquellos espacios en los que puede haber personas con vulnerabilidad. As\u00ed, se mantiene en centros sanitarios tanto para el personal como para las visitas en centros asistenciales. Las personas ingresadas deber\u00e1n llevarla cuando est\u00e9n en espacios compartidos fuera de su habitaci\u00f3n, pero no dentro de ella.<\/p>\n\n\n\n<p>En centros sociosanitarios deber\u00e1n emplearla el personal y las visitas. No ser\u00e1 obligatoria para las personas residentes.<\/p>\n\n\n\n<p>En medios de transporte es necesario su uso tanto para el personal como para las personas usuarias de transporte a\u00e9reo, ferroviario y transporte p\u00fablico por carretera. No ser\u00e1 obligatorio llevar mascarilla en estaciones o andenes.<\/p>\n","protected":false},"excerpt":{"rendered":"","protected":false},"author":1,"featured_media":85506,"comment_status":"open","ping_status":"open","sticky":false,"template":"","format":"standard","meta":{"colormag_page_container_layout":"default_layout","colormag_page_sidebar_layout":"default_layout","om_disable_all_campaigns":false,"_monsterinsights_skip_tracking":false,"_monsterinsights_sitenote_active":false,"_monsterinsights_sitenote_note":"","_monsterinsights_sitenote_category":0,"footnotes":""},"categories":[204],"tags":[237],"class_list":["post-85505","post","type-post","status-publish","format-standard","has-post-thumbnail","hentry","category-noticias","tag-mascarillas"],"aioseo_notices":[],"_links":{"self":[{"href":"https:\/\/www.yoleoescaparate.com\/index.php?rest_route=\/wp\/v2\/posts\/85505","targetHints":{"allow":["GET"]}}],"collection":[{"href":"https:\/\/www.yoleoescaparate.com\/index.php?rest_route=\/wp\/v2\/posts"}],"about":[{"href":"https:\/\/www.yoleoescaparate.com\/index.php?rest_route=\/wp\/v2\/types\/post"}],"author":[{"embeddable":true,"href":"https:\/\/www.yoleoescaparate.com\/index.php?rest_route=\/wp\/v2\/users\/1"}],"replies":[{"embeddable":true,"href":"https:\/\/www.yoleoescaparate.com\/index.php?rest_route=%2Fwp%2Fv2%2Fcomments&post=85505"}],"version-history":[{"count":0,"href":"https:\/\/www.yoleoescaparate.com\/index.php?rest_route=\/wp\/v2\/posts\/85505\/revisions"}],"wp:featuredmedia":[{"embeddable":true,"href":"https:\/\/www.yoleoescaparate.com\/index.php?rest_route=\/wp\/v2\/media\/85506"}],"wp:attachment":[{"href":"https:\/\/www.yoleoescaparate.com\/index.php?rest_route=%2Fwp%2Fv2%2Fmedia&parent=85505"}],"wp:term":[{"taxonomy":"category","embeddable":true,"href":"https:\/\/www.yoleoescaparate.com\/index.php?rest_route=%2Fwp%2Fv2%2Fcategories&post=85505"},{"taxonomy":"post_tag","embeddable":true,"href":"https:\/\/www.yoleoescaparate.com\/index.php?rest_route=%2Fwp%2Fv2%2Ftags&post=85505"}],"curies":[{"name":"wp","href":"https:\/\/api.w.org\/{rel}","templated":true}]}}