{"id":86518,"date":"2022-05-09T14:15:19","date_gmt":"2022-05-09T12:15:19","guid":{"rendered":"https:\/\/www.yoleoescaparate.com\/?p=86518"},"modified":"2022-05-09T14:15:19","modified_gmt":"2022-05-09T12:15:19","slug":"en-marcha-la-tercera-edicion-de-bimilenaria-cultural-en-calahorra","status":"publish","type":"post","link":"https:\/\/www.yoleoescaparate.com\/?p=86518","title":{"rendered":"En marcha la tercera edici\u00f3n de \u00abBimilenaria cultural\u00bb en Calahorra"},"content":{"rendered":"\n<!--more-->\n\n\n\n<figure class=\"wp-block-image size-large\"><img loading=\"lazy\" decoding=\"async\" width=\"1024\" height=\"314\" src=\"https:\/\/www.yoleoescaparate.com\/wp-content\/uploads\/2022\/03\/listanoticiasCH-1024x314.jpg\" alt=\"\" class=\"wp-image-84817\" srcset=\"https:\/\/www.yoleoescaparate.com\/wp-content\/uploads\/2022\/03\/listanoticiasCH-1024x314.jpg 1024w, https:\/\/www.yoleoescaparate.com\/wp-content\/uploads\/2022\/03\/listanoticiasCH-300x92.jpg 300w, https:\/\/www.yoleoescaparate.com\/wp-content\/uploads\/2022\/03\/listanoticiasCH-768x236.jpg 768w, https:\/\/www.yoleoescaparate.com\/wp-content\/uploads\/2022\/03\/listanoticiasCH.jpg 1200w\" sizes=\"auto, (max-width: 1024px) 100vw, 1024px\" \/><\/figure>\n\n\n\n<p><\/p>\n\n\n\n<ul class=\"wp-block-list\"><li><strong>Como novedad, habr\u00e1 rutas de patios con propuestas enogastron\u00f3micas y conciertos de \u00f3rgano y l\u00edrico.<\/strong><\/li><li><strong>El presupuesto del programa es de 38.221,48 euros, IVA incluido.<\/strong><\/li><\/ul>\n\n\n\n<p>Tras dos ediciones exitosas, este programa cultural volver\u00e1 a dinamizar la actividad cultural y de ocio a lo largo de los meses de julio y agosto en Calahorra. Es por eso que la Junta de Gobierno Local  aprob\u00f3 el expediente de contrataci\u00f3n para la realizaci\u00f3n del <strong>programa \u00abBimilenaria cultural\u00bb de verano de 2022.<\/strong><\/p>\n\n\n\n<p>En esta ocasi\u00f3n el programa consistir\u00e1 en el desarrollo de<strong> 23 espect\u00e1culos que comenzar\u00e1n el viernes 1 de julio y finalizar\u00e1n el 15 de agosto,<\/strong> al comienzo de los actos preliminares de las fiestas.<\/p>\n\n\n\n<p>En esta ocasi\u00f3n, la licitaci\u00f3n prev\u00e9 el desarrollo de<strong> 7 tipos de espect\u00e1culos, entre veladas musicales, vermuts al aire libre, teatros infantiles, mon\u00f3logo o circo.<\/strong> A esto hay que a\u00f1adir <strong>dos modalidades<\/strong> de actividades previstas en el pliego de licitaci\u00f3n<strong> novedosas. <\/strong>Por un lado, se prev\u00e9 la celebraci\u00f3n de <strong>3 \u201crutas de patios\u201d <\/strong>que consistir\u00e1n en actuaciones de m\u00fasica de ambiente en patios municipales, acompa\u00f1adas de una <strong>propuesta enogastron\u00f3mica <\/strong>en cada uno de ellos. Cada propuesta gastron\u00f3mica se realizar\u00e1 con la colaboraci\u00f3n de establecimientos hosteleros de la ciudad.<\/p>\n\n\n\n<p>Cada jornada de ruta de patios deber\u00e1 tener una propuesta de m\u00fasica de ambiente diferente de manera que puedan atraerse a estas actividades a diferentes p\u00fablicos.<\/p>\n\n\n\n<p>Por otro lado, se prev\u00e9 la realizaci\u00f3n de <strong>dos conciertos de \u00f3rgano y l\u00edrico<\/strong> a desarrollar a desarrollar en parroquias de la ciudad que disponen de \u00f3rgano.<\/p>\n\n\n\n<p>Adem\u00e1s, con este contrato se pretende distribuir la actividad cultural por la mayor parte de zonas de la ciudad de forma que suponga una dinamizaci\u00f3n del comercio y la hosteler\u00eda de Calahorra.<\/p>\n\n\n\n<p>Igualmente, el contrato supone un apoyo m\u00e1s al sector cultural, en concreto a la industria musical, claramente castigada como consecuencia de la pandemia.<\/p>\n\n\n\n<p>El presupuesto total para los dos lotes es de 38.221,48 euros. IVA incluido. A partir de ahora los contratistas interesados dispondr\u00e1n de 16 d\u00edas para presentar sus propuestas desde la publicaci\u00f3n del anuncio en la Plataforma de Contrataci\u00f3n del Sector P\u00fablico.<\/p>\n\n\n\n<p><\/p>\n","protected":false},"excerpt":{"rendered":"","protected":false},"author":1,"featured_media":86519,"comment_status":"open","ping_status":"open","sticky":false,"template":"","format":"standard","meta":{"colormag_page_container_layout":"default_layout","colormag_page_sidebar_layout":"default_layout","om_disable_all_campaigns":false,"_monsterinsights_skip_tracking":false,"_monsterinsights_sitenote_active":false,"_monsterinsights_sitenote_note":"","_monsterinsights_sitenote_category":0,"footnotes":""},"categories":[4],"tags":[382,16,50,383],"class_list":["post-86518","post","type-post","status-publish","format-standard","has-post-thumbnail","hentry","category-calahorra","tag-bimilenaria-cultural","tag-calahorra","tag-cultura","tag-ocio"],"aioseo_notices":[],"_links":{"self":[{"href":"https:\/\/www.yoleoescaparate.com\/index.php?rest_route=\/wp\/v2\/posts\/86518","targetHints":{"allow":["GET"]}}],"collection":[{"href":"https:\/\/www.yoleoescaparate.com\/index.php?rest_route=\/wp\/v2\/posts"}],"about":[{"href":"https:\/\/www.yoleoescaparate.com\/index.php?rest_route=\/wp\/v2\/types\/post"}],"author":[{"embeddable":true,"href":"https:\/\/www.yoleoescaparate.com\/index.php?rest_route=\/wp\/v2\/users\/1"}],"replies":[{"embeddable":true,"href":"https:\/\/www.yoleoescaparate.com\/index.php?rest_route=%2Fwp%2Fv2%2Fcomments&post=86518"}],"version-history":[{"count":0,"href":"https:\/\/www.yoleoescaparate.com\/index.php?rest_route=\/wp\/v2\/posts\/86518\/revisions"}],"wp:featuredmedia":[{"embeddable":true,"href":"https:\/\/www.yoleoescaparate.com\/index.php?rest_route=\/wp\/v2\/media\/86519"}],"wp:attachment":[{"href":"https:\/\/www.yoleoescaparate.com\/index.php?rest_route=%2Fwp%2Fv2%2Fmedia&parent=86518"}],"wp:term":[{"taxonomy":"category","embeddable":true,"href":"https:\/\/www.yoleoescaparate.com\/index.php?rest_route=%2Fwp%2Fv2%2Fcategories&post=86518"},{"taxonomy":"post_tag","embeddable":true,"href":"https:\/\/www.yoleoescaparate.com\/index.php?rest_route=%2Fwp%2Fv2%2Ftags&post=86518"}],"curies":[{"name":"wp","href":"https:\/\/api.w.org\/{rel}","templated":true}]}}