{"id":86631,"date":"2022-05-12T14:49:11","date_gmt":"2022-05-12T12:49:11","guid":{"rendered":"https:\/\/www.yoleoescaparate.com\/?p=86631"},"modified":"2022-05-12T14:51:14","modified_gmt":"2022-05-12T12:51:14","slug":"publicados-los-listados-provisionales-de-admitidos-en-periodo-ordinario-de-la-eim-santos-martires-curso-2022-2023","status":"publish","type":"post","link":"https:\/\/www.yoleoescaparate.com\/?p=86631","title":{"rendered":"Publicados los listados provisionales de admitidos en periodo ordinario de la EIM \u201cSANTOS MARTIRES\u201d para el pr\u00f3ximo curso"},"content":{"rendered":"\n<!--more-->\n\n\n\n<figure class=\"wp-block-image size-large\"><img loading=\"lazy\" decoding=\"async\" width=\"1024\" height=\"314\" src=\"https:\/\/www.yoleoescaparate.com\/wp-content\/uploads\/2022\/03\/listanoticiasCH-1024x314.jpg\" alt=\"\" class=\"wp-image-84817\" srcset=\"https:\/\/www.yoleoescaparate.com\/wp-content\/uploads\/2022\/03\/listanoticiasCH-1024x314.jpg 1024w, https:\/\/www.yoleoescaparate.com\/wp-content\/uploads\/2022\/03\/listanoticiasCH-300x92.jpg 300w, https:\/\/www.yoleoescaparate.com\/wp-content\/uploads\/2022\/03\/listanoticiasCH-768x236.jpg 768w, https:\/\/www.yoleoescaparate.com\/wp-content\/uploads\/2022\/03\/listanoticiasCH.jpg 1200w\" sizes=\"auto, (max-width: 1024px) 100vw, 1024px\" \/><\/figure>\n\n\n\n<h2 class=\"wp-block-heading\"><\/h2>\n\n\n\n<p><a><\/a>La Junta de Gobierno Local (JGL) del Ayuntamiento de Calahorra, con fecha 10 de mayo de 2022, ha aprobado la publicaci\u00f3n desde hoy 12 de mayo de los listados provisionales de admitidos en la Escuela Infantil Municipal \u201cSantos M\u00e1rtires\u201d para el curso 2022\/2023 en las diferentes franjas de edad.<\/p>\n\n\n\n<p>Se puede consultar los listados provisionales desde hoy 12 de mayo en el tabl\u00f3n de anuncios de la p\u00e1gina web del Ayto. de Calahorra (<a href=\"https:\/\/sede.calahorra.es\/sta\/CarpetaPublic\/doEvent?APP_CODE=STA&amp;PAGE_CODE=TABLON\">https:\/\/sede.calahorra.es\/sta\/CarpetaPublic\/doEvent?APP_CODE=STA&amp;PAGE_CODE=TABLON<\/a>), en la Oficina de Atenci\u00f3n a la Ciudadan\u00eda (OAC), en las oficinas del \u00e1rea de Derechos Sociales y en la Escuela Infantil Municipal Santos M\u00e1rtires.<\/p>\n\n\n\n<p>A partir de ahora se abre un periodo de reclamaciones, que se extienden entre el 13 al 17 de mayo, para lo cual pueden dirigirse al tel\u00e9fono 941 10 50 72 o directamente en el registro municipal de la Oficina de Atenci\u00f3n a la Ciudadan\u00eda (OAC).<\/p>\n\n\n\n<p>Tras finalizar el periodo de presentaci\u00f3n de solicitudes, y como ya ocurriera en el curso anterior, el Ayuntamiento ha solicitado la modificaci\u00f3n de unidades a la Consejer\u00eda de Educaci\u00f3n para aumentar las plazas en las franjas de edad necesarias.<\/p>\n\n\n\n<p>Adem\u00e1s, las plazas reservadas a menores con necesidades especiales en cada tramo de edad se incorporar\u00e1n a la oferta de plazas ordinarias al no haberse producido solicitudes destinadas a menores con dichas caracter\u00edsticas.<\/p>\n\n\n\n<p>Una vez resueltas aquellas que pudieran producirse, se presentar\u00e1n los listados definitivos que est\u00e1 previsto que sean publicados el pr\u00f3ximo 27 de mayo.<\/p>\n\n\n\n<p>La Escuela Infantil Municipal \u201cSantos M\u00e1rtires\u201d cuenta con tres aulas para cada ciclo, comedor, sal\u00f3n de usos m\u00faltiples, sala para la siesta, aula de audiovisuales y un gran patio exterior. En total dispone de ciento veintitr\u00e9s plazas.<\/p>\n","protected":false},"excerpt":{"rendered":"","protected":false},"author":1,"featured_media":86632,"comment_status":"open","ping_status":"open","sticky":false,"template":"","format":"standard","meta":{"colormag_page_container_layout":"default_layout","colormag_page_sidebar_layout":"default_layout","om_disable_all_campaigns":false,"_monsterinsights_skip_tracking":false,"_monsterinsights_sitenote_active":false,"_monsterinsights_sitenote_note":"","_monsterinsights_sitenote_category":0,"footnotes":""},"categories":[4],"tags":[16,39],"class_list":["post-86631","post","type-post","status-publish","format-standard","has-post-thumbnail","hentry","category-calahorra","tag-calahorra","tag-educacion"],"aioseo_notices":[],"_links":{"self":[{"href":"https:\/\/www.yoleoescaparate.com\/index.php?rest_route=\/wp\/v2\/posts\/86631","targetHints":{"allow":["GET"]}}],"collection":[{"href":"https:\/\/www.yoleoescaparate.com\/index.php?rest_route=\/wp\/v2\/posts"}],"about":[{"href":"https:\/\/www.yoleoescaparate.com\/index.php?rest_route=\/wp\/v2\/types\/post"}],"author":[{"embeddable":true,"href":"https:\/\/www.yoleoescaparate.com\/index.php?rest_route=\/wp\/v2\/users\/1"}],"replies":[{"embeddable":true,"href":"https:\/\/www.yoleoescaparate.com\/index.php?rest_route=%2Fwp%2Fv2%2Fcomments&post=86631"}],"version-history":[{"count":0,"href":"https:\/\/www.yoleoescaparate.com\/index.php?rest_route=\/wp\/v2\/posts\/86631\/revisions"}],"wp:featuredmedia":[{"embeddable":true,"href":"https:\/\/www.yoleoescaparate.com\/index.php?rest_route=\/wp\/v2\/media\/86632"}],"wp:attachment":[{"href":"https:\/\/www.yoleoescaparate.com\/index.php?rest_route=%2Fwp%2Fv2%2Fmedia&parent=86631"}],"wp:term":[{"taxonomy":"category","embeddable":true,"href":"https:\/\/www.yoleoescaparate.com\/index.php?rest_route=%2Fwp%2Fv2%2Fcategories&post=86631"},{"taxonomy":"post_tag","embeddable":true,"href":"https:\/\/www.yoleoescaparate.com\/index.php?rest_route=%2Fwp%2Fv2%2Ftags&post=86631"}],"curies":[{"name":"wp","href":"https:\/\/api.w.org\/{rel}","templated":true}]}}