{"id":89770,"date":"2022-08-18T11:45:00","date_gmt":"2022-08-18T09:45:00","guid":{"rendered":"https:\/\/www.yoleoescaparate.com\/?p=89770"},"modified":"2022-08-18T11:52:06","modified_gmt":"2022-08-18T09:52:06","slug":"a-disfrutar-de-las-fiestas-aldeanueva-de-ebro-y-calahorra-en-escaparate-2a-quincena-de-agosto","status":"publish","type":"post","link":"https:\/\/www.yoleoescaparate.com\/?p=89770","title":{"rendered":"A disfrutar de las fiestas&#8230; Aldeanueva de Ebro y Calahorra en Escaparate 2\u00aa Quincena de Agosto"},"content":{"rendered":"\n<!--more-->\n\n\n\n<h2 class=\"wp-block-heading\"><strong>A disfrutar de las fiestas&#8230; Aldeanueva de Ebro y Calahorra<\/strong> en <a href=\"https:\/\/www.labodegadelmarketing.com\/Escaparate-Calahorra-biblioteca\/revistas-calahorra-2022\/calahorra-agosto-222\/index.html#book2\/\" target=\"_blank\" rel=\"noreferrer noopener\">Escaparate 2\u00aa Quincena de Agosto<\/a><\/h2>\n\n\n\n<p>Esto es un no parar. Y ya lo est\u00e1bamos deseando todos: ustedes y nosotros. Hemos vivido a tope las fiestas de San Adri\u00e1n y tambi\u00e9n las de Rinc\u00f3n de Soto. Ahora toca el turno para las de&nbsp;Calahorra y Aldeanueva de Ebro.<\/p>\n\n\n\n<p>As\u00ed que ni se les ocurra guardar el pa\u00f1uelo rojo, \u00bfvale? Calahorra tiene un amplio programa de actividades y algunas de ellas muy novedosas.<\/p>\n\n\n\n<p>Este a\u00f1o tenemos Reyes. Dos. Reina y Rey. Ellos muy contentos, sorprendidos y esperando el mejor momento de sus fiestas: el cohete. Con nervios y mucha responsabilidad. Su coronaci\u00f3n ser\u00e1&nbsp; ma\u00f1ana 20 de agosto en la plaza del Raso.<\/p>\n\n\n\n<p>Por otro lado El Ayuntamiento de Calahorra impondr\u00e1 pa\u00f1uelos de fiestas a los m\u00e1s peque\u00f1os de la ciudad. El acto se celebrar\u00e1 tambi\u00e9n ma\u00f1ana s\u00e1bado 20 por la ma\u00f1ana en el Teatro Ideal. Est\u00e1 destinado a los ni\u00f1os y ni\u00f1as de Calahorra nacidos a partir del 1 de septiembre de 2019. El mundo taurino tambi\u00e9n despliega velas este a\u00f1o. El 28 de agosto tendr\u00e1 lugar&nbsp; una corrida mixta con Sergio Dom\u00ednguez, Esa\u00fa Fern\u00e1ndez y Gonzalo Caballero. Y El Fandi, Cayetano y Jos\u00e9 Mar\u00eda Manzanares estar\u00e1n en Calahorra el d\u00eda grande de las fiestas, el d\u00eda 31.<\/p>\n\n\n\n<p>Por su parte, Alldeanueva de Ebro no se queda atr\u00e1s. Este a\u00f1o , despu\u00e9s de dos de par\u00f3n, van a celebrar las fiestas de San Bartolom\u00e9 por todo los alto. Se realizar\u00e1 un homenaje a los deportistas de Aldeanueva y Se les entregar\u00e1 un detalle para las fiestas de San Bartolom\u00e9, a todos los nacidos desde agosto de 2019 hasta junio de 2022.<\/p>\n\n\n\n<p>Y fuegos artificiales, y la XIX Feria de novilladas sin picadores, y los encierros, y degustaci\u00f3n de vinos en el Museo del Vino, y el tradicional Concurso de calderillos, y los concierto en la plaza de Espa\u00f1a y&#8230; Y muchos m\u00e1s y&#8230;<\/p>\n\n\n\n<p>Si les apetece, les guiamos por las fiestas de Aldeanueva de Ebro y Calahorra.<\/p>\n\n\n\n<p><\/p>\n\n\n\n<div class=\"wp-block-buttons alignwide is-layout-flex wp-block-buttons-is-layout-flex\">\n<div class=\"wp-block-button\"><a class=\"wp-block-button__link has-vivid-red-background-color has-background\" href=\"https:\/\/www.labodegadelmarketing.com\/Escaparate-Calahorra-biblioteca\/revistas-calahorra-2022\/calahorra-agosto-222\/index.html#book2\/\">Escaparate 2\u00aa Quincena de Agosto<\/a><\/div>\n<\/div>\n","protected":false},"excerpt":{"rendered":"","protected":false},"author":1,"featured_media":89771,"comment_status":"open","ping_status":"open","sticky":false,"template":"","format":"standard","meta":{"colormag_page_container_layout":"default_layout","colormag_page_sidebar_layout":"default_layout","om_disable_all_campaigns":false,"_monsterinsights_skip_tracking":false,"_monsterinsights_sitenote_active":false,"_monsterinsights_sitenote_note":"","_monsterinsights_sitenote_category":0,"footnotes":""},"categories":[6,4,1],"tags":[568,12,245],"class_list":["post-89770","post","type-post","status-publish","format-standard","has-post-thumbnail","hentry","category-aldeanueva-de-ebro","category-calahorra","category-escaparate","tag-agosto","tag-escaparate","tag-fiestas-de-agosto"],"aioseo_notices":[],"_links":{"self":[{"href":"https:\/\/www.yoleoescaparate.com\/index.php?rest_route=\/wp\/v2\/posts\/89770","targetHints":{"allow":["GET"]}}],"collection":[{"href":"https:\/\/www.yoleoescaparate.com\/index.php?rest_route=\/wp\/v2\/posts"}],"about":[{"href":"https:\/\/www.yoleoescaparate.com\/index.php?rest_route=\/wp\/v2\/types\/post"}],"author":[{"embeddable":true,"href":"https:\/\/www.yoleoescaparate.com\/index.php?rest_route=\/wp\/v2\/users\/1"}],"replies":[{"embeddable":true,"href":"https:\/\/www.yoleoescaparate.com\/index.php?rest_route=%2Fwp%2Fv2%2Fcomments&post=89770"}],"version-history":[{"count":0,"href":"https:\/\/www.yoleoescaparate.com\/index.php?rest_route=\/wp\/v2\/posts\/89770\/revisions"}],"wp:featuredmedia":[{"embeddable":true,"href":"https:\/\/www.yoleoescaparate.com\/index.php?rest_route=\/wp\/v2\/media\/89771"}],"wp:attachment":[{"href":"https:\/\/www.yoleoescaparate.com\/index.php?rest_route=%2Fwp%2Fv2%2Fmedia&parent=89770"}],"wp:term":[{"taxonomy":"category","embeddable":true,"href":"https:\/\/www.yoleoescaparate.com\/index.php?rest_route=%2Fwp%2Fv2%2Fcategories&post=89770"},{"taxonomy":"post_tag","embeddable":true,"href":"https:\/\/www.yoleoescaparate.com\/index.php?rest_route=%2Fwp%2Fv2%2Ftags&post=89770"}],"curies":[{"name":"wp","href":"https:\/\/api.w.org\/{rel}","templated":true}]}}