{"id":90060,"date":"2022-08-22T12:41:44","date_gmt":"2022-08-22T10:41:44","guid":{"rendered":"https:\/\/www.yoleoescaparate.com\/?p=90060"},"modified":"2022-08-22T12:41:45","modified_gmt":"2022-08-22T10:41:45","slug":"este-fin-de-semana-bus-joven-a-las-fiestas-de-calahorra","status":"publish","type":"post","link":"https:\/\/www.yoleoescaparate.com\/?p=90060","title":{"rendered":"Este fin de semana Bus Joven a las fiestas de Calahorra"},"content":{"rendered":"\n<!--more-->\n\n\n\n<figure class=\"wp-block-image size-large\"><img loading=\"lazy\" decoding=\"async\" width=\"1024\" height=\"314\" src=\"https:\/\/www.yoleoescaparate.com\/wp-content\/uploads\/2022\/03\/listanoticiasCH-1024x314.jpg\" alt=\"\" class=\"wp-image-84817\" srcset=\"https:\/\/www.yoleoescaparate.com\/wp-content\/uploads\/2022\/03\/listanoticiasCH-1024x314.jpg 1024w, https:\/\/www.yoleoescaparate.com\/wp-content\/uploads\/2022\/03\/listanoticiasCH-300x92.jpg 300w, https:\/\/www.yoleoescaparate.com\/wp-content\/uploads\/2022\/03\/listanoticiasCH-768x236.jpg 768w, https:\/\/www.yoleoescaparate.com\/wp-content\/uploads\/2022\/03\/listanoticiasCH.jpg 1200w\" sizes=\"auto, (max-width: 1024px) 100vw, 1024px\" \/><\/figure>\n\n\n\n<p><\/p>\n\n\n\n<h3 class=\"wp-block-heading\"><\/h3>\n\n\n\n<p><strong>Un total de 986 j\u00f3venes hicieron uso de este servicio en las cuatro rutas anteriores, establecidas con motivo de las fiestas patronales de Santo Domingo de La Calzada, Haro, Cervera de R\u00edo Alhama y Alfaro; y que ahora el Instituto Riojano de la Juventud (IRJ) retoma <\/strong><strong>para este s\u00e1bado d\u00eda 27 de agosto<\/strong><strong><\/strong><\/p>\n\n\n\n<p>El Gobierno de La Rioja, a trav\u00e9s del Instituto Riojano de la Juventud (IRJ), pone en marcha este fin de semana una nueva ruta de la actual edici\u00f3n del Bus Joven, con el objetivo de que las personas j\u00f3venes de La Rioja puedan asistir a las fiestas patronales de Logro\u00f1o y las cabeceras de comarca en las mejores condiciones de seguridad, y a unos precios asequibles de 2,5 euros, que incluyen ida y vuelta (gastos de gesti\u00f3n ya incluidos).<\/p>\n\n\n\n<p>Esta ruta del Bus Joven toma el relevo de las programadas hace unas semanas con Santo Domingo de La Calzada, Haro, Cervera de R\u00edo Alhama y Alfaro y sus fiestas patronales, y de las que hicieron uso 986 personas j\u00f3venes. Ahora, la <strong>nueva ruta <\/strong>se ha programado para este <strong>s\u00e1bado 27 de agosto<\/strong> y con destino a las fiestas patronales de <strong>Calahorra<\/strong>, para las que concretamente se habilitan cinco rutas con los siguientes recorridos:<\/p>\n\n\n\n<ul class=\"wp-block-list\"><li>Salida desde Logro\u00f1o a las 23:00 horas del s\u00e1bado 27 y regreso desde Calahorra el d\u00eda 28 a las 7:00 con el siguiente recorrido: Logro\u00f1o-Villar de Arnedo-Pradej\u00f3n-Calahorra.<\/li><\/ul>\n\n\n\n<ul class=\"wp-block-list\"><li>Salida desde Aguilar de R\u00edo Alhama a las 23:00 horas del s\u00e1bado 27 y regreso desde Calahorra el d\u00eda 28 a las 7:00 con el siguiente recorrido: Aguilar de R\u00edo Alhama-Cervera del R\u00edo Alhama-Cabret\u00f3n-Valverde-Rinc\u00f3n de Soto-Calahorra.<\/li><\/ul>\n\n\n\n<ul class=\"wp-block-list\"><li>Salida desde Alfaro a las 23:00 horas del s\u00e1bado 27 y regreso desde Calahorra el d\u00eda 28 a las 7:00 con el siguiente recorrido: Alfaro-Calahorra.<\/li><\/ul>\n\n\n\n<ul class=\"wp-block-list\"><li>Salida desde Igea a las 23:00 horas del s\u00e1bado 27 y regreso desde Calahorra el d\u00eda 28 a las 7:00 con el siguiente recorrido: Igea-Rinc\u00f3n de Olivedo-Cornago-Gr\u00e1valos-Quel-Autol-Calahorra.<\/li><li>Salida desde Arnedo a las 23:00 horas del s\u00e1bado 27 y regreso desde Calahorra el d\u00eda 28 a las 7:00 con el siguiente recorrido: Arnedo-Calahorra.<\/li><\/ul>\n\n\n\n<p><strong>La venta de billetes ya ha comenzado y pueden adquirirse hasta las 23:59 horas del viernes 26 de agosto a trav\u00e9s de la p\u00e1gina web del IRJ (<a href=\"http:\/\/www.irj.es\">www.irj.es<\/a>).<\/strong><\/p>\n","protected":false},"excerpt":{"rendered":"","protected":false},"author":1,"featured_media":89563,"comment_status":"open","ping_status":"open","sticky":false,"template":"","format":"standard","meta":{"colormag_page_container_layout":"default_layout","colormag_page_sidebar_layout":"default_layout","om_disable_all_campaigns":false,"_monsterinsights_skip_tracking":false,"_monsterinsights_sitenote_active":false,"_monsterinsights_sitenote_note":"","_monsterinsights_sitenote_category":0,"footnotes":""},"categories":[5,7,4,9,10],"tags":[],"class_list":["post-90060","post","type-post","status-publish","format-standard","has-post-thumbnail","hentry","category-alfaro","category-autol","category-calahorra","category-pradejon","category-rincon-de-soto"],"aioseo_notices":[],"_links":{"self":[{"href":"https:\/\/www.yoleoescaparate.com\/index.php?rest_route=\/wp\/v2\/posts\/90060","targetHints":{"allow":["GET"]}}],"collection":[{"href":"https:\/\/www.yoleoescaparate.com\/index.php?rest_route=\/wp\/v2\/posts"}],"about":[{"href":"https:\/\/www.yoleoescaparate.com\/index.php?rest_route=\/wp\/v2\/types\/post"}],"author":[{"embeddable":true,"href":"https:\/\/www.yoleoescaparate.com\/index.php?rest_route=\/wp\/v2\/users\/1"}],"replies":[{"embeddable":true,"href":"https:\/\/www.yoleoescaparate.com\/index.php?rest_route=%2Fwp%2Fv2%2Fcomments&post=90060"}],"version-history":[{"count":0,"href":"https:\/\/www.yoleoescaparate.com\/index.php?rest_route=\/wp\/v2\/posts\/90060\/revisions"}],"wp:featuredmedia":[{"embeddable":true,"href":"https:\/\/www.yoleoescaparate.com\/index.php?rest_route=\/wp\/v2\/media\/89563"}],"wp:attachment":[{"href":"https:\/\/www.yoleoescaparate.com\/index.php?rest_route=%2Fwp%2Fv2%2Fmedia&parent=90060"}],"wp:term":[{"taxonomy":"category","embeddable":true,"href":"https:\/\/www.yoleoescaparate.com\/index.php?rest_route=%2Fwp%2Fv2%2Fcategories&post=90060"},{"taxonomy":"post_tag","embeddable":true,"href":"https:\/\/www.yoleoescaparate.com\/index.php?rest_route=%2Fwp%2Fv2%2Ftags&post=90060"}],"curies":[{"name":"wp","href":"https:\/\/api.w.org\/{rel}","templated":true}]}}