{"id":90164,"date":"2022-08-23T14:03:43","date_gmt":"2022-08-23T12:03:43","guid":{"rendered":"https:\/\/www.yoleoescaparate.com\/?p=90164"},"modified":"2022-08-23T14:03:43","modified_gmt":"2022-08-23T12:03:43","slug":"conciertos-y-pasacalles-sustituiran-a-los-fuegos-artificiales-en-las-fiestas-de-calahorra","status":"publish","type":"post","link":"https:\/\/www.yoleoescaparate.com\/?p=90164","title":{"rendered":"Conciertos y pasacalles sustituir\u00e1n a los fuegos artificiales en las  fiestas de Calahorra"},"content":{"rendered":"\n<!--more-->\n\n\n\n<figure class=\"wp-block-image size-large\"><img loading=\"lazy\" decoding=\"async\" width=\"1024\" height=\"314\" src=\"https:\/\/www.yoleoescaparate.com\/wp-content\/uploads\/2022\/03\/listanoticiasCH-1024x314.jpg\" alt=\"\" class=\"wp-image-84817\" srcset=\"https:\/\/www.yoleoescaparate.com\/wp-content\/uploads\/2022\/03\/listanoticiasCH-1024x314.jpg 1024w, https:\/\/www.yoleoescaparate.com\/wp-content\/uploads\/2022\/03\/listanoticiasCH-300x92.jpg 300w, https:\/\/www.yoleoescaparate.com\/wp-content\/uploads\/2022\/03\/listanoticiasCH-768x236.jpg 768w, https:\/\/www.yoleoescaparate.com\/wp-content\/uploads\/2022\/03\/listanoticiasCH.jpg 1200w\" sizes=\"auto, (max-width: 1024px) 100vw, 1024px\" \/><\/figure>\n\n\n\n<p><\/p>\n\n\n\n<ul class=\"wp-block-list\"><li><strong>Un total de 6 actividades nuevas dinamizar\u00e1n las calles en el horario habitual de la pirotecnia: dos pasacalles, tres conciertos y un evento con DJ`s y animaci\u00f3n.<\/strong><\/li><\/ul>\n\n\n\n<p>La semana pasada, el Ayuntamiento de Calahorra anunci\u00f3 que reajustar\u00eda el programa festivo ante la imposibilidad de utilizar pirotecnia y adelantaba los principales actos en los que estaba trabajando.<\/p>\n\n\n\n<p>Hoy, la Junta de Gobierno Local ha aprobado definitivamente la celebraci\u00f3n de dichos actos que son los siguientes:<\/p>\n\n\n\n<ul class=\"wp-block-list\"><li><strong>Viernes 26 de agosto<\/strong>, a las 22:00 horas en el Hall del Mercadal, concierto de \u201cLa Muza Band\u201d. Un grupo de metal y cuerda tambi\u00e9n vecinos y parte de nuestra localidad. Un grupo en\u00e9rgico con un sonido impecable recomendado para todo los p\u00fablicos amantes de la buena m\u00fasica que utiliza el estilo Klezmer.<\/li><li><strong>S\u00e1bado 27 de agosto<\/strong>, a las 22:00 en Hall del Mercadal: concierto de Silvia y Manolo, ex-cantantes del conocido gr<a><\/a>upo El Gusto es M\u00edo. Un grupo con un largo recorrido y de una gran calidad que animar\u00e1 la noche del viernes, especialmente para las personas m\u00e1s adultas.<ul><li><strong>Domingo 28<\/strong>, Pasacalles \u201cFaunaman\u00eda\u201d. Un grupo de animados pasacalles ambientados en animales de la naturaleza, recorrer\u00e1n las calles de nuestra ciudad animando con m\u00fasica a su paso. Partir\u00e1n desde el Raso a las 23:00 h. y finalizar\u00e1n en el Raso a las 00:30 h, recorriendo las calles Raso, Grande, M\u00e1rtires, Mercadal, Ruiz y Menta, Paletillas, Montecompatri, Avenida del Pilar, 1\u00ba traves\u00eda de Paletillas, Paletillas, Gallarza, Jose Mar\u00eda Garrido, Doctores Castroviejo, Espronceda, Julio Longinos, Perez Pinilla, Valvanera, Bebricio, Achutegui de Blas, Maestro Falla, Bebricio, M\u00e1rtires, Grande<\/li><\/ul><ul><li><strong>Domingo 28 de agosto, <\/strong>a las 00:30 horas en la Plaza del Raso, al pasacalles \u201cFaunaman\u00eda\u201d les dar\u00e1 la bienvenida el grupo valenciano PARAPA que desarrollar\u00e1n su famoso espect\u00e1culo \u201cParapaFest\u201d &nbsp;de m\u00fasica electr\u00f3nica con banderas, globos, balones, humo y espuma hasta las 3 de la madrugada como parte de una fiesta con diferentes Djs.<\/li><\/ul><ul><li><strong>Lunes<\/strong> <strong>29 de agosto<\/strong>, a las 22:00 horas en el Hall del Mercadal, ser\u00e1n los veteranos \u201cJavier y Chus\u201d, vecinos de Tudela, los que deleitar\u00e1n especialmente al p\u00fablico de la tercera edad con canciones de toda la vida.<\/li><\/ul><ul><li><strong>Martes 30 de agosto<\/strong>, tendr\u00e1 lugar el mayor de todos los espect\u00e1culos, que ser\u00e1 el gran pasacalles \u201cMar Iluminado\u201d, un gran Pasacalles compuesto por m\u00e1s de 30 participantes que desfilar\u00e1n por las calles centrales de la ciudad, con espectaculares vestidos y atrezzos decorativos con iluminaci\u00f3n especial que crearan la magia en la calle. Un espect\u00e1culo para todos los p\u00fablicos al que no se puede faltar. El evento partir\u00e1 a las 23:00 desde la plaza del Raso y bajar\u00e1 por las calles Grande, M\u00e1rtires, Gallarza, Jos\u00e9 Mar\u00eda Garrido, Julio Longinos, Bebricio y vuelta al Raso donde ser\u00e1n recibidos por la gran Orquesta Kript\u00f3n y dar\u00e1 comienzo el concierto.<\/li><\/ul><\/li><\/ul>\n\n\n\n<p>Por otra parte, la Junta de Gobierno Local de hoy ha aprobado la cesi\u00f3n de la Plaza de Toros el 27 de agosto a las 18:30 horas para la celebraci\u00f3n de un espect\u00e1culo de <strong>recortes y show c\u00f3mico con arte ma\u00f1o<\/strong>, una divertida actividad que se desarrollar\u00e1 por cuenta de la empresa taurina.<\/p>\n","protected":false},"excerpt":{"rendered":"","protected":false},"author":1,"featured_media":89633,"comment_status":"open","ping_status":"open","sticky":false,"template":"","format":"standard","meta":{"colormag_page_container_layout":"default_layout","colormag_page_sidebar_layout":"default_layout","om_disable_all_campaigns":false,"_monsterinsights_skip_tracking":false,"_monsterinsights_sitenote_active":false,"_monsterinsights_sitenote_note":"","_monsterinsights_sitenote_category":0,"footnotes":""},"categories":[4],"tags":[16,200,245],"class_list":["post-90164","post","type-post","status-publish","format-standard","has-post-thumbnail","hentry","category-calahorra","tag-calahorra","tag-fiestas","tag-fiestas-de-agosto"],"aioseo_notices":[],"_links":{"self":[{"href":"https:\/\/www.yoleoescaparate.com\/index.php?rest_route=\/wp\/v2\/posts\/90164","targetHints":{"allow":["GET"]}}],"collection":[{"href":"https:\/\/www.yoleoescaparate.com\/index.php?rest_route=\/wp\/v2\/posts"}],"about":[{"href":"https:\/\/www.yoleoescaparate.com\/index.php?rest_route=\/wp\/v2\/types\/post"}],"author":[{"embeddable":true,"href":"https:\/\/www.yoleoescaparate.com\/index.php?rest_route=\/wp\/v2\/users\/1"}],"replies":[{"embeddable":true,"href":"https:\/\/www.yoleoescaparate.com\/index.php?rest_route=%2Fwp%2Fv2%2Fcomments&post=90164"}],"version-history":[{"count":0,"href":"https:\/\/www.yoleoescaparate.com\/index.php?rest_route=\/wp\/v2\/posts\/90164\/revisions"}],"wp:featuredmedia":[{"embeddable":true,"href":"https:\/\/www.yoleoescaparate.com\/index.php?rest_route=\/wp\/v2\/media\/89633"}],"wp:attachment":[{"href":"https:\/\/www.yoleoescaparate.com\/index.php?rest_route=%2Fwp%2Fv2%2Fmedia&parent=90164"}],"wp:term":[{"taxonomy":"category","embeddable":true,"href":"https:\/\/www.yoleoescaparate.com\/index.php?rest_route=%2Fwp%2Fv2%2Fcategories&post=90164"},{"taxonomy":"post_tag","embeddable":true,"href":"https:\/\/www.yoleoescaparate.com\/index.php?rest_route=%2Fwp%2Fv2%2Ftags&post=90164"}],"curies":[{"name":"wp","href":"https:\/\/api.w.org\/{rel}","templated":true}]}}