{"id":90650,"date":"2022-09-08T13:49:16","date_gmt":"2022-09-08T11:49:16","guid":{"rendered":"https:\/\/www.yoleoescaparate.com\/?p=90650"},"modified":"2022-09-08T13:49:16","modified_gmt":"2022-09-08T11:49:16","slug":"esta-previsto-que-las-primeras-obras-del-proyecto-life-ebro-resilience-p1-comiencen-este-otono-en-el-meandro-de-la-roza-de-alfaro","status":"publish","type":"post","link":"https:\/\/www.yoleoescaparate.com\/?p=90650","title":{"rendered":"Esta previsto que las primeras obras del proyecto LIFE Ebro Resilience P1 comiencen este oto\u00f1o en el meandro de La Roza de Alfaro"},"content":{"rendered":"\n<!--more-->\n\n\n\n<figure class=\"wp-block-image size-large\"><img loading=\"lazy\" decoding=\"async\" width=\"1024\" height=\"314\" src=\"https:\/\/www.yoleoescaparate.com\/wp-content\/uploads\/2022\/03\/listanoticiasCH-1024x314.jpg\" alt=\"\" class=\"wp-image-84817\" srcset=\"https:\/\/www.yoleoescaparate.com\/wp-content\/uploads\/2022\/03\/listanoticiasCH-1024x314.jpg 1024w, https:\/\/www.yoleoescaparate.com\/wp-content\/uploads\/2022\/03\/listanoticiasCH-300x92.jpg 300w, https:\/\/www.yoleoescaparate.com\/wp-content\/uploads\/2022\/03\/listanoticiasCH-768x236.jpg 768w, https:\/\/www.yoleoescaparate.com\/wp-content\/uploads\/2022\/03\/listanoticiasCH.jpg 1200w\" sizes=\"auto, (max-width: 1024px) 100vw, 1024px\" \/><\/figure>\n\n\n\n<p><strong>Presentado oficialmente el proyecto LIFE Ebro Resilience P1, ejemplo de actuaciones innovadoras para reducir el riesgo de inundaci\u00f3n en el tramo medio del Ebro<\/strong><\/p>\n\n\n\n<p>El secretario de Estado de Medio Ambiente del Ministerio para la Transici\u00f3n Ecol\u00f3gica y el Reto Demogr\u00e1fico (MITECO), Hugo Mor\u00e1n, ha presentado hoy en Alfaro (La Rioja) las actuaciones del proyecto LIFE Ebro. <\/p>\n\n\n\n<p>Resilience P1, con intervenciones por valor de 13,3 millones de euros, integradas en la Estrategia Ebro Resilience para la reducci\u00f3n del riesgo de inundaci\u00f3n en el tramo medio del Ebro, entre Logro\u00f1o y La Zaida (Zaragoza), estableciendo un nuevo modelo fluvial basado en la recuperaci\u00f3n del espacio fluvial y en la adaptaci\u00f3n a la inundaci\u00f3n.<br>El proyecto LIFE, que cuenta con una financiaci\u00f3n al 55% de la Uni\u00f3n Europea, desarrollar\u00e1 las actuaciones dise\u00f1adas por la Confederaci\u00f3n Hidrogr\u00e1fica del Ebro (Organismo del MITECO), junto a los gobiernos de La Rioja, Navarra y Arag\u00f3n, en dos zonas con alta recurrencia de fen\u00f3menos de inundaci\u00f3n durante episodios de avenida del tramo medio del Ebro, entre las localidades de Alfaro (La Rioja) y Castej\u00f3n (Navarra), y en los municipios aragoneses de Fuentes de Ebro y Osera de Ebro. La redacci\u00f3n de los proyectos constructivos est\u00e1 muy avanzada y es probable que las primeras obras incluidas en el LIFE comiencen este oto\u00f1o en el meandro de La Roza (Alfaro, La Rioja).<br>El objetivo a futuro de toda la Estrategia Ebro Resilience es conseguir un tramo medio del Ebro en el que las actividades econ\u00f3micas y los n\u00facleos de poblaci\u00f3n convivan con un r\u00edo en buen estado de conservaci\u00f3n, sin que las inevitables inundaciones produzcan da\u00f1os significativos.<\/p>\n\n\n\n<p>Con el mismo prop\u00f3sito y dentro tambi\u00e9n de la Estrategia, el Consejo de Ministros aprob\u00f3 este martes un Real Decreto de ayudas directas a las tres comunidades aut\u00f3nomas por importe de 10 millones de euros, destinadas a actuaciones de adaptaci\u00f3n al riesgo de crecidas, tanto en edificios e instalaciones p\u00fablicas como en bienes privados en sus respectivos \u00e1mbitos territoriales.<\/p>\n\n\n\n<p><strong>Coordinaci\u00f3n administrativa<br><\/strong>El proyecto es resultado de la coordinaci\u00f3n Administrativa y cuenta con un apoyo decidido de todos los implicados que se ha visto reflejado en el acto y la visita posterior en la que han participado, junto al secretario de Estado, el director general del Agua, Teodoro Estrela; la delegada del Gobierno en La Rioja, Beatriz Arr\u00e1iz; los consejeros de Sostenibilidad y Transici\u00f3n Ecol\u00f3gica, Alejandro Dorado del Gobierno de La Rioja y de Desarrollo Rural y Medio Ambiente del Gobierno de Navarra, Itziar G\u00f3mez; el secretario general t\u00e9cnico del Departamento de Desarrollo Rural y Sostenibilidad del Gobierno de Arag\u00f3n, Jos\u00e9 Lu\u00eds Castellanos y la directora del Instituto Aragon\u00e9s del Agua, Dolores Fornals; la presidenta de la CHE, Mar\u00eda Dolores Pascual; los alcaldes de Alfaro, Juli\u00e1n Jim\u00e9nez y Castej\u00f3n, David \u00c1lvarez; los directores generales de Calidad Ambiental y Recursos H\u00eddricos y Biodiversidad del Gobierno de La Rioja, Ra\u00fal Esteban y Jos\u00e9 Lu\u00eds Rubio; el director general de Medio Ambiente del Gobierno de Navarra, Pablo Mu\u00f1oz, as\u00ed como representantes de las empresas p\u00fablicas Tragsa y GAN-NIK, como socios del proyecto.<br>Los asistentes han podido comprobar la tipolog\u00eda de las intervenciones a realizar en la visita a los trabajos que se est\u00e1n ejecutando en el meandro de El Estajao, en la localidad de Alfaro, un proyecto previo al LIFE, pero que sigue la misma filosof\u00eda de intervenci\u00f3n dentro de la estrategia Ebro Resilience.<\/p>\n\n\n\n<p>En esta intervenci\u00f3n, a falta de la plantaci\u00f3n de 21.000 ejemplares de \u00e1rboles de ribera, que se realizar\u00e1 el pr\u00f3ximo invierno, los trabajos han permitido ya la recuperaci\u00f3n de 21 hect\u00e1reas de espacio fluvial a trav\u00e9s del retranqueo de motas de defensa y la construcci\u00f3n de un muro de bioingenier\u00eda para protecci\u00f3n de los pozos de abastecimiento a la localidad de Alfaro. El proyecto supone una inversi\u00f3n de 2 millones de euros por parte del MITECO.<br>Actuaciones LIFE Zona 1<br>En la zona situada entre las localidades de Alfaro (La Rioja) y Castej\u00f3n (Navarra), se realizar\u00e1 una actuaci\u00f3n demostrativa de mejora del riesgo de inundaci\u00f3n a nivel de tramo, mediante la aplicaci\u00f3n de una combinaci\u00f3n de medidas naturales de retenci\u00f3n de agua de forma consecutiva.<\/p>\n\n\n\n<p>El proyecto complementa para ello las actuaciones realizadas desde 2018 o en ejecuci\u00f3n en estos momentos, como la del meandro de El Estajao, en el mismo Alfaro, demostrando que con la realizaci\u00f3n de acciones continuadas de recuperaci\u00f3n del espacio fluvial y restauraci\u00f3n se consigue un beneficio global para todo el tramo. Estas actuaciones son:<\/p>\n\n\n\n<ul class=\"wp-block-list\"><li>Restauraci\u00f3n del meandro del Soto de Alfaro, recuperando la permeabilidad del meandro al rehabilitar 1 km de brazos del r\u00edo actualmente inactivos, mediante la aplicaci\u00f3n de la t\u00e9cnica del curage.<\/li><li>Restauraci\u00f3n del meandro de La Roza (Alfaro, La Rioja) con el retranqueo de la actual defensa 350 m que permitir\u00e1 la recuperaci\u00f3n de 22 hect\u00e1reas como espacio fluvial que se restaurar\u00e1n recreando h\u00e1bitats fluviales y la construcci\u00f3n de un cauce de alivio para aumentar la capacidad hidr\u00e1ulica del meandro en avenidas<\/li><\/ul>\n\n\n\n<ul class=\"wp-block-list\"><li>Restauraci\u00f3n del meandro de El Se\u00f1or\u00edo (Castej\u00f3n, Navarra), mediante la retirada de la actual defensa que permitir\u00e1 recuperar 23 hect\u00e1reas como espacio fluvial y donde tambi\u00e9n se construir\u00e1 un cauce de alivio.<br>Actuaciones LIFE Zona 2<\/li><\/ul>\n\n\n\n<p>En el tramo Osera de Ebro-Fuentes de Ebro (Arag\u00f3n) se propone una intervenci\u00f3n piloto que permitir\u00e1 compatibilizar las explotaciones agr\u00edcolas de la llanura aluvial con el fen\u00f3meno de la inundaci\u00f3n.<br>Estas zonas sufren de forma habitual importantes da\u00f1os econ\u00f3micos derivados de las inundaciones y existe una degradaci\u00f3n del espacio fluvial que impide, entre otras cosas, su funci\u00f3n de laminaci\u00f3n de avenidas. Los trabajos a desarrollar ser\u00e1n los siguientes:<\/p>\n\n\n\n<ul class=\"wp-block-list\"><li>Recuperaci\u00f3n de 20 hect\u00e1reas de espacio fluvial, consiguiendo aumentar la capacidad de evacuaci\u00f3n del cauce en un caudal adicional de 200 m3\/s<\/li><li>Implantaci\u00f3n de zonas de amortiguaci\u00f3n de flujos laterales, que consisten en la compartimentaci\u00f3n de la zona cultivable en \u00e1reas que se pre-inundar\u00e1n con poco calado (30 cent\u00edmetros a 1 metro) instantes antes de la inundaci\u00f3n generalizada. Esta pre-inundaci\u00f3n reducir\u00e1 los da\u00f1os en la infraestructura de riego, en caminos, en las defensas y evita el arrastre de la tierra f\u00e9rtil de los campos.<\/li><li>Adaptaci\u00f3n del sistema de riego al paso de la avenida, mediante el soterramiento de las canalizaciones, elevaci\u00f3n de arquetas, instalaci\u00f3n de compuertas y sustituci\u00f3n de barreras transversales<br>Todas las intervenciones se llevar\u00e1n a cabo con la participaci\u00f3n de las partes interesadas y del p\u00fablico en general. El objetivo es dar a conocer las acciones del proyecto y situar a la poblaci\u00f3n local en el centro de la gesti\u00f3n del riesgo de inundaci\u00f3n, mejorando la comprensi\u00f3n del problema y las posibles soluciones.<\/li><\/ul>\n\n\n\n<p>Estos problemas no son exclusivos del tramo medio del Ebro, siendo las inundaciones en Espa\u00f1a y Europa, el fen\u00f3meno natural que m\u00e1s da\u00f1os econ\u00f3micos ocasiona. Por ello, el proyecto incluye acciones para la difusi\u00f3n del conocimiento y de las experiencias adquiridas entre otras cuencas hidrogr\u00e1ficas a nivel nacional y europeo.<\/p>\n\n\n\n<p><strong>Estrategia<br><\/strong>Junto con los trabajos del LIFE y las obras ejecutadas en El Estajao, se ha llevado a cabo tambi\u00e9n la restauraci\u00f3n del paraje de La Nava (Alfaro), con 2,2 millones de \u20ac para la recuperaci\u00f3n de 30 hect\u00e1reas de terreno para el r\u00edo y se encuentran en ejecuci\u00f3n los trabajos para la recuperaci\u00f3n del espacio fluvial en el r\u00edo Ebro en El Ortigoso (Navarra) con una inversi\u00f3n de 1,4 millones de \u20ac.<\/p>\n\n\n\n<p>Las actuaciones en conjunto suponen la recuperaci\u00f3n de 85 hect\u00e1reas de h\u00e1bitats fluviales, 7.930 metros de defensas eliminadas y 4.328 metros de motas construidas retranqueadas.<br>El planteamiento de la Estrategia Ebro Resilience para todos los tramos es la protecci\u00f3n de las zonas urbanas para avenidas con periodo de retorno de 25 a\u00f1os y para zonas no urbanas, conseguir la reducci\u00f3n de afecciones para avenidas hasta un periodo de retorno de 10 a\u00f1os. La estrategia concreta el plan de medidas para el tramo medio del Plan de Gesti\u00f3n de Riesgo de Inundaci\u00f3n de la Demarcaci\u00f3n (PGRIEbro).<\/p>\n\n\n\n<p>En la Estrategia se est\u00e1n desarrollando 18 estudios de tramo para desarrollar una propuesta de intervenci\u00f3n en cada zona, teniendo en cuenta sus particularidades. Cada propuesta t\u00e9cnica, basada en completos estudios con apoyo de una modelizaci\u00f3n de los efectos de las crecidas, pasa un proceso de coordinaci\u00f3n con las Administraciones y otro participativo con los habitantes ribere\u00f1os.<br>Adem\u00e1s de la l\u00ednea de trabajos de definici\u00f3n de soluciones t\u00e9cnicas al riesgo de inundaci\u00f3n, se est\u00e1n desarrollando proyectos con medidas ambientales para el tramo (eliminaci\u00f3n de flora invasora, proyectos de permeabilizaci\u00f3n de azudes) y de adaptaci\u00f3n (proyecto piloto de estudios para explotaciones agr\u00edcolas y ganaderas del tramo medio).<\/p>\n","protected":false},"excerpt":{"rendered":"","protected":false},"author":1,"featured_media":90651,"comment_status":"open","ping_status":"open","sticky":false,"template":"","format":"standard","meta":{"colormag_page_container_layout":"default_layout","colormag_page_sidebar_layout":"default_layout","om_disable_all_campaigns":false,"_monsterinsights_skip_tracking":false,"_monsterinsights_sitenote_active":false,"_monsterinsights_sitenote_note":"","_monsterinsights_sitenote_category":0,"footnotes":""},"categories":[5],"tags":[72,250],"class_list":["post-90650","post","type-post","status-publish","format-standard","has-post-thumbnail","hentry","category-alfaro","tag-alfaro","tag-ebro-resilence"],"aioseo_notices":[],"_links":{"self":[{"href":"https:\/\/www.yoleoescaparate.com\/index.php?rest_route=\/wp\/v2\/posts\/90650","targetHints":{"allow":["GET"]}}],"collection":[{"href":"https:\/\/www.yoleoescaparate.com\/index.php?rest_route=\/wp\/v2\/posts"}],"about":[{"href":"https:\/\/www.yoleoescaparate.com\/index.php?rest_route=\/wp\/v2\/types\/post"}],"author":[{"embeddable":true,"href":"https:\/\/www.yoleoescaparate.com\/index.php?rest_route=\/wp\/v2\/users\/1"}],"replies":[{"embeddable":true,"href":"https:\/\/www.yoleoescaparate.com\/index.php?rest_route=%2Fwp%2Fv2%2Fcomments&post=90650"}],"version-history":[{"count":0,"href":"https:\/\/www.yoleoescaparate.com\/index.php?rest_route=\/wp\/v2\/posts\/90650\/revisions"}],"wp:featuredmedia":[{"embeddable":true,"href":"https:\/\/www.yoleoescaparate.com\/index.php?rest_route=\/wp\/v2\/media\/90651"}],"wp:attachment":[{"href":"https:\/\/www.yoleoescaparate.com\/index.php?rest_route=%2Fwp%2Fv2%2Fmedia&parent=90650"}],"wp:term":[{"taxonomy":"category","embeddable":true,"href":"https:\/\/www.yoleoescaparate.com\/index.php?rest_route=%2Fwp%2Fv2%2Fcategories&post=90650"},{"taxonomy":"post_tag","embeddable":true,"href":"https:\/\/www.yoleoescaparate.com\/index.php?rest_route=%2Fwp%2Fv2%2Ftags&post=90650"}],"curies":[{"name":"wp","href":"https:\/\/api.w.org\/{rel}","templated":true}]}}