{"id":91876,"date":"2022-10-04T12:40:45","date_gmt":"2022-10-04T10:40:45","guid":{"rendered":"https:\/\/www.yoleoescaparate.com\/?p=91876"},"modified":"2022-10-04T12:40:45","modified_gmt":"2022-10-04T10:40:45","slug":"rutas-de-innovacion-centro-tecnologico-de-investigacion-del-champinon-de-la-rioja-ctich","status":"publish","type":"post","link":"https:\/\/www.yoleoescaparate.com\/?p=91876","title":{"rendered":"Rutas de Innovaci\u00f3n. Centro Tecnol\u00f3gico de Investigaci\u00f3n del Champi\u00f1\u00f3n de La Rioja (CTICH)"},"content":{"rendered":"\n<!--more-->\n\n\n\n<figure class=\"wp-block-image size-large\"><img loading=\"lazy\" decoding=\"async\" width=\"1024\" height=\"314\" src=\"https:\/\/www.yoleoescaparate.com\/wp-content\/uploads\/2022\/03\/listanoticiasCH-1024x314.jpg\" alt=\"\" class=\"wp-image-84817\" srcset=\"https:\/\/www.yoleoescaparate.com\/wp-content\/uploads\/2022\/03\/listanoticiasCH-1024x314.jpg 1024w, https:\/\/www.yoleoescaparate.com\/wp-content\/uploads\/2022\/03\/listanoticiasCH-300x92.jpg 300w, https:\/\/www.yoleoescaparate.com\/wp-content\/uploads\/2022\/03\/listanoticiasCH-768x236.jpg 768w, https:\/\/www.yoleoescaparate.com\/wp-content\/uploads\/2022\/03\/listanoticiasCH.jpg 1200w\" sizes=\"auto, (max-width: 1024px) 100vw, 1024px\" \/><\/figure>\n\n\n\n<p><strong>El programa \u2018Rutas de Innovaci\u00f3n\u2019 muestra los avances que el nuevo equipamiento del Centro Tecnol\u00f3gico del Champi\u00f1\u00f3n adquirido con la inversi\u00f3n del Gobierno de La Rioja en innovaci\u00f3n permite a este estrat\u00e9gico sector<\/strong><\/p>\n\n\n\n<p><strong>El Gobierno de Andreu apuesta por modernizar el modelo productivo y mejorar su nivel competitivo con una inversi\u00f3n de<\/strong> <strong>3,5 millones en los proyectos de investigaci\u00f3n e innovaci\u00f3n de los <\/strong><a href=\"https:\/\/actualidad.larioja.org\/noticia?n=not-el-gobierno-de-la-rioja-abre-manana-martes-el-plazo-para-que-los-centros-tecnologicos-de-la-ri\"><strong>Centros Tecnol\u00f3gicos de La Rioja<\/strong><\/a><strong>.<\/strong><strong> <\/strong><strong>Tambi\u00e9n a trav\u00e9s de acuerdos con cl\u00fasteres de la regi\u00f3n con un importe de 2,1 millones de euros para 2021-2023<\/strong><\/p>\n\n\n\n<p><strong>El nuevo equipamiento presentado hoy en el <\/strong><a href=\"https:\/\/ctich.com\/\"><strong>CTICH<\/strong><\/a><strong> permite desarrollar una l\u00ednea de investigaci\u00f3n para mostrar las propiedades de los hongos cultivados en La Rioja en el origen de nuevos componentes bioactivos, posible por la subvenci\u00f3n de 571.591 euros concedida por el Gobierno de La Rioja en la<\/strong> <a href=\"https:\/\/actualidad.larioja.org\/noticia?n=not-el-gobierno-de-la-rioja-abre-manana-martes-el-plazo-para-que-los-centros-tecnologicos-de-la-ri\"><strong>convocatoria de ayudas en materia de I+D+i del Ejecutivo regional<\/strong><\/a><\/p>\n\n\n\n<p><strong>El programa <\/strong><strong><u>Rutas de Innovaci\u00f3n<\/u><\/strong><strong>,<\/strong><strong> <\/strong><strong>organizado por el Gobierno de La Rioja, busca acercar a la sociedad los avances que surgen a trav\u00e9s de estos proyectos de I+D+i, impulsados y financiados por el Ejecutivo regional, que se traducen en innovaciones en el tejido productivo, lo que a su vez fortalece el crecimiento econ\u00f3mico y social de la regi\u00f3n<\/strong><\/p>\n\n\n\n<p>La directora general de Reindustrializaci\u00f3n, Innovaci\u00f3n e Internacionalizaci\u00f3n, <strong>Nathalie Beaucourt<\/strong>, junto a Margarita P\u00e9rez, directora del <a href=\"https:\/\/ctich.com\/\">Centro Tecnol\u00f3gico de Investigaci\u00f3n del Champi\u00f1\u00f3n de La Rioja (CTICH)<\/a>, ha participado en la sexta visita del programa <a href=\"https:\/\/actualidad.larioja.org\/noticia?n=not-el-gobierno-de-la-rioja-organiza-el-programa-rutas-de-innovacion-para-difundir-los-proyectos-d\">Rutas de Innovaci\u00f3n<\/a>, organizado por el Gobierno de La Rioja para dar a conocer y difundir los proyectos desarrollados por los <strong>Centros Tecnol\u00f3gicos de La Rioja y los diferentes cl\u00fasteres <\/strong>tras obtener financiaci\u00f3n en las convocatorias de ayudas realizadas por el Ejecutivo regional.<\/p>\n\n\n\n<p>En concreto, en esta ocasi\u00f3n, se ha ofrecido la oportunidad de conocer las instalaciones del <strong>CTICH en Autol<\/strong> para mostrar la l\u00ednea de investigaci\u00f3n del Centro Tecnol\u00f3gico de La Rioja y el nuevo equipamiento, \u00fanico en Espa\u00f1a dentro del sector del champi\u00f1\u00f3n, <strong>adquirido con la financiaci\u00f3n obtenida<\/strong><strong> de las <\/strong><a href=\"https:\/\/actualidad.larioja.org\/noticia?n=not-el-gobierno-de-la-rioja-abre-manana-martes-el-plazo-para-que-los-centros-tecnologicos-de-la-ri\"><strong>ayudas del Ejecutivo regional en materia de I+D+i.<\/strong><\/a><strong> <\/strong>Esto supone246.485,43 euros para el proyecto de investigaci\u00f3n y 325.106,20 euros para el equipamiento, lo que&nbsp; hace <strong>un total de inversi\u00f3n de 571.591 euros desde el Ejecutivo regional.<\/strong><\/p>\n\n\n\n<p>Antes de iniciarse la visita, la directora general de Reindustrializaci\u00f3n, Innovaci\u00f3n e Internacionalizaci\u00f3n, Nathalie Beaucourt, ha recordado que \u201cEspa\u00f1a es el quinto productor mundial de setas y hongos cultivados, <strong>La Rioja lidera la producci\u00f3n nacional de champi\u00f1\u00f3n y es el segundo sector agrario con mayor peso en nuestra regi\u00f3n, s\u00f3lo por detr\u00e1s del sector del vino.<\/strong> Adem\u00e1s, se establece como un motor de empleo, al generar trabajo a m\u00e1s de 3.000 personas\u201d.<\/p>\n\n\n\n<p>Beaucourt tambi\u00e9n ha querido reconocer el trabajo del Centro Tecnol\u00f3gico de Investigaci\u00f3n del Champi\u00f1\u00f3n de La Rioja, que suele trabajar con otras entidades y el Centro de Investigaci\u00f3n Biom\u00e9dica de La Rioja (<em>CIBIR<\/em>), por \u201cser pionero en Espa\u00f1a y establecerse como una entidad gestionada por la Asociaci\u00f3n Profesional de Productores de Sustratos y Hongos de La Rioja, Navarra y Arag\u00f3n (ASOCHAMP) lo que permite trabajar directamente con el sector, que al fin y al cabo es a quien va dirigida la actividad investigadora del Centro\u201d. La directora ha se\u00f1alado que con este proyecto se trata de aportar <strong>\u201cuna l\u00ednea de innovaci\u00f3n a un sector biotecnol\u00f3gico maduro mediante nuevas l\u00edneas de negocio con el desarrollo de productos con <\/strong><strong>componentes bioactivos\u201d.<\/strong><\/p>\n\n\n\n<p>Por otro lado, la directora ha se\u00f1alado que <strong>una de las prioridades para el Gobierno de La Rioja es \u201capoyar la financiaci\u00f3n de proyectos de I+D+i e inversi\u00f3n en equipamiento cient\u00edfico-t\u00e9cnico<\/strong> de los Centros Tecnol\u00f3gicos para incrementar la investigaci\u00f3n en La Rioja como <strong>eje de transformaci\u00f3n del modelo productivo.<\/strong> Se trata de impulsar y generar proyectos que permitan la incorporaci\u00f3n de avances tecnol\u00f3gicos en el desarrollo de nuevos productos y tendenciascon el finde aumentar la competitividad del sector empresarial a trav\u00e9s de la innovaci\u00f3n\u201d.<\/p>\n\n\n\n<p>En este sentido, la directora ha recordado que el Gobierno de La Rioja promueve la investigaci\u00f3n y el desarrollo de nuevos conocimientos como elementos fundamentales para garantizar el desarrollo de La Rioja. Por ello, ha se\u00f1alado que, con el objetivo de modernizar el modelo productivo y mejorar el nivel competitivo del tejido empresarial riojano, el Ejecutivo regional destina un importante presupuesto de<strong> 3,5 millones de euros <\/strong>para los a\u00f1os 2021, 2022 y 2023, destinado a financiar de proyectos de investigaci\u00f3n industrial y de desarrollo experimental e innovaci\u00f3n <a href=\"https:\/\/actualidad.larioja.org\/noticia?n=not-el-gobierno-de-la-rioja-abre-manana-martes-el-plazo-para-que-los-centros-tecnologicos-de-la-ri\">de los Centros Tecnol\u00f3gicos de La Rioja<\/a>.<\/p>\n\n\n\n<p><strong>Algo<\/strong><strong> m\u00e1s que un alimento, <\/strong><strong>nuevas fuentes para mejorar el estado de salud de la poblaci\u00f3n <a><\/a><\/strong><\/p>\n\n\n\n<p>Por su parte, Margarita P\u00e9rez, directora del <a href=\"https:\/\/ctich.com\/\">Centro Tecnol\u00f3gico de Investigaci\u00f3n del Champi\u00f1\u00f3n de La Rioja (CTICH)<\/a>, ha explicado que el nuevo equipamiento permite desarrollar una nueva l\u00ednea de extracci\u00f3n\/purificaci\u00f3n de bioactivos que, unida a la posibilidad existente de producir y dise\u00f1ar los sustratos y cultivar un gran n\u00famero de especies de setas, abre un nuevo horizonte en una de las l\u00edneas de investigaci\u00f3n troncales del centro. <strong><\/strong><\/p>\n\n\n\n<p><strong>\u201c<\/strong><strong>Invertir en la investigaci\u00f3n de procesos extractivos de compuestos naturales procedentes de hongos y sustrato agotado, nos aporta potencial cient\u00edfico y econ\u00f3mico.<\/strong> La producci\u00f3n de extractos bioactivos es un mercado con gran potencial que puede contribuir a la econom\u00eda de nuestro sector, el champi\u00f1\u00f3n y las setas cultivadas, y, en consecuencia, a la de La Rioja. En el presente proyecto, se pretende investigar y desarrollar extractos con capacidad antioxidante ya que hay una multitud de enfermedades que se han relacionado con el estr\u00e9s oxidativo y la generaci\u00f3n de radicales libres. Por esto, terapias antioxidantes y dietas ricas, como la dieta mediterr\u00e1nea, o enriquecidas con antioxidantes parecen prevenir, o al menos disminuir, el deterioro funcional org\u00e1nico originado por un exceso de estr\u00e9s oxidativo. Las propiedades antioxidantes son el motivo de sus posibles implicaciones en la salud humana, como son la prevenci\u00f3n del c\u00e1ncer, de las enfermedades cardiovasculares o incluso de enfermedades neurodegenerativas como el Alzheimer. Para poder llevar a cabo las extracciones de una forma selectiva, con menores tiempos de operaci\u00f3n, rendimientos m\u00e1s altos y extracciones verdes donde se elimina la utilizaci\u00f3n de disolventes org\u00e1nicos, ASOCHAMP-CTICH ha incorporado una <strong>nueva l\u00ednea de extracci\u00f3n\/purificaci\u00f3n de compuestos bioactivos presentes en los hongos cultivados y sus subproductos, con el fin de aplicarlos en diferentes industrias<\/strong> (agroalimentaria, qu\u00edmica, farmac\u00e9utica, cosm\u00e9tica, alimentaci\u00f3n animal, etc.)\u201d, ha detallado P\u00e9rez.<\/p>\n\n\n\n<p><a href=\"https:\/\/www.ctich.com\/\"><strong>Centro Tecnol\u00f3gico de Investigaci\u00f3n del Champi\u00f1\u00f3n de La Rioja (CTICH)<\/strong><\/a><strong><\/strong><\/p>\n\n\n\n<p>El Centro Tecnol\u00f3gico de Investigaci\u00f3n del Champi\u00f1\u00f3n de La Rioja (CTICH) fue inaugurado en mayo de 2003 y desde entonces est\u00e1 gestionado por la Asociaci\u00f3n Profesional de Productores de Sustratos y Hongos de La Rioja, Navarra y Arag\u00f3n para dotar al sector de un elemento de investigaci\u00f3n, dinamizaci\u00f3n y desarrollo.<\/p>\n\n\n\n<p>El objetivo del CTICH es el fomento de la investigaci\u00f3n y el desarrollo tecnol\u00f3gico, la mejora de la calidad de la producci\u00f3n, el aumento de la competitividad y el est\u00edmulo para la modernizaci\u00f3n de las empresas del sector, a trav\u00e9s de la prestaci\u00f3n de servicios a sus asociados y la realizaci\u00f3n de proyectos de investigaci\u00f3n cient\u00edfica y desarrollo tecnol\u00f3gico, p\u00fablicos o por contrato.<\/p>\n\n\n\n<p>Sus principales actividades son: formaci\u00f3n, servicio anal\u00edtico, representaci\u00f3n del sector y la investigaci\u00f3n y desarrollo orientada al sector de hongos cultivados. Las l\u00edneas de investigaci\u00f3n se dividen en dos grandes \u00e1reas. Por un lado, la producci\u00f3n de sustratos y hongos, que comprende todos los aspectos relacionados directamente con el cultivo tanto de champi\u00f1\u00f3n como de otras setas, as\u00ed como la gesti\u00f3n y tratamiento del residuo generado en el cultivo (SPCH), y el estudio de plagas y enfermedades. Y por otro, el \u00e1rea de nutrici\u00f3n y salud, enfocada principalmente en la investigaci\u00f3n en bioactivos y la utilizaci\u00f3n de los hongos en base a sus propiedades medicinales.<\/p>\n\n\n\n<p><strong>Programa \u2018Rutas de Innovaci\u00f3n\u2019<\/strong><\/p>\n\n\n\n<p>El Gobierno de La Rioja organiza el programa <a href=\"https:\/\/actualidad.larioja.org\/noticia?n=not-el-gobierno-de-la-rioja-inicia-manana-martes-su-programa-rutas-de-innovacion\">Rutas de Innovaci\u00f3n<\/a> para dar a conocer y difundir los proyectos desarrollados por los&nbsp;Centros Tecnol\u00f3gicos de La Rioja y los diferentes cl\u00fasteres&nbsp;tras obtener financiaci\u00f3n en las convocatorias de ayudas del Ejecutivo regional, as\u00ed como a trav\u00e9s de acuerdos y convenios con diferentes cl\u00fasteres de la regi\u00f3n, destinado a apoyar y promover iniciativas de investigaci\u00f3n industrial y de desarrollo experimental e innovaci\u00f3n.<\/p>\n\n\n\n<p>La <a href=\"https:\/\/actualidad.larioja.org\/noticia?n=not-el-gobierno-de-la-rioja-organiza-el-programa-rutas-de-innovacion-para-difundir-los-proyectos-d\">primera visita<\/a> cont\u00f3 con la participaci\u00f3n de la directora general de Reindustrializaci\u00f3n, Innovaci\u00f3n e Internacionalizaci\u00f3n,&nbsp;Nathalie Beaucourt,&nbsp;junto al representante de la Agrupaci\u00f3n Empresarial Innovadora del sector automoci\u00f3n de La Rioja (AEI Automoci\u00f3n Rioja), I\u00f1aqui Garc\u00eda, y de la empresa <a href=\"https:\/\/abfsistemas.es\/\">ABF Sistemas<\/a>, Jes\u00fas Mart\u00ednez, para dar a conocer el&nbsp;proyecto de I+D+i,&nbsp;Hypatia. En la <a href=\"https:\/\/actualidad.larioja.org\/noticia?n=not-rutas-de-innovacion-llega-al-ctic-cita-para-mostrar-los-avances-que-el-innovador-equipamiento-1\">segunda ocasi\u00f3n<\/a> se visit\u00f3 el <a href=\"http:\/\/ctic-cita.es\/nc\/saladeprensa2\/noticias\/noticia-individual\/article\/ctic-cita-y-la-union-vegetariana-espanola-uve-firman-un-convenio-para-avanzar-en-el-desarrollo-de\/\">CTIC CITA<\/a> para mostrar los avances que el innovador equipamiento cient\u00edfico-t\u00e9cnico adquirido con las ayudas del Gobierno de La Rioja permite en el sector alimentario. La <a href=\"https:\/\/actualidad.larioja.org\/noticia?n=not-rutas-de-innovacion-visita-el-centro-tecnologico-del-calzado-para-dar-a-conocer-su-proyecto-de\">tercera visita<\/a> se desarroll\u00f3 al <a href=\"https:\/\/www.ctcr.es\/es\/\">Centro Tecnol\u00f3gico del Calzado de La Rioja<\/a> donde se conocieron los \u00faltimos avances de un proyectos de investigaci\u00f3n, financiado por el Gobierno de La Rioja, para la obtenci\u00f3n de nuevos materiales en este estrat\u00e9gico sector para la regi\u00f3n. En septiembre se retom\u00f3 el programa y en la <a href=\"https:\/\/actualidad.larioja.org\/noticia?n=not-rutas-de-innovacion-presenta-el-proyecto-del-cluster-food-i-impulsado-por-el-gobierno-de-la-ri\">cuarta visita<\/a> se dio a conocer el proyecto del <a href=\"https:\/\/www.clusterfoodmasi.es\/\">cl\u00faster Food+i<\/a> impulsado por el Gobierno de La Rioja que permite la creaci\u00f3n de un ecosistema emprendedor \u00fanico en Europa para el sector de base biol\u00f3gica. En la <a href=\"https:\/\/actualidad.larioja.org\/noticia?n=not-el-programa-rutas-de-innovacion-presenta-el-proyecto-destinado-a-crear-viviendas-de-abastecimi\">quinta visita<\/a>, el programa \u201cRutas de Innovaci\u00f3n\u201d present\u00f3 el proyecto destinado a crear viviendas de abastecimiento energ\u00e9tico eficiente impulsado por el convenio del Gobierno de La Rioja con <a href=\"https:\/\/clusteraric.com\/\">la Asociaci\u00f3n para la Innovaci\u00f3n Constructiva (ARIC).<\/a><\/p>\n","protected":false},"excerpt":{"rendered":"","protected":false},"author":1,"featured_media":91878,"comment_status":"open","ping_status":"open","sticky":false,"template":"","format":"standard","meta":{"colormag_page_container_layout":"default_layout","colormag_page_sidebar_layout":"default_layout","om_disable_all_campaigns":false,"_monsterinsights_skip_tracking":false,"_monsterinsights_sitenote_active":false,"_monsterinsights_sitenote_note":"","_monsterinsights_sitenote_category":0,"footnotes":""},"categories":[7],"tags":[120],"class_list":["post-91876","post","type-post","status-publish","format-standard","has-post-thumbnail","hentry","category-autol","tag-autol"],"aioseo_notices":[],"_links":{"self":[{"href":"https:\/\/www.yoleoescaparate.com\/index.php?rest_route=\/wp\/v2\/posts\/91876","targetHints":{"allow":["GET"]}}],"collection":[{"href":"https:\/\/www.yoleoescaparate.com\/index.php?rest_route=\/wp\/v2\/posts"}],"about":[{"href":"https:\/\/www.yoleoescaparate.com\/index.php?rest_route=\/wp\/v2\/types\/post"}],"author":[{"embeddable":true,"href":"https:\/\/www.yoleoescaparate.com\/index.php?rest_route=\/wp\/v2\/users\/1"}],"replies":[{"embeddable":true,"href":"https:\/\/www.yoleoescaparate.com\/index.php?rest_route=%2Fwp%2Fv2%2Fcomments&post=91876"}],"version-history":[{"count":0,"href":"https:\/\/www.yoleoescaparate.com\/index.php?rest_route=\/wp\/v2\/posts\/91876\/revisions"}],"wp:featuredmedia":[{"embeddable":true,"href":"https:\/\/www.yoleoescaparate.com\/index.php?rest_route=\/wp\/v2\/media\/91878"}],"wp:attachment":[{"href":"https:\/\/www.yoleoescaparate.com\/index.php?rest_route=%2Fwp%2Fv2%2Fmedia&parent=91876"}],"wp:term":[{"taxonomy":"category","embeddable":true,"href":"https:\/\/www.yoleoescaparate.com\/index.php?rest_route=%2Fwp%2Fv2%2Fcategories&post=91876"},{"taxonomy":"post_tag","embeddable":true,"href":"https:\/\/www.yoleoescaparate.com\/index.php?rest_route=%2Fwp%2Fv2%2Ftags&post=91876"}],"curies":[{"name":"wp","href":"https:\/\/api.w.org\/{rel}","templated":true}]}}