{"id":92380,"date":"2022-10-20T11:46:59","date_gmt":"2022-10-20T09:46:59","guid":{"rendered":"https:\/\/www.yoleoescaparate.com\/?p=92380"},"modified":"2022-10-20T11:46:59","modified_gmt":"2022-10-20T09:46:59","slug":"ferreteria-sagar-reinaugura-manana-su-establecimiento-de-la-c-maestro-falla-de-calahorra","status":"publish","type":"post","link":"https:\/\/www.yoleoescaparate.com\/?p=92380","title":{"rendered":"Ferreter\u00eda Sagar reinaugura ma\u00f1ana su establecimiento de la C\/ Maestro Falla de Calahorra"},"content":{"rendered":"\n<!--more-->\n\n\n\n<figure class=\"wp-block-image size-large\"><img loading=\"lazy\" decoding=\"async\" width=\"1024\" height=\"314\" src=\"https:\/\/www.yoleoescaparate.com\/wp-content\/uploads\/2022\/03\/listanoticiasCH-1024x314.jpg\" alt=\"\" class=\"wp-image-84817\" srcset=\"https:\/\/www.yoleoescaparate.com\/wp-content\/uploads\/2022\/03\/listanoticiasCH-1024x314.jpg 1024w, https:\/\/www.yoleoescaparate.com\/wp-content\/uploads\/2022\/03\/listanoticiasCH-300x92.jpg 300w, https:\/\/www.yoleoescaparate.com\/wp-content\/uploads\/2022\/03\/listanoticiasCH-768x236.jpg 768w, https:\/\/www.yoleoescaparate.com\/wp-content\/uploads\/2022\/03\/listanoticiasCH.jpg 1200w\" sizes=\"auto, (max-width: 1024px) 100vw, 1024px\" \/><\/figure>\n\n\n\n<p><\/p>\n\n\n\n<p>En Ferreter\u00eda Sagar est\u00e1n llevando a cabo un profundo proceso de modernizaci\u00f3n en sus instalaciones que, paso a paso, se va materializando en todos los establecimientos. Justo ma\u00f1ana, que se celebra el primer aniversario de la reinauguraci\u00f3n de BricoSagar, se celebra la de otra de las tiendas, concretamente la de Maestro Falla.<\/p>\n\n\n\n<p>En este caso, <strong>el acto de inauguraci\u00f3n ser\u00e1 en la C\/Maestro Falla de Calahorra, ma\u00f1ana a las 19.30h.<\/strong> Sin embargo, a lo largo de todo el d\u00eda de ma\u00f1ana, desde la apertura hasta el cierre, tanto en la mencionada tienda como en BricoSagar, todos los clientes recibir\u00e1n un detalle para celebrar ambos acontecimientos y, por supuesto, agradecer su visita.<\/p>\n\n\n\n<p>El proyecto de modernizaci\u00f3n que actualmente se est\u00e1 desarrollando alcanza a todas las \u00e1reas del Grupo Sagar y tiene como <strong>objetivo primordial la oferta de un mejor servicio a los clientes,<\/strong> adapt\u00e1ndolo a sus necesidades y al correr del tiempo actual, toda vez que se mantiene la excelencia en el trato que siempre ha caracterizado a los establecimientos Sagar desde sus or\u00edgenes, con valores como la cercan\u00eda y la profesionalidad como ejes principales. As\u00ed, siguen siendo la ferreter\u00eda de siempre, optimizada y llevada al futuro.<\/p>\n\n\n\n<p>Obviamente, la primera se\u00f1al del cambio est\u00e1 en las diferencias de la distribuci\u00f3n del espacio, la redecoraci\u00f3n de la tienda y otras mejoras llevadas a cabo para que quien visite el establecimiento localice r\u00e1pidamente lo que est\u00e1 buscando. Pasillos m\u00e1s anchos, productos m\u00e1s al alcance y mejor organizados y m\u00e1s espacio dedicado a la atenci\u00f3n al cliente se hacen obvios s\u00f3lo con entrar por la puerta.<\/p>\n\n\n\n<p>Bajo esa primera capa visible, se est\u00e1 llevando a cabo tambi\u00e9n una mejora en los procesos que permiten conseguir dichos objetivos, manteniendo la calidad de siempre en los productos y ampliando la carta de servicios, que ahora tambi\u00e9n incluye mayores opciones en el \u00e1rea de cerrajer\u00eda y automatismos, as\u00ed como en el \u00e1rea de instalaciones, que se aplican m\u00e1s all\u00e1 del \u00e1mbito tradicional de los electrodom\u00e9sticos: ahora tambi\u00e9n alcanza a sistemas de climatizaci\u00f3n y de gesti\u00f3n de energ\u00edas renovables, haciendo m\u00e1s visible su compromiso por la sostenibilidad.<\/p>\n","protected":false},"excerpt":{"rendered":"","protected":false},"author":1,"featured_media":92381,"comment_status":"open","ping_status":"open","sticky":false,"template":"","format":"standard","meta":{"colormag_page_container_layout":"default_layout","colormag_page_sidebar_layout":"default_layout","om_disable_all_campaigns":false,"_monsterinsights_skip_tracking":false,"_monsterinsights_sitenote_active":false,"_monsterinsights_sitenote_note":"","_monsterinsights_sitenote_category":0,"footnotes":""},"categories":[4],"tags":[16,96],"class_list":["post-92380","post","type-post","status-publish","format-standard","has-post-thumbnail","hentry","category-calahorra","tag-calahorra","tag-grupo-sagar"],"aioseo_notices":[],"_links":{"self":[{"href":"https:\/\/www.yoleoescaparate.com\/index.php?rest_route=\/wp\/v2\/posts\/92380","targetHints":{"allow":["GET"]}}],"collection":[{"href":"https:\/\/www.yoleoescaparate.com\/index.php?rest_route=\/wp\/v2\/posts"}],"about":[{"href":"https:\/\/www.yoleoescaparate.com\/index.php?rest_route=\/wp\/v2\/types\/post"}],"author":[{"embeddable":true,"href":"https:\/\/www.yoleoescaparate.com\/index.php?rest_route=\/wp\/v2\/users\/1"}],"replies":[{"embeddable":true,"href":"https:\/\/www.yoleoescaparate.com\/index.php?rest_route=%2Fwp%2Fv2%2Fcomments&post=92380"}],"version-history":[{"count":0,"href":"https:\/\/www.yoleoescaparate.com\/index.php?rest_route=\/wp\/v2\/posts\/92380\/revisions"}],"wp:featuredmedia":[{"embeddable":true,"href":"https:\/\/www.yoleoescaparate.com\/index.php?rest_route=\/wp\/v2\/media\/92381"}],"wp:attachment":[{"href":"https:\/\/www.yoleoescaparate.com\/index.php?rest_route=%2Fwp%2Fv2%2Fmedia&parent=92380"}],"wp:term":[{"taxonomy":"category","embeddable":true,"href":"https:\/\/www.yoleoescaparate.com\/index.php?rest_route=%2Fwp%2Fv2%2Fcategories&post=92380"},{"taxonomy":"post_tag","embeddable":true,"href":"https:\/\/www.yoleoescaparate.com\/index.php?rest_route=%2Fwp%2Fv2%2Ftags&post=92380"}],"curies":[{"name":"wp","href":"https:\/\/api.w.org\/{rel}","templated":true}]}}