{"id":93606,"date":"2022-11-11T14:36:22","date_gmt":"2022-11-11T13:36:22","guid":{"rendered":"https:\/\/www.yoleoescaparate.com\/?p=93606"},"modified":"2022-11-11T14:53:06","modified_gmt":"2022-11-11T13:53:06","slug":"la-ebau-se-celebrara-en-la-rioja-los-dias-5-6-y-7-de-junio-en-la-convocatoria-ordinaria-y-los-dias-5-6-y-7-de-julio-en-la-extraordinaria","status":"publish","type":"post","link":"https:\/\/www.yoleoescaparate.com\/?p=93606","title":{"rendered":"La EBAU se celebrar\u00e1 en La Rioja los d\u00edas 5, 6 y 7 de junio en la convocatoria ordinaria y los d\u00edas 5, 6 y 7 de julio en la extraordinaria"},"content":{"rendered":"\n<!--more-->\n\n\n\n<figure class=\"wp-block-image size-large\"><img loading=\"lazy\" decoding=\"async\" width=\"1024\" height=\"314\" src=\"https:\/\/www.yoleoescaparate.com\/wp-content\/uploads\/2022\/03\/listanoticiasCH-1024x314.jpg\" alt=\"\" class=\"wp-image-84817\" srcset=\"https:\/\/www.yoleoescaparate.com\/wp-content\/uploads\/2022\/03\/listanoticiasCH-1024x314.jpg 1024w, https:\/\/www.yoleoescaparate.com\/wp-content\/uploads\/2022\/03\/listanoticiasCH-300x92.jpg 300w, https:\/\/www.yoleoescaparate.com\/wp-content\/uploads\/2022\/03\/listanoticiasCH-768x236.jpg 768w, https:\/\/www.yoleoescaparate.com\/wp-content\/uploads\/2022\/03\/listanoticiasCH.jpg 1200w\" sizes=\"auto, (max-width: 1024px) 100vw, 1024px\" \/><\/figure>\n\n\n\n<p><strong>En la reuni\u00f3n de coordinadores de materia de la prueba de Evaluaci\u00f3n de Bachillerato para el Acceso a la Universidad (EBAU) 2022-2023, celebrada esta tarde, se ha adelantado el avance del calendario previsto para las pruebas de la EBAU en este curso acad\u00e9mico y tambi\u00e9n se han abordado las principales caracter\u00edsticas de las mismas<\/strong><\/p>\n\n\n\n<p>La directora general de Universidad y Pol\u00edtica Cient\u00edfica, Pilar Vargas, <a>y la vicerrectora de Estudiantes y Extensi\u00f3n Universitaria de la Universidad de La Rioja, M\u00aa \u00c1ngeles Mart\u00ednez Calvo, <\/a>en una reuni\u00f3n de trabajo celebrada esta tarde, han adelantado a los coordinadores de Bachillerato y de la Universidad de las diferentes materias objeto de la prueba de Evaluaci\u00f3n de Bachillerato para el Acceso a la Universidad (EBAU) el calendario previsto para las pruebas durante el curso 2022-2023, as\u00ed como sus principales caracter\u00edsticas. De esta manera, en relaci\u00f3n con el calendario, se prev\u00e9 que la EBAU del curso acad\u00e9mico 22-23 se celebre en La Rioja <strong>los d\u00edas 5, 6 y 7 de junio en la convocatoria ordinaria y los d\u00edas 5, 6 y 7 de julio en la convocatoria extraordinaria.<\/strong><\/p>\n\n\n\n<p>Respecto a la organizaci\u00f3n, estructura y desarrollo de la prueba, se mantienen las mismas normas que en la \u00faltima convocatoria. Por ello, habr\u00e1 <strong>una fase obligatoria, <\/strong>en la que los alumnos se examinar\u00e1n de las tres asignaturas troncales generales (Lengua Castellana y Literatura II, Historia de Espa\u00f1a y Primera Lengua Extranjera II: Ingl\u00e9s) y de una asignatura del bloque de troncales generales que variar\u00e1 seg\u00fan la modalidad elegida: Matem\u00e1ticas II en la modalidad de Ciencias; Matem\u00e1ticas aplicadas a las Ciencias Sociales II en la modalidad de Ciencias Sociales; Lat\u00edn II en la modalidad de Humanidades, y Fundamentos del Arte II en la modalidad de Artes.<\/p>\n\n\n\n<p><strong>En la fase voluntaria,<\/strong> los estudiantes que quieran mejorar su nota de admisi\u00f3n podr\u00e1n examinarse de un m\u00e1ximo de cuatro materias entre las siguientes: Biolog\u00eda, Dibujo T\u00e9cnico II, F\u00edsica, Geolog\u00eda, Qu\u00edmica, Econom\u00eda de la Empresa, Geograf\u00eda, Griego II, Historia del Arte, Historia de la Filosof\u00eda, Artes Esc\u00e9nicas, Cultura Audiovisual II y Dise\u00f1o. Tambi\u00e9n podr\u00e1n examinarse de una segunda lengua extranjera que debe ser distinta de la evaluada en la fase obligatoria.<\/p>\n\n\n\n<p>En cuanto al proceso, se realizar\u00e1 un examen por cada una de las materias objeto de evaluaci\u00f3n y cada uno de ellos tendr\u00e1 una duraci\u00f3n de 90 minutos. En cada prueba, el alumnado dispondr\u00e1 de una \u00fanica propuesta de examen con varias preguntas. Estas cuestiones ser\u00e1n abiertas (exigen construcci\u00f3n de la respuesta por parte del alumno y no tienen una sola respuesta correcta inequ\u00edvoca) y semiabiertas (exigen construcci\u00f3n y solamente tienen una respuesta correcta inequ\u00edvoca). Adem\u00e1s, se podr\u00e1n plantear preguntas de opci\u00f3n m\u00faltiple (elecci\u00f3n de una entre las opciones propuestas y con una sola respuesta correcta inequ\u00edvoca), aunque se especifica que las abiertas y semiabiertas tienen que suponer al menos el 50% de la puntuaci\u00f3n.<\/p>\n\n\n\n<p>Cada examen se calificar\u00e1 entre 0 y 10 puntos y la calificaci\u00f3n final de la EBAU ser\u00e1 la media aritm\u00e9tica de las notas obtenidas en los cuatro ex\u00e1menes de las asignaturas de la fase obligatoria expresada con tres decimales y redondeada a la mil\u00e9sima. Esta media tendr\u00e1 que ser igual o superior a cuatro puntos para que pueda ser tenida en cuenta. A continuaci\u00f3n, la calificaci\u00f3n para el acceso a la universidad se calcular\u00e1 ponderando un 40% el resultado de la EBAU y un 60% la nota media de Bachillerato. Se entender\u00e1 que el alumno re\u00fane los requisitos de acceso cuando el resultado de esta ponderaci\u00f3n sea igual o superior a cinco puntos. La superaci\u00f3n de la evaluaci\u00f3n de Bachillerato para el acceso a la universidad tendr\u00e1 validez indefinida.<\/p>\n\n\n\n<p>Adem\u00e1s, cada examen que el alumno realice para mejorar su nota de admisi\u00f3n se calificar\u00e1 de 0 a 10 puntos, con dos decimales, y se considerar\u00e1 superado cuando se obtenga una calificaci\u00f3n igual o superior a 5 puntos. Las calificaciones obtenidas en las pruebas para mejorar la nota de admisi\u00f3n tendr\u00e1n validez durante los dos cursos acad\u00e9micos siguientes a la superaci\u00f3n de las mismas.<\/p>\n","protected":false},"excerpt":{"rendered":"","protected":false},"author":1,"featured_media":87140,"comment_status":"open","ping_status":"open","sticky":false,"template":"","format":"standard","meta":{"colormag_page_container_layout":"default_layout","colormag_page_sidebar_layout":"default_layout","om_disable_all_campaigns":false,"_monsterinsights_skip_tracking":false,"_monsterinsights_sitenote_active":false,"_monsterinsights_sitenote_note":"","_monsterinsights_sitenote_category":0,"footnotes":""},"categories":[4],"tags":[16,429],"class_list":["post-93606","post","type-post","status-publish","format-standard","has-post-thumbnail","hentry","category-calahorra","tag-calahorra","tag-ebau"],"aioseo_notices":[],"_links":{"self":[{"href":"https:\/\/www.yoleoescaparate.com\/index.php?rest_route=\/wp\/v2\/posts\/93606","targetHints":{"allow":["GET"]}}],"collection":[{"href":"https:\/\/www.yoleoescaparate.com\/index.php?rest_route=\/wp\/v2\/posts"}],"about":[{"href":"https:\/\/www.yoleoescaparate.com\/index.php?rest_route=\/wp\/v2\/types\/post"}],"author":[{"embeddable":true,"href":"https:\/\/www.yoleoescaparate.com\/index.php?rest_route=\/wp\/v2\/users\/1"}],"replies":[{"embeddable":true,"href":"https:\/\/www.yoleoescaparate.com\/index.php?rest_route=%2Fwp%2Fv2%2Fcomments&post=93606"}],"version-history":[{"count":0,"href":"https:\/\/www.yoleoescaparate.com\/index.php?rest_route=\/wp\/v2\/posts\/93606\/revisions"}],"wp:featuredmedia":[{"embeddable":true,"href":"https:\/\/www.yoleoescaparate.com\/index.php?rest_route=\/wp\/v2\/media\/87140"}],"wp:attachment":[{"href":"https:\/\/www.yoleoescaparate.com\/index.php?rest_route=%2Fwp%2Fv2%2Fmedia&parent=93606"}],"wp:term":[{"taxonomy":"category","embeddable":true,"href":"https:\/\/www.yoleoescaparate.com\/index.php?rest_route=%2Fwp%2Fv2%2Fcategories&post=93606"},{"taxonomy":"post_tag","embeddable":true,"href":"https:\/\/www.yoleoescaparate.com\/index.php?rest_route=%2Fwp%2Fv2%2Ftags&post=93606"}],"curies":[{"name":"wp","href":"https:\/\/api.w.org\/{rel}","templated":true}]}}