{"id":94202,"date":"2022-04-24T09:48:00","date_gmt":"2022-04-24T07:48:00","guid":{"rendered":"https:\/\/www.yoleoescaparate.com\/?p=94202"},"modified":"2022-11-24T09:51:11","modified_gmt":"2022-11-24T08:51:11","slug":"exposiciones-y-notas-de-interes-en-navidad-en-calahorra","status":"publish","type":"post","link":"https:\/\/www.yoleoescaparate.com\/?p=94202","title":{"rendered":"Exposiciones y notas de inter\u00e9s en Navidad en Calahorra"},"content":{"rendered":"\n<!--more-->\n\n\n\n<p><\/p>\n\n\n\n<h2 class=\"wp-block-heading\"><strong>EXPOSICIONES<\/strong><\/h2>\n\n\n\n<p><strong>Exposici\u00f3n II Concurso fotogr\u00e1fico de Turismo de Naturaleza<\/strong><\/p>\n\n\n\n<p>28 de octubre al 27 de noviembre de 2022<\/p>\n\n\n\n<p>Sala exposiciones Casa de los Curas, C\/Mayor 24<\/p>\n\n\n\n<p>Lunes a mi\u00e9rcoles 8 a 14h. Jueves y viernes 8 a 14 y 18 a 20h. S\u00e1bados 18 a 20h. Domingos y &nbsp;&nbsp;&nbsp;&nbsp;&nbsp;&nbsp;&nbsp; festivos 12 a 14 h.<\/p>\n\n\n\n<p><strong>Exposici\u00f3n de Moneda Romana \u00abSIGNATUM\u00bb<\/strong><\/p>\n\n\n\n<p>5 al 26 de noviembre de 2022<\/p>\n\n\n\n<p>Museo de la romanizaci\u00f3n<\/p>\n\n\n\n<p>Organiza: Asfinca.<\/p>\n\n\n\n<p><strong>Exposici\u00f3n Concurso de Tarjetas Navide\u00f1as 2022<\/strong><\/p>\n\n\n\n<p>16 de diciembre 2022 &nbsp;a 8 de enero 2023<\/p>\n\n\n\n<p>Sala exposiciones Casa de los Curas, C\/Mayor 24<\/p>\n\n\n\n<p>Lunes a mi\u00e9rcoles 8 a 14h. Jueves y viernes 8 a 14 y 18 a 20h. S\u00e1bados 18 a 20h. Domingos y &nbsp;&nbsp;&nbsp;&nbsp;&nbsp;&nbsp;&nbsp; festivos 12 a 14 h.<\/p>\n\n\n\n<p><strong>Exposici\u00f3n <\/strong><strong>XXII FORUM FILAT\u00c9LICO Y NUMISM\u00c1TICO<\/strong><strong> Ciudad de Calahorra&nbsp; \u201cRECUERDOS\u201d<\/strong><\/p>\n\n\n\n<p>8 al 11 de diciembre<\/p>\n\n\n\n<p>Centro cultural Fernando Herce, c\/ Mayor 8<\/p>\n\n\n\n<p>De jueves a s\u00e1bado: 17 a 20 h. Domingo 11 a 13 h.<\/p>\n\n\n\n<p><strong>Exposici\u00f3n fotograf\u00edas ganadoras del concurso Fiestas del Casco Antiguo<\/strong><\/p>\n\n\n\n<p>22 de diciembre&nbsp; al 6 de enero. Entrada libre<\/p>\n\n\n\n<p>Planillo San Andr\u00e9s<\/p>\n\n\n\n<p>Horario: lunes a s\u00e1bado de 18,30 a 20,30 h.<\/p>\n\n\n\n<p>Festivos de 12 a 14 h. y&nbsp; 18,30 a 20,30 h.<\/p>\n\n\n\n<p>Cerrado 24 y 31 de diciembre y 5 de enero<\/p>\n\n\n\n<p>Organiza: ASFOCAL<\/p>\n\n\n\n<h2 class=\"wp-block-heading\"><strong>NOTAS DE INTER\u00c9S:<\/strong><\/h2>\n\n\n\n<p><strong>Instalaci\u00f3n del FERIAL:<\/strong><\/p>\n\n\n\n<p>Explanada del Silo del 2 de diciembre al 8 de enero<\/p>\n\n\n\n<p>4 de enero, \u201cd\u00eda del ni\u00f1o\u201d,&nbsp; a 1\u20ac el viaje<\/p>\n\n\n\n<p><strong>Escribe tu Carta Reyes Magos<\/strong>: <a href=\"https:\/\/calahorra.es\/reyes-magos\/\">https:\/\/calahorra.es\/reyes-magos\/<\/a><\/p>\n\n\n\n<p><strong>Espect\u00e1culos del TEATRO IDEAL:<\/strong><\/p>\n\n\n\n<p>&nbsp;<strong>Venta de localidades:<\/strong><\/p>\n\n\n\n<p>Taquillas del teatro: de 12 a 14 horas los d\u00edas&nbsp; 24 de noviembre, 1, 7, 15, 22 y 29 de diciembre. Y todos los d\u00edas que haya funci\u00f3n con taquilla, desde dos horas antes del comienzo de la misma.<\/p>\n\n\n\n<p>M\u00e1quinas autoservicio del teatro de 9 a 22h.<\/p>\n\n\n\n<p>Web: <a href=\"http:\/\/www.teatroideal.sacatuentrada.es\">www.teatroideal.sacatuentrada.es<\/a><\/p>\n","protected":false},"excerpt":{"rendered":"","protected":false},"author":1,"featured_media":0,"comment_status":"open","ping_status":"open","sticky":false,"template":"","format":"standard","meta":{"colormag_page_container_layout":"default_layout","colormag_page_sidebar_layout":"default_layout","om_disable_all_campaigns":false,"_monsterinsights_skip_tracking":false,"_monsterinsights_sitenote_active":false,"_monsterinsights_sitenote_note":"","_monsterinsights_sitenote_category":0,"footnotes":""},"categories":[4],"tags":[16,70],"class_list":["post-94202","post","type-post","status-publish","format-standard","hentry","category-calahorra","tag-calahorra","tag-navidad"],"aioseo_notices":[],"_links":{"self":[{"href":"https:\/\/www.yoleoescaparate.com\/index.php?rest_route=\/wp\/v2\/posts\/94202","targetHints":{"allow":["GET"]}}],"collection":[{"href":"https:\/\/www.yoleoescaparate.com\/index.php?rest_route=\/wp\/v2\/posts"}],"about":[{"href":"https:\/\/www.yoleoescaparate.com\/index.php?rest_route=\/wp\/v2\/types\/post"}],"author":[{"embeddable":true,"href":"https:\/\/www.yoleoescaparate.com\/index.php?rest_route=\/wp\/v2\/users\/1"}],"replies":[{"embeddable":true,"href":"https:\/\/www.yoleoescaparate.com\/index.php?rest_route=%2Fwp%2Fv2%2Fcomments&post=94202"}],"version-history":[{"count":0,"href":"https:\/\/www.yoleoescaparate.com\/index.php?rest_route=\/wp\/v2\/posts\/94202\/revisions"}],"wp:attachment":[{"href":"https:\/\/www.yoleoescaparate.com\/index.php?rest_route=%2Fwp%2Fv2%2Fmedia&parent=94202"}],"wp:term":[{"taxonomy":"category","embeddable":true,"href":"https:\/\/www.yoleoescaparate.com\/index.php?rest_route=%2Fwp%2Fv2%2Fcategories&post=94202"},{"taxonomy":"post_tag","embeddable":true,"href":"https:\/\/www.yoleoescaparate.com\/index.php?rest_route=%2Fwp%2Fv2%2Ftags&post=94202"}],"curies":[{"name":"wp","href":"https:\/\/api.w.org\/{rel}","templated":true}]}}