{"id":96661,"date":"2023-01-24T14:41:11","date_gmt":"2023-01-24T13:41:11","guid":{"rendered":"https:\/\/www.yoleoescaparate.com\/?p=96661"},"modified":"2023-01-24T14:41:12","modified_gmt":"2023-01-24T13:41:12","slug":"tras-tres-anos-los-amigos-de-la-poesia-de-la-rioja-baja-por-fin-realizaron-su-recital-anual-en-alfaro","status":"publish","type":"post","link":"https:\/\/www.yoleoescaparate.com\/?p=96661","title":{"rendered":"Tras tres a\u00f1os los \u201cAmigos de la Poes\u00eda de la Rioja Baja\u201d por fin, realizaron su recital anual en Alfaro"},"content":{"rendered":"\n<!--more-->\n\n\n\n<figure class=\"wp-block-image size-large\"><img loading=\"lazy\" decoding=\"async\" width=\"1024\" height=\"314\" src=\"https:\/\/www.yoleoescaparate.com\/wp-content\/uploads\/2022\/03\/listanoticiasCH-1024x314.jpg\" alt=\"\" class=\"wp-image-84817\" srcset=\"https:\/\/www.yoleoescaparate.com\/wp-content\/uploads\/2022\/03\/listanoticiasCH-1024x314.jpg 1024w, https:\/\/www.yoleoescaparate.com\/wp-content\/uploads\/2022\/03\/listanoticiasCH-300x92.jpg 300w, https:\/\/www.yoleoescaparate.com\/wp-content\/uploads\/2022\/03\/listanoticiasCH-768x236.jpg 768w, https:\/\/www.yoleoescaparate.com\/wp-content\/uploads\/2022\/03\/listanoticiasCH.jpg 1200w\" sizes=\"auto, (max-width: 1024px) 100vw, 1024px\" \/><\/figure>\n\n\n\n<p>Tres a\u00f1os llevaban \u201cAmigos de la Poes\u00eda de la Rioja Baja\u201d sin realizar en Alfaro su recital anual por culpa de la pandemia. Pero el s\u00e1bado 21 de enero a las 19,30 regresaron al Ayuntamiento de la ciudad de las cig\u00fce\u00f1as para llevarlo a cabo.<\/p>\n\n\n\n<p>Los encuentros de esta asociaci\u00f3n po\u00e9tica con el p\u00fablico de Alfaro suelen ser siempre especiales y multitudinarios. El de este a\u00f1o ha sido, tras la forzada reclusi\u00f3n, el del reencuentro con tantos amigos que los conocen desde hace a\u00f1os, lo que dio a\u00fan m\u00e1s calidez al recital. El p\u00fablico llen\u00f3 el Sal\u00f3n de Actos del Ayuntamiento, con ganas de disfrutar y emocionarse con los poemas, y tambi\u00e9n con las canciones de la gaditana Mar\u00eda Rodr\u00edguez que tuvo la gentileza de sumarse al acto.<\/p>\n\n\n\n<p>Fue presentado con humor por Augusto Olarte y Miguel Correas, que fueron haciendo pasar a los poetas de la asociaci\u00f3n tras una peque\u00f1a lectura po\u00e9tica. As\u00ed, Dori P\u00e9rez, Mario Mart\u00ednez, Teresa S\u00e1enz , Mar\u00eda Jes\u00fas Robles, Teo Basterra y ambos conductores del acto, Augusto y Miguel, recitaron sus poemas mientras el p\u00fablico asistente los escuchaba con suma atenci\u00f3n para aplaudir luego cada lectura. Los poemas, de diversa \u00edndole llegaron al auditorio con versos emocionados. Mario Mart\u00ednez \u00a0y Adoraci\u00f3n P\u00e9rez recitaron un poema de \u201cpicadillo\u201d escrito por el propio Mario. Y el rapsoda Ram\u00f3n Vega recit\u00f3 un sentido poema propio dedicado a los momentos, lugares y personas desaparecidas durante el tiempo de pandemia.<\/p>\n\n\n\n<p>La m\u00fasica de Mar\u00eda Rodr\u00edguez que hab\u00eda abierto el recital, continu\u00f3 en el intermedio con dos preciosas canciones, y cerr\u00f3 con otras dos, que hicieron vibrar al p\u00fablico. Una gran cantante, Mar\u00eda que, adem\u00e1s de por sus temas, sorprendi\u00f3 por su sencillez.<\/p>\n\n\n\n<p>Al finalizar y como cierre del acto, se sortearon varios libros de los poetas entre el p\u00fablico como agradecimiento por su asistencia.<\/p>\n","protected":false},"excerpt":{"rendered":"","protected":false},"author":1,"featured_media":96662,"comment_status":"open","ping_status":"open","sticky":false,"template":"","format":"standard","meta":{"colormag_page_container_layout":"default_layout","colormag_page_sidebar_layout":"default_layout","om_disable_all_campaigns":false,"_monsterinsights_skip_tracking":false,"_monsterinsights_sitenote_active":false,"_monsterinsights_sitenote_note":"","_monsterinsights_sitenote_category":0,"footnotes":""},"categories":[5],"tags":[72],"class_list":["post-96661","post","type-post","status-publish","format-standard","has-post-thumbnail","hentry","category-alfaro","tag-alfaro"],"aioseo_notices":[],"_links":{"self":[{"href":"https:\/\/www.yoleoescaparate.com\/index.php?rest_route=\/wp\/v2\/posts\/96661","targetHints":{"allow":["GET"]}}],"collection":[{"href":"https:\/\/www.yoleoescaparate.com\/index.php?rest_route=\/wp\/v2\/posts"}],"about":[{"href":"https:\/\/www.yoleoescaparate.com\/index.php?rest_route=\/wp\/v2\/types\/post"}],"author":[{"embeddable":true,"href":"https:\/\/www.yoleoescaparate.com\/index.php?rest_route=\/wp\/v2\/users\/1"}],"replies":[{"embeddable":true,"href":"https:\/\/www.yoleoescaparate.com\/index.php?rest_route=%2Fwp%2Fv2%2Fcomments&post=96661"}],"version-history":[{"count":0,"href":"https:\/\/www.yoleoescaparate.com\/index.php?rest_route=\/wp\/v2\/posts\/96661\/revisions"}],"wp:featuredmedia":[{"embeddable":true,"href":"https:\/\/www.yoleoescaparate.com\/index.php?rest_route=\/wp\/v2\/media\/96662"}],"wp:attachment":[{"href":"https:\/\/www.yoleoescaparate.com\/index.php?rest_route=%2Fwp%2Fv2%2Fmedia&parent=96661"}],"wp:term":[{"taxonomy":"category","embeddable":true,"href":"https:\/\/www.yoleoescaparate.com\/index.php?rest_route=%2Fwp%2Fv2%2Fcategories&post=96661"},{"taxonomy":"post_tag","embeddable":true,"href":"https:\/\/www.yoleoescaparate.com\/index.php?rest_route=%2Fwp%2Fv2%2Ftags&post=96661"}],"curies":[{"name":"wp","href":"https:\/\/api.w.org\/{rel}","templated":true}]}}