{"id":97481,"date":"2023-02-16T08:36:13","date_gmt":"2023-02-16T07:36:13","guid":{"rendered":"https:\/\/www.yoleoescaparate.com\/?p=97481"},"modified":"2023-02-17T13:04:11","modified_gmt":"2023-02-17T12:04:11","slug":"programa-de-fiestas-de-marzo-2023-del-jueves-2-al-sabado-4-de-marzo-de-2023","status":"publish","type":"post","link":"https:\/\/www.yoleoescaparate.com\/?p=97481","title":{"rendered":"PROGRAMA DE FIESTAS DE MARZO\u00a0 2023. Del jueves 2 al s\u00e1bado 4 de marzo de 2023"},"content":{"rendered":"\n<!--more-->\n\n\n\n<figure class=\"wp-block-image size-large\"><img loading=\"lazy\" decoding=\"async\" width=\"1024\" height=\"314\" src=\"https:\/\/www.yoleoescaparate.com\/wp-content\/uploads\/2022\/03\/listanoticiasCH-1024x314.jpg\" alt=\"\" class=\"wp-image-84817\" srcset=\"https:\/\/www.yoleoescaparate.com\/wp-content\/uploads\/2022\/03\/listanoticiasCH-1024x314.jpg 1024w, https:\/\/www.yoleoescaparate.com\/wp-content\/uploads\/2022\/03\/listanoticiasCH-300x92.jpg 300w, https:\/\/www.yoleoescaparate.com\/wp-content\/uploads\/2022\/03\/listanoticiasCH-768x236.jpg 768w, https:\/\/www.yoleoescaparate.com\/wp-content\/uploads\/2022\/03\/listanoticiasCH.jpg 1200w\" sizes=\"auto, (max-width: 1024px) 100vw, 1024px\" \/><\/figure>\n\n\n\n<h2 class=\"wp-block-heading\"><strong>Jueves 2:<\/strong><\/h2>\n\n\n\n<p><strong>16, 30 h. &nbsp;&nbsp;&nbsp;&nbsp; TARDEO <\/strong>Pe\u00f1a La Moza en Bar CUE.<\/p>\n\n\n\n<p><strong>18,30 h: &nbsp;&nbsp;&nbsp;&nbsp;&nbsp; RONDA RROTUNDERA <\/strong>d<a><\/a>esde bar sabor.es hasta Ayuntamiento con la Pe\u00f1a Philips.<\/p>\n\n\n\n<p><strong>19,45 h:&nbsp;&nbsp;&nbsp;&nbsp;&nbsp;&nbsp; COLOCACI\u00d3N DEL PA\u00d1UELO A QUINTILIANO<\/strong><\/p>\n\n\n\n<p>&nbsp;&nbsp;&nbsp;&nbsp;&nbsp;&nbsp;&nbsp;&nbsp;&nbsp;&nbsp;&nbsp;&nbsp;&nbsp;&nbsp;&nbsp; Glorieta Quintiliano.<\/p>\n\n\n\n<p><strong>20,00 h:&nbsp;&nbsp;&nbsp;&nbsp;&nbsp;&nbsp; Lanzamiento del CHUPINAZO<\/strong> anunciador de las fiestas desde el balc\u00f3n del Ayuntamiento, seguido del <strong>DESFILE DE PE\u00d1AS<\/strong> con sus charangas hasta el Raso con el siguiente orden:<\/p>\n\n\n\n<ul class=\"wp-block-list\">\n<li>Banda Municipal de M\u00fasica de Calahorra<\/li>\n\n\n\n<li>Pe\u00f1a Riojana<\/li>\n\n\n\n<li>Pe\u00f1a El Sol<\/li>\n\n\n\n<li>Pe\u00f1a Philips<\/li>\n\n\n\n<li>Pe\u00f1a Calagurritana<\/li>\n\n\n\n<li>Pe\u00f1a El Hambre<\/li>\n\n\n\n<li>Pe\u00f1a La Moza&nbsp;<\/li>\n<\/ul>\n\n\n\n<p>&nbsp;&nbsp;&nbsp;&nbsp;&nbsp;&nbsp;&nbsp;&nbsp;&nbsp;&nbsp;&nbsp;&nbsp;&nbsp;&nbsp;&nbsp; Al terminar el desfile:<\/p>\n\n\n\n<p>Apertura de los cuartos de las Pe\u00f1as para degustar el tradicional ZURRACAPOTE<\/p>\n\n\n\n<p>&nbsp;&nbsp;&nbsp;&nbsp;&nbsp;&nbsp;&nbsp;&nbsp;&nbsp;&nbsp;&nbsp;&nbsp;&nbsp;&nbsp;&nbsp;&nbsp;&nbsp;&nbsp; Degustaci\u00f3n del tradicional Pan con Chorizo en el cuarto Pe\u00f1a El Hambre.<\/p>\n\n\n\n<p><strong>21,30 h<\/strong>.&nbsp;&nbsp;&nbsp;&nbsp;&nbsp;&nbsp; <strong>FESTIVAL DE DJs en<\/strong> la Carpa de la Plaza del Raso.<\/p>\n\n\n\n<p><strong>22,00 h<\/strong>.&nbsp;&nbsp;&nbsp;&nbsp;&nbsp;&nbsp; <strong>MARIACHIS<\/strong> Roberto Urrutia &amp; Amanecer ranchero. Recorrido: por las calles de la ciudad en la zona del centro.<\/p>\n\n\n\n<p><strong>SALIDA DE LA CHARANGA<\/strong> Pe\u00f1a El Sol a bar Bebe y Zampa<\/p>\n\n\n\n<p>&nbsp;&nbsp;&nbsp;&nbsp;&nbsp;&nbsp;&nbsp;&nbsp;&nbsp;&nbsp;&nbsp;&nbsp;&nbsp;&nbsp;&nbsp; <strong>GUATEQUE <\/strong>en Pe\u00f1a Calagurritana con los Djs Dani Toral y Escribano Dj.&nbsp;<\/p>\n\n\n\n<p>&nbsp;&nbsp;&nbsp;&nbsp;&nbsp;&nbsp;&nbsp;&nbsp;&nbsp;&nbsp;&nbsp;&nbsp;&nbsp;&nbsp;&nbsp; <strong>FIESTA DE DJS<\/strong> en Pe\u00f1a La Moza<\/p>\n\n\n\n<p><strong>PASACALLES CHARANGA <\/strong>Pe\u00f1a Riojana por bares El Rinc\u00f3n de Livi-Flor y Nata, La Fuente, Cerve, Teorema y CUE<\/p>\n\n\n\n<p><strong>22,20 h. &nbsp;&nbsp;&nbsp;&nbsp;&nbsp; FIESTA<\/strong> <strong>ROCK<\/strong> en Pe\u00f1a El Hambre a cargo de DJ MOB y DJ Kqn.<\/p>\n\n\n\n<p><strong>00,00 h.\u00a0\u00a0\u00a0\u00a0\u00a0\u00a0 JARANA Djs <\/strong>en la Carpa del Raso. Fiesta de animaci\u00f3n con efectos especiales.<\/p>\n\n\n\n<p><strong>00:00h Toro de fuego.<\/strong> Recorrido: Grande hasta pl\/ del Raso. Organiza: Philips \u00abMientras el Cuerpo Aguante\u00bb<\/p>\n\n\n\n<p><strong>SALIDA NOCTURNA <\/strong>charanga pe\u00f1a La Moza. Bar Menta y Vi\u00f1as .<strong><\/strong><\/p>\n\n\n\n<p><strong>00, 30 h. &nbsp;&nbsp;&nbsp;&nbsp; RONDA RROTUNDERA <\/strong>pe\u00f1a Philips. Salida desde el cuarto de la pe\u00f1a hasta Bar Cafet\u00edn.<\/p>\n\n\n\n<p><strong>01,15 h.&nbsp;&nbsp;&nbsp;&nbsp;&nbsp;&nbsp; NOCHE LOCA <\/strong>en Pe\u00f1a Riojana.<strong>&nbsp;&nbsp;&nbsp;&nbsp;&nbsp;&nbsp;<\/strong><\/p>\n\n\n\n<h2 class=\"wp-block-heading\"><strong>Viernes 3:<\/strong><\/h2>\n\n\n\n<p><strong>9,00 h:&nbsp;&nbsp;&nbsp;&nbsp;&nbsp;&nbsp;&nbsp; DIANAS <\/strong>con la Asociaci\u00f3n Agayta.<\/p>\n\n\n\n<p><strong>&nbsp;&nbsp;&nbsp;&nbsp;&nbsp;&nbsp;&nbsp;&nbsp;&nbsp;&nbsp;&nbsp;&nbsp;&nbsp;&nbsp;&nbsp; <\/strong>Recorrido: por el casco Antiguo de Calahorra con salida de la Plaza del Raso.<\/p>\n\n\n\n<p><strong>10,00 h.&nbsp;&nbsp;&nbsp;&nbsp;&nbsp;&nbsp;<\/strong> <strong>SALIDA DE GIGANTES Y CABEZUDOS. <\/strong>Recorrido: Salida del pabell\u00f3n Quintiliano, por Julio C\u00e9sar hasta el Ayuntamiento.<\/p>\n\n\n\n<p><strong>10,45 h:&nbsp;&nbsp;&nbsp;&nbsp;&nbsp;&nbsp; SALIDA DE LA CORPORACI\u00d3N<\/strong> desde el Ayuntamiento, precedida por los Maceros, Banda Municipal de M\u00fasica, Gaiteros y Comparsa de Gigantes y Cabezudos para acudir a la Iglesia de los Santos M\u00e1rtires.<\/p>\n\n\n\n<p><strong>11,00 h:&nbsp;&nbsp;&nbsp;&nbsp;&nbsp;&nbsp; PROCESI\u00d3N Y&nbsp; MISA SOLEMNE<\/strong><\/p>\n\n\n\n<p>Recorrido de la Procesi\u00f3n: Parroquia de los Santos M\u00e1rtires, Bebricio, Ach\u00fategui de Blas, General Gallarza, Glorieta Quintiliano, M\u00e1rtires, Grande, Raso, Santiago, Cuatro Esquinas, Enramada, Pedro Guti\u00e9rrez, San Andr\u00e9s, Estrella, Plaza de D. Joaqu\u00edn Garc\u00eda Anto\u00f1anzas y Cuesta de la Catedral.<\/p>\n\n\n\n<p>Al t\u00e9rmino de la procesi\u00f3n, MISA SOLEMNE en la Catedral con la participaci\u00f3n del Orfe\u00f3n Calagurritano Pedro Guti\u00e9rrez.<\/p>\n\n\n\n<p><strong>12,00 h.&nbsp;&nbsp;&nbsp;&nbsp;&nbsp;&nbsp;&nbsp;&nbsp;&nbsp;&nbsp; DEGUSTACI\u00d3N de zurracapote <\/strong>en las Pe\u00f1as.<\/p>\n\n\n\n<p><strong>12,30 h.<\/strong>&nbsp;&nbsp;&nbsp;&nbsp;&nbsp;&nbsp;&nbsp;&nbsp;&nbsp;&nbsp; <strong>DEGUSTACI\u00d3N gratuita de sopas de ajo<\/strong>. En la Pe\u00f1a El Sol.<\/p>\n\n\n\n<p><strong>Vermuts musicales:<\/strong><\/p>\n\n\n\n<p>12,35 h. &nbsp;&nbsp;&nbsp;&nbsp;&nbsp; Pe\u00f1a El Hambre. Bar Acuario, Tapas Saxon.<\/p>\n\n\n\n<p>13,00 h.&nbsp; &nbsp;&nbsp;&nbsp;&nbsp; Pe\u00f1a Philips. Bar Street FOOD The Way.<\/p>\n\n\n\n<p>Pe\u00f1a La Moza. Bar La Frasquita.<\/p>\n\n\n\n<p>Pe\u00f1a Riojana. Bar Swing.<\/p>\n\n\n\n<p>&nbsp;&nbsp;&nbsp;&nbsp;&nbsp;&nbsp;&nbsp; <strong>&nbsp;&nbsp;&nbsp;&nbsp;&nbsp;&nbsp;&nbsp; <\/strong>Pe\u00f1a Calagurritana. Bar Rinc\u00f3n Andaluz.<\/p>\n\n\n\n<p>13,15h.&nbsp;&nbsp;&nbsp;&nbsp;&nbsp;&nbsp;&nbsp; Pe\u00f1a El Sol. Bar Sabor.es<\/p>\n\n\n\n<p><strong>13,00 h.&nbsp;&nbsp;&nbsp;&nbsp;&nbsp;&nbsp; PRIMER CONCURSO DE LANZAMIENTO DE BOINAZA <\/strong>en Plaza del Mercado. Organiza Pe\u00f1a Philips.<\/p>\n\n\n\n<p><strong>13,30 h.&nbsp;&nbsp;&nbsp;&nbsp;&nbsp;&nbsp; VERMUT MUSICAL. <\/strong>El DuettoPedro y Noelia.en quiosco del Mercadal. Valls, coplas, pasodobles, rancheras.<\/p>\n\n\n\n<p><strong>DEGUSTACI\u00d3N SORPRESA<\/strong>. Sede Club Taurino.<\/p>\n\n\n\n<p><strong>16,30 h&nbsp;&nbsp;&nbsp;&nbsp;&nbsp;&nbsp;&nbsp; M\u00daSICA CON DJS IPU <\/strong>en Pe\u00f1a Calagurritana.<\/p>\n\n\n\n<p><strong>&nbsp;&nbsp;&nbsp;&nbsp;&nbsp;&nbsp;&nbsp;&nbsp;&nbsp;&nbsp;&nbsp;&nbsp;&nbsp;&nbsp;&nbsp; TARDEO MUSICAL DE LOS OLD NINETY Y GRAN CONCURSO SORPRESA <\/strong>en Pe\u00f1a Riojana.<\/p>\n\n\n\n<p><strong>17,00 h.&nbsp;&nbsp;&nbsp;&nbsp;&nbsp;&nbsp; PRIMER ENCIERRO<\/strong>. Reses de la ganader\u00eda Carlos Lumbreras.<\/p>\n\n\n\n<p>Recorrido: Plaza de Toros, Julio Longinos, Jos\u00e9 M\u00aa Garrido, General Gallarza hasta Ach\u00fategui de Blas.<\/p>\n\n\n\n<p>Al terminar, <strong>CAPEA<\/strong> en la Plaza de Toros con exhibici\u00f3n de saltos en formato concurso. Amenizan las Pe\u00f1as Philips y Calagurritana .<\/p>\n\n\n\n<p><strong>FIESTA INFANTIL<\/strong> en Sede Pe\u00f1a Philips. Con clases de zumba infantil y juegos.<\/p>\n\n\n\n<p><strong>Rondas vespertinas<\/strong><\/p>\n\n\n\n<p>17,50 h&nbsp;&nbsp;&nbsp;&nbsp;&nbsp;&nbsp; Pe\u00f1a El hambre. Bar las Vegas&nbsp;&nbsp;&nbsp; .<\/p>\n\n\n\n<p>18,00 h.&nbsp;&nbsp;&nbsp;&nbsp;&nbsp;&nbsp; Pe\u00f1a Calagurritana. Bar Rioja, Rinc\u00f3n Andaluz, Oasis y Capi.<\/p>\n\n\n\n<p>19,00 h. &nbsp;&nbsp;&nbsp;&nbsp;&nbsp; Pe\u00f1a Philips. Sabor.es y The Swing.<\/p>\n\n\n\n<p>19,20 h.&nbsp;&nbsp;&nbsp;&nbsp;&nbsp;&nbsp; Pe\u00f1a El Hambre. Bebe y Zampa.<\/p>\n\n\n\n<p>20,00 h. &nbsp;&nbsp;&nbsp;&nbsp;&nbsp; Pe\u00f1a El Sol. Bar La Bodega.<\/p>\n\n\n\n<p><strong>18,00 h:&nbsp;&nbsp;&nbsp;&nbsp;&nbsp;&nbsp; MARIONETAS DE MAESE VILLAREJO \u00abGORGORITO\u00bb<\/strong><\/p>\n\n\n\n<p>&nbsp;&nbsp;&nbsp;&nbsp;&nbsp;&nbsp;&nbsp;&nbsp;&nbsp;&nbsp;&nbsp;&nbsp;&nbsp;&nbsp;&nbsp; Pabell\u00f3n Europa. Calle Basconia.&nbsp; Entrada libre.<\/p>\n\n\n\n<p><strong>18,30 h:&nbsp;&nbsp;&nbsp;&nbsp;&nbsp;&nbsp; ENCIERRO INFANTIL DESDE PE\u00d1A PHILIPS. <\/strong>Recorrido: Plaza del Mercado, C\/Coliceo, Santiago el Viejo, Grande, Raso y Plaza del Mercado.<\/p>\n\n\n\n<p><strong>&nbsp;&nbsp;&nbsp;&nbsp;&nbsp;&nbsp;&nbsp;&nbsp;&nbsp;&nbsp;&nbsp;&nbsp;&nbsp;&nbsp;&nbsp; DEGUSTACI\u00d3N DE ZURRACAPOTE <\/strong>en Pe\u00f1a Calagurritana.<\/p>\n\n\n\n<p><strong>19,00 h.&nbsp;&nbsp;&nbsp;&nbsp;&nbsp;&nbsp; GRAN GYNKANA FIESTERA<\/strong> con la charanga Wesyk\u00e9, salida desde la Pe\u00f1a Riojana. Inscripciones a las 18:30 h. en la Pe\u00f1a.<\/p>\n\n\n\n<p><strong>19,30 h. &nbsp;&nbsp;&nbsp;&nbsp;&nbsp; TEATRO. \u201cRIF (De piojos y gas mostaza)\u201d <\/strong>Centro Dram\u00e1tico Nacional.<\/p>\n\n\n\n<p>&nbsp;&nbsp;&nbsp;&nbsp;&nbsp;&nbsp;&nbsp;&nbsp;&nbsp;&nbsp;&nbsp;&nbsp;&nbsp;&nbsp;&nbsp; Autores: Laila Ripoll y Mariano Llorente. Direcci\u00f3n: Laila Ripoll.<\/p>\n\n\n\n<p>Int\u00e9rpretes:<strong>Arantxa Aranguren, <\/strong><strong>&nbsp;N\u00e9stor Ballesteros, Juanjo Cucal\u00f3n, Ibrahim Ibnou Goush, Carlos Jim\u00e9nez-Alfaro, Mariano Llorente, Mateo Rubistein, Sara S\u00e1nchez y Jorge Varandela.<\/strong><strong><\/strong><\/p>\n\n\n\n<p>Teatro Ideal.<\/p>\n\n\n\n<p>Entradas: 20-18-16 \u20ac\/(4 \u20ac en 2\u00ba anfiteatro para menores de 30 a\u00f1os).<\/p>\n\n\n\n<p><strong>RONDA JOTERA CON LA ASOC. JOTEROS Y JOTERAS DE CALAHORRA<\/strong>. Zona Plaza del Raso.<\/p>\n\n\n\n<p><strong>20,00 h.&nbsp;&nbsp;&nbsp;&nbsp;&nbsp;&nbsp; D\u00daO IMPERIAL. <\/strong>Carpa del Raso.<\/p>\n\n\n\n<p><strong>DEGUSTACI\u00d3N DE ZURRACAPOTE <\/strong>en las Pe\u00f1as.<\/p>\n\n\n\n<p><strong>&nbsp;&nbsp;&nbsp;&nbsp;&nbsp;&nbsp;&nbsp;&nbsp;&nbsp;&nbsp;&nbsp;&nbsp;&nbsp;&nbsp;&nbsp; DEGUSTACI\u00d3N DE TORREZNOS <\/strong>en Pe\u00f1a Calagurritana.<\/p>\n\n\n\n<p><strong>20, 15 h. &nbsp;&nbsp;&nbsp;&nbsp; CONCIERTO RUMBAS <\/strong>en Primera Traves\u00eda Paletillas. Organiza Pe\u00f1a La Moza.<\/p>\n\n\n\n<p><strong>20,50 h. &nbsp;&nbsp;&nbsp;&nbsp;&nbsp; DEGUSTACI\u00d3N DE PERRITOS CALIENTES <\/strong>en Pe\u00f1a El Hambre.<\/p>\n\n\n\n<p><strong>22, 00 h.&nbsp;&nbsp;&nbsp;&nbsp;&nbsp;&nbsp;&nbsp;&nbsp; &nbsp;SALIDA CHARANGA PE\u00d1A LA MOZA <\/strong>por bares Cafet\u00edn, Cervecer\u00eda y CUE.<\/p>\n\n\n\n<p><strong>22,15 h.&nbsp;&nbsp;&nbsp;&nbsp;&nbsp;&nbsp;&nbsp;&nbsp;&nbsp;&nbsp; CENA TEM\u00c1TICA A\u00d1OS 90 <\/strong>en Pe\u00f1a Riojana.<\/p>\n\n\n\n<p><strong>23,00 h.&nbsp;&nbsp;&nbsp;&nbsp;&nbsp;&nbsp; FUEGOS ARTIFICIALES EN LA FUENTE. <\/strong>Pirotecnia Tom\u00e1s<strong>. <\/strong>Glorieta Quintiliano.<\/p>\n\n\n\n<p><strong>23,30 h.&nbsp;&nbsp;&nbsp;&nbsp;&nbsp;&nbsp; CONCIERTO DOS P\u00c1JAROS Y UN TR\u00cdO. Homenaje a Joaqu\u00edn Sabina y Joan Manuel Serrat. <\/strong>Carpa del Raso.<\/p>\n\n\n\n<p><strong>&nbsp;&nbsp;&nbsp;&nbsp;&nbsp;&nbsp;&nbsp;&nbsp;&nbsp;&nbsp;&nbsp;&nbsp;&nbsp;&nbsp;&nbsp; CHARANGA\u00b4S FESTIVAL <\/strong>Pe\u00f1a El Sol en Bar El Rinc\u00f3n de Livi-Flor y Nata.<\/p>\n\n\n\n<p><strong>00,00 h.&nbsp;&nbsp;&nbsp;&nbsp;&nbsp;&nbsp; FIESTA CON DJ&nbsp; <\/strong>en Pe\u00f1a Calagurritana.<\/p>\n\n\n\n<p><strong>00,05 h. &nbsp;&nbsp;&nbsp;&nbsp;&nbsp; FIESTA \u201cLA CANCI\u00d3N DEL VERANO\u201d Y DEGUSTACI\u00d3N DE KARLIKOS.<\/strong> Pe\u00f1a El Hambre.<\/p>\n\n\n\n<p><strong>00,30 h.&nbsp;&nbsp;&nbsp;&nbsp;&nbsp;&nbsp; ORQUESTA ANARCO YEY\u00c9. <\/strong>Hall del Mercadal. M\u00fasica con humor.<\/p>\n\n\n\n<p><strong>01,00 h. &nbsp;&nbsp;&nbsp;&nbsp;&nbsp; GRAN SALIDA NOCTURNA EN LOS BARES c<\/strong>on laPe\u00f1a Philips: La Comedia y Cerve.<\/p>\n\n\n\n<p><strong>01,30 h.&nbsp;&nbsp;&nbsp;&nbsp;&nbsp;&nbsp; CHUPITADA <\/strong>en cuarto Pe\u00f1a El Sol.<\/p>\n\n\n\n<p><strong>02,00 h. &nbsp;&nbsp;&nbsp;&nbsp;&nbsp; FIESTA \u201cMACHACAO\u201d <\/strong>en Pe\u00f1a Riojana.<\/p>\n\n\n\n<h2 class=\"wp-block-heading\"><strong>S\u00e1bado 4:<\/strong><\/h2>\n\n\n\n<p><strong>9,00 h.&nbsp;&nbsp;&nbsp;&nbsp;&nbsp;&nbsp;&nbsp; DIANAS<\/strong> con la Asociaci\u00f3n Agayta.<\/p>\n\n\n\n<p>&nbsp;&nbsp;&nbsp;&nbsp;&nbsp;&nbsp;&nbsp;&nbsp;&nbsp;&nbsp;&nbsp;&nbsp;&nbsp;&nbsp;&nbsp; Recorrido. Plaza del Raso, Grande, M\u00e1rtires, Gallarza y recorrido habitual del encierro &nbsp;&nbsp;&nbsp;&nbsp;&nbsp;&nbsp;&nbsp; hasta la Plaza de Toros.<\/p>\n\n\n\n<p><strong>TIRADA COMPAK SPORTING<\/strong>. Campo de Tiro Valfondillo. 50 platos\/2 campos. Organiza Sociedad Cineg\u00e9tica Calagurritana.<\/p>\n\n\n\n<p><strong>9,30 h<\/strong>. &nbsp;&nbsp;&nbsp;&nbsp;&nbsp;&nbsp; <strong>DIANAS <\/strong>de la Pe\u00f1a El Hambre por el recorrido del encierro.<\/p>\n\n\n\n<p><strong>10,00 h.&nbsp;&nbsp;&nbsp;&nbsp;&nbsp;&nbsp; SEGUNDO ENCIERRO<\/strong>. Reses de la ganader\u00eda Toropasi\u00f3n.<\/p>\n\n\n\n<p>Recorrido: Plaza de Toros, Julio Longinos, Jos\u00e9 M\u00aa Garrido, General Gallarza hasta Achutegui de Blas<\/p>\n\n\n\n<p>Al terminar, <strong>CAPEA<\/strong> en la Plaza de Toros con exhibici\u00f3n de quiebros. Amenizan las Pe\u00f1as Sol y El Hambre.<\/p>\n\n\n\n<p><strong>CAMPEONATO INFANTIL DE AJEDREZ.&nbsp; <\/strong>Sede de Asociaci\u00f3n de Vecinos del Casco Antiguo (Planillo de San Andr\u00e9s n\u00ba 12)<\/p>\n\n\n\n<p>M\u00e1s informaci\u00f3n en <a href=\"http:\/\/www.clubcalahorranoajedrez.com\">www.clubcalahorranoajedrez.com<\/a><\/p>\n\n\n\n<p><strong>12,00 h.&nbsp;&nbsp;&nbsp;&nbsp;&nbsp;&nbsp; COMPARSA DE GIGANTES Y CABEZUDOS, con los GAITEROS DE CALAHORRA<\/strong><\/p>\n\n\n\n<p>&nbsp;&nbsp;&nbsp;&nbsp;&nbsp;&nbsp;&nbsp;&nbsp;&nbsp;&nbsp;&nbsp;&nbsp;&nbsp;&nbsp;&nbsp; Salida desde el pabell\u00f3n Quintiliano. Recorrido: Basconia, Paletillas, Ruiz y Menta, Paseo Mercadal, PARADA con exhibici\u00f3n de bailes, General Gallarza, Julio C\u00e9sar y Basconia.<\/p>\n\n\n\n<p>&nbsp;&nbsp;&nbsp;&nbsp;&nbsp;&nbsp;&nbsp;&nbsp;&nbsp;&nbsp;&nbsp;&nbsp;&nbsp;&nbsp;&nbsp; <strong>ESPECT\u00c1CULO DE MAGIA CON EL MAGO KEVIN<\/strong> en la Pe\u00f1a El Sol.<\/p>\n\n\n\n<p><strong>&nbsp;&nbsp;&nbsp;&nbsp;&nbsp;&nbsp;&nbsp;&nbsp;&nbsp;&nbsp;&nbsp;&nbsp;&nbsp;&nbsp;&nbsp; DEGUSTACI\u00d3N DE CHOCOLATE <\/strong>en Pe\u00f1a El Sol.<\/p>\n\n\n\n<p><strong>&nbsp;&nbsp;&nbsp;&nbsp;&nbsp;&nbsp;&nbsp;&nbsp;&nbsp;&nbsp;&nbsp;&nbsp;&nbsp;&nbsp;&nbsp; FIESTA INFANTIL <\/strong>en Pe\u00f1a La Moza.<\/p>\n\n\n\n<p>&nbsp;&nbsp;&nbsp;&nbsp;&nbsp;&nbsp;&nbsp;&nbsp;&nbsp;&nbsp;&nbsp;&nbsp;&nbsp;&nbsp;&nbsp; <strong>DEGUSTACI\u00d3N DE ZURRACAPOTE EN LAS PE\u00d1AS<\/strong><\/p>\n\n\n\n<p>&nbsp;&nbsp;&nbsp;&nbsp;&nbsp;&nbsp;&nbsp;&nbsp;&nbsp;&nbsp;&nbsp;&nbsp;&nbsp;&nbsp;&nbsp; <strong>DEGUSTACI\u00d3N DE TORREZNOS<\/strong> en Pe\u00f1a Philips.<\/p>\n\n\n\n<p>&nbsp;&nbsp;&nbsp;&nbsp;&nbsp;&nbsp;&nbsp;&nbsp;&nbsp;&nbsp;&nbsp;&nbsp;&nbsp;&nbsp;&nbsp; <strong>DEGUSTACI\u00d3N DE PRE\u00d1ADOS<\/strong> en Pe\u00f1a Riojana.<\/p>\n\n\n\n<p><strong>12,30 h. &nbsp;&nbsp;&nbsp;&nbsp;&nbsp; DEGUSTACI\u00d3N DE CHAMPI\u00d1ONES CON AJOS Y<\/strong> <strong>JAM\u00d3N<\/strong>&nbsp; Asoc. Calagurritana de Sevillanas&nbsp; Aires del Sur en Paseo del Mercadal.<\/p>\n\n\n\n<p><strong>DEGUSTACI\u00d3N DE CHORICILLO<\/strong> Grupo Scout \u201cNuestra Se\u00f1ora de Guadalupe\u201d en Paseo Mercadal<strong>.<\/strong><\/p>\n\n\n\n<p><strong>ENCIERRO INFANTIL <\/strong>pe\u00f1a Philips. Recorrido: Plaza del Mercado, C\/Coliceo, Santiago el Viejo, Grande, Raso y Plaza del Mercado.<\/p>\n\n\n\n<p><strong>Vermuts musicales:<\/strong><\/p>\n\n\n\n<p><strong>12,20 h.<\/strong>&nbsp; &nbsp;&nbsp;&nbsp;&nbsp; Pe\u00f1a El Hambre. Bar Nicol\u00e1s (Plaza Montecompatri)<\/p>\n\n\n\n<p><strong>12, 30 h.<\/strong>&nbsp;&nbsp;&nbsp;&nbsp;&nbsp; Pe\u00f1a Calagurritana. Gastrobar Capi.<\/p>\n\n\n\n<p><strong>13,00 h.<\/strong>&nbsp;&nbsp; &nbsp;&nbsp;&nbsp; Pe\u00f1a Philips. Rinc\u00f3n Andaluz.<\/p>\n\n\n\n<p>Pe\u00f1a La Moza. Bar Jamonero.<\/p>\n\n\n\n<p>&nbsp;&nbsp;&nbsp;&nbsp;&nbsp;&nbsp;&nbsp;&nbsp;&nbsp;&nbsp;&nbsp;&nbsp;&nbsp;&nbsp;&nbsp; Pe\u00f1a El Sol. Bar Swing.<\/p>\n\n\n\n<p><strong>13,15 h.<\/strong> &nbsp;&nbsp;&nbsp;&nbsp;&nbsp; Pe\u00f1a Riojana. Bar Pintxame y Sheila.<\/p>\n\n\n\n<p><strong>13,00h MASCLET\u00c1 DIURNA. <\/strong>Pirotecnia Tom\u00e1s. Glorieta Quintiliano.<\/p>\n\n\n\n<p><strong>13,30h.&nbsp;&nbsp;&nbsp;&nbsp;&nbsp;&nbsp;&nbsp; DEGUSTACI\u00d3N SORPRESA. <\/strong>Sede Club Taurino.<\/p>\n\n\n\n<p><strong>14,00 h:&nbsp;&nbsp;&nbsp;&nbsp;&nbsp;&nbsp; DEGUSTACI\u00d3N DE CALDERETES<\/strong>, elaborados por las Pe\u00f1as.<\/p>\n\n\n\n<p>&nbsp;&nbsp;&nbsp;&nbsp;&nbsp;&nbsp;&nbsp;&nbsp;&nbsp;&nbsp;&nbsp;&nbsp;&nbsp;&nbsp;&nbsp; Plaza de la Verdura.<\/p>\n\n\n\n<p>&nbsp;&nbsp;&nbsp;&nbsp;&nbsp;&nbsp;&nbsp;&nbsp;&nbsp;&nbsp;&nbsp;&nbsp;&nbsp;&nbsp;&nbsp; Animaci\u00f3n grupo de jotas desde las 13:30 horas.<\/p>\n\n\n\n<p>&nbsp;&nbsp;&nbsp;&nbsp;&nbsp;&nbsp;&nbsp;&nbsp;&nbsp;&nbsp;&nbsp;&nbsp;&nbsp;&nbsp;&nbsp; Donativo: 1\u20ac en beneficio a la Asociaci\u00f3n Peregrinos del Se\u00f1or Santiago en Calahorra.<\/p>\n\n\n\n<p><strong>16,20 h. &nbsp;&nbsp;&nbsp;&nbsp;&nbsp; FIESTA INFANTIL. <\/strong>Cuarto Pe\u00f1a El Hambre.<\/p>\n\n\n\n<p><strong>17,00 h.&nbsp;&nbsp;&nbsp;&nbsp;&nbsp;&nbsp; TERCER ENCIERRO<\/strong>. Reses de la ganader\u00eda Alfonso Basarte.<\/p>\n\n\n\n<p>Recorrido: Plaza de Toros, Julio Longinos, Jos\u00e9 M\u00aa Garrido, General Gallarza hasta Ach\u00fategui de Blas.<\/p>\n\n\n\n<p>Al terminar, <strong>CAPEA<\/strong> en la Plaza de Toros con exhibici\u00f3n de recortadores con anillas. Amenizado por las Pe\u00f1as Riojana y La Moza.<\/p>\n\n\n\n<p><strong>17,00 h. &nbsp;&nbsp;&nbsp;&nbsp;&nbsp; <\/strong><strong>VISITA DEL MAGO JUANCHO<\/strong> a la Pe\u00f1a Riojana.<\/p>\n\n\n\n<p><strong>17,30 h.&nbsp;&nbsp;&nbsp;&nbsp;&nbsp;&nbsp; CHOCOLATADA. <\/strong>Organizada por Concejal\u00eda de Personas Mayores. En el Centro Joven. Gratuito.<\/p>\n\n\n\n<p><strong>18,00 h:&nbsp;&nbsp;&nbsp;&nbsp;&nbsp;&nbsp; MARIONETAS DE MAESE VILLAREJO \u00abGORGORITO\u00bb.<\/strong><\/p>\n\n\n\n<p>&nbsp;&nbsp;&nbsp;&nbsp;&nbsp;&nbsp;&nbsp;&nbsp;&nbsp;&nbsp;&nbsp;&nbsp;&nbsp;&nbsp;&nbsp; Pabell\u00f3n Europa. Calle Basconia. Entrada libre.<\/p>\n\n\n\n<p><strong>18,00 h:<\/strong> &nbsp;&nbsp;&nbsp;&nbsp;&nbsp; <strong>TARDEO MUSICAL CON DJ CHUSCO <\/strong>en Bar Oasis. Organiza: Pe\u00f1a El Sol.<\/p>\n\n\n\n<p><strong>&nbsp;&nbsp;&nbsp;&nbsp;&nbsp;&nbsp;&nbsp;&nbsp;&nbsp;&nbsp;&nbsp;&nbsp;&nbsp;&nbsp;&nbsp; DEGUSTACI\u00d3N DE ZURRACAPOTE<\/strong> en Pe\u00f1a Calagurritana.<\/p>\n\n\n\n<p><strong>19, 00 h. &nbsp;&nbsp;&nbsp;&nbsp; \u201cGASTRO MUSIC FEST\u201d. <\/strong>SedePe\u00f1a Philips con DJ Zoe, DJ P2P y degustaci\u00f3n gastron\u00f3mica sorpresa.<\/p>\n\n\n\n<p><strong>Rondas vespertinas<\/strong><\/p>\n\n\n\n<p>19,20 h.&nbsp; Pe\u00f1a El Hambre. The Swing.<\/p>\n\n\n\n<p>19.30 H. Pe\u00f1a Riojana. Sheila e Ibiza.<\/p>\n\n\n\n<p>21,00 h. Pe\u00f1a La Moza. Bar Capi y El Rinc\u00f3n de Livi-Flor y Nata.<\/p>\n\n\n\n<p><strong>19,30 h. &nbsp;&nbsp;&nbsp;&nbsp;&nbsp; GRUPO DE DANZAS Y COLETORES Y ESCUELA MUNICIPAL DE DANZAS.<\/strong><\/p>\n\n\n\n<p><strong>&nbsp;&nbsp;&nbsp;&nbsp;&nbsp;&nbsp;&nbsp;&nbsp;&nbsp;&nbsp;&nbsp;&nbsp;&nbsp;&nbsp;&nbsp; <\/strong>Teatro Ideal.&nbsp;&nbsp;&nbsp;&nbsp;&nbsp;&nbsp;&nbsp;&nbsp;&nbsp;&nbsp;&nbsp;&nbsp;&nbsp;&nbsp;&nbsp;&nbsp;&nbsp;&nbsp;&nbsp;&nbsp;&nbsp;&nbsp;&nbsp;&nbsp;&nbsp;&nbsp;&nbsp;&nbsp;&nbsp;&nbsp;&nbsp;&nbsp;&nbsp;&nbsp;&nbsp;&nbsp;&nbsp;&nbsp;&nbsp;&nbsp;&nbsp;&nbsp;&nbsp;&nbsp;&nbsp;&nbsp;&nbsp;&nbsp;&nbsp;&nbsp;&nbsp;&nbsp;&nbsp;&nbsp;&nbsp;&nbsp;&nbsp;<\/p>\n\n\n\n<p>Entrada gratuita con invitaci\u00f3n numerada que podr\u00e1 recogerse en las taquillas del teatro Ideal los jueves de 12 a 14 h y los d\u00edas que haya programaci\u00f3n desde 2 horas antes de la funci\u00f3n.<\/p>\n\n\n\n<p><strong>20,00h. &nbsp;&nbsp;&nbsp;&nbsp;&nbsp;&nbsp; DEGUSTACI\u00d3N de zurracapote <\/strong>en las pe\u00f1as.<\/p>\n\n\n\n<p><strong>20,00 h.<\/strong>&nbsp;&nbsp;&nbsp;&nbsp;&nbsp;&nbsp; <strong>CASUAL DJ.<\/strong> Hall del Mercadal.<\/p>\n\n\n\n<p><strong>20,00 h.&nbsp;&nbsp;&nbsp;&nbsp;&nbsp;&nbsp; MAGO ORBIT. MAGIA FAMILIAR DE CERCAN\u00cdA. <\/strong>En la Carpa del Raso.<\/p>\n\n\n\n<p><strong>22,15 h.&nbsp;&nbsp;&nbsp;&nbsp;&nbsp;&nbsp; CONCENTRACI\u00d3N DE PE\u00d1AS <\/strong>en Plaza del Raso.<\/p>\n\n\n\n<p><strong>22,30 h.&nbsp;&nbsp;&nbsp;&nbsp;&nbsp;&nbsp; BAJADA DE LAS PE\u00d1AS<\/strong> en la Plaza del Raso para el <strong>ENTIERRO DE LA CUBA<\/strong> hasta el Ayuntamiento.<\/p>\n\n\n\n<p><strong>23,30 h. &nbsp;&nbsp;&nbsp;&nbsp;&nbsp; RETIRADA DEL PA\u00d1UELO A QUINTILIANO.<\/strong><\/p>\n\n\n\n<p><strong>23,45 h.&nbsp;&nbsp;&nbsp;&nbsp;&nbsp;&nbsp; FUEGOS EN LA FUENTE Y TRACA FINAL.<\/strong><\/p>\n\n\n\n<p>&nbsp;&nbsp;&nbsp;&nbsp;&nbsp;&nbsp;&nbsp;&nbsp;&nbsp;&nbsp;&nbsp;&nbsp;&nbsp;&nbsp;&nbsp; Glorieta Quintiliano.<\/p>\n\n\n\n<p><strong>00,00 h.&nbsp;&nbsp;&nbsp;&nbsp;&nbsp;&nbsp; PERDONA\u2026 \u00bfSON FIESTAS? Acompa\u00f1ados de \u201cBURRUNBA ELEKTROTXARANGA\u201d. <\/strong>Salida de C\/General Gallarza, junto al Ayuntamiento. Organiza Pe\u00f1a Philips.<\/p>\n\n\n\n<p><strong>FIESTA DJS<\/strong>. Hall Mercadal. Dj Moya y Two House DJ (La Moza) y DJ Usco (Ayuntamiento)<\/p>\n\n\n\n<p><strong>HAMBRE DE TECHNO <\/strong>con DJ Usco, DJ Aster e invitado sorpresa. Cuarto Pe\u00f1a El Hambre.<\/p>\n\n\n\n<p><strong>FIN DE FIESTA CON DEGUSTACI\u00d3N SORPRESA. <\/strong>Cuarto Pe\u00f1a Riojana.<\/p>\n\n\n\n<p><strong>APERTURA CUARTO.<\/strong> Pe\u00f1a Calagurritana.<\/p>\n\n\n\n<p><strong>00,30 h.&nbsp;&nbsp;&nbsp;&nbsp;&nbsp;&nbsp; EL \u00daLTIMO TRIBUTO. <\/strong>Tributo a <em>El \u00faltimo de la fila<\/em>.En la Carpa del Raso.<\/p>\n\n\n\n<h2 class=\"wp-block-heading\"><strong>D\u00eda 5 marzo:<\/strong><\/h2>\n\n\n\n<p><strong>12,00 h.&nbsp;&nbsp;&nbsp;&nbsp;&nbsp;&nbsp; COMPARSA DE GIGANTES Y CABEZUDOS, con los GAITEROS DE CALAHORRA<\/strong><\/p>\n\n\n\n<p>Recorrido: Julio C\u00e9sar, Gallarza, Grande y Raso PARADA con exhibici\u00f3n de bailes. Regreso al pabell\u00f3n Quintiliano por recorrido habitual.<\/p>\n\n\n\n<p><strong>11,30&nbsp; h.&nbsp;&nbsp;&nbsp;&nbsp;&nbsp;&nbsp;&nbsp;&nbsp;&nbsp;&nbsp;&nbsp;&nbsp;&nbsp; <\/strong><strong>TALLER INFANTIL: CRECIENDO EN IGUALDAD<\/strong>. Se llevar\u00e1n a cabo diferentes din\u00e1micas y juegos para que los y las menores reflexionen sobre la igualdad, la corresponsabilidad y aprendan a cuestionar los estereotipos asociados a ni\u00f1os y ni\u00f1as.<\/p>\n\n\n\n<p>Dirigido al p\u00fablico infantil, de entre 5 y 11 a\u00f1os.<\/p>\n\n\n\n<p>En la carpa municipal instalada en la plaza del Raso.<\/p>\n\n\n\n<p>Entrada libre hasta completar aforo. Inscripciones en la misma carpa en horario de 11.00 a 11.20) (antes de comenzar el taller).<\/p>\n\n\n\n<p><strong>12,30 h.<\/strong> &nbsp;&nbsp;&nbsp;&nbsp;&nbsp; <strong>\u201cDE PRINCESA A RANA PORQUE ME DA LA GANA\u201d<\/strong> en la Carpa del Raso. Organizado por la concejal\u00eda de Igualdad para conmemorar el 8 de marzo del presente 2023, D\u00eda Internacional de la Mujer. A cargo de la compa\u00f1\u00eda teatral Tdiferencia, se trata de una divertida sesi\u00f3n de cuentos teatralizados, donde el personaje propone por medio de los mismo, medidas e iniciativas que favorezcan la convivencia , la igualdad entre hombres y mujeres, la igualdad de trato y la no discriminaci\u00f3n. Romper\u00e1 los estereotipos m\u00e1s frecuentes en los cuentos. Esta princesa no querr\u00e1 ser salvada, no busca el amor ideal, no perseguir\u00e1 sue\u00f1os superficiales y el pr\u00edncipe ser\u00e1 su compa\u00f1ero, su amigo y c\u00f3mplice.<\/p>\n\n\n\n<p><strong>17,00h. &nbsp;&nbsp;&nbsp;&nbsp;&nbsp;&nbsp; CONCURSO NACIONAL DE RECORTADORES \u201cMAESTROS EN LA CALLE\u201d<\/strong>. Organiza RuedoArte. Entradas: General 12 euros.Ni\u00f1os de 4 a 12 a\u00f1os 8 euros.<\/p>\n\n\n\n<p><strong><em>INSTALACI\u00d3N DEL FERIAL:<\/em><\/strong><\/p>\n\n\n\n<p><strong><em>Del 2 al 12 de marzo.<\/em><\/strong><\/p>\n\n\n\n<p><strong><em>D\u00eda del ni\u00f1o: 6 de marzo.<\/em><\/strong><\/p>\n\n\n\n<p><strong><em>D\u00eda inclusivo: 10 de marzo de 17 a 19 horas.<\/em><\/strong><\/p>\n\n\n\n<p><strong><em>Precio de los tickets: 2 \u20ac el viaje.<\/em><\/strong><\/p>\n\n\n\n<p><strong><em>Abono 6 viajes a 10\u20ac.<\/em><\/strong><\/p>\n","protected":false},"excerpt":{"rendered":"","protected":false},"author":1,"featured_media":97482,"comment_status":"open","ping_status":"open","sticky":false,"template":"","format":"standard","meta":{"colormag_page_container_layout":"default_layout","colormag_page_sidebar_layout":"default_layout","om_disable_all_campaigns":false,"_monsterinsights_skip_tracking":false,"_monsterinsights_sitenote_active":false,"_monsterinsights_sitenote_note":"","_monsterinsights_sitenote_category":0,"footnotes":""},"categories":[4,212],"tags":[16,201,192],"class_list":["post-97481","post","type-post","status-publish","format-standard","has-post-thumbnail","hentry","category-calahorra","category-planes","tag-calahorra","tag-fiestas-de-marzo","tag-programa"],"aioseo_notices":[],"_links":{"self":[{"href":"https:\/\/www.yoleoescaparate.com\/index.php?rest_route=\/wp\/v2\/posts\/97481","targetHints":{"allow":["GET"]}}],"collection":[{"href":"https:\/\/www.yoleoescaparate.com\/index.php?rest_route=\/wp\/v2\/posts"}],"about":[{"href":"https:\/\/www.yoleoescaparate.com\/index.php?rest_route=\/wp\/v2\/types\/post"}],"author":[{"embeddable":true,"href":"https:\/\/www.yoleoescaparate.com\/index.php?rest_route=\/wp\/v2\/users\/1"}],"replies":[{"embeddable":true,"href":"https:\/\/www.yoleoescaparate.com\/index.php?rest_route=%2Fwp%2Fv2%2Fcomments&post=97481"}],"version-history":[{"count":0,"href":"https:\/\/www.yoleoescaparate.com\/index.php?rest_route=\/wp\/v2\/posts\/97481\/revisions"}],"wp:featuredmedia":[{"embeddable":true,"href":"https:\/\/www.yoleoescaparate.com\/index.php?rest_route=\/wp\/v2\/media\/97482"}],"wp:attachment":[{"href":"https:\/\/www.yoleoescaparate.com\/index.php?rest_route=%2Fwp%2Fv2%2Fmedia&parent=97481"}],"wp:term":[{"taxonomy":"category","embeddable":true,"href":"https:\/\/www.yoleoescaparate.com\/index.php?rest_route=%2Fwp%2Fv2%2Fcategories&post=97481"},{"taxonomy":"post_tag","embeddable":true,"href":"https:\/\/www.yoleoescaparate.com\/index.php?rest_route=%2Fwp%2Fv2%2Ftags&post=97481"}],"curies":[{"name":"wp","href":"https:\/\/api.w.org\/{rel}","templated":true}]}}