{"id":98174,"date":"2023-02-27T12:13:23","date_gmt":"2023-02-27T11:13:23","guid":{"rendered":"https:\/\/www.yoleoescaparate.com\/?p=98174"},"modified":"2023-02-27T12:13:25","modified_gmt":"2023-02-27T11:13:25","slug":"entre-los-dias-11-y-18-de-marzo-presentadas-las-xxiv-jornadas-de-estudios-calagurritanos","status":"publish","type":"post","link":"https:\/\/www.yoleoescaparate.com\/?p=98174","title":{"rendered":"Entre los d\u00edas 11 y 18 de marzo.Presentadas las XXIV Jornadas de estudios calagurritanos"},"content":{"rendered":"\n<p><\/p>\n\n\n\n<!--more-->\n\n\n\n<figure class=\"wp-block-image size-large\"><img loading=\"lazy\" decoding=\"async\" width=\"1024\" height=\"314\" src=\"https:\/\/www.yoleoescaparate.com\/wp-content\/uploads\/2022\/03\/listanoticiasCH-1024x314.jpg\" alt=\"\" class=\"wp-image-84817\" srcset=\"https:\/\/www.yoleoescaparate.com\/wp-content\/uploads\/2022\/03\/listanoticiasCH-1024x314.jpg 1024w, https:\/\/www.yoleoescaparate.com\/wp-content\/uploads\/2022\/03\/listanoticiasCH-300x92.jpg 300w, https:\/\/www.yoleoescaparate.com\/wp-content\/uploads\/2022\/03\/listanoticiasCH-768x236.jpg 768w, https:\/\/www.yoleoescaparate.com\/wp-content\/uploads\/2022\/03\/listanoticiasCH.jpg 1200w\" sizes=\"auto, (max-width: 1024px) 100vw, 1024px\" \/><\/figure>\n\n\n\n<p>La asociaci\u00f3n Amigos de la Historia de Calahorra, ha organizado junto al Instituto de Estudios Riojanos y el Excmo. Ayuntamiento, <strong>las XXIV Jornadas de Estudios Calagurritanos que se celebrar\u00e1n entre los d\u00edas 11 y 18 de marzo.<\/strong><\/p>\n\n\n\n<p>Para esta edici\u00f3n se van a celebrar <strong>cinco conferencias, un nuevo libro, visita guiada a la catedral y al yacimiento de La Cl\u00ednica\/Murallas<\/strong>. Como acto preliminar previsto para el s\u00e1bado 11, de la mano de Javier Garrido, adentrar\u00e1 en la riqueza pict\u00f3rica de la catedral. El lunes 13, comienzan las conferencias con el centenario del golpe de Primo de Rivera que correr\u00e1 a cargo de Carlos Navajas (Universidad de La Rioja). El martes 14, ser\u00e1 Pepa Castillo (Universidad de La Rioja) quien versar\u00e1 sobre la navegabilidad del r\u00edo Ebro en \u00e9poca romana. El mi\u00e9rcoles 15, Carlos Gil Andr\u00e9s (IES Cosme Garc\u00eda) hablar\u00e1 de los motines de Calahorra en 1892 contextualiz\u00e1ndolos en los movimientos sociales de finales del siglo XIX. El jueves 16, Ana Jes\u00fas Mateos (Dra. en Historia del Arte) hablar\u00e1 sobre el retablo de San Pedro en la catedral de Calahorra, y para el viernes 17, tendr\u00e1 lugar la presentaci\u00f3n de un nuevo libro que har\u00e1 el 5\u00ba Anejo de Kalakorikos \u201cCalahorra en los memoriales y expedientes de la C\u00e1mara de Castilla 1496-1569\u201d, escrito por V\u00edctor Arenzana (Dr. en Historia). Concluir\u00e1n las Jornadas el s\u00e1bado con dos visitas, a las 10.30 visita guiada al yacimiento de la Cl\u00ednica y a la muralla del Carretil a cargo de Asunci\u00f3n Anto\u00f1anzas y Pilar Igu\u00e1cel (Labrys arqueolog\u00eda), y a las 12.00 visita guiada a la catedral a cargo de D. \u00c1ngel Ortega y Pilar Urrutia.<\/p>\n\n\n\n<p><strong>Las conferencias tendr\u00e1n lugar en la ermita de la Concepci\u00f3n y comenzar\u00e1n a las 20 h<\/strong>., a los asistentes que se inscriban en las Jornadas (gratuito) se les entregar\u00e1 diverso material y al final de las mismas, a los que hayan acudido a las cinco conferencias, se les entregar\u00e1 libros donados por el Instituto de Estudios Riojanos y Amigos de la Historia.<\/p>\n\n\n\n<p>Por otra parte, siguen en marcha los dos cert\u00e1menes convocados por la asociaci\u00f3n: Certamen de microrrelatos y concurso Ciudad de Calahorra. Las bases de ambas convocatorias se pueden descargar en la p\u00e1gina <a href=\"http:\/\/www.amigosdelahistoria.es\">www.amigosdelahistoria.es<\/a><\/p>\n\n\n\n<p><strong>XXIV JORNADAS DE ESTUDIOS CALAGURRITANOS<\/strong> Amigos de la Historia de Calahorra\u00a0\u00a0\u00a0\u00a0<br>Acto preliminar<\/p>\n\n\n\n<p><strong>S\u00e1bado 11 de marzo, 16.00 h. Catedral<\/strong><\/p>\n\n\n\n<p><strong>Visita guiada: <em>UNA APROXIMACI\u00d3N A LA PINTURA DE LA CATEDRAL DE CALAHORRA<\/em><\/strong><\/p>\n\n\n\n<p>Con Javier Garrido. Pintor, licenciado en Bellas Artes (Universidad de Barcelona)<\/p>\n\n\n\n<p>\u00bfPor qu\u00e9 una aproximaci\u00f3n? Porque la pintura a trav\u00e9s de la palabra, dicha o escrita, no se explica y tampoco se traduce, solo se aproxima (V. Bozal) &nbsp;<\/p>\n\n\n\n<p>\u00bfC\u00f3mo? A trav\u00e9s de los diferentes programas iconogr\u00e1ficos y de los aspectos formales y est\u00e9ticos reflejados en las diversas t\u00e9cnicas y soportes empleados.<\/p>\n\n\n\n<p>\u00bfQu\u00e9 veremos? Los ejemplos m\u00e1s destacados que tiene la catedral calagurritana: la pintura ilusionista en lienzos y b\u00f3vedas, el ciclo de los cobres flamencos de la Pasi\u00f3n, la singularidad de una capilla ilustrada en \u201cla Espa\u00f1a posible de Carlos III\u201d y la Iglesia que no fue, autores, an\u00e9cdotas, procedencias, influencias, curiosidades y muchas cosas m\u00e1s.&nbsp;<\/p>\n\n\n\n<p><strong>Lunes 13 de marzo, ermita de la Concepci\u00f3n<\/strong><\/p>\n\n\n\n<p>19.30 h. Inscripci\u00f3n gratuita en las XXIV Jornadas de Estudios Calagurritanos<\/p>\n\n\n\n<p>20.00 h. Inauguraci\u00f3n de las Jornadas<\/p>\n\n\n\n<p>20.15 h. Primera conferencia<\/p>\n\n\n\n<p><strong><em>La primera dictadura del siglo XX en Espa\u00f1a (1923-1930): los casos de <\/em><\/strong><strong>LA<em> Rioja y Calahorra<\/em><\/strong><\/p>\n\n\n\n<p><strong>Ponente: CARLOS NAVAJAS ZUBELDIA. Universidad de La Rioja<\/strong><\/p>\n\n\n\n<p>Este a\u00f1o se conmemora el centenario del comienzo de la dictadura de Primo de Rivera (1923-1930), un r\u00e9gimen que inicia un ciclo dictatorial en la historia contempor\u00e1nea de Espa\u00f1a que culminar\u00e1 como es bien sabido en 1975, a pesar del \u00abpar\u00e9ntesis\u00bb democr\u00e1tico-republicano. En esta charla vamos a estudiar c\u00f3mo afect\u00f3 dicha dictadura a la ciudad de Calahorra y por extensi\u00f3n a su partido judicial, pero teniendo como referencia un doble marco geogr\u00e1fico explicativo: Espa\u00f1a y \u00abla\u00bb Rioja (como se escrib\u00eda entonces). En caso contrario, no podr\u00edamos comprender lo que sucedi\u00f3 en la ciudad bimilenaria en los a\u00f1os primorriveristas. Concretamente, nos fijaremos en cuatro \u00e1mbitos profundamente interrelacionados con los otros dos marcos: los delegados gubernativos (todos ellos militares), el Somat\u00e9n (la organizaci\u00f3n paramilitar creada a nivel nacional por Primo de Rivera), la Uni\u00f3n Patri\u00f3tica (el partido oficial de la dictadura) y un breve esbozo de la gesti\u00f3n municipal en el ayuntamiento calagurritano. Estos cuatro temas articulan la historia pol\u00edtica de Calahorra durante aquel periodo un tanto marginado de la historia de la Espa\u00f1a del siglo XX.<\/p>\n\n\n\n<p><strong>Martes 14 de marzo, ermita de la Concepci\u00f3n, 20.00 h.<\/strong><\/p>\n\n\n\n<p><strong><em>Hibervs Flvmen: un r\u00edo navegable al servicio de un valle y de Roma.&nbsp;<\/em><\/strong><\/p>\n\n\n\n<p><strong>Ponentes: &nbsp;&nbsp; PEPA CASTILLO PASCUAL. Universidad de La Rioja.<\/strong><\/p>\n\n\n\n<p>El r\u00edo Ebro fue navegable, sin apenas cambios, hasta el siglo XV y desde mediados de esta centuria en las cortes aragonesas se debatieron proyectos y propuestas para mejorar la conexi\u00f3n fluvial entre Zaragoza y el Mediterr\u00e1neo. Sin embargo, la realidad de la navegabilidad del Ebro en \u00e9poca romana no fue la misma. Aunque se ha sostenido mayoritariamente que el Ebro era navegable desde el <em>oppidum Vareia<\/em> (Varea, Logro\u00f1o) hasta su desembocadura en <em>Dertosa<\/em> (Tortosa), esto no es del todo cierto. El objetivo de esta contribuci\u00f3n es demostrar que solo el tramo de r\u00edo entre <em>Vareia<\/em> y la colonia romana <em>Celsa<\/em> (Velilla de Ebro) era navegable. Tambi\u00e9n se plantear\u00e1 por qu\u00e9 en el siglo II se le dedic\u00f3 una estatua en la que aparece representado como una divinidad, igual\u00e1ndose al T\u00edber, el Nilo o el Guadalquivir.<\/p>\n\n\n\n<p><strong>Mi\u00e9rcoles 15 de marzo, ermita de la Concepci\u00f3n, 20.00 h.<\/strong><\/p>\n\n\n\n<p><strong><em>Los motines de Calahorra de 1892. El eco de la historia.<\/em><\/strong><\/p>\n\n\n\n<p><strong>Ponente: CARLOS GIL ANDR\u00c9S. IES Cosme Garc\u00eda (Logro\u00f1o)<\/strong><\/p>\n\n\n\n<p>Los sucesos ocurridos en Calahorra durante los motines de junio y julio de 1892 tuvieron una repercusi\u00f3n extraordinaria en la prensa de la \u00e9poca, en la opini\u00f3n p\u00fablica y en la historia de la ciudad. Y forman parte, a pesar del largo tiempo transcurrido, de la memoria de los vecinos de Calahorra. \u00bfQu\u00e9 podemos contar tantos a\u00f1os despu\u00e9s? \u00bfQu\u00e9 sentido tiene volver a estudiar lo ocurrido? A trav\u00e9s de los motines podemos conocer los motivos y las caracter\u00edsticas principales de las protestas populares en la Espa\u00f1a de finales del siglo XIX. Y tambi\u00e9n cuestiones hist\u00f3ricas relevantes como la construcci\u00f3n del Estado, la creaci\u00f3n de las ciudades contempor\u00e1neas, la pervivencia de la identidad local, la rivalidad interurbana, el problema del orden p\u00fablico y el militarismo o el de la oposici\u00f3n entre clericalismo y anticlericalismo. Un suceso extraordinario que nos permite conocer mejor los or\u00edgenes de nuestra sociedad actual.<\/p>\n\n\n\n<p><strong>Jueves 16 de marzo, ermita de la Concepci\u00f3n, 20.00 h.<\/strong><\/p>\n\n\n\n<p><strong><em>EL RETABLO DE SAN PEDRO DE LA CATEDRAL DE CALAHORRA<\/em><\/strong><\/p>\n\n\n\n<p><strong>Ponente: ANA JES\u00daS MATEOS GIL. &nbsp;Doctora en Historia del Arte<\/strong><\/p>\n\n\n\n<p>El retablo de la capilla de San Pedro es una pieza renacentista de gran calidad, que ha llamado la atenci\u00f3n de los estudiosos desde el siglo XIX. Fue costeado por Pedro de La Canal y es el \u00fanico, en La Rioja, realizado exclusivamente de alabastro. Por medio de numerosas im\u00e1genes, podremos ver detalles dif\u00edciles de apreciar a simple vista, reconoceremos a los personajes representados e intentaremos precisar cuestiones relativas a las posibles fuentes de inspiraci\u00f3n de los artistas, la dataci\u00f3n y autor\u00eda del retablo, as\u00ed como sus relaciones con la escultura castellana y aragonesa del momento, para terminar descubriendo el mensaje que nos trasmite a trav\u00e9s de las im\u00e1genes, tanto las esculturas religiosas como la decoraci\u00f3n de grutescos que recubre las superficies con tallos vegetales, figuras de amorcillos, cornucopias, todo tipo de animales, seres metam\u00f3rficos y trofeos militares.<\/p>\n\n\n\n<p><strong>Viernes 17 de marzo, ermita de la Concepci\u00f3n, 20.00 h.<\/strong><\/p>\n\n\n\n<p>Presentaci\u00f3n del libro: <strong><em>Calahorra en los memoriales y expedientes de la C\u00e1mara de Castilla (1496-1569)<\/em><\/strong><\/p>\n\n\n\n<p><strong>Ponente y autor: V\u00cdCTOR ARENZANA. Doctor en Historia.<\/strong><\/p>\n\n\n\n<p>El libro <em>Calahorra en los memoriales y expedientes de la C\u00e1mara de Castilla (1496-1569)<\/em>, es resultado del estudio y descripci\u00f3n de la documentaci\u00f3n que se conserva en la serie Memoriales y expedientes de la Secci\u00f3n C\u00e1mara de Castilla del Archivo General de Simancas. Memoriales, tambi\u00e9n conocidos como s\u00faplicas o peticiones, que se dirigen al rey para que, una vez vistos en la C\u00e1mara de Castilla, se anotara en ella las resoluciones, que siempre ten\u00edan origen en la voluntad del monarca, que dispon\u00eda en el pleno ejercicio de la gracia y merced regia.<\/p>\n\n\n\n<p>Los documentos del cat\u00e1logo analizados dan testimonio de las acciones de gobierno y administraci\u00f3n de los oficiales del concejo de la ciudad; informan de los esfuerzos por salvaguardar los privilegios de Calahorra; dan cuenta del&nbsp; cuidado de lo propio y de los propios concejiles o municipales; revelan las actuaciones llevadas a cabo para, entre otros logros, obtener la merced de las penas de C\u00e1mara con las que poder realizar las obras de la ciudad, conseguir que las relaciones (nada f\u00e1ciles) con el obispo de Calahorra, con el duque de N\u00e1jera o con los hidalgos de la ciudad sean lo m\u00e1s \u00f3ptimas que pudieran ser.<\/p>\n\n\n\n<p><strong>S\u00e1bado 18 de marzo<\/strong><\/p>\n\n\n\n<p>10.30 h. <strong>Visita guiada al yacimiento de la Cl\u00ednica y a la muralla del Carretil.<\/strong><\/p>\n\n\n\n<p>Gu\u00eda: Asunci\u00f3n Anto\u00f1anzas y Pilar Igu\u00e1cel (Labrys Arqueolog\u00eda).<\/p>\n\n\n\n<p>12.00 h. <strong>Visita guiada a la catedral de Calahorra.<\/strong><\/p>\n\n\n\n<p>Gu\u00eda: D. \u00c1ngel Ortega y D\u00f1a. Pilar Urrutia<\/p>\n","protected":false},"excerpt":{"rendered":"","protected":false},"author":1,"featured_media":98176,"comment_status":"open","ping_status":"open","sticky":false,"template":"","format":"standard","meta":{"colormag_page_container_layout":"default_layout","colormag_page_sidebar_layout":"default_layout","om_disable_all_campaigns":false,"_monsterinsights_skip_tracking":false,"_monsterinsights_sitenote_active":false,"_monsterinsights_sitenote_note":"","_monsterinsights_sitenote_category":0,"footnotes":""},"categories":[4],"tags":[54,16],"class_list":["post-98174","post","type-post","status-publish","format-standard","has-post-thumbnail","hentry","category-calahorra","tag-amigos-de-la-historia-de-calahorra","tag-calahorra"],"aioseo_notices":[],"_links":{"self":[{"href":"https:\/\/www.yoleoescaparate.com\/index.php?rest_route=\/wp\/v2\/posts\/98174","targetHints":{"allow":["GET"]}}],"collection":[{"href":"https:\/\/www.yoleoescaparate.com\/index.php?rest_route=\/wp\/v2\/posts"}],"about":[{"href":"https:\/\/www.yoleoescaparate.com\/index.php?rest_route=\/wp\/v2\/types\/post"}],"author":[{"embeddable":true,"href":"https:\/\/www.yoleoescaparate.com\/index.php?rest_route=\/wp\/v2\/users\/1"}],"replies":[{"embeddable":true,"href":"https:\/\/www.yoleoescaparate.com\/index.php?rest_route=%2Fwp%2Fv2%2Fcomments&post=98174"}],"version-history":[{"count":0,"href":"https:\/\/www.yoleoescaparate.com\/index.php?rest_route=\/wp\/v2\/posts\/98174\/revisions"}],"wp:featuredmedia":[{"embeddable":true,"href":"https:\/\/www.yoleoescaparate.com\/index.php?rest_route=\/wp\/v2\/media\/98176"}],"wp:attachment":[{"href":"https:\/\/www.yoleoescaparate.com\/index.php?rest_route=%2Fwp%2Fv2%2Fmedia&parent=98174"}],"wp:term":[{"taxonomy":"category","embeddable":true,"href":"https:\/\/www.yoleoescaparate.com\/index.php?rest_route=%2Fwp%2Fv2%2Fcategories&post=98174"},{"taxonomy":"post_tag","embeddable":true,"href":"https:\/\/www.yoleoescaparate.com\/index.php?rest_route=%2Fwp%2Fv2%2Ftags&post=98174"}],"curies":[{"name":"wp","href":"https:\/\/api.w.org\/{rel}","templated":true}]}}